{"id":8011,"date":"2019-01-25T10:38:30","date_gmt":"2019-01-25T10:38:30","guid":{"rendered":"https:\/\/seconci.com.br\/site\/?p=8011"},"modified":"2019-01-25T10:38:30","modified_gmt":"2019-01-25T10:38:30","slug":"esocial-abrira-ambiente-de-testes-para-eventos-de-sst-a-partir-de-18-3","status":"publish","type":"post","link":"https:\/\/seconci.com.br\/site\/2019\/01\/25\/esocial-abrira-ambiente-de-testes-para-eventos-de-sst-a-partir-de-18-3\/","title":{"rendered":"eSocial abrir\u00e1 ambiente de testes para eventos de SST a partir de 18\/3"},"content":{"rendered":"<p style=\"text-align: justify;\">|<em><strong> Ag\u00eancia Cbic<\/strong> <\/em>|<\/p>\n<p style=\"text-align: justify;\">O S<a href=\"https:\/\/portal.esocial.gov.br\/institucional\/conheca-o\">istema de Escritura\u00e7\u00e3o Digital das Obriga\u00e7\u00f5es Fiscais, Previdenci\u00e1rias e Trabalhistas (eSocial)<\/a> abrir\u00e1 seu ambiente de testes \u2013 produ\u00e7\u00e3o restrita \u2013 para o recebimento de eventos de Seguran\u00e7a e Sa\u00fade no Trabalho (SST) a partir do dia 18 de mar\u00e7o de 2019.<\/p>\n<p style=\"text-align: justify;\">Comp\u00f5em os eventos de SST:<\/p>\n<p style=\"text-align: justify;\">S-1060 \u2013 Tabela de ambientes de trabalho;<br \/>\nS-2210 \u2013 Comunica\u00e7\u00e3o de acidente de trabalho;<br \/>\nS-2220 \u2013 Monitoramento da sa\u00fade do trabalhador;<br \/>\nS-2221 \u2013 Exame Toxicol\u00f3gico do Motorista Profissional;<br \/>\nS-2240 \u2013 Condi\u00e7\u00f5es ambientais do trabalho \u2013 fatores de risco;<br \/>\nS-2245 \u2013 Treinamentos, Capacita\u00e7\u00f5es, Exerc\u00edcios Simulados e Outras Anota\u00e7\u00f5es.<br \/>\nDe acordo com o cronograma do eSocial, os primeiros obrigados ao envio dos eventos de SST, a partir de julho de 2019, s\u00e3o as grandes empresas (com faturamento superior a R$ 78 milh\u00f5es), pertencentes ao Grupo 1. As demais empresas devem ser inclu\u00eddas no cronograma a partir de janeiro de 2020, e os optantes pelo Simples, julho de 2020.<\/p>\n<p style=\"text-align: justify;\"><strong>Adapta\u00e7\u00e3o ao eSocial \u00e9 importante para o setor<\/strong><\/p>\n<p style=\"text-align: justify;\">Segundo o vice-presidente da \u00e1rea de Pol\u00edtica de Rela\u00e7\u00f5es Trabalhistas da C\u00e2mara Brasileira da Ind\u00fastria da Constru\u00e7\u00e3o (CBIC), Fernando Guedes Ferreira Filho, a implanta\u00e7\u00e3o do sistema de SST do eSocial est\u00e1 avan\u00e7ado, por isso a fase de testes ser\u00e1 acionada em mar\u00e7o, para que em julho possa come\u00e7ar o envio obrigat\u00f3rio.<\/p>\n<p style=\"text-align: justify;\">Guedes explica que o in\u00edcio dos testes n\u00e3o vai ter necessariamente um impacto imediato para os empregadores, mas que \u00e9 importante para a ind\u00fastria da constru\u00e7\u00e3o, independentemente do porte das empresas que elas acessem esse sistema de testes.<\/p>\n<p style=\"text-align: justify;\">\u201c\u00c9 importante que os construtores entendam como v\u00e3o ser feitos os lan\u00e7amentos, quais s\u00e3o os cruzamentos, que tipo de documento digital ou informa\u00e7\u00e3o que eles v\u00e3o ter que lan\u00e7ar. Ent\u00e3o \u00e9 importante para que elas se habituem com o layout e se acostumem a lidar com o sistema antes da sua entrada em vigor\u201d, sugeriu o vice-presidente.<\/p>\n","protected":false},"excerpt":{"rendered":"<p>| Ag\u00eancia Cbic | O Sistema de Escritura\u00e7\u00e3o Digital das Obriga\u00e7\u00f5es Fiscais, Previdenci\u00e1rias e Trabalhistas (eSocial) abrir\u00e1 seu ambiente de testes \u2013 produ\u00e7\u00e3o restrita \u2013 para o recebimento de eventos de Seguran\u00e7a e Sa\u00fade no Trabalho (SST) a partir do dia 18 de mar\u00e7o de 2019. Comp\u00f5em os eventos de SST: S-1060 \u2013 Tabela de [&hellip;]<\/p>\n","protected":false},"author":3,"featured_media":8012,"comment_status":"closed","ping_status":"closed","sticky":false,"template":"","format":"standard","meta":{"footnotes":""},"categories":[92],"tags":[],"class_list":["post-8011","post","type-post","status-publish","format-standard","has-post-thumbnail","hentry","category-seconci-brasil"],"yoast_head":"<!-- This site is optimized with the Yoast SEO plugin v26.9 - https:\/\/yoast.com\/product\/yoast-seo-wordpress\/ -->\n<title>eSocial abrir\u00e1 ambiente de testes para eventos de SST a partir de 18\/3 - Seconci Brasil<\/title>\n<meta name=\"robots\" content=\"index, follow, max-snippet:-1, max-image-preview:large, max-video-preview:-1\" \/>\n<link rel=\"canonical\" href=\"https:\/\/seconci.com.br\/site\/2019\/01\/25\/esocial-abrira-ambiente-de-testes-para-eventos-de-sst-a-partir-de-18-3\/\" \/>\n<meta property=\"og:locale\" content=\"pt_PT\" \/>\n<meta property=\"og:type\" content=\"article\" \/>\n<meta property=\"og:title\" content=\"eSocial abrir\u00e1 ambiente de testes para eventos de SST a partir de 18\/3 - Seconci Brasil\" \/>\n<meta property=\"og:description\" content=\"| Ag\u00eancia Cbic | O Sistema de Escritura\u00e7\u00e3o Digital das Obriga\u00e7\u00f5es Fiscais, Previdenci\u00e1rias e Trabalhistas (eSocial) abrir\u00e1 seu ambiente de testes \u2013 produ\u00e7\u00e3o restrita \u2013 para o recebimento de eventos de Seguran\u00e7a e Sa\u00fade no Trabalho (SST) a partir do dia 18 de mar\u00e7o de 2019. Comp\u00f5em os eventos de SST: S-1060 \u2013 Tabela de [&hellip;]\" \/>\n<meta property=\"og:url\" content=\"https:\/\/seconci.com.br\/site\/2019\/01\/25\/esocial-abrira-ambiente-de-testes-para-eventos-de-sst-a-partir-de-18-3\/\" \/>\n<meta property=\"og:site_name\" content=\"Seconci Brasil\" \/>\n<meta property=\"article:published_time\" content=\"2019-01-25T10:38:30+00:00\" \/>\n<meta property=\"og:image\" content=\"https:\/\/seconci.com.br\/site\/wp-content\/uploads\/2019\/01\/eSocial-1024x245.jpeg\" \/>\n\t<meta property=\"og:image:width\" content=\"1024\" \/>\n\t<meta property=\"og:image:height\" content=\"245\" \/>\n\t<meta property=\"og:image:type\" content=\"image\/jpeg\" \/>\n<meta name=\"author\" content=\"Sidney Rocha\" \/>\n<meta name=\"twitter:card\" content=\"summary_large_image\" \/>\n<meta name=\"twitter:label1\" content=\"Escrito por\" \/>\n\t<meta name=\"twitter:data1\" content=\"Sidney Rocha\" \/>\n\t<meta name=\"twitter:label2\" content=\"Tempo estimado de leitura\" \/>\n\t<meta name=\"twitter:data2\" content=\"2 minutos\" \/>\n<script type=\"application\/ld+json\" class=\"yoast-schema-graph\">{\"@context\":\"https:\/\/schema.org\",\"@graph\":[{\"@type\":\"Article\",\"@id\":\"https:\/\/seconci.com.br\/site\/2019\/01\/25\/esocial-abrira-ambiente-de-testes-para-eventos-de-sst-a-partir-de-18-3\/#article\",\"isPartOf\":{\"@id\":\"https:\/\/seconci.com.br\/site\/2019\/01\/25\/esocial-abrira-ambiente-de-testes-para-eventos-de-sst-a-partir-de-18-3\/\"},\"author\":{\"name\":\"Sidney Rocha\",\"@id\":\"https:\/\/seconci.com.br\/site\/#\/schema\/person\/1d79afd97ddc8f2c68c1e88e298aa8e2\"},\"headline\":\"eSocial abrir\u00e1 ambiente de testes para eventos de SST a partir de 18\/3\",\"datePublished\":\"2019-01-25T10:38:30+00:00\",\"mainEntityOfPage\":{\"@id\":\"https:\/\/seconci.com.br\/site\/2019\/01\/25\/esocial-abrira-ambiente-de-testes-para-eventos-de-sst-a-partir-de-18-3\/\"},\"wordCount\":342,\"publisher\":{\"@id\":\"https:\/\/seconci.com.br\/site\/#organization\"},\"image\":{\"@id\":\"https:\/\/seconci.com.br\/site\/2019\/01\/25\/esocial-abrira-ambiente-de-testes-para-eventos-de-sst-a-partir-de-18-3\/#primaryimage\"},\"thumbnailUrl\":\"https:\/\/seconci.com.br\/site\/wp-content\/uploads\/2019\/01\/eSocial-1024x245.jpeg\",\"articleSection\":[\"Seconci Brasil\"],\"inLanguage\":\"pt-PT\"},{\"@type\":\"WebPage\",\"@id\":\"https:\/\/seconci.com.br\/site\/2019\/01\/25\/esocial-abrira-ambiente-de-testes-para-eventos-de-sst-a-partir-de-18-3\/\",\"url\":\"https:\/\/seconci.com.br\/site\/2019\/01\/25\/esocial-abrira-ambiente-de-testes-para-eventos-de-sst-a-partir-de-18-3\/\",\"name\":\"eSocial abrir\u00e1 ambiente de testes para eventos de SST a partir de 18\/3 - Seconci Brasil\",\"isPartOf\":{\"@id\":\"https:\/\/seconci.com.br\/site\/#website\"},\"primaryImageOfPage\":{\"@id\":\"https:\/\/seconci.com.br\/site\/2019\/01\/25\/esocial-abrira-ambiente-de-testes-para-eventos-de-sst-a-partir-de-18-3\/#primaryimage\"},\"image\":{\"@id\":\"https:\/\/seconci.com.br\/site\/2019\/01\/25\/esocial-abrira-ambiente-de-testes-para-eventos-de-sst-a-partir-de-18-3\/#primaryimage\"},\"thumbnailUrl\":\"https:\/\/seconci.com.br\/site\/wp-content\/uploads\/2019\/01\/eSocial-1024x245.jpeg\",\"datePublished\":\"2019-01-25T10:38:30+00:00\",\"breadcrumb\":{\"@id\":\"https:\/\/seconci.com.br\/site\/2019\/01\/25\/esocial-abrira-ambiente-de-testes-para-eventos-de-sst-a-partir-de-18-3\/#breadcrumb\"},\"inLanguage\":\"pt-PT\",\"potentialAction\":[{\"@type\":\"ReadAction\",\"target\":[\"https:\/\/seconci.com.br\/site\/2019\/01\/25\/esocial-abrira-ambiente-de-testes-para-eventos-de-sst-a-partir-de-18-3\/\"]}]},{\"@type\":\"ImageObject\",\"inLanguage\":\"pt-PT\",\"@id\":\"https:\/\/seconci.com.br\/site\/2019\/01\/25\/esocial-abrira-ambiente-de-testes-para-eventos-de-sst-a-partir-de-18-3\/#primaryimage\",\"url\":\"https:\/\/seconci.com.br\/site\/wp-content\/uploads\/2019\/01\/eSocial-1024x245.jpeg\",\"contentUrl\":\"https:\/\/seconci.com.br\/site\/wp-content\/uploads\/2019\/01\/eSocial-1024x245.jpeg\",\"width\":1024,\"height\":245},{\"@type\":\"BreadcrumbList\",\"@id\":\"https:\/\/seconci.com.br\/site\/2019\/01\/25\/esocial-abrira-ambiente-de-testes-para-eventos-de-sst-a-partir-de-18-3\/#breadcrumb\",\"itemListElement\":[{\"@type\":\"ListItem\",\"position\":1,\"name\":\"In\u00edcio\",\"item\":\"https:\/\/seconci.com.br\/site\/\"},{\"@type\":\"ListItem\",\"position\":2,\"name\":\"eSocial abrir\u00e1 ambiente de testes para eventos de SST a partir de 18\/3\"}]},{\"@type\":\"WebSite\",\"@id\":\"https:\/\/seconci.com.br\/site\/#website\",\"url\":\"https:\/\/seconci.com.br\/site\/\",\"name\":\"Seconci Brasil\",\"description\":\"\",\"publisher\":{\"@id\":\"https:\/\/seconci.com.br\/site\/#organization\"},\"potentialAction\":[{\"@type\":\"SearchAction\",\"target\":{\"@type\":\"EntryPoint\",\"urlTemplate\":\"https:\/\/seconci.com.br\/site\/?s={search_term_string}\"},\"query-input\":{\"@type\":\"PropertyValueSpecification\",\"valueRequired\":true,\"valueName\":\"search_term_string\"}}],\"inLanguage\":\"pt-PT\"},{\"@type\":\"Organization\",\"@id\":\"https:\/\/seconci.com.br\/site\/#organization\",\"name\":\"Seconci Brasil\",\"url\":\"https:\/\/seconci.com.br\/site\/\",\"logo\":{\"@type\":\"ImageObject\",\"inLanguage\":\"pt-PT\",\"@id\":\"https:\/\/seconci.com.br\/site\/#\/schema\/logo\/image\/\",\"url\":\"https:\/\/seconci.com.br\/site\/wp-content\/uploads\/2024\/08\/Logo-Seconci-Brasil-branca-2.png\",\"contentUrl\":\"https:\/\/seconci.com.br\/site\/wp-content\/uploads\/2024\/08\/Logo-Seconci-Brasil-branca-2.png\",\"width\":1315,\"height\":598,\"caption\":\"Seconci Brasil\"},\"image\":{\"@id\":\"https:\/\/seconci.com.br\/site\/#\/schema\/logo\/image\/\"}},{\"@type\":\"Person\",\"@id\":\"https:\/\/seconci.com.br\/site\/#\/schema\/person\/1d79afd97ddc8f2c68c1e88e298aa8e2\",\"name\":\"Sidney Rocha\",\"description\":\"Comunicador e estagi\u00e1rio do Seconci Brasil.\",\"url\":\"https:\/\/seconci.com.br\/site\/author\/sidney-rocha\/\"}]}<\/script>\n<!-- \/ Yoast SEO plugin. -->","yoast_head_json":{"title":"eSocial abrir\u00e1 ambiente de testes para eventos de SST a partir de 18\/3 - Seconci Brasil","robots":{"index":"index","follow":"follow","max-snippet":"max-snippet:-1","max-image-preview":"max-image-preview:large","max-video-preview":"max-video-preview:-1"},"canonical":"https:\/\/seconci.com.br\/site\/2019\/01\/25\/esocial-abrira-ambiente-de-testes-para-eventos-de-sst-a-partir-de-18-3\/","og_locale":"pt_PT","og_type":"article","og_title":"eSocial abrir\u00e1 ambiente de testes para eventos de SST a partir de 18\/3 - Seconci Brasil","og_description":"| Ag\u00eancia Cbic | O Sistema de Escritura\u00e7\u00e3o Digital das Obriga\u00e7\u00f5es Fiscais, Previdenci\u00e1rias e Trabalhistas (eSocial) abrir\u00e1 seu ambiente de testes \u2013 produ\u00e7\u00e3o restrita \u2013 para o recebimento de eventos de Seguran\u00e7a e Sa\u00fade no Trabalho (SST) a partir do dia 18 de mar\u00e7o de 2019. Comp\u00f5em os eventos de SST: S-1060 \u2013 Tabela de [&hellip;]","og_url":"https:\/\/seconci.com.br\/site\/2019\/01\/25\/esocial-abrira-ambiente-de-testes-para-eventos-de-sst-a-partir-de-18-3\/","og_site_name":"Seconci Brasil","article_published_time":"2019-01-25T10:38:30+00:00","og_image":[{"width":1024,"height":245,"url":"https:\/\/seconci.com.br\/site\/wp-content\/uploads\/2019\/01\/eSocial-1024x245.jpeg","type":"image\/jpeg"}],"author":"Sidney Rocha","twitter_card":"summary_large_image","twitter_misc":{"Escrito por":"Sidney Rocha","Tempo estimado de leitura":"2 minutos"},"schema":{"@context":"https:\/\/schema.org","@graph":[{"@type":"Article","@id":"https:\/\/seconci.com.br\/site\/2019\/01\/25\/esocial-abrira-ambiente-de-testes-para-eventos-de-sst-a-partir-de-18-3\/#article","isPartOf":{"@id":"https:\/\/seconci.com.br\/site\/2019\/01\/25\/esocial-abrira-ambiente-de-testes-para-eventos-de-sst-a-partir-de-18-3\/"},"author":{"name":"Sidney Rocha","@id":"https:\/\/seconci.com.br\/site\/#\/schema\/person\/1d79afd97ddc8f2c68c1e88e298aa8e2"},"headline":"eSocial abrir\u00e1 ambiente de testes para eventos de SST a partir de 18\/3","datePublished":"2019-01-25T10:38:30+00:00","mainEntityOfPage":{"@id":"https:\/\/seconci.com.br\/site\/2019\/01\/25\/esocial-abrira-ambiente-de-testes-para-eventos-de-sst-a-partir-de-18-3\/"},"wordCount":342,"publisher":{"@id":"https:\/\/seconci.com.br\/site\/#organization"},"image":{"@id":"https:\/\/seconci.com.br\/site\/2019\/01\/25\/esocial-abrira-ambiente-de-testes-para-eventos-de-sst-a-partir-de-18-3\/#primaryimage"},"thumbnailUrl":"https:\/\/seconci.com.br\/site\/wp-content\/uploads\/2019\/01\/eSocial-1024x245.jpeg","articleSection":["Seconci Brasil"],"inLanguage":"pt-PT"},{"@type":"WebPage","@id":"https:\/\/seconci.com.br\/site\/2019\/01\/25\/esocial-abrira-ambiente-de-testes-para-eventos-de-sst-a-partir-de-18-3\/","url":"https:\/\/seconci.com.br\/site\/2019\/01\/25\/esocial-abrira-ambiente-de-testes-para-eventos-de-sst-a-partir-de-18-3\/","name":"eSocial abrir\u00e1 ambiente de testes para eventos de SST a partir de 18\/3 - Seconci Brasil","isPartOf":{"@id":"https:\/\/seconci.com.br\/site\/#website"},"primaryImageOfPage":{"@id":"https:\/\/seconci.com.br\/site\/2019\/01\/25\/esocial-abrira-ambiente-de-testes-para-eventos-de-sst-a-partir-de-18-3\/#primaryimage"},"image":{"@id":"https:\/\/seconci.com.br\/site\/2019\/01\/25\/esocial-abrira-ambiente-de-testes-para-eventos-de-sst-a-partir-de-18-3\/#primaryimage"},"thumbnailUrl":"https:\/\/seconci.com.br\/site\/wp-content\/uploads\/2019\/01\/eSocial-1024x245.jpeg","datePublished":"2019-01-25T10:38:30+00:00","breadcrumb":{"@id":"https:\/\/seconci.com.br\/site\/2019\/01\/25\/esocial-abrira-ambiente-de-testes-para-eventos-de-sst-a-partir-de-18-3\/#breadcrumb"},"inLanguage":"pt-PT","potentialAction":[{"@type":"ReadAction","target":["https:\/\/seconci.com.br\/site\/2019\/01\/25\/esocial-abrira-ambiente-de-testes-para-eventos-de-sst-a-partir-de-18-3\/"]}]},{"@type":"ImageObject","inLanguage":"pt-PT","@id":"https:\/\/seconci.com.br\/site\/2019\/01\/25\/esocial-abrira-ambiente-de-testes-para-eventos-de-sst-a-partir-de-18-3\/#primaryimage","url":"https:\/\/seconci.com.br\/site\/wp-content\/uploads\/2019\/01\/eSocial-1024x245.jpeg","contentUrl":"https:\/\/seconci.com.br\/site\/wp-content\/uploads\/2019\/01\/eSocial-1024x245.jpeg","width":1024,"height":245},{"@type":"BreadcrumbList","@id":"https:\/\/seconci.com.br\/site\/2019\/01\/25\/esocial-abrira-ambiente-de-testes-para-eventos-de-sst-a-partir-de-18-3\/#breadcrumb","itemListElement":[{"@type":"ListItem","position":1,"name":"In\u00edcio","item":"https:\/\/seconci.com.br\/site\/"},{"@type":"ListItem","position":2,"name":"eSocial abrir\u00e1 ambiente de testes para eventos de SST a partir de 18\/3"}]},{"@type":"WebSite","@id":"https:\/\/seconci.com.br\/site\/#website","url":"https:\/\/seconci.com.br\/site\/","name":"Seconci Brasil","description":"","publisher":{"@id":"https:\/\/seconci.com.br\/site\/#organization"},"potentialAction":[{"@type":"SearchAction","target":{"@type":"EntryPoint","urlTemplate":"https:\/\/seconci.com.br\/site\/?s={search_term_string}"},"query-input":{"@type":"PropertyValueSpecification","valueRequired":true,"valueName":"search_term_string"}}],"inLanguage":"pt-PT"},{"@type":"Organization","@id":"https:\/\/seconci.com.br\/site\/#organization","name":"Seconci Brasil","url":"https:\/\/seconci.com.br\/site\/","logo":{"@type":"ImageObject","inLanguage":"pt-PT","@id":"https:\/\/seconci.com.br\/site\/#\/schema\/logo\/image\/","url":"https:\/\/seconci.com.br\/site\/wp-content\/uploads\/2024\/08\/Logo-Seconci-Brasil-branca-2.png","contentUrl":"https:\/\/seconci.com.br\/site\/wp-content\/uploads\/2024\/08\/Logo-Seconci-Brasil-branca-2.png","width":1315,"height":598,"caption":"Seconci Brasil"},"image":{"@id":"https:\/\/seconci.com.br\/site\/#\/schema\/logo\/image\/"}},{"@type":"Person","@id":"https:\/\/seconci.com.br\/site\/#\/schema\/person\/1d79afd97ddc8f2c68c1e88e298aa8e2","name":"Sidney Rocha","description":"Comunicador e estagi\u00e1rio do Seconci Brasil.","url":"https:\/\/seconci.com.br\/site\/author\/sidney-rocha\/"}]}},"_links":{"self":[{"href":"https:\/\/seconci.com.br\/site\/wp-json\/wp\/v2\/posts\/8011","targetHints":{"allow":["GET"]}}],"collection":[{"href":"https:\/\/seconci.com.br\/site\/wp-json\/wp\/v2\/posts"}],"about":[{"href":"https:\/\/seconci.com.br\/site\/wp-json\/wp\/v2\/types\/post"}],"author":[{"embeddable":true,"href":"https:\/\/seconci.com.br\/site\/wp-json\/wp\/v2\/users\/3"}],"replies":[{"embeddable":true,"href":"https:\/\/seconci.com.br\/site\/wp-json\/wp\/v2\/comments?post=8011"}],"version-history":[{"count":0,"href":"https:\/\/seconci.com.br\/site\/wp-json\/wp\/v2\/posts\/8011\/revisions"}],"wp:featuredmedia":[{"embeddable":true,"href":"https:\/\/seconci.com.br\/site\/wp-json\/wp\/v2\/media\/8012"}],"wp:attachment":[{"href":"https:\/\/seconci.com.br\/site\/wp-json\/wp\/v2\/media?parent=8011"}],"wp:term":[{"taxonomy":"category","embeddable":true,"href":"https:\/\/seconci.com.br\/site\/wp-json\/wp\/v2\/categories?post=8011"},{"taxonomy":"post_tag","embeddable":true,"href":"https:\/\/seconci.com.br\/site\/wp-json\/wp\/v2\/tags?post=8011"}],"curies":[{"name":"wp","href":"https:\/\/api.w.org\/{rel}","templated":true}]}}