{"id":8014,"date":"2019-01-25T12:16:00","date_gmt":"2019-01-25T12:16:00","guid":{"rendered":"https:\/\/seconci.com.br\/site\/?p=8014"},"modified":"2019-01-25T12:16:00","modified_gmt":"2019-01-25T12:16:00","slug":"regional-sorocaba-do-seconci-sp-promove-atividades-de-conscientizacao-sobre-hanseniase-em-canteiros-de-obra","status":"publish","type":"post","link":"https:\/\/seconci.com.br\/site\/2019\/01\/25\/regional-sorocaba-do-seconci-sp-promove-atividades-de-conscientizacao-sobre-hanseniase-em-canteiros-de-obra\/","title":{"rendered":"Regional Sorocaba do Seconci-SP promove atividades de conscientiza\u00e7\u00e3o sobre hansen\u00edase em canteiros de obra"},"content":{"rendered":"<p style=\"text-align: justify;\"><em>Janeiro Roxo foi criado pelo Minist\u00e9rio da Sa\u00fade para alertar sobre a doen\u00e7a<\/em><\/p>\n<p style=\"text-align: justify;\">| <em><strong>Assessoria de Comunica\u00e7\u00e3o Social do Seconci-SP<\/strong> <\/em>|<\/p>\n<p style=\"text-align: justify;\">O Brasil \u00e9 o segundo pais com maior n\u00famero de casos de hansen\u00edase, ficando atr\u00e1s apenas da \u00cdndia. Essa doen\u00e7a infecciosa cr\u00f4nica \u00e9 causada pela bact\u00e9ria Mycobacterium leprae, popularmente conhecida como lepra, e todos os anos s\u00e3o diagnosticados cerca de 30.000 novos casos. O diagn\u00f3stico precoce continua sendo o elemento mais importante na cura da doen\u00e7a e se n\u00e3o tratada pode deixar sequelas.<\/p>\n<p style=\"text-align: justify;\">Com base nisso, em 2016, o Minist\u00e9rio da Sa\u00fade oficializou o Janeiro Roxo, m\u00eas de conscientiza\u00e7\u00e3o sobre a hansen\u00edase e a Regional Sorocaba do Seconci-SP (Servi\u00e7o Social da Constru\u00e7\u00e3o Civil do Estado de S\u00e3o Paulo) aderiu a campanha promovendo atividades de orienta\u00e7\u00e3o nos canteiros de obra, visando orientar os colaboradores da constru\u00e7\u00e3o civil.<\/p>\n<p style=\"text-align: justify;\">Segundo a m\u00e9dica dermatologista do Seconci-SP, Renata Paes Barreto, a falta de informa\u00e7\u00e3o \u00e9 um dos problemas que dificulta o controle da hansen\u00edase no Brasil. \u201cDe acordo com a Sociedade Brasileira de Dermatologia a Hansen\u00edase \u00e9 ainda bastante comum no Brasil e a suspei\u00e7\u00e3o da doen\u00e7a \u00e9 feita pela equipe de sa\u00fade e pelo pr\u00f3prio paciente. O diagn\u00f3stico \u00e9 feito pelo m\u00e9dico ap\u00f3s avalia\u00e7\u00e3o dermato-neurol\u00f3gica e \u00e9 importante ressaltar que tem cura. O h\u00e1bito de examinar a nossa pele, percebendo manchas ou dorm\u00eancia e a consulta m\u00e9dica de rotina contribuem para a detec\u00e7\u00e3o precoce e preven\u00e7\u00e3o de sequelas\u201d, explica.<\/p>\n<p style=\"text-align: justify;\">Os principais sintomas da hansen\u00edase s\u00e3o: manchas esbranqui\u00e7adas, avermelhadas ou amarronzadas pelo corpo, caro\u00e7os, febre, ressecamentos dos olhos e do nariz, sensa\u00e7\u00e3o de formigamento entre outros.<\/p>\n<p style=\"text-align: justify;\">A doen\u00e7a pode ser transmitida por contato f\u00edsico a partir de um conv\u00edvio pr\u00f3ximo e prolongado com uma pessoa doente sem tratamento ou propagada pelas vias a\u00e9reas superiores. Mas nem todas as pessoas que entram em contato com o Bacilo de Hansen contraem a doen\u00e7a porque a maioria das pessoas podem se defender naturamente porque j\u00e1 nascem com a defesa apropriada.<\/p>\n<p style=\"text-align: justify;\">A cura se d\u00e1 atrav\u00e9s de um tratamento prolongado com medicamentos gratuitos fornecidos pelo SUS (Sistema \u00danico de Sa\u00fade). \u201cAl\u00e9m de curar o doente e prevenir incapacidades f\u00edsicas, ao iniciar o tratamento a transmiss\u00e3o da doen\u00e7a \u00e9 interrompida\u201d, observa a dermatologista.<\/p>\n<p style=\"text-align: justify;\">As construtoras que se interessarem por palestras com orienta\u00e7\u00e3o para seus funcion\u00e1rios devem entrar em contato com a Regional do Seconci-SP em Sorocaba atrav\u00e9s do telefone (15) 3042.1840.<\/p>\n","protected":false},"excerpt":{"rendered":"<p>Janeiro Roxo foi criado pelo Minist\u00e9rio da Sa\u00fade para alertar sobre a doen\u00e7a | Assessoria de Comunica\u00e7\u00e3o Social do Seconci-SP | O Brasil \u00e9 o segundo pais com maior n\u00famero de casos de hansen\u00edase, ficando atr\u00e1s apenas da \u00cdndia. Essa doen\u00e7a infecciosa cr\u00f4nica \u00e9 causada pela bact\u00e9ria Mycobacterium leprae, popularmente conhecida como lepra, e todos [&hellip;]<\/p>\n","protected":false},"author":3,"featured_media":8015,"comment_status":"closed","ping_status":"closed","sticky":false,"template":"","format":"standard","meta":{"footnotes":""},"categories":[87],"tags":[],"class_list":["post-8014","post","type-post","status-publish","format-standard","has-post-thumbnail","hentry","category-seconci-sao-paulo"],"yoast_head":"<!-- This site is optimized with the Yoast SEO plugin v26.9 - https:\/\/yoast.com\/product\/yoast-seo-wordpress\/ -->\n<title>Regional Sorocaba do Seconci-SP promove atividades de conscientiza\u00e7\u00e3o sobre hansen\u00edase em canteiros de obra - Seconci Brasil<\/title>\n<meta name=\"robots\" content=\"index, follow, max-snippet:-1, max-image-preview:large, max-video-preview:-1\" \/>\n<link rel=\"canonical\" href=\"https:\/\/seconci.com.br\/site\/2019\/01\/25\/regional-sorocaba-do-seconci-sp-promove-atividades-de-conscientizacao-sobre-hanseniase-em-canteiros-de-obra\/\" \/>\n<meta property=\"og:locale\" content=\"pt_PT\" \/>\n<meta property=\"og:type\" content=\"article\" \/>\n<meta property=\"og:title\" content=\"Regional Sorocaba do Seconci-SP promove atividades de conscientiza\u00e7\u00e3o sobre hansen\u00edase em canteiros de obra - Seconci Brasil\" \/>\n<meta property=\"og:description\" content=\"Janeiro Roxo foi criado pelo Minist\u00e9rio da Sa\u00fade para alertar sobre a doen\u00e7a | Assessoria de Comunica\u00e7\u00e3o Social do Seconci-SP | O Brasil \u00e9 o segundo pais com maior n\u00famero de casos de hansen\u00edase, ficando atr\u00e1s apenas da \u00cdndia. Essa doen\u00e7a infecciosa cr\u00f4nica \u00e9 causada pela bact\u00e9ria Mycobacterium leprae, popularmente conhecida como lepra, e todos [&hellip;]\" \/>\n<meta property=\"og:url\" content=\"https:\/\/seconci.com.br\/site\/2019\/01\/25\/regional-sorocaba-do-seconci-sp-promove-atividades-de-conscientizacao-sobre-hanseniase-em-canteiros-de-obra\/\" \/>\n<meta property=\"og:site_name\" content=\"Seconci Brasil\" \/>\n<meta property=\"article:published_time\" content=\"2019-01-25T12:16:00+00:00\" \/>\n<meta property=\"og:image\" content=\"https:\/\/seconci.com.br\/site\/wp-content\/uploads\/2019\/01\/regional-sorocaba-do-seconci-sp-promove-atividades-de-conscientizacao-sobre-hanseniase-em-canteiros-de-obra-5b55cb625e3e0dc06100470db461154a.jpg\" \/>\n\t<meta property=\"og:image:width\" content=\"591\" \/>\n\t<meta property=\"og:image:height\" content=\"369\" \/>\n\t<meta property=\"og:image:type\" content=\"image\/jpeg\" \/>\n<meta name=\"author\" content=\"Sidney Rocha\" \/>\n<meta name=\"twitter:card\" content=\"summary_large_image\" \/>\n<meta name=\"twitter:label1\" content=\"Escrito por\" \/>\n\t<meta name=\"twitter:data1\" content=\"Sidney Rocha\" \/>\n\t<meta name=\"twitter:label2\" content=\"Tempo estimado de leitura\" \/>\n\t<meta name=\"twitter:data2\" content=\"2 minutos\" \/>\n<script type=\"application\/ld+json\" class=\"yoast-schema-graph\">{\"@context\":\"https:\/\/schema.org\",\"@graph\":[{\"@type\":\"Article\",\"@id\":\"https:\/\/seconci.com.br\/site\/2019\/01\/25\/regional-sorocaba-do-seconci-sp-promove-atividades-de-conscientizacao-sobre-hanseniase-em-canteiros-de-obra\/#article\",\"isPartOf\":{\"@id\":\"https:\/\/seconci.com.br\/site\/2019\/01\/25\/regional-sorocaba-do-seconci-sp-promove-atividades-de-conscientizacao-sobre-hanseniase-em-canteiros-de-obra\/\"},\"author\":{\"name\":\"Sidney Rocha\",\"@id\":\"https:\/\/seconci.com.br\/site\/#\/schema\/person\/1d79afd97ddc8f2c68c1e88e298aa8e2\"},\"headline\":\"Regional Sorocaba do Seconci-SP promove atividades de conscientiza\u00e7\u00e3o sobre hansen\u00edase em canteiros de obra\",\"datePublished\":\"2019-01-25T12:16:00+00:00\",\"mainEntityOfPage\":{\"@id\":\"https:\/\/seconci.com.br\/site\/2019\/01\/25\/regional-sorocaba-do-seconci-sp-promove-atividades-de-conscientizacao-sobre-hanseniase-em-canteiros-de-obra\/\"},\"wordCount\":456,\"publisher\":{\"@id\":\"https:\/\/seconci.com.br\/site\/#organization\"},\"image\":{\"@id\":\"https:\/\/seconci.com.br\/site\/2019\/01\/25\/regional-sorocaba-do-seconci-sp-promove-atividades-de-conscientizacao-sobre-hanseniase-em-canteiros-de-obra\/#primaryimage\"},\"thumbnailUrl\":\"https:\/\/seconci.com.br\/site\/wp-content\/uploads\/2019\/01\/regional-sorocaba-do-seconci-sp-promove-atividades-de-conscientizacao-sobre-hanseniase-em-canteiros-de-obra-5b55cb625e3e0dc06100470db461154a.jpg\",\"articleSection\":[\"Seconci S\u00e3o Paulo\"],\"inLanguage\":\"pt-PT\"},{\"@type\":\"WebPage\",\"@id\":\"https:\/\/seconci.com.br\/site\/2019\/01\/25\/regional-sorocaba-do-seconci-sp-promove-atividades-de-conscientizacao-sobre-hanseniase-em-canteiros-de-obra\/\",\"url\":\"https:\/\/seconci.com.br\/site\/2019\/01\/25\/regional-sorocaba-do-seconci-sp-promove-atividades-de-conscientizacao-sobre-hanseniase-em-canteiros-de-obra\/\",\"name\":\"Regional Sorocaba do Seconci-SP promove atividades de conscientiza\u00e7\u00e3o sobre hansen\u00edase em canteiros de obra - Seconci Brasil\",\"isPartOf\":{\"@id\":\"https:\/\/seconci.com.br\/site\/#website\"},\"primaryImageOfPage\":{\"@id\":\"https:\/\/seconci.com.br\/site\/2019\/01\/25\/regional-sorocaba-do-seconci-sp-promove-atividades-de-conscientizacao-sobre-hanseniase-em-canteiros-de-obra\/#primaryimage\"},\"image\":{\"@id\":\"https:\/\/seconci.com.br\/site\/2019\/01\/25\/regional-sorocaba-do-seconci-sp-promove-atividades-de-conscientizacao-sobre-hanseniase-em-canteiros-de-obra\/#primaryimage\"},\"thumbnailUrl\":\"https:\/\/seconci.com.br\/site\/wp-content\/uploads\/2019\/01\/regional-sorocaba-do-seconci-sp-promove-atividades-de-conscientizacao-sobre-hanseniase-em-canteiros-de-obra-5b55cb625e3e0dc06100470db461154a.jpg\",\"datePublished\":\"2019-01-25T12:16:00+00:00\",\"breadcrumb\":{\"@id\":\"https:\/\/seconci.com.br\/site\/2019\/01\/25\/regional-sorocaba-do-seconci-sp-promove-atividades-de-conscientizacao-sobre-hanseniase-em-canteiros-de-obra\/#breadcrumb\"},\"inLanguage\":\"pt-PT\",\"potentialAction\":[{\"@type\":\"ReadAction\",\"target\":[\"https:\/\/seconci.com.br\/site\/2019\/01\/25\/regional-sorocaba-do-seconci-sp-promove-atividades-de-conscientizacao-sobre-hanseniase-em-canteiros-de-obra\/\"]}]},{\"@type\":\"ImageObject\",\"inLanguage\":\"pt-PT\",\"@id\":\"https:\/\/seconci.com.br\/site\/2019\/01\/25\/regional-sorocaba-do-seconci-sp-promove-atividades-de-conscientizacao-sobre-hanseniase-em-canteiros-de-obra\/#primaryimage\",\"url\":\"https:\/\/seconci.com.br\/site\/wp-content\/uploads\/2019\/01\/regional-sorocaba-do-seconci-sp-promove-atividades-de-conscientizacao-sobre-hanseniase-em-canteiros-de-obra-5b55cb625e3e0dc06100470db461154a.jpg\",\"contentUrl\":\"https:\/\/seconci.com.br\/site\/wp-content\/uploads\/2019\/01\/regional-sorocaba-do-seconci-sp-promove-atividades-de-conscientizacao-sobre-hanseniase-em-canteiros-de-obra-5b55cb625e3e0dc06100470db461154a.jpg\",\"width\":591,\"height\":369},{\"@type\":\"BreadcrumbList\",\"@id\":\"https:\/\/seconci.com.br\/site\/2019\/01\/25\/regional-sorocaba-do-seconci-sp-promove-atividades-de-conscientizacao-sobre-hanseniase-em-canteiros-de-obra\/#breadcrumb\",\"itemListElement\":[{\"@type\":\"ListItem\",\"position\":1,\"name\":\"In\u00edcio\",\"item\":\"https:\/\/seconci.com.br\/site\/\"},{\"@type\":\"ListItem\",\"position\":2,\"name\":\"Regional Sorocaba do Seconci-SP promove atividades de conscientiza\u00e7\u00e3o sobre hansen\u00edase em canteiros de obra\"}]},{\"@type\":\"WebSite\",\"@id\":\"https:\/\/seconci.com.br\/site\/#website\",\"url\":\"https:\/\/seconci.com.br\/site\/\",\"name\":\"Seconci Brasil\",\"description\":\"\",\"publisher\":{\"@id\":\"https:\/\/seconci.com.br\/site\/#organization\"},\"potentialAction\":[{\"@type\":\"SearchAction\",\"target\":{\"@type\":\"EntryPoint\",\"urlTemplate\":\"https:\/\/seconci.com.br\/site\/?s={search_term_string}\"},\"query-input\":{\"@type\":\"PropertyValueSpecification\",\"valueRequired\":true,\"valueName\":\"search_term_string\"}}],\"inLanguage\":\"pt-PT\"},{\"@type\":\"Organization\",\"@id\":\"https:\/\/seconci.com.br\/site\/#organization\",\"name\":\"Seconci Brasil\",\"url\":\"https:\/\/seconci.com.br\/site\/\",\"logo\":{\"@type\":\"ImageObject\",\"inLanguage\":\"pt-PT\",\"@id\":\"https:\/\/seconci.com.br\/site\/#\/schema\/logo\/image\/\",\"url\":\"https:\/\/seconci.com.br\/site\/wp-content\/uploads\/2024\/08\/Logo-Seconci-Brasil-branca-2.png\",\"contentUrl\":\"https:\/\/seconci.com.br\/site\/wp-content\/uploads\/2024\/08\/Logo-Seconci-Brasil-branca-2.png\",\"width\":1315,\"height\":598,\"caption\":\"Seconci Brasil\"},\"image\":{\"@id\":\"https:\/\/seconci.com.br\/site\/#\/schema\/logo\/image\/\"}},{\"@type\":\"Person\",\"@id\":\"https:\/\/seconci.com.br\/site\/#\/schema\/person\/1d79afd97ddc8f2c68c1e88e298aa8e2\",\"name\":\"Sidney Rocha\",\"description\":\"Comunicador e estagi\u00e1rio do Seconci Brasil.\",\"url\":\"https:\/\/seconci.com.br\/site\/author\/sidney-rocha\/\"}]}<\/script>\n<!-- \/ Yoast SEO plugin. -->","yoast_head_json":{"title":"Regional Sorocaba do Seconci-SP promove atividades de conscientiza\u00e7\u00e3o sobre hansen\u00edase em canteiros de obra - Seconci Brasil","robots":{"index":"index","follow":"follow","max-snippet":"max-snippet:-1","max-image-preview":"max-image-preview:large","max-video-preview":"max-video-preview:-1"},"canonical":"https:\/\/seconci.com.br\/site\/2019\/01\/25\/regional-sorocaba-do-seconci-sp-promove-atividades-de-conscientizacao-sobre-hanseniase-em-canteiros-de-obra\/","og_locale":"pt_PT","og_type":"article","og_title":"Regional Sorocaba do Seconci-SP promove atividades de conscientiza\u00e7\u00e3o sobre hansen\u00edase em canteiros de obra - Seconci Brasil","og_description":"Janeiro Roxo foi criado pelo Minist\u00e9rio da Sa\u00fade para alertar sobre a doen\u00e7a | Assessoria de Comunica\u00e7\u00e3o Social do Seconci-SP | O Brasil \u00e9 o segundo pais com maior n\u00famero de casos de hansen\u00edase, ficando atr\u00e1s apenas da \u00cdndia. Essa doen\u00e7a infecciosa cr\u00f4nica \u00e9 causada pela bact\u00e9ria Mycobacterium leprae, popularmente conhecida como lepra, e todos [&hellip;]","og_url":"https:\/\/seconci.com.br\/site\/2019\/01\/25\/regional-sorocaba-do-seconci-sp-promove-atividades-de-conscientizacao-sobre-hanseniase-em-canteiros-de-obra\/","og_site_name":"Seconci Brasil","article_published_time":"2019-01-25T12:16:00+00:00","og_image":[{"width":591,"height":369,"url":"https:\/\/seconci.com.br\/site\/wp-content\/uploads\/2019\/01\/regional-sorocaba-do-seconci-sp-promove-atividades-de-conscientizacao-sobre-hanseniase-em-canteiros-de-obra-5b55cb625e3e0dc06100470db461154a.jpg","type":"image\/jpeg"}],"author":"Sidney Rocha","twitter_card":"summary_large_image","twitter_misc":{"Escrito por":"Sidney Rocha","Tempo estimado de leitura":"2 minutos"},"schema":{"@context":"https:\/\/schema.org","@graph":[{"@type":"Article","@id":"https:\/\/seconci.com.br\/site\/2019\/01\/25\/regional-sorocaba-do-seconci-sp-promove-atividades-de-conscientizacao-sobre-hanseniase-em-canteiros-de-obra\/#article","isPartOf":{"@id":"https:\/\/seconci.com.br\/site\/2019\/01\/25\/regional-sorocaba-do-seconci-sp-promove-atividades-de-conscientizacao-sobre-hanseniase-em-canteiros-de-obra\/"},"author":{"name":"Sidney Rocha","@id":"https:\/\/seconci.com.br\/site\/#\/schema\/person\/1d79afd97ddc8f2c68c1e88e298aa8e2"},"headline":"Regional Sorocaba do Seconci-SP promove atividades de conscientiza\u00e7\u00e3o sobre hansen\u00edase em canteiros de obra","datePublished":"2019-01-25T12:16:00+00:00","mainEntityOfPage":{"@id":"https:\/\/seconci.com.br\/site\/2019\/01\/25\/regional-sorocaba-do-seconci-sp-promove-atividades-de-conscientizacao-sobre-hanseniase-em-canteiros-de-obra\/"},"wordCount":456,"publisher":{"@id":"https:\/\/seconci.com.br\/site\/#organization"},"image":{"@id":"https:\/\/seconci.com.br\/site\/2019\/01\/25\/regional-sorocaba-do-seconci-sp-promove-atividades-de-conscientizacao-sobre-hanseniase-em-canteiros-de-obra\/#primaryimage"},"thumbnailUrl":"https:\/\/seconci.com.br\/site\/wp-content\/uploads\/2019\/01\/regional-sorocaba-do-seconci-sp-promove-atividades-de-conscientizacao-sobre-hanseniase-em-canteiros-de-obra-5b55cb625e3e0dc06100470db461154a.jpg","articleSection":["Seconci S\u00e3o Paulo"],"inLanguage":"pt-PT"},{"@type":"WebPage","@id":"https:\/\/seconci.com.br\/site\/2019\/01\/25\/regional-sorocaba-do-seconci-sp-promove-atividades-de-conscientizacao-sobre-hanseniase-em-canteiros-de-obra\/","url":"https:\/\/seconci.com.br\/site\/2019\/01\/25\/regional-sorocaba-do-seconci-sp-promove-atividades-de-conscientizacao-sobre-hanseniase-em-canteiros-de-obra\/","name":"Regional Sorocaba do Seconci-SP promove atividades de conscientiza\u00e7\u00e3o sobre hansen\u00edase em canteiros de obra - Seconci Brasil","isPartOf":{"@id":"https:\/\/seconci.com.br\/site\/#website"},"primaryImageOfPage":{"@id":"https:\/\/seconci.com.br\/site\/2019\/01\/25\/regional-sorocaba-do-seconci-sp-promove-atividades-de-conscientizacao-sobre-hanseniase-em-canteiros-de-obra\/#primaryimage"},"image":{"@id":"https:\/\/seconci.com.br\/site\/2019\/01\/25\/regional-sorocaba-do-seconci-sp-promove-atividades-de-conscientizacao-sobre-hanseniase-em-canteiros-de-obra\/#primaryimage"},"thumbnailUrl":"https:\/\/seconci.com.br\/site\/wp-content\/uploads\/2019\/01\/regional-sorocaba-do-seconci-sp-promove-atividades-de-conscientizacao-sobre-hanseniase-em-canteiros-de-obra-5b55cb625e3e0dc06100470db461154a.jpg","datePublished":"2019-01-25T12:16:00+00:00","breadcrumb":{"@id":"https:\/\/seconci.com.br\/site\/2019\/01\/25\/regional-sorocaba-do-seconci-sp-promove-atividades-de-conscientizacao-sobre-hanseniase-em-canteiros-de-obra\/#breadcrumb"},"inLanguage":"pt-PT","potentialAction":[{"@type":"ReadAction","target":["https:\/\/seconci.com.br\/site\/2019\/01\/25\/regional-sorocaba-do-seconci-sp-promove-atividades-de-conscientizacao-sobre-hanseniase-em-canteiros-de-obra\/"]}]},{"@type":"ImageObject","inLanguage":"pt-PT","@id":"https:\/\/seconci.com.br\/site\/2019\/01\/25\/regional-sorocaba-do-seconci-sp-promove-atividades-de-conscientizacao-sobre-hanseniase-em-canteiros-de-obra\/#primaryimage","url":"https:\/\/seconci.com.br\/site\/wp-content\/uploads\/2019\/01\/regional-sorocaba-do-seconci-sp-promove-atividades-de-conscientizacao-sobre-hanseniase-em-canteiros-de-obra-5b55cb625e3e0dc06100470db461154a.jpg","contentUrl":"https:\/\/seconci.com.br\/site\/wp-content\/uploads\/2019\/01\/regional-sorocaba-do-seconci-sp-promove-atividades-de-conscientizacao-sobre-hanseniase-em-canteiros-de-obra-5b55cb625e3e0dc06100470db461154a.jpg","width":591,"height":369},{"@type":"BreadcrumbList","@id":"https:\/\/seconci.com.br\/site\/2019\/01\/25\/regional-sorocaba-do-seconci-sp-promove-atividades-de-conscientizacao-sobre-hanseniase-em-canteiros-de-obra\/#breadcrumb","itemListElement":[{"@type":"ListItem","position":1,"name":"In\u00edcio","item":"https:\/\/seconci.com.br\/site\/"},{"@type":"ListItem","position":2,"name":"Regional Sorocaba do Seconci-SP promove atividades de conscientiza\u00e7\u00e3o sobre hansen\u00edase em canteiros de obra"}]},{"@type":"WebSite","@id":"https:\/\/seconci.com.br\/site\/#website","url":"https:\/\/seconci.com.br\/site\/","name":"Seconci Brasil","description":"","publisher":{"@id":"https:\/\/seconci.com.br\/site\/#organization"},"potentialAction":[{"@type":"SearchAction","target":{"@type":"EntryPoint","urlTemplate":"https:\/\/seconci.com.br\/site\/?s={search_term_string}"},"query-input":{"@type":"PropertyValueSpecification","valueRequired":true,"valueName":"search_term_string"}}],"inLanguage":"pt-PT"},{"@type":"Organization","@id":"https:\/\/seconci.com.br\/site\/#organization","name":"Seconci Brasil","url":"https:\/\/seconci.com.br\/site\/","logo":{"@type":"ImageObject","inLanguage":"pt-PT","@id":"https:\/\/seconci.com.br\/site\/#\/schema\/logo\/image\/","url":"https:\/\/seconci.com.br\/site\/wp-content\/uploads\/2024\/08\/Logo-Seconci-Brasil-branca-2.png","contentUrl":"https:\/\/seconci.com.br\/site\/wp-content\/uploads\/2024\/08\/Logo-Seconci-Brasil-branca-2.png","width":1315,"height":598,"caption":"Seconci Brasil"},"image":{"@id":"https:\/\/seconci.com.br\/site\/#\/schema\/logo\/image\/"}},{"@type":"Person","@id":"https:\/\/seconci.com.br\/site\/#\/schema\/person\/1d79afd97ddc8f2c68c1e88e298aa8e2","name":"Sidney Rocha","description":"Comunicador e estagi\u00e1rio do Seconci Brasil.","url":"https:\/\/seconci.com.br\/site\/author\/sidney-rocha\/"}]}},"_links":{"self":[{"href":"https:\/\/seconci.com.br\/site\/wp-json\/wp\/v2\/posts\/8014","targetHints":{"allow":["GET"]}}],"collection":[{"href":"https:\/\/seconci.com.br\/site\/wp-json\/wp\/v2\/posts"}],"about":[{"href":"https:\/\/seconci.com.br\/site\/wp-json\/wp\/v2\/types\/post"}],"author":[{"embeddable":true,"href":"https:\/\/seconci.com.br\/site\/wp-json\/wp\/v2\/users\/3"}],"replies":[{"embeddable":true,"href":"https:\/\/seconci.com.br\/site\/wp-json\/wp\/v2\/comments?post=8014"}],"version-history":[{"count":0,"href":"https:\/\/seconci.com.br\/site\/wp-json\/wp\/v2\/posts\/8014\/revisions"}],"wp:featuredmedia":[{"embeddable":true,"href":"https:\/\/seconci.com.br\/site\/wp-json\/wp\/v2\/media\/8015"}],"wp:attachment":[{"href":"https:\/\/seconci.com.br\/site\/wp-json\/wp\/v2\/media?parent=8014"}],"wp:term":[{"taxonomy":"category","embeddable":true,"href":"https:\/\/seconci.com.br\/site\/wp-json\/wp\/v2\/categories?post=8014"},{"taxonomy":"post_tag","embeddable":true,"href":"https:\/\/seconci.com.br\/site\/wp-json\/wp\/v2\/tags?post=8014"}],"curies":[{"name":"wp","href":"https:\/\/api.w.org\/{rel}","templated":true}]}}