{"id":8022,"date":"2019-01-30T11:18:50","date_gmt":"2019-01-30T11:18:50","guid":{"rendered":"https:\/\/seconci.com.br\/site\/?p=8022"},"modified":"2019-01-30T11:18:50","modified_gmt":"2019-01-30T11:18:50","slug":"setor-da-construcao-e-governo-unem-esforcos-para-prevenir-acidentes","status":"publish","type":"post","link":"https:\/\/seconci.com.br\/site\/2019\/01\/30\/setor-da-construcao-e-governo-unem-esforcos-para-prevenir-acidentes\/","title":{"rendered":"Setor da constru\u00e7\u00e3o e governo unem esfor\u00e7os para prevenir acidentes"},"content":{"rendered":"<p style=\"text-align: justify;\"><em>Campanha Nacional de Preven\u00e7\u00e3o de Acidentes na Ind\u00fastria da Constru\u00e7\u00e3o chega a Minas Gerais em fevereiro<\/em><\/p>\n<p style=\"text-align: justify;\">| <em><strong>Ag\u00eancia Cbic<\/strong> <\/em>|<\/p>\n<p style=\"text-align: justify;\">Em 2016, em rela\u00e7\u00e3o a 2015, houve redu\u00e7\u00e3o de 12,19% no n\u00famero de ocorr\u00eancias de acidentes no trabalho na ind\u00fastria da constru\u00e7\u00e3o em Minas Gerais. Apesar disso, combate ao acidente de trabalho \u00e9 tema estrat\u00e9gico do setor, que luta por \u201cacidente zero\u201d. Para induzir ainda mais essa queda na incid\u00eancia de acidentes e tornar o ambiente de trabalho cada vez mais produtivo e seguro, a constru\u00e7\u00e3o civil se uniu aos principais atores de Seguran\u00e7a e Sa\u00fade do Trabalho (SST) e realizar\u00e1 no dia 7 de fevereiro, na sede do Servi\u00e7o Social da Ind\u00fastria da Constru\u00e7\u00e3o de Minas Gerais (Seconci-MG), em Belo Horizonte (MG), o evento regional da Campanha Nacional de Preven\u00e7\u00e3o de Acidentes na Ind\u00fastria da Constru\u00e7\u00e3o \u2013 CANPAT Constru\u00e7\u00e3o.<\/p>\n<p style=\"text-align: justify;\">A capital mineira \u00e9 a terceira cidade a receber o evento de mobiliza\u00e7\u00e3o da CANPAT Constru\u00e7\u00e3o no ciclo de 2018\/2019, iniciado em outubro do ano passado, em Bras\u00edlia, que tem refor\u00e7ado regionalmente que prevenir n\u00e3o deve ser visto como custo e sim investimento. Os maiores incidentes no setor est\u00e3o relacionados a choque el\u00e9trico, queda e soterramento.<\/p>\n<p style=\"text-align: justify;\">\u201c\u00c9 muito mais caro remediar os danos econ\u00f4micos e sociais gerados por acidentes de trabalho, do que prevenir\u201d, destaca o vice-presidente de \u00e1rea da CBIC e presidente da Comiss\u00e3o de Pol\u00edtica de Rela\u00e7\u00f5es Trabalhistas (CPRT) da C\u00e2mara Brasileira da Ind\u00fastria da Constru\u00e7\u00e3o (CBIC), Fernando Guedes Ferreira Filho.<\/p>\n<p style=\"text-align: justify;\">De iniciativa da CBIC, participam da CANPAT Constru\u00e7\u00e3o o Servi\u00e7o Social da Ind\u00fastria (Sesi), o Sindicato da Ind\u00fastria da Constru\u00e7\u00e3o Civil no Estado de Minas Gerais (Sinduscon-MG), o Servi\u00e7o Social da Ind\u00fastria da Constru\u00e7\u00e3o de Minas Gerais (Seconci-MG) e a Fiscaliza\u00e7\u00e3o do Trabalho.<\/p>\n<p style=\"text-align: justify;\"><strong>CANPAT Constru\u00e7\u00e3o em Belo Horizonte<\/strong><\/p>\n<p style=\"text-align: justify;\">Queda em altura \u00e9 um dos temas que ser\u00e1 abordado durante o evento. Os riscos do trabalho em altura ser\u00e3o apresentados tecnicamente aos participantes do evento pelo auditor do Trabalho Lu\u00eds Carlos Lumbreras (SP) e pela engenheira de seguran\u00e7a do Seconci-MG, Andreia Kaucher. Outro tema que ser\u00e1 abordado ser\u00e1 o da Gest\u00e3o de Sa\u00fade e Seguran\u00e7a no Trabalho (SST), com uma palestra sobre a Gest\u00e3o de SST de Terceirizados e apresenta\u00e7\u00e3o da plataforma de gest\u00e3o SESI Viva Mais.<\/p>\n<p style=\"text-align: justify;\">Na programa\u00e7\u00e3o tamb\u00e9m est\u00e1 previsto reconhecimento \u00e0s empresas mineiras, cujos trabalhadores tenham participado de palestras t\u00e9cnicas sobre preven\u00e7\u00e3o de acidentes por trabalho em altura, e haver\u00e1 apresenta\u00e7\u00e3o de esquete c\u00eanica pelo Grupo de Teatro Empresarial Todo Cultura.<\/p>\n<p style=\"text-align: justify;\">Al\u00e9m disso, a CBIC e o Sesi divulgar\u00e3o as iniciativas que desenvolvem para a dissemina\u00e7\u00e3o da cultura prevencionista e os trabalhos t\u00e9cnicos realizados, como o Guia Pr\u00e1tico para C\u00e1lculo de Linha de Vida e Restri\u00e7\u00e3o para a Ind\u00fastria da Constru\u00e7\u00e3o, de grande import\u00e2ncia para a preven\u00e7\u00e3o acidentes por quedas, e que podem ser conhecidos no site da CANPAT Constru\u00e7\u00e3o. https:\/\/cbic.org.br\/canpatconstrucao\/<\/p>\n<p style=\"text-align: justify;\"><strong>CANPAT Constru\u00e7\u00e3o Regional Belo Horizonte\/MG<\/strong><\/p>\n<p style=\"text-align: justify;\"><strong>Data<\/strong>: 07\/02<\/p>\n<p style=\"text-align: justify;\"><strong>Local<\/strong>: Seconci-MG \u2013 Rua Adalberto Ferraz, 336, bairro Lagoinha<\/p>\n<p style=\"text-align: justify;\"><strong>Hor\u00e1rio<\/strong>: 8h \u00e0s 12h30<\/p>\n<p style=\"text-align: justify;\"><strong>Mais informa\u00e7\u00f5es<\/strong>: cprt@cbic.org.br<\/p>\n","protected":false},"excerpt":{"rendered":"<p>Campanha Nacional de Preven\u00e7\u00e3o de Acidentes na Ind\u00fastria da Constru\u00e7\u00e3o chega a Minas Gerais em fevereiro | Ag\u00eancia Cbic | Em 2016, em rela\u00e7\u00e3o a 2015, houve redu\u00e7\u00e3o de 12,19% no n\u00famero de ocorr\u00eancias de acidentes no trabalho na ind\u00fastria da constru\u00e7\u00e3o em Minas Gerais. Apesar disso, combate ao acidente de trabalho \u00e9 tema estrat\u00e9gico [&hellip;]<\/p>\n","protected":false},"author":3,"featured_media":8023,"comment_status":"closed","ping_status":"closed","sticky":false,"template":"","format":"standard","meta":{"footnotes":""},"categories":[92],"tags":[],"class_list":["post-8022","post","type-post","status-publish","format-standard","has-post-thumbnail","hentry","category-seconci-brasil"],"yoast_head":"<!-- This site is optimized with the Yoast SEO plugin v26.9 - https:\/\/yoast.com\/product\/yoast-seo-wordpress\/ -->\n<title>Setor da constru\u00e7\u00e3o e governo unem esfor\u00e7os para prevenir acidentes - Seconci Brasil<\/title>\n<meta name=\"robots\" content=\"index, follow, max-snippet:-1, max-image-preview:large, max-video-preview:-1\" \/>\n<link rel=\"canonical\" href=\"https:\/\/seconci.com.br\/site\/2019\/01\/30\/setor-da-construcao-e-governo-unem-esforcos-para-prevenir-acidentes\/\" \/>\n<meta property=\"og:locale\" content=\"pt_PT\" \/>\n<meta property=\"og:type\" content=\"article\" \/>\n<meta property=\"og:title\" content=\"Setor da constru\u00e7\u00e3o e governo unem esfor\u00e7os para prevenir acidentes - Seconci Brasil\" \/>\n<meta property=\"og:description\" content=\"Campanha Nacional de Preven\u00e7\u00e3o de Acidentes na Ind\u00fastria da Constru\u00e7\u00e3o chega a Minas Gerais em fevereiro | Ag\u00eancia Cbic | Em 2016, em rela\u00e7\u00e3o a 2015, houve redu\u00e7\u00e3o de 12,19% no n\u00famero de ocorr\u00eancias de acidentes no trabalho na ind\u00fastria da constru\u00e7\u00e3o em Minas Gerais. Apesar disso, combate ao acidente de trabalho \u00e9 tema estrat\u00e9gico [&hellip;]\" \/>\n<meta property=\"og:url\" content=\"https:\/\/seconci.com.br\/site\/2019\/01\/30\/setor-da-construcao-e-governo-unem-esforcos-para-prevenir-acidentes\/\" \/>\n<meta property=\"og:site_name\" content=\"Seconci Brasil\" \/>\n<meta property=\"article:published_time\" content=\"2019-01-30T11:18:50+00:00\" \/>\n<meta property=\"og:image\" content=\"https:\/\/seconci.com.br\/site\/wp-content\/uploads\/2019\/01\/canpat.png\" \/>\n\t<meta property=\"og:image:width\" content=\"749\" \/>\n\t<meta property=\"og:image:height\" content=\"405\" \/>\n\t<meta property=\"og:image:type\" content=\"image\/png\" \/>\n<meta name=\"author\" content=\"Sidney Rocha\" \/>\n<meta name=\"twitter:card\" content=\"summary_large_image\" \/>\n<meta name=\"twitter:label1\" content=\"Escrito por\" \/>\n\t<meta name=\"twitter:data1\" content=\"Sidney Rocha\" \/>\n\t<meta name=\"twitter:label2\" content=\"Tempo estimado de leitura\" \/>\n\t<meta name=\"twitter:data2\" content=\"3 minutos\" \/>\n<script type=\"application\/ld+json\" class=\"yoast-schema-graph\">{\"@context\":\"https:\/\/schema.org\",\"@graph\":[{\"@type\":\"Article\",\"@id\":\"https:\/\/seconci.com.br\/site\/2019\/01\/30\/setor-da-construcao-e-governo-unem-esforcos-para-prevenir-acidentes\/#article\",\"isPartOf\":{\"@id\":\"https:\/\/seconci.com.br\/site\/2019\/01\/30\/setor-da-construcao-e-governo-unem-esforcos-para-prevenir-acidentes\/\"},\"author\":{\"name\":\"Sidney Rocha\",\"@id\":\"https:\/\/seconci.com.br\/site\/#\/schema\/person\/1d79afd97ddc8f2c68c1e88e298aa8e2\"},\"headline\":\"Setor da constru\u00e7\u00e3o e governo unem esfor\u00e7os para prevenir acidentes\",\"datePublished\":\"2019-01-30T11:18:50+00:00\",\"mainEntityOfPage\":{\"@id\":\"https:\/\/seconci.com.br\/site\/2019\/01\/30\/setor-da-construcao-e-governo-unem-esforcos-para-prevenir-acidentes\/\"},\"wordCount\":570,\"publisher\":{\"@id\":\"https:\/\/seconci.com.br\/site\/#organization\"},\"image\":{\"@id\":\"https:\/\/seconci.com.br\/site\/2019\/01\/30\/setor-da-construcao-e-governo-unem-esforcos-para-prevenir-acidentes\/#primaryimage\"},\"thumbnailUrl\":\"https:\/\/seconci.com.br\/site\/wp-content\/uploads\/2019\/01\/canpat.png\",\"articleSection\":[\"Seconci Brasil\"],\"inLanguage\":\"pt-PT\"},{\"@type\":\"WebPage\",\"@id\":\"https:\/\/seconci.com.br\/site\/2019\/01\/30\/setor-da-construcao-e-governo-unem-esforcos-para-prevenir-acidentes\/\",\"url\":\"https:\/\/seconci.com.br\/site\/2019\/01\/30\/setor-da-construcao-e-governo-unem-esforcos-para-prevenir-acidentes\/\",\"name\":\"Setor da constru\u00e7\u00e3o e governo unem esfor\u00e7os para prevenir acidentes - Seconci Brasil\",\"isPartOf\":{\"@id\":\"https:\/\/seconci.com.br\/site\/#website\"},\"primaryImageOfPage\":{\"@id\":\"https:\/\/seconci.com.br\/site\/2019\/01\/30\/setor-da-construcao-e-governo-unem-esforcos-para-prevenir-acidentes\/#primaryimage\"},\"image\":{\"@id\":\"https:\/\/seconci.com.br\/site\/2019\/01\/30\/setor-da-construcao-e-governo-unem-esforcos-para-prevenir-acidentes\/#primaryimage\"},\"thumbnailUrl\":\"https:\/\/seconci.com.br\/site\/wp-content\/uploads\/2019\/01\/canpat.png\",\"datePublished\":\"2019-01-30T11:18:50+00:00\",\"breadcrumb\":{\"@id\":\"https:\/\/seconci.com.br\/site\/2019\/01\/30\/setor-da-construcao-e-governo-unem-esforcos-para-prevenir-acidentes\/#breadcrumb\"},\"inLanguage\":\"pt-PT\",\"potentialAction\":[{\"@type\":\"ReadAction\",\"target\":[\"https:\/\/seconci.com.br\/site\/2019\/01\/30\/setor-da-construcao-e-governo-unem-esforcos-para-prevenir-acidentes\/\"]}]},{\"@type\":\"ImageObject\",\"inLanguage\":\"pt-PT\",\"@id\":\"https:\/\/seconci.com.br\/site\/2019\/01\/30\/setor-da-construcao-e-governo-unem-esforcos-para-prevenir-acidentes\/#primaryimage\",\"url\":\"https:\/\/seconci.com.br\/site\/wp-content\/uploads\/2019\/01\/canpat.png\",\"contentUrl\":\"https:\/\/seconci.com.br\/site\/wp-content\/uploads\/2019\/01\/canpat.png\",\"width\":749,\"height\":405},{\"@type\":\"BreadcrumbList\",\"@id\":\"https:\/\/seconci.com.br\/site\/2019\/01\/30\/setor-da-construcao-e-governo-unem-esforcos-para-prevenir-acidentes\/#breadcrumb\",\"itemListElement\":[{\"@type\":\"ListItem\",\"position\":1,\"name\":\"In\u00edcio\",\"item\":\"https:\/\/seconci.com.br\/site\/\"},{\"@type\":\"ListItem\",\"position\":2,\"name\":\"Setor da constru\u00e7\u00e3o e governo unem esfor\u00e7os para prevenir acidentes\"}]},{\"@type\":\"WebSite\",\"@id\":\"https:\/\/seconci.com.br\/site\/#website\",\"url\":\"https:\/\/seconci.com.br\/site\/\",\"name\":\"Seconci Brasil\",\"description\":\"\",\"publisher\":{\"@id\":\"https:\/\/seconci.com.br\/site\/#organization\"},\"potentialAction\":[{\"@type\":\"SearchAction\",\"target\":{\"@type\":\"EntryPoint\",\"urlTemplate\":\"https:\/\/seconci.com.br\/site\/?s={search_term_string}\"},\"query-input\":{\"@type\":\"PropertyValueSpecification\",\"valueRequired\":true,\"valueName\":\"search_term_string\"}}],\"inLanguage\":\"pt-PT\"},{\"@type\":\"Organization\",\"@id\":\"https:\/\/seconci.com.br\/site\/#organization\",\"name\":\"Seconci Brasil\",\"url\":\"https:\/\/seconci.com.br\/site\/\",\"logo\":{\"@type\":\"ImageObject\",\"inLanguage\":\"pt-PT\",\"@id\":\"https:\/\/seconci.com.br\/site\/#\/schema\/logo\/image\/\",\"url\":\"https:\/\/seconci.com.br\/site\/wp-content\/uploads\/2024\/08\/Logo-Seconci-Brasil-branca-2.png\",\"contentUrl\":\"https:\/\/seconci.com.br\/site\/wp-content\/uploads\/2024\/08\/Logo-Seconci-Brasil-branca-2.png\",\"width\":1315,\"height\":598,\"caption\":\"Seconci Brasil\"},\"image\":{\"@id\":\"https:\/\/seconci.com.br\/site\/#\/schema\/logo\/image\/\"}},{\"@type\":\"Person\",\"@id\":\"https:\/\/seconci.com.br\/site\/#\/schema\/person\/1d79afd97ddc8f2c68c1e88e298aa8e2\",\"name\":\"Sidney Rocha\",\"description\":\"Comunicador e estagi\u00e1rio do Seconci Brasil.\",\"url\":\"https:\/\/seconci.com.br\/site\/author\/sidney-rocha\/\"}]}<\/script>\n<!-- \/ Yoast SEO plugin. -->","yoast_head_json":{"title":"Setor da constru\u00e7\u00e3o e governo unem esfor\u00e7os para prevenir acidentes - Seconci Brasil","robots":{"index":"index","follow":"follow","max-snippet":"max-snippet:-1","max-image-preview":"max-image-preview:large","max-video-preview":"max-video-preview:-1"},"canonical":"https:\/\/seconci.com.br\/site\/2019\/01\/30\/setor-da-construcao-e-governo-unem-esforcos-para-prevenir-acidentes\/","og_locale":"pt_PT","og_type":"article","og_title":"Setor da constru\u00e7\u00e3o e governo unem esfor\u00e7os para prevenir acidentes - Seconci Brasil","og_description":"Campanha Nacional de Preven\u00e7\u00e3o de Acidentes na Ind\u00fastria da Constru\u00e7\u00e3o chega a Minas Gerais em fevereiro | Ag\u00eancia Cbic | Em 2016, em rela\u00e7\u00e3o a 2015, houve redu\u00e7\u00e3o de 12,19% no n\u00famero de ocorr\u00eancias de acidentes no trabalho na ind\u00fastria da constru\u00e7\u00e3o em Minas Gerais. Apesar disso, combate ao acidente de trabalho \u00e9 tema estrat\u00e9gico [&hellip;]","og_url":"https:\/\/seconci.com.br\/site\/2019\/01\/30\/setor-da-construcao-e-governo-unem-esforcos-para-prevenir-acidentes\/","og_site_name":"Seconci Brasil","article_published_time":"2019-01-30T11:18:50+00:00","og_image":[{"width":749,"height":405,"url":"https:\/\/seconci.com.br\/site\/wp-content\/uploads\/2019\/01\/canpat.png","type":"image\/png"}],"author":"Sidney Rocha","twitter_card":"summary_large_image","twitter_misc":{"Escrito por":"Sidney Rocha","Tempo estimado de leitura":"3 minutos"},"schema":{"@context":"https:\/\/schema.org","@graph":[{"@type":"Article","@id":"https:\/\/seconci.com.br\/site\/2019\/01\/30\/setor-da-construcao-e-governo-unem-esforcos-para-prevenir-acidentes\/#article","isPartOf":{"@id":"https:\/\/seconci.com.br\/site\/2019\/01\/30\/setor-da-construcao-e-governo-unem-esforcos-para-prevenir-acidentes\/"},"author":{"name":"Sidney Rocha","@id":"https:\/\/seconci.com.br\/site\/#\/schema\/person\/1d79afd97ddc8f2c68c1e88e298aa8e2"},"headline":"Setor da constru\u00e7\u00e3o e governo unem esfor\u00e7os para prevenir acidentes","datePublished":"2019-01-30T11:18:50+00:00","mainEntityOfPage":{"@id":"https:\/\/seconci.com.br\/site\/2019\/01\/30\/setor-da-construcao-e-governo-unem-esforcos-para-prevenir-acidentes\/"},"wordCount":570,"publisher":{"@id":"https:\/\/seconci.com.br\/site\/#organization"},"image":{"@id":"https:\/\/seconci.com.br\/site\/2019\/01\/30\/setor-da-construcao-e-governo-unem-esforcos-para-prevenir-acidentes\/#primaryimage"},"thumbnailUrl":"https:\/\/seconci.com.br\/site\/wp-content\/uploads\/2019\/01\/canpat.png","articleSection":["Seconci Brasil"],"inLanguage":"pt-PT"},{"@type":"WebPage","@id":"https:\/\/seconci.com.br\/site\/2019\/01\/30\/setor-da-construcao-e-governo-unem-esforcos-para-prevenir-acidentes\/","url":"https:\/\/seconci.com.br\/site\/2019\/01\/30\/setor-da-construcao-e-governo-unem-esforcos-para-prevenir-acidentes\/","name":"Setor da constru\u00e7\u00e3o e governo unem esfor\u00e7os para prevenir acidentes - Seconci Brasil","isPartOf":{"@id":"https:\/\/seconci.com.br\/site\/#website"},"primaryImageOfPage":{"@id":"https:\/\/seconci.com.br\/site\/2019\/01\/30\/setor-da-construcao-e-governo-unem-esforcos-para-prevenir-acidentes\/#primaryimage"},"image":{"@id":"https:\/\/seconci.com.br\/site\/2019\/01\/30\/setor-da-construcao-e-governo-unem-esforcos-para-prevenir-acidentes\/#primaryimage"},"thumbnailUrl":"https:\/\/seconci.com.br\/site\/wp-content\/uploads\/2019\/01\/canpat.png","datePublished":"2019-01-30T11:18:50+00:00","breadcrumb":{"@id":"https:\/\/seconci.com.br\/site\/2019\/01\/30\/setor-da-construcao-e-governo-unem-esforcos-para-prevenir-acidentes\/#breadcrumb"},"inLanguage":"pt-PT","potentialAction":[{"@type":"ReadAction","target":["https:\/\/seconci.com.br\/site\/2019\/01\/30\/setor-da-construcao-e-governo-unem-esforcos-para-prevenir-acidentes\/"]}]},{"@type":"ImageObject","inLanguage":"pt-PT","@id":"https:\/\/seconci.com.br\/site\/2019\/01\/30\/setor-da-construcao-e-governo-unem-esforcos-para-prevenir-acidentes\/#primaryimage","url":"https:\/\/seconci.com.br\/site\/wp-content\/uploads\/2019\/01\/canpat.png","contentUrl":"https:\/\/seconci.com.br\/site\/wp-content\/uploads\/2019\/01\/canpat.png","width":749,"height":405},{"@type":"BreadcrumbList","@id":"https:\/\/seconci.com.br\/site\/2019\/01\/30\/setor-da-construcao-e-governo-unem-esforcos-para-prevenir-acidentes\/#breadcrumb","itemListElement":[{"@type":"ListItem","position":1,"name":"In\u00edcio","item":"https:\/\/seconci.com.br\/site\/"},{"@type":"ListItem","position":2,"name":"Setor da constru\u00e7\u00e3o e governo unem esfor\u00e7os para prevenir acidentes"}]},{"@type":"WebSite","@id":"https:\/\/seconci.com.br\/site\/#website","url":"https:\/\/seconci.com.br\/site\/","name":"Seconci Brasil","description":"","publisher":{"@id":"https:\/\/seconci.com.br\/site\/#organization"},"potentialAction":[{"@type":"SearchAction","target":{"@type":"EntryPoint","urlTemplate":"https:\/\/seconci.com.br\/site\/?s={search_term_string}"},"query-input":{"@type":"PropertyValueSpecification","valueRequired":true,"valueName":"search_term_string"}}],"inLanguage":"pt-PT"},{"@type":"Organization","@id":"https:\/\/seconci.com.br\/site\/#organization","name":"Seconci Brasil","url":"https:\/\/seconci.com.br\/site\/","logo":{"@type":"ImageObject","inLanguage":"pt-PT","@id":"https:\/\/seconci.com.br\/site\/#\/schema\/logo\/image\/","url":"https:\/\/seconci.com.br\/site\/wp-content\/uploads\/2024\/08\/Logo-Seconci-Brasil-branca-2.png","contentUrl":"https:\/\/seconci.com.br\/site\/wp-content\/uploads\/2024\/08\/Logo-Seconci-Brasil-branca-2.png","width":1315,"height":598,"caption":"Seconci Brasil"},"image":{"@id":"https:\/\/seconci.com.br\/site\/#\/schema\/logo\/image\/"}},{"@type":"Person","@id":"https:\/\/seconci.com.br\/site\/#\/schema\/person\/1d79afd97ddc8f2c68c1e88e298aa8e2","name":"Sidney Rocha","description":"Comunicador e estagi\u00e1rio do Seconci Brasil.","url":"https:\/\/seconci.com.br\/site\/author\/sidney-rocha\/"}]}},"_links":{"self":[{"href":"https:\/\/seconci.com.br\/site\/wp-json\/wp\/v2\/posts\/8022","targetHints":{"allow":["GET"]}}],"collection":[{"href":"https:\/\/seconci.com.br\/site\/wp-json\/wp\/v2\/posts"}],"about":[{"href":"https:\/\/seconci.com.br\/site\/wp-json\/wp\/v2\/types\/post"}],"author":[{"embeddable":true,"href":"https:\/\/seconci.com.br\/site\/wp-json\/wp\/v2\/users\/3"}],"replies":[{"embeddable":true,"href":"https:\/\/seconci.com.br\/site\/wp-json\/wp\/v2\/comments?post=8022"}],"version-history":[{"count":0,"href":"https:\/\/seconci.com.br\/site\/wp-json\/wp\/v2\/posts\/8022\/revisions"}],"wp:featuredmedia":[{"embeddable":true,"href":"https:\/\/seconci.com.br\/site\/wp-json\/wp\/v2\/media\/8023"}],"wp:attachment":[{"href":"https:\/\/seconci.com.br\/site\/wp-json\/wp\/v2\/media?parent=8022"}],"wp:term":[{"taxonomy":"category","embeddable":true,"href":"https:\/\/seconci.com.br\/site\/wp-json\/wp\/v2\/categories?post=8022"},{"taxonomy":"post_tag","embeddable":true,"href":"https:\/\/seconci.com.br\/site\/wp-json\/wp\/v2\/tags?post=8022"}],"curies":[{"name":"wp","href":"https:\/\/api.w.org\/{rel}","templated":true}]}}