{"id":8025,"date":"2019-01-30T11:29:03","date_gmt":"2019-01-30T11:29:03","guid":{"rendered":"https:\/\/seconci.com.br\/site\/?p=8025"},"modified":"2019-01-30T11:29:03","modified_gmt":"2019-01-30T11:29:03","slug":"covas-inaugura-unidade-administrada-pelo-seconci-sp","status":"publish","type":"post","link":"https:\/\/seconci.com.br\/site\/2019\/01\/30\/covas-inaugura-unidade-administrada-pelo-seconci-sp\/","title":{"rendered":"Covas inaugura unidade administrada pelo Seconci-SP"},"content":{"rendered":"<p style=\"text-align: justify;\">\u00a0| <em>Assessoria de Comunica\u00e7\u00e3o Social do Seconci-SP<\/em> |<\/p>\n<p style=\"text-align: justify;\">O prefeito Bruno Covas, acompanhado do secret\u00e1rio municipal da Sa\u00fade, Edson Aparecido, inaugurou em 23 de janeiro o Centro de Aten\u00e7\u00e3o Psicossocial (Caps) Infantojuvenil II Ermelino Matarazzo, administrado pelo Seconci-SP.<\/p>\n<p style=\"text-align: justify;\">NA solenidade de inaugura\u00e7\u00e3o, Covas elogiou as instala\u00e7\u00f5es do Caps, o primeiro infantojuvenil do bairro. Aparecido, ao saudar Haruo Ishikawa, presidente do Seconci-SP, destacou a import\u00e2ncia das Organiza\u00e7\u00f5es Sociais de Sa\u00fade. &#8220;As OSSs s\u00e3o fundamentais. Sem elas, provavelmente o munic\u00edpio n\u00e3o conseguiria dar atendimento de qualidade em sa\u00fade \u00e0 popula\u00e7\u00e3o&#8221;, declarou.<\/p>\n<p style=\"text-align: justify;\">Al\u00e9m de Ishikawa, participaram da cerim\u00f4nia o suprefeito de Ermelino Matarazzo, Fl\u00e1vio Sol; lideran\u00e7as comunit\u00e1rias como o Padre Tic\u00e3o e o ex-vereador Adolfo Quintas; o superintendente geral do Seconci-SP, Fernando Costas; a superintendente da SAS Seconci-SP, Sylvia Jacquet, e a gerente do Caps, Aline Urini.<\/p>\n<p style=\"text-align: justify;\">Com 29 profissionais, o Caps tem como meta mensal oferecer atendimento de qualidade em sa\u00fade mental para at\u00e9 300 crian\u00e7as e adolescentes de at\u00e9 18 anos, com transtornos mentais graves ou que usem \u00e1lcool e outras drogas, contribuindo para sua inser\u00e7\u00e3o social.<\/p>\n","protected":false},"excerpt":{"rendered":"<p>\u00a0| Assessoria de Comunica\u00e7\u00e3o Social do Seconci-SP | O prefeito Bruno Covas, acompanhado do secret\u00e1rio municipal da Sa\u00fade, Edson Aparecido, inaugurou em 23 de janeiro o Centro de Aten\u00e7\u00e3o Psicossocial (Caps) Infantojuvenil II Ermelino Matarazzo, administrado pelo Seconci-SP. NA solenidade de inaugura\u00e7\u00e3o, Covas elogiou as instala\u00e7\u00f5es do Caps, o primeiro infantojuvenil do bairro. Aparecido, ao [&hellip;]<\/p>\n","protected":false},"author":3,"featured_media":8026,"comment_status":"closed","ping_status":"closed","sticky":false,"template":"","format":"standard","meta":{"footnotes":""},"categories":[87],"tags":[],"class_list":["post-8025","post","type-post","status-publish","format-standard","has-post-thumbnail","hentry","category-seconci-sao-paulo"],"yoast_head":"<!-- This site is optimized with the Yoast SEO plugin v26.9 - https:\/\/yoast.com\/product\/yoast-seo-wordpress\/ -->\n<title>Covas inaugura unidade administrada pelo Seconci-SP - Seconci Brasil<\/title>\n<meta name=\"robots\" content=\"index, follow, max-snippet:-1, max-image-preview:large, max-video-preview:-1\" \/>\n<link rel=\"canonical\" href=\"https:\/\/seconci.com.br\/site\/2019\/01\/30\/covas-inaugura-unidade-administrada-pelo-seconci-sp\/\" \/>\n<meta property=\"og:locale\" content=\"pt_PT\" \/>\n<meta property=\"og:type\" content=\"article\" \/>\n<meta property=\"og:title\" content=\"Covas inaugura unidade administrada pelo Seconci-SP - Seconci Brasil\" \/>\n<meta property=\"og:description\" content=\"\u00a0| Assessoria de Comunica\u00e7\u00e3o Social do Seconci-SP | O prefeito Bruno Covas, acompanhado do secret\u00e1rio municipal da Sa\u00fade, Edson Aparecido, inaugurou em 23 de janeiro o Centro de Aten\u00e7\u00e3o Psicossocial (Caps) Infantojuvenil II Ermelino Matarazzo, administrado pelo Seconci-SP. NA solenidade de inaugura\u00e7\u00e3o, Covas elogiou as instala\u00e7\u00f5es do Caps, o primeiro infantojuvenil do bairro. Aparecido, ao [&hellip;]\" \/>\n<meta property=\"og:url\" content=\"https:\/\/seconci.com.br\/site\/2019\/01\/30\/covas-inaugura-unidade-administrada-pelo-seconci-sp\/\" \/>\n<meta property=\"og:site_name\" content=\"Seconci Brasil\" \/>\n<meta property=\"article:published_time\" content=\"2019-01-30T11:29:03+00:00\" \/>\n<meta property=\"og:image\" content=\"https:\/\/seconci.com.br\/site\/wp-content\/uploads\/2019\/01\/ishikawa.png\" \/>\n\t<meta property=\"og:image:width\" content=\"416\" \/>\n\t<meta property=\"og:image:height\" content=\"302\" \/>\n\t<meta property=\"og:image:type\" content=\"image\/png\" \/>\n<meta name=\"author\" content=\"Sidney Rocha\" \/>\n<meta name=\"twitter:card\" content=\"summary_large_image\" \/>\n<meta name=\"twitter:label1\" content=\"Escrito por\" \/>\n\t<meta name=\"twitter:data1\" content=\"Sidney Rocha\" \/>\n\t<meta name=\"twitter:label2\" content=\"Tempo estimado de leitura\" \/>\n\t<meta name=\"twitter:data2\" content=\"1 minuto\" \/>\n<script type=\"application\/ld+json\" class=\"yoast-schema-graph\">{\"@context\":\"https:\/\/schema.org\",\"@graph\":[{\"@type\":\"Article\",\"@id\":\"https:\/\/seconci.com.br\/site\/2019\/01\/30\/covas-inaugura-unidade-administrada-pelo-seconci-sp\/#article\",\"isPartOf\":{\"@id\":\"https:\/\/seconci.com.br\/site\/2019\/01\/30\/covas-inaugura-unidade-administrada-pelo-seconci-sp\/\"},\"author\":{\"name\":\"Sidney Rocha\",\"@id\":\"https:\/\/seconci.com.br\/site\/#\/schema\/person\/1d79afd97ddc8f2c68c1e88e298aa8e2\"},\"headline\":\"Covas inaugura unidade administrada pelo Seconci-SP\",\"datePublished\":\"2019-01-30T11:29:03+00:00\",\"mainEntityOfPage\":{\"@id\":\"https:\/\/seconci.com.br\/site\/2019\/01\/30\/covas-inaugura-unidade-administrada-pelo-seconci-sp\/\"},\"wordCount\":198,\"publisher\":{\"@id\":\"https:\/\/seconci.com.br\/site\/#organization\"},\"image\":{\"@id\":\"https:\/\/seconci.com.br\/site\/2019\/01\/30\/covas-inaugura-unidade-administrada-pelo-seconci-sp\/#primaryimage\"},\"thumbnailUrl\":\"https:\/\/seconci.com.br\/site\/wp-content\/uploads\/2019\/01\/ishikawa.png\",\"articleSection\":[\"Seconci S\u00e3o Paulo\"],\"inLanguage\":\"pt-PT\"},{\"@type\":\"WebPage\",\"@id\":\"https:\/\/seconci.com.br\/site\/2019\/01\/30\/covas-inaugura-unidade-administrada-pelo-seconci-sp\/\",\"url\":\"https:\/\/seconci.com.br\/site\/2019\/01\/30\/covas-inaugura-unidade-administrada-pelo-seconci-sp\/\",\"name\":\"Covas inaugura unidade administrada pelo Seconci-SP - Seconci Brasil\",\"isPartOf\":{\"@id\":\"https:\/\/seconci.com.br\/site\/#website\"},\"primaryImageOfPage\":{\"@id\":\"https:\/\/seconci.com.br\/site\/2019\/01\/30\/covas-inaugura-unidade-administrada-pelo-seconci-sp\/#primaryimage\"},\"image\":{\"@id\":\"https:\/\/seconci.com.br\/site\/2019\/01\/30\/covas-inaugura-unidade-administrada-pelo-seconci-sp\/#primaryimage\"},\"thumbnailUrl\":\"https:\/\/seconci.com.br\/site\/wp-content\/uploads\/2019\/01\/ishikawa.png\",\"datePublished\":\"2019-01-30T11:29:03+00:00\",\"breadcrumb\":{\"@id\":\"https:\/\/seconci.com.br\/site\/2019\/01\/30\/covas-inaugura-unidade-administrada-pelo-seconci-sp\/#breadcrumb\"},\"inLanguage\":\"pt-PT\",\"potentialAction\":[{\"@type\":\"ReadAction\",\"target\":[\"https:\/\/seconci.com.br\/site\/2019\/01\/30\/covas-inaugura-unidade-administrada-pelo-seconci-sp\/\"]}]},{\"@type\":\"ImageObject\",\"inLanguage\":\"pt-PT\",\"@id\":\"https:\/\/seconci.com.br\/site\/2019\/01\/30\/covas-inaugura-unidade-administrada-pelo-seconci-sp\/#primaryimage\",\"url\":\"https:\/\/seconci.com.br\/site\/wp-content\/uploads\/2019\/01\/ishikawa.png\",\"contentUrl\":\"https:\/\/seconci.com.br\/site\/wp-content\/uploads\/2019\/01\/ishikawa.png\",\"width\":416,\"height\":302},{\"@type\":\"BreadcrumbList\",\"@id\":\"https:\/\/seconci.com.br\/site\/2019\/01\/30\/covas-inaugura-unidade-administrada-pelo-seconci-sp\/#breadcrumb\",\"itemListElement\":[{\"@type\":\"ListItem\",\"position\":1,\"name\":\"In\u00edcio\",\"item\":\"https:\/\/seconci.com.br\/site\/\"},{\"@type\":\"ListItem\",\"position\":2,\"name\":\"Covas inaugura unidade administrada pelo Seconci-SP\"}]},{\"@type\":\"WebSite\",\"@id\":\"https:\/\/seconci.com.br\/site\/#website\",\"url\":\"https:\/\/seconci.com.br\/site\/\",\"name\":\"Seconci Brasil\",\"description\":\"\",\"publisher\":{\"@id\":\"https:\/\/seconci.com.br\/site\/#organization\"},\"potentialAction\":[{\"@type\":\"SearchAction\",\"target\":{\"@type\":\"EntryPoint\",\"urlTemplate\":\"https:\/\/seconci.com.br\/site\/?s={search_term_string}\"},\"query-input\":{\"@type\":\"PropertyValueSpecification\",\"valueRequired\":true,\"valueName\":\"search_term_string\"}}],\"inLanguage\":\"pt-PT\"},{\"@type\":\"Organization\",\"@id\":\"https:\/\/seconci.com.br\/site\/#organization\",\"name\":\"Seconci Brasil\",\"url\":\"https:\/\/seconci.com.br\/site\/\",\"logo\":{\"@type\":\"ImageObject\",\"inLanguage\":\"pt-PT\",\"@id\":\"https:\/\/seconci.com.br\/site\/#\/schema\/logo\/image\/\",\"url\":\"https:\/\/seconci.com.br\/site\/wp-content\/uploads\/2024\/08\/Logo-Seconci-Brasil-branca-2.png\",\"contentUrl\":\"https:\/\/seconci.com.br\/site\/wp-content\/uploads\/2024\/08\/Logo-Seconci-Brasil-branca-2.png\",\"width\":1315,\"height\":598,\"caption\":\"Seconci Brasil\"},\"image\":{\"@id\":\"https:\/\/seconci.com.br\/site\/#\/schema\/logo\/image\/\"}},{\"@type\":\"Person\",\"@id\":\"https:\/\/seconci.com.br\/site\/#\/schema\/person\/1d79afd97ddc8f2c68c1e88e298aa8e2\",\"name\":\"Sidney Rocha\",\"description\":\"Comunicador e estagi\u00e1rio do Seconci Brasil.\",\"url\":\"https:\/\/seconci.com.br\/site\/author\/sidney-rocha\/\"}]}<\/script>\n<!-- \/ Yoast SEO plugin. -->","yoast_head_json":{"title":"Covas inaugura unidade administrada pelo Seconci-SP - Seconci Brasil","robots":{"index":"index","follow":"follow","max-snippet":"max-snippet:-1","max-image-preview":"max-image-preview:large","max-video-preview":"max-video-preview:-1"},"canonical":"https:\/\/seconci.com.br\/site\/2019\/01\/30\/covas-inaugura-unidade-administrada-pelo-seconci-sp\/","og_locale":"pt_PT","og_type":"article","og_title":"Covas inaugura unidade administrada pelo Seconci-SP - Seconci Brasil","og_description":"\u00a0| Assessoria de Comunica\u00e7\u00e3o Social do Seconci-SP | O prefeito Bruno Covas, acompanhado do secret\u00e1rio municipal da Sa\u00fade, Edson Aparecido, inaugurou em 23 de janeiro o Centro de Aten\u00e7\u00e3o Psicossocial (Caps) Infantojuvenil II Ermelino Matarazzo, administrado pelo Seconci-SP. NA solenidade de inaugura\u00e7\u00e3o, Covas elogiou as instala\u00e7\u00f5es do Caps, o primeiro infantojuvenil do bairro. Aparecido, ao [&hellip;]","og_url":"https:\/\/seconci.com.br\/site\/2019\/01\/30\/covas-inaugura-unidade-administrada-pelo-seconci-sp\/","og_site_name":"Seconci Brasil","article_published_time":"2019-01-30T11:29:03+00:00","og_image":[{"width":416,"height":302,"url":"https:\/\/seconci.com.br\/site\/wp-content\/uploads\/2019\/01\/ishikawa.png","type":"image\/png"}],"author":"Sidney Rocha","twitter_card":"summary_large_image","twitter_misc":{"Escrito por":"Sidney Rocha","Tempo estimado de leitura":"1 minuto"},"schema":{"@context":"https:\/\/schema.org","@graph":[{"@type":"Article","@id":"https:\/\/seconci.com.br\/site\/2019\/01\/30\/covas-inaugura-unidade-administrada-pelo-seconci-sp\/#article","isPartOf":{"@id":"https:\/\/seconci.com.br\/site\/2019\/01\/30\/covas-inaugura-unidade-administrada-pelo-seconci-sp\/"},"author":{"name":"Sidney Rocha","@id":"https:\/\/seconci.com.br\/site\/#\/schema\/person\/1d79afd97ddc8f2c68c1e88e298aa8e2"},"headline":"Covas inaugura unidade administrada pelo Seconci-SP","datePublished":"2019-01-30T11:29:03+00:00","mainEntityOfPage":{"@id":"https:\/\/seconci.com.br\/site\/2019\/01\/30\/covas-inaugura-unidade-administrada-pelo-seconci-sp\/"},"wordCount":198,"publisher":{"@id":"https:\/\/seconci.com.br\/site\/#organization"},"image":{"@id":"https:\/\/seconci.com.br\/site\/2019\/01\/30\/covas-inaugura-unidade-administrada-pelo-seconci-sp\/#primaryimage"},"thumbnailUrl":"https:\/\/seconci.com.br\/site\/wp-content\/uploads\/2019\/01\/ishikawa.png","articleSection":["Seconci S\u00e3o Paulo"],"inLanguage":"pt-PT"},{"@type":"WebPage","@id":"https:\/\/seconci.com.br\/site\/2019\/01\/30\/covas-inaugura-unidade-administrada-pelo-seconci-sp\/","url":"https:\/\/seconci.com.br\/site\/2019\/01\/30\/covas-inaugura-unidade-administrada-pelo-seconci-sp\/","name":"Covas inaugura unidade administrada pelo Seconci-SP - Seconci Brasil","isPartOf":{"@id":"https:\/\/seconci.com.br\/site\/#website"},"primaryImageOfPage":{"@id":"https:\/\/seconci.com.br\/site\/2019\/01\/30\/covas-inaugura-unidade-administrada-pelo-seconci-sp\/#primaryimage"},"image":{"@id":"https:\/\/seconci.com.br\/site\/2019\/01\/30\/covas-inaugura-unidade-administrada-pelo-seconci-sp\/#primaryimage"},"thumbnailUrl":"https:\/\/seconci.com.br\/site\/wp-content\/uploads\/2019\/01\/ishikawa.png","datePublished":"2019-01-30T11:29:03+00:00","breadcrumb":{"@id":"https:\/\/seconci.com.br\/site\/2019\/01\/30\/covas-inaugura-unidade-administrada-pelo-seconci-sp\/#breadcrumb"},"inLanguage":"pt-PT","potentialAction":[{"@type":"ReadAction","target":["https:\/\/seconci.com.br\/site\/2019\/01\/30\/covas-inaugura-unidade-administrada-pelo-seconci-sp\/"]}]},{"@type":"ImageObject","inLanguage":"pt-PT","@id":"https:\/\/seconci.com.br\/site\/2019\/01\/30\/covas-inaugura-unidade-administrada-pelo-seconci-sp\/#primaryimage","url":"https:\/\/seconci.com.br\/site\/wp-content\/uploads\/2019\/01\/ishikawa.png","contentUrl":"https:\/\/seconci.com.br\/site\/wp-content\/uploads\/2019\/01\/ishikawa.png","width":416,"height":302},{"@type":"BreadcrumbList","@id":"https:\/\/seconci.com.br\/site\/2019\/01\/30\/covas-inaugura-unidade-administrada-pelo-seconci-sp\/#breadcrumb","itemListElement":[{"@type":"ListItem","position":1,"name":"In\u00edcio","item":"https:\/\/seconci.com.br\/site\/"},{"@type":"ListItem","position":2,"name":"Covas inaugura unidade administrada pelo Seconci-SP"}]},{"@type":"WebSite","@id":"https:\/\/seconci.com.br\/site\/#website","url":"https:\/\/seconci.com.br\/site\/","name":"Seconci Brasil","description":"","publisher":{"@id":"https:\/\/seconci.com.br\/site\/#organization"},"potentialAction":[{"@type":"SearchAction","target":{"@type":"EntryPoint","urlTemplate":"https:\/\/seconci.com.br\/site\/?s={search_term_string}"},"query-input":{"@type":"PropertyValueSpecification","valueRequired":true,"valueName":"search_term_string"}}],"inLanguage":"pt-PT"},{"@type":"Organization","@id":"https:\/\/seconci.com.br\/site\/#organization","name":"Seconci Brasil","url":"https:\/\/seconci.com.br\/site\/","logo":{"@type":"ImageObject","inLanguage":"pt-PT","@id":"https:\/\/seconci.com.br\/site\/#\/schema\/logo\/image\/","url":"https:\/\/seconci.com.br\/site\/wp-content\/uploads\/2024\/08\/Logo-Seconci-Brasil-branca-2.png","contentUrl":"https:\/\/seconci.com.br\/site\/wp-content\/uploads\/2024\/08\/Logo-Seconci-Brasil-branca-2.png","width":1315,"height":598,"caption":"Seconci Brasil"},"image":{"@id":"https:\/\/seconci.com.br\/site\/#\/schema\/logo\/image\/"}},{"@type":"Person","@id":"https:\/\/seconci.com.br\/site\/#\/schema\/person\/1d79afd97ddc8f2c68c1e88e298aa8e2","name":"Sidney Rocha","description":"Comunicador e estagi\u00e1rio do Seconci Brasil.","url":"https:\/\/seconci.com.br\/site\/author\/sidney-rocha\/"}]}},"_links":{"self":[{"href":"https:\/\/seconci.com.br\/site\/wp-json\/wp\/v2\/posts\/8025","targetHints":{"allow":["GET"]}}],"collection":[{"href":"https:\/\/seconci.com.br\/site\/wp-json\/wp\/v2\/posts"}],"about":[{"href":"https:\/\/seconci.com.br\/site\/wp-json\/wp\/v2\/types\/post"}],"author":[{"embeddable":true,"href":"https:\/\/seconci.com.br\/site\/wp-json\/wp\/v2\/users\/3"}],"replies":[{"embeddable":true,"href":"https:\/\/seconci.com.br\/site\/wp-json\/wp\/v2\/comments?post=8025"}],"version-history":[{"count":0,"href":"https:\/\/seconci.com.br\/site\/wp-json\/wp\/v2\/posts\/8025\/revisions"}],"wp:featuredmedia":[{"embeddable":true,"href":"https:\/\/seconci.com.br\/site\/wp-json\/wp\/v2\/media\/8026"}],"wp:attachment":[{"href":"https:\/\/seconci.com.br\/site\/wp-json\/wp\/v2\/media?parent=8025"}],"wp:term":[{"taxonomy":"category","embeddable":true,"href":"https:\/\/seconci.com.br\/site\/wp-json\/wp\/v2\/categories?post=8025"},{"taxonomy":"post_tag","embeddable":true,"href":"https:\/\/seconci.com.br\/site\/wp-json\/wp\/v2\/tags?post=8025"}],"curies":[{"name":"wp","href":"https:\/\/api.w.org\/{rel}","templated":true}]}}