{"id":8032,"date":"2019-02-06T11:30:09","date_gmt":"2019-02-06T11:30:09","guid":{"rendered":"https:\/\/seconci.com.br\/site\/?p=8032"},"modified":"2019-02-06T11:30:09","modified_gmt":"2019-02-06T11:30:09","slug":"seconci-sp-hanseniase-tem-cura","status":"publish","type":"post","link":"https:\/\/seconci.com.br\/site\/2019\/02\/06\/seconci-sp-hanseniase-tem-cura\/","title":{"rendered":"| Seconci-SP | Hansen\u00edase tem cura"},"content":{"rendered":"<p>| Assessoria de Comunica\u00e7\u00e3o Social do Seconci-SP |<\/p>\n<p>&nbsp;<\/p>\n<p>Conhecida antigamente por lepra, a hansen\u00edase tem cura. Esta informa\u00e7\u00e3o \u00e9 muito relevante, segundo a dermatologista do Seconci-SP, Marli Izabel Penteado Manini. &#8220;Quando diagnosticada e tratada logo no in\u00edcio, a enfermidade pode ser curada e o paciente ter uma vida normal, mas quando identificada tardiamente, pode provocar sequelas irrevers\u00edveis&#8221;, explica.<\/p>\n<p>Doen\u00e7a infecciosa causada pela bact\u00e9ria <em>Mycobacterium leprae<\/em>, ou bacilo de Hansen, a hansen\u00edase provoca les\u00f5es nos nervos perif\u00e9ricos, respons\u00e1veis por fazer as liga\u00e7\u00f5es entre o sistema nervoso central e o restante do corpo.<\/p>\n<p>A transmiss\u00e3o ocorre por meio do contato prolongado com um paciente infectado e que n\u00e3o esteja em tratamento. Por isso \u00e9 muito importante que as pessoas fiquem atentas e procurem atendimento m\u00e9dico assim que perceberem os primeiros sinais.<\/p>\n<p>Os sintomas podem variar, mas os principais s\u00e3o o surgimento de manchas avermelhadas pelo corpo, perda de sensibilidade em regi\u00f5es da pele e, em alguns casos, queda de pelos. As incapacidades s\u00e3o mais frequentes nas m\u00e3os, p\u00e9s e olhos. O tratamento \u00e9 com medicamentos por via oral e dura de seis meses a um ano.<\/p>\n<p>Segundo a dermatologista, a doen\u00e7a pode ficar incubada no corpo sem manifestar sintomas por at\u00e9 cinco anos. Por este motivo, quando a pessoa tem conhecimento de que algu\u00e9m do seu ambiente familiar ou profissional teve a doen\u00e7a, \u00e9 importante procurar o atendimento m\u00e9dico.<\/p>\n","protected":false},"excerpt":{"rendered":"<p>| Assessoria de Comunica\u00e7\u00e3o Social do Seconci-SP | &nbsp; Conhecida antigamente por lepra, a hansen\u00edase tem cura. Esta informa\u00e7\u00e3o \u00e9 muito relevante, segundo a dermatologista do Seconci-SP, Marli Izabel Penteado Manini. &#8220;Quando diagnosticada e tratada logo no in\u00edcio, a enfermidade pode ser curada e o paciente ter uma vida normal, mas quando identificada tardiamente, pode [&hellip;]<\/p>\n","protected":false},"author":3,"featured_media":8033,"comment_status":"closed","ping_status":"closed","sticky":false,"template":"","format":"standard","meta":{"footnotes":""},"categories":[87],"tags":[],"class_list":["post-8032","post","type-post","status-publish","format-standard","has-post-thumbnail","hentry","category-seconci-sao-paulo"],"yoast_head":"<!-- This site is optimized with the Yoast SEO plugin v26.9 - https:\/\/yoast.com\/product\/yoast-seo-wordpress\/ -->\n<title>| Seconci-SP | Hansen\u00edase tem cura - Seconci Brasil<\/title>\n<meta name=\"robots\" content=\"index, follow, max-snippet:-1, max-image-preview:large, max-video-preview:-1\" \/>\n<link rel=\"canonical\" href=\"https:\/\/seconci.com.br\/site\/2019\/02\/06\/seconci-sp-hanseniase-tem-cura\/\" \/>\n<meta property=\"og:locale\" content=\"pt_PT\" \/>\n<meta property=\"og:type\" content=\"article\" \/>\n<meta property=\"og:title\" content=\"| Seconci-SP | Hansen\u00edase tem cura - Seconci Brasil\" \/>\n<meta property=\"og:description\" content=\"| Assessoria de Comunica\u00e7\u00e3o Social do Seconci-SP | &nbsp; Conhecida antigamente por lepra, a hansen\u00edase tem cura. Esta informa\u00e7\u00e3o \u00e9 muito relevante, segundo a dermatologista do Seconci-SP, Marli Izabel Penteado Manini. &#8220;Quando diagnosticada e tratada logo no in\u00edcio, a enfermidade pode ser curada e o paciente ter uma vida normal, mas quando identificada tardiamente, pode [&hellip;]\" \/>\n<meta property=\"og:url\" content=\"https:\/\/seconci.com.br\/site\/2019\/02\/06\/seconci-sp-hanseniase-tem-cura\/\" \/>\n<meta property=\"og:site_name\" content=\"Seconci Brasil\" \/>\n<meta property=\"article:published_time\" content=\"2019-02-06T11:30:09+00:00\" \/>\n<meta property=\"og:image\" content=\"https:\/\/seconci.com.br\/site\/wp-content\/uploads\/2019\/02\/han.png\" \/>\n\t<meta property=\"og:image:width\" content=\"643\" \/>\n\t<meta property=\"og:image:height\" content=\"302\" \/>\n\t<meta property=\"og:image:type\" content=\"image\/png\" \/>\n<meta name=\"author\" content=\"Sidney Rocha\" \/>\n<meta name=\"twitter:card\" content=\"summary_large_image\" \/>\n<meta name=\"twitter:label1\" content=\"Escrito por\" \/>\n\t<meta name=\"twitter:data1\" content=\"Sidney Rocha\" \/>\n\t<meta name=\"twitter:label2\" content=\"Tempo estimado de leitura\" \/>\n\t<meta name=\"twitter:data2\" content=\"1 minuto\" \/>\n<script type=\"application\/ld+json\" class=\"yoast-schema-graph\">{\"@context\":\"https:\/\/schema.org\",\"@graph\":[{\"@type\":\"Article\",\"@id\":\"https:\/\/seconci.com.br\/site\/2019\/02\/06\/seconci-sp-hanseniase-tem-cura\/#article\",\"isPartOf\":{\"@id\":\"https:\/\/seconci.com.br\/site\/2019\/02\/06\/seconci-sp-hanseniase-tem-cura\/\"},\"author\":{\"name\":\"Sidney Rocha\",\"@id\":\"https:\/\/seconci.com.br\/site\/#\/schema\/person\/1d79afd97ddc8f2c68c1e88e298aa8e2\"},\"headline\":\"| Seconci-SP | Hansen\u00edase tem cura\",\"datePublished\":\"2019-02-06T11:30:09+00:00\",\"mainEntityOfPage\":{\"@id\":\"https:\/\/seconci.com.br\/site\/2019\/02\/06\/seconci-sp-hanseniase-tem-cura\/\"},\"wordCount\":251,\"publisher\":{\"@id\":\"https:\/\/seconci.com.br\/site\/#organization\"},\"image\":{\"@id\":\"https:\/\/seconci.com.br\/site\/2019\/02\/06\/seconci-sp-hanseniase-tem-cura\/#primaryimage\"},\"thumbnailUrl\":\"https:\/\/seconci.com.br\/site\/wp-content\/uploads\/2019\/02\/han.png\",\"articleSection\":[\"Seconci S\u00e3o Paulo\"],\"inLanguage\":\"pt-PT\"},{\"@type\":\"WebPage\",\"@id\":\"https:\/\/seconci.com.br\/site\/2019\/02\/06\/seconci-sp-hanseniase-tem-cura\/\",\"url\":\"https:\/\/seconci.com.br\/site\/2019\/02\/06\/seconci-sp-hanseniase-tem-cura\/\",\"name\":\"| Seconci-SP | Hansen\u00edase tem cura - Seconci Brasil\",\"isPartOf\":{\"@id\":\"https:\/\/seconci.com.br\/site\/#website\"},\"primaryImageOfPage\":{\"@id\":\"https:\/\/seconci.com.br\/site\/2019\/02\/06\/seconci-sp-hanseniase-tem-cura\/#primaryimage\"},\"image\":{\"@id\":\"https:\/\/seconci.com.br\/site\/2019\/02\/06\/seconci-sp-hanseniase-tem-cura\/#primaryimage\"},\"thumbnailUrl\":\"https:\/\/seconci.com.br\/site\/wp-content\/uploads\/2019\/02\/han.png\",\"datePublished\":\"2019-02-06T11:30:09+00:00\",\"breadcrumb\":{\"@id\":\"https:\/\/seconci.com.br\/site\/2019\/02\/06\/seconci-sp-hanseniase-tem-cura\/#breadcrumb\"},\"inLanguage\":\"pt-PT\",\"potentialAction\":[{\"@type\":\"ReadAction\",\"target\":[\"https:\/\/seconci.com.br\/site\/2019\/02\/06\/seconci-sp-hanseniase-tem-cura\/\"]}]},{\"@type\":\"ImageObject\",\"inLanguage\":\"pt-PT\",\"@id\":\"https:\/\/seconci.com.br\/site\/2019\/02\/06\/seconci-sp-hanseniase-tem-cura\/#primaryimage\",\"url\":\"https:\/\/seconci.com.br\/site\/wp-content\/uploads\/2019\/02\/han.png\",\"contentUrl\":\"https:\/\/seconci.com.br\/site\/wp-content\/uploads\/2019\/02\/han.png\",\"width\":643,\"height\":302},{\"@type\":\"BreadcrumbList\",\"@id\":\"https:\/\/seconci.com.br\/site\/2019\/02\/06\/seconci-sp-hanseniase-tem-cura\/#breadcrumb\",\"itemListElement\":[{\"@type\":\"ListItem\",\"position\":1,\"name\":\"In\u00edcio\",\"item\":\"https:\/\/seconci.com.br\/site\/\"},{\"@type\":\"ListItem\",\"position\":2,\"name\":\"| Seconci-SP | Hansen\u00edase tem cura\"}]},{\"@type\":\"WebSite\",\"@id\":\"https:\/\/seconci.com.br\/site\/#website\",\"url\":\"https:\/\/seconci.com.br\/site\/\",\"name\":\"Seconci Brasil\",\"description\":\"\",\"publisher\":{\"@id\":\"https:\/\/seconci.com.br\/site\/#organization\"},\"potentialAction\":[{\"@type\":\"SearchAction\",\"target\":{\"@type\":\"EntryPoint\",\"urlTemplate\":\"https:\/\/seconci.com.br\/site\/?s={search_term_string}\"},\"query-input\":{\"@type\":\"PropertyValueSpecification\",\"valueRequired\":true,\"valueName\":\"search_term_string\"}}],\"inLanguage\":\"pt-PT\"},{\"@type\":\"Organization\",\"@id\":\"https:\/\/seconci.com.br\/site\/#organization\",\"name\":\"Seconci Brasil\",\"url\":\"https:\/\/seconci.com.br\/site\/\",\"logo\":{\"@type\":\"ImageObject\",\"inLanguage\":\"pt-PT\",\"@id\":\"https:\/\/seconci.com.br\/site\/#\/schema\/logo\/image\/\",\"url\":\"https:\/\/seconci.com.br\/site\/wp-content\/uploads\/2024\/08\/Logo-Seconci-Brasil-branca-2.png\",\"contentUrl\":\"https:\/\/seconci.com.br\/site\/wp-content\/uploads\/2024\/08\/Logo-Seconci-Brasil-branca-2.png\",\"width\":1315,\"height\":598,\"caption\":\"Seconci Brasil\"},\"image\":{\"@id\":\"https:\/\/seconci.com.br\/site\/#\/schema\/logo\/image\/\"}},{\"@type\":\"Person\",\"@id\":\"https:\/\/seconci.com.br\/site\/#\/schema\/person\/1d79afd97ddc8f2c68c1e88e298aa8e2\",\"name\":\"Sidney Rocha\",\"description\":\"Comunicador e estagi\u00e1rio do Seconci Brasil.\",\"url\":\"https:\/\/seconci.com.br\/site\/author\/sidney-rocha\/\"}]}<\/script>\n<!-- \/ Yoast SEO plugin. -->","yoast_head_json":{"title":"| Seconci-SP | Hansen\u00edase tem cura - Seconci Brasil","robots":{"index":"index","follow":"follow","max-snippet":"max-snippet:-1","max-image-preview":"max-image-preview:large","max-video-preview":"max-video-preview:-1"},"canonical":"https:\/\/seconci.com.br\/site\/2019\/02\/06\/seconci-sp-hanseniase-tem-cura\/","og_locale":"pt_PT","og_type":"article","og_title":"| Seconci-SP | Hansen\u00edase tem cura - Seconci Brasil","og_description":"| Assessoria de Comunica\u00e7\u00e3o Social do Seconci-SP | &nbsp; Conhecida antigamente por lepra, a hansen\u00edase tem cura. Esta informa\u00e7\u00e3o \u00e9 muito relevante, segundo a dermatologista do Seconci-SP, Marli Izabel Penteado Manini. &#8220;Quando diagnosticada e tratada logo no in\u00edcio, a enfermidade pode ser curada e o paciente ter uma vida normal, mas quando identificada tardiamente, pode [&hellip;]","og_url":"https:\/\/seconci.com.br\/site\/2019\/02\/06\/seconci-sp-hanseniase-tem-cura\/","og_site_name":"Seconci Brasil","article_published_time":"2019-02-06T11:30:09+00:00","og_image":[{"width":643,"height":302,"url":"https:\/\/seconci.com.br\/site\/wp-content\/uploads\/2019\/02\/han.png","type":"image\/png"}],"author":"Sidney Rocha","twitter_card":"summary_large_image","twitter_misc":{"Escrito por":"Sidney Rocha","Tempo estimado de leitura":"1 minuto"},"schema":{"@context":"https:\/\/schema.org","@graph":[{"@type":"Article","@id":"https:\/\/seconci.com.br\/site\/2019\/02\/06\/seconci-sp-hanseniase-tem-cura\/#article","isPartOf":{"@id":"https:\/\/seconci.com.br\/site\/2019\/02\/06\/seconci-sp-hanseniase-tem-cura\/"},"author":{"name":"Sidney Rocha","@id":"https:\/\/seconci.com.br\/site\/#\/schema\/person\/1d79afd97ddc8f2c68c1e88e298aa8e2"},"headline":"| Seconci-SP | Hansen\u00edase tem cura","datePublished":"2019-02-06T11:30:09+00:00","mainEntityOfPage":{"@id":"https:\/\/seconci.com.br\/site\/2019\/02\/06\/seconci-sp-hanseniase-tem-cura\/"},"wordCount":251,"publisher":{"@id":"https:\/\/seconci.com.br\/site\/#organization"},"image":{"@id":"https:\/\/seconci.com.br\/site\/2019\/02\/06\/seconci-sp-hanseniase-tem-cura\/#primaryimage"},"thumbnailUrl":"https:\/\/seconci.com.br\/site\/wp-content\/uploads\/2019\/02\/han.png","articleSection":["Seconci S\u00e3o Paulo"],"inLanguage":"pt-PT"},{"@type":"WebPage","@id":"https:\/\/seconci.com.br\/site\/2019\/02\/06\/seconci-sp-hanseniase-tem-cura\/","url":"https:\/\/seconci.com.br\/site\/2019\/02\/06\/seconci-sp-hanseniase-tem-cura\/","name":"| Seconci-SP | Hansen\u00edase tem cura - Seconci Brasil","isPartOf":{"@id":"https:\/\/seconci.com.br\/site\/#website"},"primaryImageOfPage":{"@id":"https:\/\/seconci.com.br\/site\/2019\/02\/06\/seconci-sp-hanseniase-tem-cura\/#primaryimage"},"image":{"@id":"https:\/\/seconci.com.br\/site\/2019\/02\/06\/seconci-sp-hanseniase-tem-cura\/#primaryimage"},"thumbnailUrl":"https:\/\/seconci.com.br\/site\/wp-content\/uploads\/2019\/02\/han.png","datePublished":"2019-02-06T11:30:09+00:00","breadcrumb":{"@id":"https:\/\/seconci.com.br\/site\/2019\/02\/06\/seconci-sp-hanseniase-tem-cura\/#breadcrumb"},"inLanguage":"pt-PT","potentialAction":[{"@type":"ReadAction","target":["https:\/\/seconci.com.br\/site\/2019\/02\/06\/seconci-sp-hanseniase-tem-cura\/"]}]},{"@type":"ImageObject","inLanguage":"pt-PT","@id":"https:\/\/seconci.com.br\/site\/2019\/02\/06\/seconci-sp-hanseniase-tem-cura\/#primaryimage","url":"https:\/\/seconci.com.br\/site\/wp-content\/uploads\/2019\/02\/han.png","contentUrl":"https:\/\/seconci.com.br\/site\/wp-content\/uploads\/2019\/02\/han.png","width":643,"height":302},{"@type":"BreadcrumbList","@id":"https:\/\/seconci.com.br\/site\/2019\/02\/06\/seconci-sp-hanseniase-tem-cura\/#breadcrumb","itemListElement":[{"@type":"ListItem","position":1,"name":"In\u00edcio","item":"https:\/\/seconci.com.br\/site\/"},{"@type":"ListItem","position":2,"name":"| Seconci-SP | Hansen\u00edase tem cura"}]},{"@type":"WebSite","@id":"https:\/\/seconci.com.br\/site\/#website","url":"https:\/\/seconci.com.br\/site\/","name":"Seconci Brasil","description":"","publisher":{"@id":"https:\/\/seconci.com.br\/site\/#organization"},"potentialAction":[{"@type":"SearchAction","target":{"@type":"EntryPoint","urlTemplate":"https:\/\/seconci.com.br\/site\/?s={search_term_string}"},"query-input":{"@type":"PropertyValueSpecification","valueRequired":true,"valueName":"search_term_string"}}],"inLanguage":"pt-PT"},{"@type":"Organization","@id":"https:\/\/seconci.com.br\/site\/#organization","name":"Seconci Brasil","url":"https:\/\/seconci.com.br\/site\/","logo":{"@type":"ImageObject","inLanguage":"pt-PT","@id":"https:\/\/seconci.com.br\/site\/#\/schema\/logo\/image\/","url":"https:\/\/seconci.com.br\/site\/wp-content\/uploads\/2024\/08\/Logo-Seconci-Brasil-branca-2.png","contentUrl":"https:\/\/seconci.com.br\/site\/wp-content\/uploads\/2024\/08\/Logo-Seconci-Brasil-branca-2.png","width":1315,"height":598,"caption":"Seconci Brasil"},"image":{"@id":"https:\/\/seconci.com.br\/site\/#\/schema\/logo\/image\/"}},{"@type":"Person","@id":"https:\/\/seconci.com.br\/site\/#\/schema\/person\/1d79afd97ddc8f2c68c1e88e298aa8e2","name":"Sidney Rocha","description":"Comunicador e estagi\u00e1rio do Seconci Brasil.","url":"https:\/\/seconci.com.br\/site\/author\/sidney-rocha\/"}]}},"_links":{"self":[{"href":"https:\/\/seconci.com.br\/site\/wp-json\/wp\/v2\/posts\/8032","targetHints":{"allow":["GET"]}}],"collection":[{"href":"https:\/\/seconci.com.br\/site\/wp-json\/wp\/v2\/posts"}],"about":[{"href":"https:\/\/seconci.com.br\/site\/wp-json\/wp\/v2\/types\/post"}],"author":[{"embeddable":true,"href":"https:\/\/seconci.com.br\/site\/wp-json\/wp\/v2\/users\/3"}],"replies":[{"embeddable":true,"href":"https:\/\/seconci.com.br\/site\/wp-json\/wp\/v2\/comments?post=8032"}],"version-history":[{"count":0,"href":"https:\/\/seconci.com.br\/site\/wp-json\/wp\/v2\/posts\/8032\/revisions"}],"wp:featuredmedia":[{"embeddable":true,"href":"https:\/\/seconci.com.br\/site\/wp-json\/wp\/v2\/media\/8033"}],"wp:attachment":[{"href":"https:\/\/seconci.com.br\/site\/wp-json\/wp\/v2\/media?parent=8032"}],"wp:term":[{"taxonomy":"category","embeddable":true,"href":"https:\/\/seconci.com.br\/site\/wp-json\/wp\/v2\/categories?post=8032"},{"taxonomy":"post_tag","embeddable":true,"href":"https:\/\/seconci.com.br\/site\/wp-json\/wp\/v2\/tags?post=8032"}],"curies":[{"name":"wp","href":"https:\/\/api.w.org\/{rel}","templated":true}]}}