{"id":8035,"date":"2019-02-08T10:59:55","date_gmt":"2019-02-08T10:59:55","guid":{"rendered":"https:\/\/seconci.com.br\/site\/?p=8035"},"modified":"2019-02-08T10:59:55","modified_gmt":"2019-02-08T10:59:55","slug":"seconci-df-programas-ocupacionais-para-micro-e-pequenas-empresas","status":"publish","type":"post","link":"https:\/\/seconci.com.br\/site\/2019\/02\/08\/seconci-df-programas-ocupacionais-para-micro-e-pequenas-empresas\/","title":{"rendered":"| Seconci-DF | Programas ocupacionais para micro e pequenas empresas"},"content":{"rendered":"<p style=\"text-align: justify;\"><em>Entidades se re\u00fanem e oferecem subsidio para regulariza\u00e7\u00e3o junto \u00e0 legisla\u00e7\u00e3o vigente com valores bastante acess\u00edveis e bem abaixo do cobrado pelo mercado<\/em><\/p>\n<p style=\"text-align: justify;\">| <strong>Assessoria de Comunica\u00e7\u00e3o Social do Seconci-DF<\/strong> |<\/p>\n<p style=\"text-align: justify;\">Os programas ocupacionais s\u00e3o obrigat\u00f3rios a todas micro e pequenas empresas, inclusive da constru\u00e7\u00e3o civil. O Seconci-DF, entidade que representa o setor no Distrito Federal, em parceria com o SESI e o SEBRAE, oferece \u00e0s MPEs um pre\u00e7o diferenciado para a realiza\u00e7\u00e3o do PPRA (Programa de Preven\u00e7\u00e3o de Riscos Ambientais) e do PCMSO (Programa de Controle M\u00e9dico de Sa\u00fade Ocupacional).<\/p>\n<p style=\"text-align: justify;\">De acordo com a legisla\u00e7\u00e3o trabalhista, toda empresa que possui funcion\u00e1rios regidos pela Consolida\u00e7\u00e3o da Legisla\u00e7\u00e3o Trabalhista (CLT) precisa realizar e manter os programas citados. Por isso, a import\u00e2ncia de que todas contribuintes com o Seconci aproveitarem esta oportunidade. \u201cEstamos fazendo este alerta porque, al\u00e9m do pre\u00e7o baix\u00edssimo, \u00e9 uma forma de atender \u00e0s exig\u00eancias legais e evitar os acidentes e doen\u00e7as no ambiente de trabalho. Nossa preocupa\u00e7\u00e3o \u00e9 atender o empres\u00e1rio e garantir a sa\u00fade e seguran\u00e7a dos colaboradores e funcion\u00e1rios que atuam no setor\u201d, explica a gerente de seguran\u00e7a do trabalho, Juliana Oliveira.<\/p>\n<p style=\"text-align: justify;\">O Seconci-DF conta hoje com cerca de mil empresas que se enquadram na categoria de MPE. Sendo assim, todas elas est\u00e3o aptas a realizar estes programas por meio da parceria. Juliana ressalta ainda que h\u00e1 uma data-limite para as interessadas se manifestem a fim de que haja agilidade na realiza\u00e7\u00e3o dos procedimentos.<\/p>\n<p style=\"text-align: justify;\">Vagas limitadas: A parceria trabalha com um n\u00famero fechado de empresas e, portanto, os interessados precisam entrar em contato o quanto antes a fim de garantirem o desconto na realiza\u00e7\u00e3o dos programas. Para mais informa\u00e7\u00f5es, entre em contato com o setor de seguran\u00e7a do trabalho do Seconci-DF no telefone (61) 3399-1888 ramal 247.<\/p>\n","protected":false},"excerpt":{"rendered":"<p>Entidades se re\u00fanem e oferecem subsidio para regulariza\u00e7\u00e3o junto \u00e0 legisla\u00e7\u00e3o vigente com valores bastante acess\u00edveis e bem abaixo do cobrado pelo mercado | Assessoria de Comunica\u00e7\u00e3o Social do Seconci-DF | Os programas ocupacionais s\u00e3o obrigat\u00f3rios a todas micro e pequenas empresas, inclusive da constru\u00e7\u00e3o civil. O Seconci-DF, entidade que representa o setor no Distrito [&hellip;]<\/p>\n","protected":false},"author":3,"featured_media":8036,"comment_status":"closed","ping_status":"closed","sticky":false,"template":"","format":"standard","meta":{"footnotes":""},"categories":[77],"tags":[],"class_list":["post-8035","post","type-post","status-publish","format-standard","has-post-thumbnail","hentry","category-seconci-distrito-federal"],"yoast_head":"<!-- This site is optimized with the Yoast SEO plugin v26.9 - https:\/\/yoast.com\/product\/yoast-seo-wordpress\/ -->\n<title>| Seconci-DF | Programas ocupacionais para micro e pequenas empresas - Seconci Brasil<\/title>\n<meta name=\"robots\" content=\"index, follow, max-snippet:-1, max-image-preview:large, max-video-preview:-1\" \/>\n<link rel=\"canonical\" href=\"https:\/\/seconci.com.br\/site\/2019\/02\/08\/seconci-df-programas-ocupacionais-para-micro-e-pequenas-empresas\/\" \/>\n<meta property=\"og:locale\" content=\"pt_PT\" \/>\n<meta property=\"og:type\" content=\"article\" \/>\n<meta property=\"og:title\" content=\"| Seconci-DF | Programas ocupacionais para micro e pequenas empresas - Seconci Brasil\" \/>\n<meta property=\"og:description\" content=\"Entidades se re\u00fanem e oferecem subsidio para regulariza\u00e7\u00e3o junto \u00e0 legisla\u00e7\u00e3o vigente com valores bastante acess\u00edveis e bem abaixo do cobrado pelo mercado | Assessoria de Comunica\u00e7\u00e3o Social do Seconci-DF | Os programas ocupacionais s\u00e3o obrigat\u00f3rios a todas micro e pequenas empresas, inclusive da constru\u00e7\u00e3o civil. O Seconci-DF, entidade que representa o setor no Distrito [&hellip;]\" \/>\n<meta property=\"og:url\" content=\"https:\/\/seconci.com.br\/site\/2019\/02\/08\/seconci-df-programas-ocupacionais-para-micro-e-pequenas-empresas\/\" \/>\n<meta property=\"og:site_name\" content=\"Seconci Brasil\" \/>\n<meta property=\"article:published_time\" content=\"2019-02-08T10:59:55+00:00\" \/>\n<meta property=\"og:image\" content=\"https:\/\/seconci.com.br\/site\/wp-content\/uploads\/2019\/02\/DSC_1236.jpg\" \/>\n\t<meta property=\"og:image:width\" content=\"2304\" \/>\n\t<meta property=\"og:image:height\" content=\"1536\" \/>\n\t<meta property=\"og:image:type\" content=\"image\/jpeg\" \/>\n<meta name=\"author\" content=\"Sidney Rocha\" \/>\n<meta name=\"twitter:card\" content=\"summary_large_image\" \/>\n<meta name=\"twitter:label1\" content=\"Escrito por\" \/>\n\t<meta name=\"twitter:data1\" content=\"Sidney Rocha\" \/>\n\t<meta name=\"twitter:label2\" content=\"Tempo estimado de leitura\" \/>\n\t<meta name=\"twitter:data2\" content=\"2 minutos\" \/>\n<script type=\"application\/ld+json\" class=\"yoast-schema-graph\">{\"@context\":\"https:\/\/schema.org\",\"@graph\":[{\"@type\":\"Article\",\"@id\":\"https:\/\/seconci.com.br\/site\/2019\/02\/08\/seconci-df-programas-ocupacionais-para-micro-e-pequenas-empresas\/#article\",\"isPartOf\":{\"@id\":\"https:\/\/seconci.com.br\/site\/2019\/02\/08\/seconci-df-programas-ocupacionais-para-micro-e-pequenas-empresas\/\"},\"author\":{\"name\":\"Sidney Rocha\",\"@id\":\"https:\/\/seconci.com.br\/site\/#\/schema\/person\/1d79afd97ddc8f2c68c1e88e298aa8e2\"},\"headline\":\"| Seconci-DF | Programas ocupacionais para micro e pequenas empresas\",\"datePublished\":\"2019-02-08T10:59:55+00:00\",\"mainEntityOfPage\":{\"@id\":\"https:\/\/seconci.com.br\/site\/2019\/02\/08\/seconci-df-programas-ocupacionais-para-micro-e-pequenas-empresas\/\"},\"wordCount\":327,\"publisher\":{\"@id\":\"https:\/\/seconci.com.br\/site\/#organization\"},\"image\":{\"@id\":\"https:\/\/seconci.com.br\/site\/2019\/02\/08\/seconci-df-programas-ocupacionais-para-micro-e-pequenas-empresas\/#primaryimage\"},\"thumbnailUrl\":\"https:\/\/seconci.com.br\/site\/wp-content\/uploads\/2019\/02\/DSC_1236.jpg\",\"articleSection\":[\"Seconci Distrito Federal\"],\"inLanguage\":\"pt-PT\"},{\"@type\":\"WebPage\",\"@id\":\"https:\/\/seconci.com.br\/site\/2019\/02\/08\/seconci-df-programas-ocupacionais-para-micro-e-pequenas-empresas\/\",\"url\":\"https:\/\/seconci.com.br\/site\/2019\/02\/08\/seconci-df-programas-ocupacionais-para-micro-e-pequenas-empresas\/\",\"name\":\"| Seconci-DF | Programas ocupacionais para micro e pequenas empresas - Seconci Brasil\",\"isPartOf\":{\"@id\":\"https:\/\/seconci.com.br\/site\/#website\"},\"primaryImageOfPage\":{\"@id\":\"https:\/\/seconci.com.br\/site\/2019\/02\/08\/seconci-df-programas-ocupacionais-para-micro-e-pequenas-empresas\/#primaryimage\"},\"image\":{\"@id\":\"https:\/\/seconci.com.br\/site\/2019\/02\/08\/seconci-df-programas-ocupacionais-para-micro-e-pequenas-empresas\/#primaryimage\"},\"thumbnailUrl\":\"https:\/\/seconci.com.br\/site\/wp-content\/uploads\/2019\/02\/DSC_1236.jpg\",\"datePublished\":\"2019-02-08T10:59:55+00:00\",\"breadcrumb\":{\"@id\":\"https:\/\/seconci.com.br\/site\/2019\/02\/08\/seconci-df-programas-ocupacionais-para-micro-e-pequenas-empresas\/#breadcrumb\"},\"inLanguage\":\"pt-PT\",\"potentialAction\":[{\"@type\":\"ReadAction\",\"target\":[\"https:\/\/seconci.com.br\/site\/2019\/02\/08\/seconci-df-programas-ocupacionais-para-micro-e-pequenas-empresas\/\"]}]},{\"@type\":\"ImageObject\",\"inLanguage\":\"pt-PT\",\"@id\":\"https:\/\/seconci.com.br\/site\/2019\/02\/08\/seconci-df-programas-ocupacionais-para-micro-e-pequenas-empresas\/#primaryimage\",\"url\":\"https:\/\/seconci.com.br\/site\/wp-content\/uploads\/2019\/02\/DSC_1236.jpg\",\"contentUrl\":\"https:\/\/seconci.com.br\/site\/wp-content\/uploads\/2019\/02\/DSC_1236.jpg\",\"width\":2304,\"height\":1536},{\"@type\":\"BreadcrumbList\",\"@id\":\"https:\/\/seconci.com.br\/site\/2019\/02\/08\/seconci-df-programas-ocupacionais-para-micro-e-pequenas-empresas\/#breadcrumb\",\"itemListElement\":[{\"@type\":\"ListItem\",\"position\":1,\"name\":\"In\u00edcio\",\"item\":\"https:\/\/seconci.com.br\/site\/\"},{\"@type\":\"ListItem\",\"position\":2,\"name\":\"| Seconci-DF | Programas ocupacionais para micro e pequenas empresas\"}]},{\"@type\":\"WebSite\",\"@id\":\"https:\/\/seconci.com.br\/site\/#website\",\"url\":\"https:\/\/seconci.com.br\/site\/\",\"name\":\"Seconci Brasil\",\"description\":\"\",\"publisher\":{\"@id\":\"https:\/\/seconci.com.br\/site\/#organization\"},\"potentialAction\":[{\"@type\":\"SearchAction\",\"target\":{\"@type\":\"EntryPoint\",\"urlTemplate\":\"https:\/\/seconci.com.br\/site\/?s={search_term_string}\"},\"query-input\":{\"@type\":\"PropertyValueSpecification\",\"valueRequired\":true,\"valueName\":\"search_term_string\"}}],\"inLanguage\":\"pt-PT\"},{\"@type\":\"Organization\",\"@id\":\"https:\/\/seconci.com.br\/site\/#organization\",\"name\":\"Seconci Brasil\",\"url\":\"https:\/\/seconci.com.br\/site\/\",\"logo\":{\"@type\":\"ImageObject\",\"inLanguage\":\"pt-PT\",\"@id\":\"https:\/\/seconci.com.br\/site\/#\/schema\/logo\/image\/\",\"url\":\"https:\/\/seconci.com.br\/site\/wp-content\/uploads\/2024\/08\/Logo-Seconci-Brasil-branca-2.png\",\"contentUrl\":\"https:\/\/seconci.com.br\/site\/wp-content\/uploads\/2024\/08\/Logo-Seconci-Brasil-branca-2.png\",\"width\":1315,\"height\":598,\"caption\":\"Seconci Brasil\"},\"image\":{\"@id\":\"https:\/\/seconci.com.br\/site\/#\/schema\/logo\/image\/\"}},{\"@type\":\"Person\",\"@id\":\"https:\/\/seconci.com.br\/site\/#\/schema\/person\/1d79afd97ddc8f2c68c1e88e298aa8e2\",\"name\":\"Sidney Rocha\",\"description\":\"Comunicador e estagi\u00e1rio do Seconci Brasil.\",\"url\":\"https:\/\/seconci.com.br\/site\/author\/sidney-rocha\/\"}]}<\/script>\n<!-- \/ Yoast SEO plugin. -->","yoast_head_json":{"title":"| Seconci-DF | Programas ocupacionais para micro e pequenas empresas - Seconci Brasil","robots":{"index":"index","follow":"follow","max-snippet":"max-snippet:-1","max-image-preview":"max-image-preview:large","max-video-preview":"max-video-preview:-1"},"canonical":"https:\/\/seconci.com.br\/site\/2019\/02\/08\/seconci-df-programas-ocupacionais-para-micro-e-pequenas-empresas\/","og_locale":"pt_PT","og_type":"article","og_title":"| Seconci-DF | Programas ocupacionais para micro e pequenas empresas - Seconci Brasil","og_description":"Entidades se re\u00fanem e oferecem subsidio para regulariza\u00e7\u00e3o junto \u00e0 legisla\u00e7\u00e3o vigente com valores bastante acess\u00edveis e bem abaixo do cobrado pelo mercado | Assessoria de Comunica\u00e7\u00e3o Social do Seconci-DF | Os programas ocupacionais s\u00e3o obrigat\u00f3rios a todas micro e pequenas empresas, inclusive da constru\u00e7\u00e3o civil. O Seconci-DF, entidade que representa o setor no Distrito [&hellip;]","og_url":"https:\/\/seconci.com.br\/site\/2019\/02\/08\/seconci-df-programas-ocupacionais-para-micro-e-pequenas-empresas\/","og_site_name":"Seconci Brasil","article_published_time":"2019-02-08T10:59:55+00:00","og_image":[{"width":2304,"height":1536,"url":"https:\/\/seconci.com.br\/site\/wp-content\/uploads\/2019\/02\/DSC_1236.jpg","type":"image\/jpeg"}],"author":"Sidney Rocha","twitter_card":"summary_large_image","twitter_misc":{"Escrito por":"Sidney Rocha","Tempo estimado de leitura":"2 minutos"},"schema":{"@context":"https:\/\/schema.org","@graph":[{"@type":"Article","@id":"https:\/\/seconci.com.br\/site\/2019\/02\/08\/seconci-df-programas-ocupacionais-para-micro-e-pequenas-empresas\/#article","isPartOf":{"@id":"https:\/\/seconci.com.br\/site\/2019\/02\/08\/seconci-df-programas-ocupacionais-para-micro-e-pequenas-empresas\/"},"author":{"name":"Sidney Rocha","@id":"https:\/\/seconci.com.br\/site\/#\/schema\/person\/1d79afd97ddc8f2c68c1e88e298aa8e2"},"headline":"| Seconci-DF | Programas ocupacionais para micro e pequenas empresas","datePublished":"2019-02-08T10:59:55+00:00","mainEntityOfPage":{"@id":"https:\/\/seconci.com.br\/site\/2019\/02\/08\/seconci-df-programas-ocupacionais-para-micro-e-pequenas-empresas\/"},"wordCount":327,"publisher":{"@id":"https:\/\/seconci.com.br\/site\/#organization"},"image":{"@id":"https:\/\/seconci.com.br\/site\/2019\/02\/08\/seconci-df-programas-ocupacionais-para-micro-e-pequenas-empresas\/#primaryimage"},"thumbnailUrl":"https:\/\/seconci.com.br\/site\/wp-content\/uploads\/2019\/02\/DSC_1236.jpg","articleSection":["Seconci Distrito Federal"],"inLanguage":"pt-PT"},{"@type":"WebPage","@id":"https:\/\/seconci.com.br\/site\/2019\/02\/08\/seconci-df-programas-ocupacionais-para-micro-e-pequenas-empresas\/","url":"https:\/\/seconci.com.br\/site\/2019\/02\/08\/seconci-df-programas-ocupacionais-para-micro-e-pequenas-empresas\/","name":"| Seconci-DF | Programas ocupacionais para micro e pequenas empresas - Seconci Brasil","isPartOf":{"@id":"https:\/\/seconci.com.br\/site\/#website"},"primaryImageOfPage":{"@id":"https:\/\/seconci.com.br\/site\/2019\/02\/08\/seconci-df-programas-ocupacionais-para-micro-e-pequenas-empresas\/#primaryimage"},"image":{"@id":"https:\/\/seconci.com.br\/site\/2019\/02\/08\/seconci-df-programas-ocupacionais-para-micro-e-pequenas-empresas\/#primaryimage"},"thumbnailUrl":"https:\/\/seconci.com.br\/site\/wp-content\/uploads\/2019\/02\/DSC_1236.jpg","datePublished":"2019-02-08T10:59:55+00:00","breadcrumb":{"@id":"https:\/\/seconci.com.br\/site\/2019\/02\/08\/seconci-df-programas-ocupacionais-para-micro-e-pequenas-empresas\/#breadcrumb"},"inLanguage":"pt-PT","potentialAction":[{"@type":"ReadAction","target":["https:\/\/seconci.com.br\/site\/2019\/02\/08\/seconci-df-programas-ocupacionais-para-micro-e-pequenas-empresas\/"]}]},{"@type":"ImageObject","inLanguage":"pt-PT","@id":"https:\/\/seconci.com.br\/site\/2019\/02\/08\/seconci-df-programas-ocupacionais-para-micro-e-pequenas-empresas\/#primaryimage","url":"https:\/\/seconci.com.br\/site\/wp-content\/uploads\/2019\/02\/DSC_1236.jpg","contentUrl":"https:\/\/seconci.com.br\/site\/wp-content\/uploads\/2019\/02\/DSC_1236.jpg","width":2304,"height":1536},{"@type":"BreadcrumbList","@id":"https:\/\/seconci.com.br\/site\/2019\/02\/08\/seconci-df-programas-ocupacionais-para-micro-e-pequenas-empresas\/#breadcrumb","itemListElement":[{"@type":"ListItem","position":1,"name":"In\u00edcio","item":"https:\/\/seconci.com.br\/site\/"},{"@type":"ListItem","position":2,"name":"| Seconci-DF | Programas ocupacionais para micro e pequenas empresas"}]},{"@type":"WebSite","@id":"https:\/\/seconci.com.br\/site\/#website","url":"https:\/\/seconci.com.br\/site\/","name":"Seconci Brasil","description":"","publisher":{"@id":"https:\/\/seconci.com.br\/site\/#organization"},"potentialAction":[{"@type":"SearchAction","target":{"@type":"EntryPoint","urlTemplate":"https:\/\/seconci.com.br\/site\/?s={search_term_string}"},"query-input":{"@type":"PropertyValueSpecification","valueRequired":true,"valueName":"search_term_string"}}],"inLanguage":"pt-PT"},{"@type":"Organization","@id":"https:\/\/seconci.com.br\/site\/#organization","name":"Seconci Brasil","url":"https:\/\/seconci.com.br\/site\/","logo":{"@type":"ImageObject","inLanguage":"pt-PT","@id":"https:\/\/seconci.com.br\/site\/#\/schema\/logo\/image\/","url":"https:\/\/seconci.com.br\/site\/wp-content\/uploads\/2024\/08\/Logo-Seconci-Brasil-branca-2.png","contentUrl":"https:\/\/seconci.com.br\/site\/wp-content\/uploads\/2024\/08\/Logo-Seconci-Brasil-branca-2.png","width":1315,"height":598,"caption":"Seconci Brasil"},"image":{"@id":"https:\/\/seconci.com.br\/site\/#\/schema\/logo\/image\/"}},{"@type":"Person","@id":"https:\/\/seconci.com.br\/site\/#\/schema\/person\/1d79afd97ddc8f2c68c1e88e298aa8e2","name":"Sidney Rocha","description":"Comunicador e estagi\u00e1rio do Seconci Brasil.","url":"https:\/\/seconci.com.br\/site\/author\/sidney-rocha\/"}]}},"_links":{"self":[{"href":"https:\/\/seconci.com.br\/site\/wp-json\/wp\/v2\/posts\/8035","targetHints":{"allow":["GET"]}}],"collection":[{"href":"https:\/\/seconci.com.br\/site\/wp-json\/wp\/v2\/posts"}],"about":[{"href":"https:\/\/seconci.com.br\/site\/wp-json\/wp\/v2\/types\/post"}],"author":[{"embeddable":true,"href":"https:\/\/seconci.com.br\/site\/wp-json\/wp\/v2\/users\/3"}],"replies":[{"embeddable":true,"href":"https:\/\/seconci.com.br\/site\/wp-json\/wp\/v2\/comments?post=8035"}],"version-history":[{"count":0,"href":"https:\/\/seconci.com.br\/site\/wp-json\/wp\/v2\/posts\/8035\/revisions"}],"wp:featuredmedia":[{"embeddable":true,"href":"https:\/\/seconci.com.br\/site\/wp-json\/wp\/v2\/media\/8036"}],"wp:attachment":[{"href":"https:\/\/seconci.com.br\/site\/wp-json\/wp\/v2\/media?parent=8035"}],"wp:term":[{"taxonomy":"category","embeddable":true,"href":"https:\/\/seconci.com.br\/site\/wp-json\/wp\/v2\/categories?post=8035"},{"taxonomy":"post_tag","embeddable":true,"href":"https:\/\/seconci.com.br\/site\/wp-json\/wp\/v2\/tags?post=8035"}],"curies":[{"name":"wp","href":"https:\/\/api.w.org\/{rel}","templated":true}]}}