{"id":8038,"date":"2019-02-08T11:58:49","date_gmt":"2019-02-08T11:58:49","guid":{"rendered":"https:\/\/seconci.com.br\/site\/?p=8038"},"modified":"2019-02-08T11:58:49","modified_gmt":"2019-02-08T11:58:49","slug":"canpat-construcao-reune-profissionais-da-area-de-saude-e-seguranca-do-trabalhador-em-belo-horizonte","status":"publish","type":"post","link":"https:\/\/seconci.com.br\/site\/2019\/02\/08\/canpat-construcao-reune-profissionais-da-area-de-saude-e-seguranca-do-trabalhador-em-belo-horizonte\/","title":{"rendered":"CANPAT Constru\u00e7\u00e3o re\u00fane profissionais da \u00e1rea de sa\u00fade e seguran\u00e7a do trabalhador em Belo Horizonte"},"content":{"rendered":"<p style=\"text-align: justify;\">| Ag\u00eancia Cbic |<\/p>\n<p style=\"text-align: justify;\">A capital mineira foi nesta quinta-feira (07) o cen\u00e1rio de mais uma edi\u00e7\u00e3o da Campanha Nacional de Preven\u00e7\u00e3o de Acidentes na Ind\u00fastria da Constru\u00e7\u00e3o (CANPAT Constru\u00e7\u00e3o). Com o tema \u201cMais preven\u00e7\u00e3o, menos quedas\u201d, a iniciativa reuniu na sede do Servi\u00e7o Social da Ind\u00fastria da Constru\u00e7\u00e3o Civil no Estado de Minas Gerais (Seconci-MG), uma m\u00e9dia de 120 pessoas, entre engenheiros civis, t\u00e9cnicos de seguran\u00e7a do trabalho, m\u00e9dicos da \u00e1rea trabalhista e demais profissionais ligados \u00e0 seguran\u00e7a do trabalho. O objetivo foi apresentar os resultados da campanha realizada em Belo Horizonte e regi\u00e3o metropolitana, al\u00e9m de tratar sobre dados relativos a acidentes de trabalho, mudan\u00e7as da chamada Lei da Terceiriza\u00e7\u00e3o (Lei 13.429\/2017) e a apresenta\u00e7\u00e3o da plataforma Sesi Viva + focada na gest\u00e3o das informa\u00e7\u00f5es relativas ao segmento.<\/p>\n<p style=\"text-align: justify;\">A presidente do Seconci-MG, Danuza Bernis Mohallem, fez a abertura do evento salientando a relev\u00e2ncia dos servi\u00e7os prestados pela entidade aos trabalhadores da constru\u00e7\u00e3o. Em seguida, o presidente do Sindicato da Ind\u00fastria da Constru\u00e7\u00e3o Civil no Estado de Minas Gerais (Sinduscon-MG), Geraldo Jardim Linhares J\u00fanior, celebrou o fato de que em janeiro, o Seconci-MG alcan\u00e7ou dois milh\u00f5es de atendimentos. \u201cA entidade \u00e9 o bra\u00e7o social do sindicato, al\u00e9m de ser os nossos olhos, j\u00e1 que o mais importante nas empresas s\u00e3o as pessoas. Queremos que o oper\u00e1rio saia de casa e volte para a sua fam\u00edlia com sa\u00fade e seguran\u00e7a!\u201d, frisou.<\/p>\n<p style=\"text-align: justify;\">O presidente da Comiss\u00e3o de Pol\u00edtica de Rela\u00e7\u00f5es Trabalhistas (CPRT) da C\u00e2mara Brasileira da Ind\u00fastria da Constru\u00e7\u00e3o (CBIC), Fernando Guedes, salientou como a seguran\u00e7a tem que ser parte da cultura de uma empresa. \u201cDesde o presidente ao servente de obra, o plano de sa\u00fade e seguran\u00e7a do trabalho tem que ser executado com a mesma exatid\u00e3o que outros projetos da construtora\u201d, salientou.<\/p>\n<p style=\"text-align: justify;\">Segundo o coordenador de Fiscaliza\u00e7\u00e3o de Seguran\u00e7a e Sa\u00fade do Trabalho, Jos\u00e9 Almeida Martins de Jesus J\u00fanior, \u201csomente em 2018 foram registrados, oficialmente, 450 mil acidentes com 2400 mortes. \u00c9 um n\u00famero, relativamente, dez vezes maior do que as mortes que ocorreram recentemente em Brumadinho (MG), mas infelizmente, n\u00e3o tratamos isso como uma trag\u00e9dia tamb\u00e9m!\u201d, alertou.<\/p>\n<p style=\"text-align: justify;\">J\u00e1 o vice-presidente do Sindicato dos Trabalhadores da Constru\u00e7\u00e3o de Belo Horizonte, Vilson Valdes, reafirmou a import\u00e2ncia da uni\u00e3o entre as entidades. \u201cVivemos um momento no Pa\u00eds que exige a alian\u00e7a de todas as for\u00e7as democr\u00e1ticas. \u00c9 necess\u00e1rio tratar com seriedade a quest\u00e3o da seguran\u00e7a! Afinal, para que o trabalhador possa lutar pelos seus direitos, ele precisa antes de tudo, estar vivo e com sa\u00fade!\u201d, comentou.<\/p>\n<p style=\"text-align: justify;\"><strong>Apresenta\u00e7\u00f5es<\/strong> \u2013 O primeiro painel teve como tema \u201cApresenta\u00e7\u00e3o dos resultados das a\u00e7\u00f5es pr\u00e9vias realizadas junto aos trabalhadores locais\u201d e foi abordado pela supervisora do Departamento de Seguran\u00e7a do Trabalho, Andreia Kaucher. Segundo a profissional, seis construtoras de BH e regi\u00e3o metropolitana receberam palestra sobre preven\u00e7\u00e3o de acidentes com quedas em altura e atingiram um p\u00fablico de 375 trabalhadores. Como forma de reconhecer o empenho das empresas, foram entregues durante o evento, certificados de participa\u00e7\u00e3o na CANPAT para as construtoras que estavam presentes: PHV Engenharia, EPO Engenharia, MRV Engenharia, Construtora Linear e Construtora Castor.<\/p>\n<p style=\"text-align: justify;\">O segundo painel, apresentado pelo auditor fiscal do Minist\u00e9rio do Trabalho, Luis Carlos Lumbreras, fez uma an\u00e1lise a respeito dos dados sobre acidentes de trabalho no Brasil e em Minas. \u201cA queda em altura n\u00e3o \u00e9 apenas um problema brasileiro, mas mundial. A trag\u00e9dia de Brumadinho, por exemplo, mostra a responsabilidade que todos os profissionais envolvidos t\u00eam nos processos de seguran\u00e7a do (Na imagem: Luis Carlos Lumbreras) trabalho\u201d, disse.<\/p>\n<p style=\"text-align: justify;\">Tamb\u00e9m se apresentaram na CANPAT Constru\u00e7\u00e3o Belo Horizonte, o presidente da CPRT, Fernando Guedes, que abordou a responsabilidade legal das empresas contratantes e contratadas no que se refere \u00e0 seguran\u00e7a dos trabalhadores terceirizados, e o m\u00e9dico do Sesi-DN, Cl\u00e1udio Patrus, que explicou como funciona a plataforma Sesi Viva + e a import\u00e2ncia dela para gerenciar os dados sobre sa\u00fade e seguran\u00e7a do trabalhador para os profissionais envolvidos no segmento.<\/p>\n<p style=\"text-align: justify;\">Durante o evento, tamb\u00e9m foi apresentada uma esquete c\u00eanica do grupo teatral Todo Cultura sobre a import\u00e2ncia do uso dos Equipamentos de Prote\u00e7\u00e3o Individual (EPIs).<\/p>\n<p style=\"text-align: justify;\"><strong>Autoridades<\/strong> \u2013 Tamb\u00e9m estiveram presentes ao evento, o gerente executivo de Seguran\u00e7a e Sa\u00fade no Trabalho do Sesi-MG, Alfredo Santana, e a desembargadora do Tribunal Regional do Trabalho, Denise Alves Horta.<\/p>\n<p style=\"text-align: justify;\"><strong>Organiza\u00e7\u00e3o<\/strong> \u2013 A CANPAT Constru\u00e7\u00e3o Regional \u00e9 uma iniciativa da C\u00e2mara Brasileira da Ind\u00fastria da Constru\u00e7\u00e3o (CBIC), e contou com o apoio do Sindicato da Ind\u00fastria da Constru\u00e7\u00e3o Civil no Estado de Minas Gerais (Sinduscon-MG), o Servi\u00e7o Social da Ind\u00fastria da Constru\u00e7\u00e3o Civil no Estado de Minas Gerais (Seconci-MG) e o Servi\u00e7o Social da Ind\u00fastria (SESI-DN).<\/p>\n","protected":false},"excerpt":{"rendered":"<p>| Ag\u00eancia Cbic | A capital mineira foi nesta quinta-feira (07) o cen\u00e1rio de mais uma edi\u00e7\u00e3o da Campanha Nacional de Preven\u00e7\u00e3o de Acidentes na Ind\u00fastria da Constru\u00e7\u00e3o (CANPAT Constru\u00e7\u00e3o). Com o tema \u201cMais preven\u00e7\u00e3o, menos quedas\u201d, a iniciativa reuniu na sede do Servi\u00e7o Social da Ind\u00fastria da Constru\u00e7\u00e3o Civil no Estado de Minas Gerais [&hellip;]<\/p>\n","protected":false},"author":3,"featured_media":8039,"comment_status":"closed","ping_status":"closed","sticky":false,"template":"","format":"standard","meta":{"footnotes":""},"categories":[92],"tags":[],"class_list":["post-8038","post","type-post","status-publish","format-standard","has-post-thumbnail","hentry","category-seconci-brasil"],"yoast_head":"<!-- This site is optimized with the Yoast SEO plugin v26.9 - https:\/\/yoast.com\/product\/yoast-seo-wordpress\/ -->\n<title>CANPAT Constru\u00e7\u00e3o re\u00fane profissionais da \u00e1rea de sa\u00fade e seguran\u00e7a do trabalhador em Belo Horizonte - Seconci Brasil<\/title>\n<meta name=\"robots\" content=\"index, follow, max-snippet:-1, max-image-preview:large, max-video-preview:-1\" \/>\n<link rel=\"canonical\" href=\"https:\/\/seconci.com.br\/site\/2019\/02\/08\/canpat-construcao-reune-profissionais-da-area-de-saude-e-seguranca-do-trabalhador-em-belo-horizonte\/\" \/>\n<meta property=\"og:locale\" content=\"pt_PT\" \/>\n<meta property=\"og:type\" content=\"article\" \/>\n<meta property=\"og:title\" content=\"CANPAT Constru\u00e7\u00e3o re\u00fane profissionais da \u00e1rea de sa\u00fade e seguran\u00e7a do trabalhador em Belo Horizonte - Seconci Brasil\" \/>\n<meta property=\"og:description\" content=\"| Ag\u00eancia Cbic | A capital mineira foi nesta quinta-feira (07) o cen\u00e1rio de mais uma edi\u00e7\u00e3o da Campanha Nacional de Preven\u00e7\u00e3o de Acidentes na Ind\u00fastria da Constru\u00e7\u00e3o (CANPAT Constru\u00e7\u00e3o). Com o tema \u201cMais preven\u00e7\u00e3o, menos quedas\u201d, a iniciativa reuniu na sede do Servi\u00e7o Social da Ind\u00fastria da Constru\u00e7\u00e3o Civil no Estado de Minas Gerais [&hellip;]\" \/>\n<meta property=\"og:url\" content=\"https:\/\/seconci.com.br\/site\/2019\/02\/08\/canpat-construcao-reune-profissionais-da-area-de-saude-e-seguranca-do-trabalhador-em-belo-horizonte\/\" \/>\n<meta property=\"og:site_name\" content=\"Seconci Brasil\" \/>\n<meta property=\"article:published_time\" content=\"2019-02-08T11:58:49+00:00\" \/>\n<meta property=\"og:image\" content=\"https:\/\/seconci.com.br\/site\/wp-content\/uploads\/2019\/02\/canpatbh.jpg\" \/>\n\t<meta property=\"og:image:width\" content=\"1174\" \/>\n\t<meta property=\"og:image:height\" content=\"469\" \/>\n\t<meta property=\"og:image:type\" content=\"image\/jpeg\" \/>\n<meta name=\"author\" content=\"Sidney Rocha\" \/>\n<meta name=\"twitter:card\" content=\"summary_large_image\" \/>\n<meta name=\"twitter:label1\" content=\"Escrito por\" \/>\n\t<meta name=\"twitter:data1\" content=\"Sidney Rocha\" \/>\n\t<meta name=\"twitter:label2\" content=\"Tempo estimado de leitura\" \/>\n\t<meta name=\"twitter:data2\" content=\"4 minutos\" \/>\n<script type=\"application\/ld+json\" class=\"yoast-schema-graph\">{\"@context\":\"https:\/\/schema.org\",\"@graph\":[{\"@type\":\"Article\",\"@id\":\"https:\/\/seconci.com.br\/site\/2019\/02\/08\/canpat-construcao-reune-profissionais-da-area-de-saude-e-seguranca-do-trabalhador-em-belo-horizonte\/#article\",\"isPartOf\":{\"@id\":\"https:\/\/seconci.com.br\/site\/2019\/02\/08\/canpat-construcao-reune-profissionais-da-area-de-saude-e-seguranca-do-trabalhador-em-belo-horizonte\/\"},\"author\":{\"name\":\"Sidney Rocha\",\"@id\":\"https:\/\/seconci.com.br\/site\/#\/schema\/person\/1d79afd97ddc8f2c68c1e88e298aa8e2\"},\"headline\":\"CANPAT Constru\u00e7\u00e3o re\u00fane profissionais da \u00e1rea de sa\u00fade e seguran\u00e7a do trabalhador em Belo Horizonte\",\"datePublished\":\"2019-02-08T11:58:49+00:00\",\"mainEntityOfPage\":{\"@id\":\"https:\/\/seconci.com.br\/site\/2019\/02\/08\/canpat-construcao-reune-profissionais-da-area-de-saude-e-seguranca-do-trabalhador-em-belo-horizonte\/\"},\"wordCount\":866,\"publisher\":{\"@id\":\"https:\/\/seconci.com.br\/site\/#organization\"},\"image\":{\"@id\":\"https:\/\/seconci.com.br\/site\/2019\/02\/08\/canpat-construcao-reune-profissionais-da-area-de-saude-e-seguranca-do-trabalhador-em-belo-horizonte\/#primaryimage\"},\"thumbnailUrl\":\"https:\/\/seconci.com.br\/site\/wp-content\/uploads\/2019\/02\/canpatbh.jpg\",\"articleSection\":[\"Seconci Brasil\"],\"inLanguage\":\"pt-PT\"},{\"@type\":\"WebPage\",\"@id\":\"https:\/\/seconci.com.br\/site\/2019\/02\/08\/canpat-construcao-reune-profissionais-da-area-de-saude-e-seguranca-do-trabalhador-em-belo-horizonte\/\",\"url\":\"https:\/\/seconci.com.br\/site\/2019\/02\/08\/canpat-construcao-reune-profissionais-da-area-de-saude-e-seguranca-do-trabalhador-em-belo-horizonte\/\",\"name\":\"CANPAT Constru\u00e7\u00e3o re\u00fane profissionais da \u00e1rea de sa\u00fade e seguran\u00e7a do trabalhador em Belo Horizonte - Seconci Brasil\",\"isPartOf\":{\"@id\":\"https:\/\/seconci.com.br\/site\/#website\"},\"primaryImageOfPage\":{\"@id\":\"https:\/\/seconci.com.br\/site\/2019\/02\/08\/canpat-construcao-reune-profissionais-da-area-de-saude-e-seguranca-do-trabalhador-em-belo-horizonte\/#primaryimage\"},\"image\":{\"@id\":\"https:\/\/seconci.com.br\/site\/2019\/02\/08\/canpat-construcao-reune-profissionais-da-area-de-saude-e-seguranca-do-trabalhador-em-belo-horizonte\/#primaryimage\"},\"thumbnailUrl\":\"https:\/\/seconci.com.br\/site\/wp-content\/uploads\/2019\/02\/canpatbh.jpg\",\"datePublished\":\"2019-02-08T11:58:49+00:00\",\"breadcrumb\":{\"@id\":\"https:\/\/seconci.com.br\/site\/2019\/02\/08\/canpat-construcao-reune-profissionais-da-area-de-saude-e-seguranca-do-trabalhador-em-belo-horizonte\/#breadcrumb\"},\"inLanguage\":\"pt-PT\",\"potentialAction\":[{\"@type\":\"ReadAction\",\"target\":[\"https:\/\/seconci.com.br\/site\/2019\/02\/08\/canpat-construcao-reune-profissionais-da-area-de-saude-e-seguranca-do-trabalhador-em-belo-horizonte\/\"]}]},{\"@type\":\"ImageObject\",\"inLanguage\":\"pt-PT\",\"@id\":\"https:\/\/seconci.com.br\/site\/2019\/02\/08\/canpat-construcao-reune-profissionais-da-area-de-saude-e-seguranca-do-trabalhador-em-belo-horizonte\/#primaryimage\",\"url\":\"https:\/\/seconci.com.br\/site\/wp-content\/uploads\/2019\/02\/canpatbh.jpg\",\"contentUrl\":\"https:\/\/seconci.com.br\/site\/wp-content\/uploads\/2019\/02\/canpatbh.jpg\",\"width\":1174,\"height\":469},{\"@type\":\"BreadcrumbList\",\"@id\":\"https:\/\/seconci.com.br\/site\/2019\/02\/08\/canpat-construcao-reune-profissionais-da-area-de-saude-e-seguranca-do-trabalhador-em-belo-horizonte\/#breadcrumb\",\"itemListElement\":[{\"@type\":\"ListItem\",\"position\":1,\"name\":\"In\u00edcio\",\"item\":\"https:\/\/seconci.com.br\/site\/\"},{\"@type\":\"ListItem\",\"position\":2,\"name\":\"CANPAT Constru\u00e7\u00e3o re\u00fane profissionais da \u00e1rea de sa\u00fade e seguran\u00e7a do trabalhador em Belo Horizonte\"}]},{\"@type\":\"WebSite\",\"@id\":\"https:\/\/seconci.com.br\/site\/#website\",\"url\":\"https:\/\/seconci.com.br\/site\/\",\"name\":\"Seconci Brasil\",\"description\":\"\",\"publisher\":{\"@id\":\"https:\/\/seconci.com.br\/site\/#organization\"},\"potentialAction\":[{\"@type\":\"SearchAction\",\"target\":{\"@type\":\"EntryPoint\",\"urlTemplate\":\"https:\/\/seconci.com.br\/site\/?s={search_term_string}\"},\"query-input\":{\"@type\":\"PropertyValueSpecification\",\"valueRequired\":true,\"valueName\":\"search_term_string\"}}],\"inLanguage\":\"pt-PT\"},{\"@type\":\"Organization\",\"@id\":\"https:\/\/seconci.com.br\/site\/#organization\",\"name\":\"Seconci Brasil\",\"url\":\"https:\/\/seconci.com.br\/site\/\",\"logo\":{\"@type\":\"ImageObject\",\"inLanguage\":\"pt-PT\",\"@id\":\"https:\/\/seconci.com.br\/site\/#\/schema\/logo\/image\/\",\"url\":\"https:\/\/seconci.com.br\/site\/wp-content\/uploads\/2024\/08\/Logo-Seconci-Brasil-branca-2.png\",\"contentUrl\":\"https:\/\/seconci.com.br\/site\/wp-content\/uploads\/2024\/08\/Logo-Seconci-Brasil-branca-2.png\",\"width\":1315,\"height\":598,\"caption\":\"Seconci Brasil\"},\"image\":{\"@id\":\"https:\/\/seconci.com.br\/site\/#\/schema\/logo\/image\/\"}},{\"@type\":\"Person\",\"@id\":\"https:\/\/seconci.com.br\/site\/#\/schema\/person\/1d79afd97ddc8f2c68c1e88e298aa8e2\",\"name\":\"Sidney Rocha\",\"description\":\"Comunicador e estagi\u00e1rio do Seconci Brasil.\",\"url\":\"https:\/\/seconci.com.br\/site\/author\/sidney-rocha\/\"}]}<\/script>\n<!-- \/ Yoast SEO plugin. -->","yoast_head_json":{"title":"CANPAT Constru\u00e7\u00e3o re\u00fane profissionais da \u00e1rea de sa\u00fade e seguran\u00e7a do trabalhador em Belo Horizonte - Seconci Brasil","robots":{"index":"index","follow":"follow","max-snippet":"max-snippet:-1","max-image-preview":"max-image-preview:large","max-video-preview":"max-video-preview:-1"},"canonical":"https:\/\/seconci.com.br\/site\/2019\/02\/08\/canpat-construcao-reune-profissionais-da-area-de-saude-e-seguranca-do-trabalhador-em-belo-horizonte\/","og_locale":"pt_PT","og_type":"article","og_title":"CANPAT Constru\u00e7\u00e3o re\u00fane profissionais da \u00e1rea de sa\u00fade e seguran\u00e7a do trabalhador em Belo Horizonte - Seconci Brasil","og_description":"| Ag\u00eancia Cbic | A capital mineira foi nesta quinta-feira (07) o cen\u00e1rio de mais uma edi\u00e7\u00e3o da Campanha Nacional de Preven\u00e7\u00e3o de Acidentes na Ind\u00fastria da Constru\u00e7\u00e3o (CANPAT Constru\u00e7\u00e3o). Com o tema \u201cMais preven\u00e7\u00e3o, menos quedas\u201d, a iniciativa reuniu na sede do Servi\u00e7o Social da Ind\u00fastria da Constru\u00e7\u00e3o Civil no Estado de Minas Gerais [&hellip;]","og_url":"https:\/\/seconci.com.br\/site\/2019\/02\/08\/canpat-construcao-reune-profissionais-da-area-de-saude-e-seguranca-do-trabalhador-em-belo-horizonte\/","og_site_name":"Seconci Brasil","article_published_time":"2019-02-08T11:58:49+00:00","og_image":[{"width":1174,"height":469,"url":"https:\/\/seconci.com.br\/site\/wp-content\/uploads\/2019\/02\/canpatbh.jpg","type":"image\/jpeg"}],"author":"Sidney Rocha","twitter_card":"summary_large_image","twitter_misc":{"Escrito por":"Sidney Rocha","Tempo estimado de leitura":"4 minutos"},"schema":{"@context":"https:\/\/schema.org","@graph":[{"@type":"Article","@id":"https:\/\/seconci.com.br\/site\/2019\/02\/08\/canpat-construcao-reune-profissionais-da-area-de-saude-e-seguranca-do-trabalhador-em-belo-horizonte\/#article","isPartOf":{"@id":"https:\/\/seconci.com.br\/site\/2019\/02\/08\/canpat-construcao-reune-profissionais-da-area-de-saude-e-seguranca-do-trabalhador-em-belo-horizonte\/"},"author":{"name":"Sidney Rocha","@id":"https:\/\/seconci.com.br\/site\/#\/schema\/person\/1d79afd97ddc8f2c68c1e88e298aa8e2"},"headline":"CANPAT Constru\u00e7\u00e3o re\u00fane profissionais da \u00e1rea de sa\u00fade e seguran\u00e7a do trabalhador em Belo Horizonte","datePublished":"2019-02-08T11:58:49+00:00","mainEntityOfPage":{"@id":"https:\/\/seconci.com.br\/site\/2019\/02\/08\/canpat-construcao-reune-profissionais-da-area-de-saude-e-seguranca-do-trabalhador-em-belo-horizonte\/"},"wordCount":866,"publisher":{"@id":"https:\/\/seconci.com.br\/site\/#organization"},"image":{"@id":"https:\/\/seconci.com.br\/site\/2019\/02\/08\/canpat-construcao-reune-profissionais-da-area-de-saude-e-seguranca-do-trabalhador-em-belo-horizonte\/#primaryimage"},"thumbnailUrl":"https:\/\/seconci.com.br\/site\/wp-content\/uploads\/2019\/02\/canpatbh.jpg","articleSection":["Seconci Brasil"],"inLanguage":"pt-PT"},{"@type":"WebPage","@id":"https:\/\/seconci.com.br\/site\/2019\/02\/08\/canpat-construcao-reune-profissionais-da-area-de-saude-e-seguranca-do-trabalhador-em-belo-horizonte\/","url":"https:\/\/seconci.com.br\/site\/2019\/02\/08\/canpat-construcao-reune-profissionais-da-area-de-saude-e-seguranca-do-trabalhador-em-belo-horizonte\/","name":"CANPAT Constru\u00e7\u00e3o re\u00fane profissionais da \u00e1rea de sa\u00fade e seguran\u00e7a do trabalhador em Belo Horizonte - Seconci Brasil","isPartOf":{"@id":"https:\/\/seconci.com.br\/site\/#website"},"primaryImageOfPage":{"@id":"https:\/\/seconci.com.br\/site\/2019\/02\/08\/canpat-construcao-reune-profissionais-da-area-de-saude-e-seguranca-do-trabalhador-em-belo-horizonte\/#primaryimage"},"image":{"@id":"https:\/\/seconci.com.br\/site\/2019\/02\/08\/canpat-construcao-reune-profissionais-da-area-de-saude-e-seguranca-do-trabalhador-em-belo-horizonte\/#primaryimage"},"thumbnailUrl":"https:\/\/seconci.com.br\/site\/wp-content\/uploads\/2019\/02\/canpatbh.jpg","datePublished":"2019-02-08T11:58:49+00:00","breadcrumb":{"@id":"https:\/\/seconci.com.br\/site\/2019\/02\/08\/canpat-construcao-reune-profissionais-da-area-de-saude-e-seguranca-do-trabalhador-em-belo-horizonte\/#breadcrumb"},"inLanguage":"pt-PT","potentialAction":[{"@type":"ReadAction","target":["https:\/\/seconci.com.br\/site\/2019\/02\/08\/canpat-construcao-reune-profissionais-da-area-de-saude-e-seguranca-do-trabalhador-em-belo-horizonte\/"]}]},{"@type":"ImageObject","inLanguage":"pt-PT","@id":"https:\/\/seconci.com.br\/site\/2019\/02\/08\/canpat-construcao-reune-profissionais-da-area-de-saude-e-seguranca-do-trabalhador-em-belo-horizonte\/#primaryimage","url":"https:\/\/seconci.com.br\/site\/wp-content\/uploads\/2019\/02\/canpatbh.jpg","contentUrl":"https:\/\/seconci.com.br\/site\/wp-content\/uploads\/2019\/02\/canpatbh.jpg","width":1174,"height":469},{"@type":"BreadcrumbList","@id":"https:\/\/seconci.com.br\/site\/2019\/02\/08\/canpat-construcao-reune-profissionais-da-area-de-saude-e-seguranca-do-trabalhador-em-belo-horizonte\/#breadcrumb","itemListElement":[{"@type":"ListItem","position":1,"name":"In\u00edcio","item":"https:\/\/seconci.com.br\/site\/"},{"@type":"ListItem","position":2,"name":"CANPAT Constru\u00e7\u00e3o re\u00fane profissionais da \u00e1rea de sa\u00fade e seguran\u00e7a do trabalhador em Belo Horizonte"}]},{"@type":"WebSite","@id":"https:\/\/seconci.com.br\/site\/#website","url":"https:\/\/seconci.com.br\/site\/","name":"Seconci Brasil","description":"","publisher":{"@id":"https:\/\/seconci.com.br\/site\/#organization"},"potentialAction":[{"@type":"SearchAction","target":{"@type":"EntryPoint","urlTemplate":"https:\/\/seconci.com.br\/site\/?s={search_term_string}"},"query-input":{"@type":"PropertyValueSpecification","valueRequired":true,"valueName":"search_term_string"}}],"inLanguage":"pt-PT"},{"@type":"Organization","@id":"https:\/\/seconci.com.br\/site\/#organization","name":"Seconci Brasil","url":"https:\/\/seconci.com.br\/site\/","logo":{"@type":"ImageObject","inLanguage":"pt-PT","@id":"https:\/\/seconci.com.br\/site\/#\/schema\/logo\/image\/","url":"https:\/\/seconci.com.br\/site\/wp-content\/uploads\/2024\/08\/Logo-Seconci-Brasil-branca-2.png","contentUrl":"https:\/\/seconci.com.br\/site\/wp-content\/uploads\/2024\/08\/Logo-Seconci-Brasil-branca-2.png","width":1315,"height":598,"caption":"Seconci Brasil"},"image":{"@id":"https:\/\/seconci.com.br\/site\/#\/schema\/logo\/image\/"}},{"@type":"Person","@id":"https:\/\/seconci.com.br\/site\/#\/schema\/person\/1d79afd97ddc8f2c68c1e88e298aa8e2","name":"Sidney Rocha","description":"Comunicador e estagi\u00e1rio do Seconci Brasil.","url":"https:\/\/seconci.com.br\/site\/author\/sidney-rocha\/"}]}},"_links":{"self":[{"href":"https:\/\/seconci.com.br\/site\/wp-json\/wp\/v2\/posts\/8038","targetHints":{"allow":["GET"]}}],"collection":[{"href":"https:\/\/seconci.com.br\/site\/wp-json\/wp\/v2\/posts"}],"about":[{"href":"https:\/\/seconci.com.br\/site\/wp-json\/wp\/v2\/types\/post"}],"author":[{"embeddable":true,"href":"https:\/\/seconci.com.br\/site\/wp-json\/wp\/v2\/users\/3"}],"replies":[{"embeddable":true,"href":"https:\/\/seconci.com.br\/site\/wp-json\/wp\/v2\/comments?post=8038"}],"version-history":[{"count":0,"href":"https:\/\/seconci.com.br\/site\/wp-json\/wp\/v2\/posts\/8038\/revisions"}],"wp:featuredmedia":[{"embeddable":true,"href":"https:\/\/seconci.com.br\/site\/wp-json\/wp\/v2\/media\/8039"}],"wp:attachment":[{"href":"https:\/\/seconci.com.br\/site\/wp-json\/wp\/v2\/media?parent=8038"}],"wp:term":[{"taxonomy":"category","embeddable":true,"href":"https:\/\/seconci.com.br\/site\/wp-json\/wp\/v2\/categories?post=8038"},{"taxonomy":"post_tag","embeddable":true,"href":"https:\/\/seconci.com.br\/site\/wp-json\/wp\/v2\/tags?post=8038"}],"curies":[{"name":"wp","href":"https:\/\/api.w.org\/{rel}","templated":true}]}}