{"id":8047,"date":"2019-02-13T10:35:55","date_gmt":"2019-02-13T10:35:55","guid":{"rendered":"https:\/\/seconci.com.br\/site\/?p=8047"},"modified":"2019-02-13T10:39:07","modified_gmt":"2019-02-13T10:39:07","slug":"area-de-relacoes-trabalhistas-da-cbic-se-reune-em-brasilia","status":"publish","type":"post","link":"https:\/\/seconci.com.br\/site\/2019\/02\/13\/area-de-relacoes-trabalhistas-da-cbic-se-reune-em-brasilia\/","title":{"rendered":"\u00c1rea de Rela\u00e7\u00f5es Trabalhistas da CBIC se re\u00fane em Bras\u00edlia"},"content":{"rendered":"<p style=\"text-align: justify;\"><em>Seconci Brasil apresenta a\u00e7\u00f5es de SST das empresas de constru\u00e7\u00e3o realizadas em 2018<\/em><\/p>\n<p style=\"text-align: justify;\">| Ag\u00eancia Cbic |<\/p>\n<p style=\"text-align: justify;\">Com uma ampla pauta sobre temas referentes \u00e0s Rela\u00e7\u00f5es do Trabalho, Seguran\u00e7a e Sa\u00fade no Trabalho na Ind\u00fastria da Constru\u00e7\u00e3o (SST), Conven\u00e7\u00f5es Coletivas e Sustentabilidade das entidades, membros da Comiss\u00e3o de Pol\u00edtica de Rela\u00e7\u00f5es Trabalhista (CPRT) da C\u00e2mara Brasileira da Ind\u00fastria da Constru\u00e7\u00e3o (CBIC) estiveram reunidos nesta ter\u00e7a-feira (12\/02), em Bras\u00edlia, contando tamb\u00e9m com a participa\u00e7\u00e3o virtual de alguns integrantes .<\/p>\n<p style=\"text-align: justify;\">Na \u00e1rea de SST, um dos resultados comemorados foi o das A\u00e7\u00f5es Pr\u00e9vias de Sensibiliza\u00e7\u00e3o realizadas nos Canteiros de Obras, objeto da Campanha Nacional de Preven\u00e7\u00e3o de Acidentes na Ind\u00fastria da Constru\u00e7\u00e3o \u2013 CANPAT Constru\u00e7\u00e3o, que j\u00e1 alcan\u00e7ou a conscientiza\u00e7\u00e3o de quase mil trabalhadores das localidades de S\u00e3o Lu\u00eds (MA); Belo Horizonte (MG ) e Curitiba (PR), sobre o tema \u201cPreven\u00e7\u00e3o de Quedas por Trabalho em Altura\u201d.<\/p>\n<p style=\"text-align: justify;\">\u201cA iniciativa tem disseminado a cultura prevencionista no setor, por meio dos trabalhos desenvolvidos pelos parceiros (CBIC, Sesi, Seconci e Fiscaliza\u00e7\u00e3o do Trabalho) sobre o tema Trabalho em Altura, al\u00e9m de promover a intera\u00e7\u00e3o entre as entidades e trabalhadores locais\u201d, destaca o vice-presidente de \u00e1rea da CBIC e presidente da CPRT\/CBIC, Fernando Guedes. At\u00e9 abril ser\u00e3o realizados os eventos da CANPAT Constru\u00e7\u00e3o em Curitiba (PR), Campo Grande (MS) e Salvador (BA).<\/p>\n<p style=\"text-align: justify;\">Ainda sobre eventos na \u00e1rea de SST, foi refor\u00e7ada a import\u00e2ncia da participa\u00e7\u00e3o dos membros da CPRT no V Encontro Nacional de Seguran\u00e7a e Sa\u00fade no Trabalho na Ind\u00fastria da Constru\u00e7\u00e3o, que ser\u00e1 realizado pela CPRT\/CBIC, com a correaliza\u00e7\u00e3o do Sesi Nacional, no dia 16 de abril, em Bras\u00edlia.<\/p>\n<p style=\"text-align: justify;\">Para uma das pautas da CPRT no 91\u00ba Encontro Nacional da Ind\u00fastria da Constru\u00e7\u00e3o (Enic), que ser\u00e1 realizado de 15 a 17 de maio, no Rio de Janeiro, ser\u00e1 proposto um debate conjunto com a Comiss\u00e3o de Materiais, Tecnologia, Qualidade e Produtividade (Comat) e o F\u00f3rum de A\u00e7\u00e3o Social e Cidadania (Fasc) da entidade em torno da \u201cInova\u00e7\u00e3o na Constru\u00e7\u00e3o \u2013 o Futuro do Trabalho no setor\u201d. A ideia \u00e9 fazer um painel multidisciplinar sobre o tema.<\/p>\n<p style=\"text-align: justify;\">Sobre quest\u00f5es da Reforma Trabalhista, Guedes alertou que a regulamenta\u00e7\u00e3o da terceiriza\u00e7\u00e3o n\u00e3o significa que se pode contratar microempreendedores individuais (MEI) indiscriminadamente. \u201cO MEI deve ser contratado para servi\u00e7os espec\u00edficos. Trabalhador tem que ser contratado pela CLT ou por Contrato por Obra Certa, que \u00e9 legal e tem prazo determinado\u201d, destaca. Para eliminar poss\u00edveis d\u00favidas, a CPRT pretende abordar pontos pol\u00eamicos da Reforma nas pr\u00f3ximas reuni\u00f5es da comiss\u00e3o.<\/p>\n<p style=\"text-align: justify;\"><strong>Seconci apresenta a\u00e7\u00f5es de SST das empresas de constru\u00e7\u00e3o realizadas em 2018<\/strong><\/p>\n<p style=\"text-align: justify;\">Com a participa\u00e7\u00e3o do presidente do Seconci Brasil (Servi\u00e7o Social da Constru\u00e7\u00e3o), Antonio Carlos Salgueiro de Ara\u00fajo, e da gerente executiva, Denise Noleto, foram apresentadas as a\u00e7\u00f5es de SST das empresas de constru\u00e7\u00e3o, realizadas em 2018 pelos 16 Seconcis que atuam em 30 cidades do Pa\u00eds.<\/p>\n<p style=\"text-align: justify;\">De acordo com Denise Noleto, quase 8 mil empresas contribu\u00edram com os Seconcis no ano passado, beneficiando aproximadamente 298 mil trabalhadores e mais de 68 mil dependentes, cujos n\u00fameros podem ser percebidos na apresenta\u00e7\u00e3o realizada durante o evento.<\/p>\n<p style=\"text-align: justify;\">J\u00e1 a engenheira Civil e de Seguran\u00e7a do Trabalho Juliana Moreira de Oliveira, do Seconci-DF, apresentou as a\u00e7\u00f5es do Distrito Federal em Grupos de SST, com destaque para a parceria com o Grupo de Trabalho Interinstitucional (Getrin), coordenado pelo TRT da 10\u00aa Regi\u00e3o, respons\u00e1vel pela implementa\u00e7\u00e3o de a\u00e7\u00f5es do Programa Trabalho Seguro no Distrito Federal e Tocantins. \u201cO Getrin \u00e9 a uni\u00e3o de v\u00e1rias entidades para reunir esfor\u00e7os na preven\u00e7\u00e3o de acidentes do trabalho\u201d, mencionou.<\/p>\n<p style=\"text-align: justify;\">Durante a reuni\u00e3o, o presidente da CPRT tamb\u00e9m fez um balan\u00e7o das conven\u00e7\u00f5es coletivas firmadas em 2018 pelo setor da constru\u00e7\u00e3o, com dados comparativos dos principais benef\u00edcios e reajustes locais com validade em 2018\/2019.<\/p>\n<p style=\"text-align: justify;\">J\u00e1 o consultor Clovis Queiroz apresentou sua percep\u00e7\u00e3o sobre a estrutura do novo governo, com a reestrutura\u00e7\u00e3o do Minist\u00e9rio do Trabalho, e a perspectiva da nova estrutura. Segundo Clovis Queiroz, o setor produtivo ter\u00e1 mais protagonismo nessa nova estrutura. \u201cVejo isso como uma grande janela de oportunidades para os pr\u00f3ximos anos, para reverter o que foi imposto e deixar o cen\u00e1rio mais amig\u00e1vel para a produ\u00e7\u00e3o\u201d, mencionou.<\/p>\n<p style=\"text-align: justify;\">O presidente da CBIC, Jos\u00e9 Carlos Martins, tamb\u00e9m participou da reuni\u00e3o, refor\u00e7ando a import\u00e2ncia de iniciativas para a sustentabilidade financeira das entidades, como a plataforma de Seguros que foi apresentada na reuni\u00e3o. Sobre a quest\u00e3o, Fernando Guedes comentou que n\u00e3o h\u00e1 mais espa\u00e7o para discutir contribui\u00e7\u00e3o compuls\u00f3ria e que v\u00ea o sindicato como prestador de servi\u00e7o para seus associados, \u201cSe ele fizer isso vai ter recursos para se financiar\u201d, disse.<\/p>\n<p style=\"text-align: justify;\">A iniciativa da reuni\u00e3o que trouxe \u00e0 discuss\u00e3o as Rela\u00e7\u00f5es do Trabalho e SST na Ind\u00fastria da Constru\u00e7\u00e3o conta com a correaliza\u00e7\u00e3o do Sesi Nacional.<\/p>\n","protected":false},"excerpt":{"rendered":"<p>Seconci Brasil apresenta a\u00e7\u00f5es de SST das empresas de constru\u00e7\u00e3o realizadas em 2018 | Ag\u00eancia Cbic | Com uma ampla pauta sobre temas referentes \u00e0s Rela\u00e7\u00f5es do Trabalho, Seguran\u00e7a e Sa\u00fade no Trabalho na Ind\u00fastria da Constru\u00e7\u00e3o (SST), Conven\u00e7\u00f5es Coletivas e Sustentabilidade das entidades, membros da Comiss\u00e3o de Pol\u00edtica de Rela\u00e7\u00f5es Trabalhista (CPRT) da C\u00e2mara [&hellip;]<\/p>\n","protected":false},"author":3,"featured_media":8048,"comment_status":"closed","ping_status":"closed","sticky":false,"template":"","format":"standard","meta":{"footnotes":""},"categories":[92],"tags":[],"class_list":["post-8047","post","type-post","status-publish","format-standard","has-post-thumbnail","hentry","category-seconci-brasil"],"yoast_head":"<!-- This site is optimized with the Yoast SEO plugin v26.9 - https:\/\/yoast.com\/product\/yoast-seo-wordpress\/ -->\n<title>\u00c1rea de Rela\u00e7\u00f5es Trabalhistas da CBIC se re\u00fane em Bras\u00edlia - Seconci Brasil<\/title>\n<meta name=\"robots\" content=\"index, follow, max-snippet:-1, max-image-preview:large, max-video-preview:-1\" \/>\n<link rel=\"canonical\" href=\"https:\/\/seconci.com.br\/site\/2019\/02\/13\/area-de-relacoes-trabalhistas-da-cbic-se-reune-em-brasilia\/\" \/>\n<meta property=\"og:locale\" content=\"pt_PT\" \/>\n<meta property=\"og:type\" content=\"article\" \/>\n<meta property=\"og:title\" content=\"\u00c1rea de Rela\u00e7\u00f5es Trabalhistas da CBIC se re\u00fane em Bras\u00edlia - Seconci Brasil\" \/>\n<meta property=\"og:description\" content=\"Seconci Brasil apresenta a\u00e7\u00f5es de SST das empresas de constru\u00e7\u00e3o realizadas em 2018 | Ag\u00eancia Cbic | Com uma ampla pauta sobre temas referentes \u00e0s Rela\u00e7\u00f5es do Trabalho, Seguran\u00e7a e Sa\u00fade no Trabalho na Ind\u00fastria da Constru\u00e7\u00e3o (SST), Conven\u00e7\u00f5es Coletivas e Sustentabilidade das entidades, membros da Comiss\u00e3o de Pol\u00edtica de Rela\u00e7\u00f5es Trabalhista (CPRT) da C\u00e2mara [&hellip;]\" \/>\n<meta property=\"og:url\" content=\"https:\/\/seconci.com.br\/site\/2019\/02\/13\/area-de-relacoes-trabalhistas-da-cbic-se-reune-em-brasilia\/\" \/>\n<meta property=\"og:site_name\" content=\"Seconci Brasil\" \/>\n<meta property=\"article:published_time\" content=\"2019-02-13T10:35:55+00:00\" \/>\n<meta property=\"article:modified_time\" content=\"2019-02-13T10:39:07+00:00\" \/>\n<meta property=\"og:image\" content=\"https:\/\/seconci.com.br\/site\/wp-content\/uploads\/2019\/02\/cbic.jpg\" \/>\n\t<meta property=\"og:image:width\" content=\"1073\" \/>\n\t<meta property=\"og:image:height\" content=\"718\" \/>\n\t<meta property=\"og:image:type\" content=\"image\/jpeg\" \/>\n<meta name=\"author\" content=\"Sidney Rocha\" \/>\n<meta name=\"twitter:card\" content=\"summary_large_image\" \/>\n<meta name=\"twitter:label1\" content=\"Escrito por\" \/>\n\t<meta name=\"twitter:data1\" content=\"Sidney Rocha\" \/>\n\t<meta name=\"twitter:label2\" content=\"Tempo estimado de leitura\" \/>\n\t<meta name=\"twitter:data2\" content=\"4 minutos\" \/>\n<script type=\"application\/ld+json\" class=\"yoast-schema-graph\">{\"@context\":\"https:\/\/schema.org\",\"@graph\":[{\"@type\":\"Article\",\"@id\":\"https:\/\/seconci.com.br\/site\/2019\/02\/13\/area-de-relacoes-trabalhistas-da-cbic-se-reune-em-brasilia\/#article\",\"isPartOf\":{\"@id\":\"https:\/\/seconci.com.br\/site\/2019\/02\/13\/area-de-relacoes-trabalhistas-da-cbic-se-reune-em-brasilia\/\"},\"author\":{\"name\":\"Sidney Rocha\",\"@id\":\"https:\/\/seconci.com.br\/site\/#\/schema\/person\/1d79afd97ddc8f2c68c1e88e298aa8e2\"},\"headline\":\"\u00c1rea de Rela\u00e7\u00f5es Trabalhistas da CBIC se re\u00fane em Bras\u00edlia\",\"datePublished\":\"2019-02-13T10:35:55+00:00\",\"dateModified\":\"2019-02-13T10:39:07+00:00\",\"mainEntityOfPage\":{\"@id\":\"https:\/\/seconci.com.br\/site\/2019\/02\/13\/area-de-relacoes-trabalhistas-da-cbic-se-reune-em-brasilia\/\"},\"wordCount\":882,\"publisher\":{\"@id\":\"https:\/\/seconci.com.br\/site\/#organization\"},\"image\":{\"@id\":\"https:\/\/seconci.com.br\/site\/2019\/02\/13\/area-de-relacoes-trabalhistas-da-cbic-se-reune-em-brasilia\/#primaryimage\"},\"thumbnailUrl\":\"https:\/\/seconci.com.br\/site\/wp-content\/uploads\/2019\/02\/cbic.jpg\",\"articleSection\":[\"Seconci Brasil\"],\"inLanguage\":\"pt-PT\"},{\"@type\":\"WebPage\",\"@id\":\"https:\/\/seconci.com.br\/site\/2019\/02\/13\/area-de-relacoes-trabalhistas-da-cbic-se-reune-em-brasilia\/\",\"url\":\"https:\/\/seconci.com.br\/site\/2019\/02\/13\/area-de-relacoes-trabalhistas-da-cbic-se-reune-em-brasilia\/\",\"name\":\"\u00c1rea de Rela\u00e7\u00f5es Trabalhistas da CBIC se re\u00fane em Bras\u00edlia - Seconci Brasil\",\"isPartOf\":{\"@id\":\"https:\/\/seconci.com.br\/site\/#website\"},\"primaryImageOfPage\":{\"@id\":\"https:\/\/seconci.com.br\/site\/2019\/02\/13\/area-de-relacoes-trabalhistas-da-cbic-se-reune-em-brasilia\/#primaryimage\"},\"image\":{\"@id\":\"https:\/\/seconci.com.br\/site\/2019\/02\/13\/area-de-relacoes-trabalhistas-da-cbic-se-reune-em-brasilia\/#primaryimage\"},\"thumbnailUrl\":\"https:\/\/seconci.com.br\/site\/wp-content\/uploads\/2019\/02\/cbic.jpg\",\"datePublished\":\"2019-02-13T10:35:55+00:00\",\"dateModified\":\"2019-02-13T10:39:07+00:00\",\"breadcrumb\":{\"@id\":\"https:\/\/seconci.com.br\/site\/2019\/02\/13\/area-de-relacoes-trabalhistas-da-cbic-se-reune-em-brasilia\/#breadcrumb\"},\"inLanguage\":\"pt-PT\",\"potentialAction\":[{\"@type\":\"ReadAction\",\"target\":[\"https:\/\/seconci.com.br\/site\/2019\/02\/13\/area-de-relacoes-trabalhistas-da-cbic-se-reune-em-brasilia\/\"]}]},{\"@type\":\"ImageObject\",\"inLanguage\":\"pt-PT\",\"@id\":\"https:\/\/seconci.com.br\/site\/2019\/02\/13\/area-de-relacoes-trabalhistas-da-cbic-se-reune-em-brasilia\/#primaryimage\",\"url\":\"https:\/\/seconci.com.br\/site\/wp-content\/uploads\/2019\/02\/cbic.jpg\",\"contentUrl\":\"https:\/\/seconci.com.br\/site\/wp-content\/uploads\/2019\/02\/cbic.jpg\",\"width\":1073,\"height\":718},{\"@type\":\"BreadcrumbList\",\"@id\":\"https:\/\/seconci.com.br\/site\/2019\/02\/13\/area-de-relacoes-trabalhistas-da-cbic-se-reune-em-brasilia\/#breadcrumb\",\"itemListElement\":[{\"@type\":\"ListItem\",\"position\":1,\"name\":\"In\u00edcio\",\"item\":\"https:\/\/seconci.com.br\/site\/\"},{\"@type\":\"ListItem\",\"position\":2,\"name\":\"\u00c1rea de Rela\u00e7\u00f5es Trabalhistas da CBIC se re\u00fane em Bras\u00edlia\"}]},{\"@type\":\"WebSite\",\"@id\":\"https:\/\/seconci.com.br\/site\/#website\",\"url\":\"https:\/\/seconci.com.br\/site\/\",\"name\":\"Seconci Brasil\",\"description\":\"\",\"publisher\":{\"@id\":\"https:\/\/seconci.com.br\/site\/#organization\"},\"potentialAction\":[{\"@type\":\"SearchAction\",\"target\":{\"@type\":\"EntryPoint\",\"urlTemplate\":\"https:\/\/seconci.com.br\/site\/?s={search_term_string}\"},\"query-input\":{\"@type\":\"PropertyValueSpecification\",\"valueRequired\":true,\"valueName\":\"search_term_string\"}}],\"inLanguage\":\"pt-PT\"},{\"@type\":\"Organization\",\"@id\":\"https:\/\/seconci.com.br\/site\/#organization\",\"name\":\"Seconci Brasil\",\"url\":\"https:\/\/seconci.com.br\/site\/\",\"logo\":{\"@type\":\"ImageObject\",\"inLanguage\":\"pt-PT\",\"@id\":\"https:\/\/seconci.com.br\/site\/#\/schema\/logo\/image\/\",\"url\":\"https:\/\/seconci.com.br\/site\/wp-content\/uploads\/2024\/08\/Logo-Seconci-Brasil-branca-2.png\",\"contentUrl\":\"https:\/\/seconci.com.br\/site\/wp-content\/uploads\/2024\/08\/Logo-Seconci-Brasil-branca-2.png\",\"width\":1315,\"height\":598,\"caption\":\"Seconci Brasil\"},\"image\":{\"@id\":\"https:\/\/seconci.com.br\/site\/#\/schema\/logo\/image\/\"}},{\"@type\":\"Person\",\"@id\":\"https:\/\/seconci.com.br\/site\/#\/schema\/person\/1d79afd97ddc8f2c68c1e88e298aa8e2\",\"name\":\"Sidney Rocha\",\"description\":\"Comunicador e estagi\u00e1rio do Seconci Brasil.\",\"url\":\"https:\/\/seconci.com.br\/site\/author\/sidney-rocha\/\"}]}<\/script>\n<!-- \/ Yoast SEO plugin. -->","yoast_head_json":{"title":"\u00c1rea de Rela\u00e7\u00f5es Trabalhistas da CBIC se re\u00fane em Bras\u00edlia - Seconci Brasil","robots":{"index":"index","follow":"follow","max-snippet":"max-snippet:-1","max-image-preview":"max-image-preview:large","max-video-preview":"max-video-preview:-1"},"canonical":"https:\/\/seconci.com.br\/site\/2019\/02\/13\/area-de-relacoes-trabalhistas-da-cbic-se-reune-em-brasilia\/","og_locale":"pt_PT","og_type":"article","og_title":"\u00c1rea de Rela\u00e7\u00f5es Trabalhistas da CBIC se re\u00fane em Bras\u00edlia - Seconci Brasil","og_description":"Seconci Brasil apresenta a\u00e7\u00f5es de SST das empresas de constru\u00e7\u00e3o realizadas em 2018 | Ag\u00eancia Cbic | Com uma ampla pauta sobre temas referentes \u00e0s Rela\u00e7\u00f5es do Trabalho, Seguran\u00e7a e Sa\u00fade no Trabalho na Ind\u00fastria da Constru\u00e7\u00e3o (SST), Conven\u00e7\u00f5es Coletivas e Sustentabilidade das entidades, membros da Comiss\u00e3o de Pol\u00edtica de Rela\u00e7\u00f5es Trabalhista (CPRT) da C\u00e2mara [&hellip;]","og_url":"https:\/\/seconci.com.br\/site\/2019\/02\/13\/area-de-relacoes-trabalhistas-da-cbic-se-reune-em-brasilia\/","og_site_name":"Seconci Brasil","article_published_time":"2019-02-13T10:35:55+00:00","article_modified_time":"2019-02-13T10:39:07+00:00","og_image":[{"width":1073,"height":718,"url":"https:\/\/seconci.com.br\/site\/wp-content\/uploads\/2019\/02\/cbic.jpg","type":"image\/jpeg"}],"author":"Sidney Rocha","twitter_card":"summary_large_image","twitter_misc":{"Escrito por":"Sidney Rocha","Tempo estimado de leitura":"4 minutos"},"schema":{"@context":"https:\/\/schema.org","@graph":[{"@type":"Article","@id":"https:\/\/seconci.com.br\/site\/2019\/02\/13\/area-de-relacoes-trabalhistas-da-cbic-se-reune-em-brasilia\/#article","isPartOf":{"@id":"https:\/\/seconci.com.br\/site\/2019\/02\/13\/area-de-relacoes-trabalhistas-da-cbic-se-reune-em-brasilia\/"},"author":{"name":"Sidney Rocha","@id":"https:\/\/seconci.com.br\/site\/#\/schema\/person\/1d79afd97ddc8f2c68c1e88e298aa8e2"},"headline":"\u00c1rea de Rela\u00e7\u00f5es Trabalhistas da CBIC se re\u00fane em Bras\u00edlia","datePublished":"2019-02-13T10:35:55+00:00","dateModified":"2019-02-13T10:39:07+00:00","mainEntityOfPage":{"@id":"https:\/\/seconci.com.br\/site\/2019\/02\/13\/area-de-relacoes-trabalhistas-da-cbic-se-reune-em-brasilia\/"},"wordCount":882,"publisher":{"@id":"https:\/\/seconci.com.br\/site\/#organization"},"image":{"@id":"https:\/\/seconci.com.br\/site\/2019\/02\/13\/area-de-relacoes-trabalhistas-da-cbic-se-reune-em-brasilia\/#primaryimage"},"thumbnailUrl":"https:\/\/seconci.com.br\/site\/wp-content\/uploads\/2019\/02\/cbic.jpg","articleSection":["Seconci Brasil"],"inLanguage":"pt-PT"},{"@type":"WebPage","@id":"https:\/\/seconci.com.br\/site\/2019\/02\/13\/area-de-relacoes-trabalhistas-da-cbic-se-reune-em-brasilia\/","url":"https:\/\/seconci.com.br\/site\/2019\/02\/13\/area-de-relacoes-trabalhistas-da-cbic-se-reune-em-brasilia\/","name":"\u00c1rea de Rela\u00e7\u00f5es Trabalhistas da CBIC se re\u00fane em Bras\u00edlia - Seconci Brasil","isPartOf":{"@id":"https:\/\/seconci.com.br\/site\/#website"},"primaryImageOfPage":{"@id":"https:\/\/seconci.com.br\/site\/2019\/02\/13\/area-de-relacoes-trabalhistas-da-cbic-se-reune-em-brasilia\/#primaryimage"},"image":{"@id":"https:\/\/seconci.com.br\/site\/2019\/02\/13\/area-de-relacoes-trabalhistas-da-cbic-se-reune-em-brasilia\/#primaryimage"},"thumbnailUrl":"https:\/\/seconci.com.br\/site\/wp-content\/uploads\/2019\/02\/cbic.jpg","datePublished":"2019-02-13T10:35:55+00:00","dateModified":"2019-02-13T10:39:07+00:00","breadcrumb":{"@id":"https:\/\/seconci.com.br\/site\/2019\/02\/13\/area-de-relacoes-trabalhistas-da-cbic-se-reune-em-brasilia\/#breadcrumb"},"inLanguage":"pt-PT","potentialAction":[{"@type":"ReadAction","target":["https:\/\/seconci.com.br\/site\/2019\/02\/13\/area-de-relacoes-trabalhistas-da-cbic-se-reune-em-brasilia\/"]}]},{"@type":"ImageObject","inLanguage":"pt-PT","@id":"https:\/\/seconci.com.br\/site\/2019\/02\/13\/area-de-relacoes-trabalhistas-da-cbic-se-reune-em-brasilia\/#primaryimage","url":"https:\/\/seconci.com.br\/site\/wp-content\/uploads\/2019\/02\/cbic.jpg","contentUrl":"https:\/\/seconci.com.br\/site\/wp-content\/uploads\/2019\/02\/cbic.jpg","width":1073,"height":718},{"@type":"BreadcrumbList","@id":"https:\/\/seconci.com.br\/site\/2019\/02\/13\/area-de-relacoes-trabalhistas-da-cbic-se-reune-em-brasilia\/#breadcrumb","itemListElement":[{"@type":"ListItem","position":1,"name":"In\u00edcio","item":"https:\/\/seconci.com.br\/site\/"},{"@type":"ListItem","position":2,"name":"\u00c1rea de Rela\u00e7\u00f5es Trabalhistas da CBIC se re\u00fane em Bras\u00edlia"}]},{"@type":"WebSite","@id":"https:\/\/seconci.com.br\/site\/#website","url":"https:\/\/seconci.com.br\/site\/","name":"Seconci Brasil","description":"","publisher":{"@id":"https:\/\/seconci.com.br\/site\/#organization"},"potentialAction":[{"@type":"SearchAction","target":{"@type":"EntryPoint","urlTemplate":"https:\/\/seconci.com.br\/site\/?s={search_term_string}"},"query-input":{"@type":"PropertyValueSpecification","valueRequired":true,"valueName":"search_term_string"}}],"inLanguage":"pt-PT"},{"@type":"Organization","@id":"https:\/\/seconci.com.br\/site\/#organization","name":"Seconci Brasil","url":"https:\/\/seconci.com.br\/site\/","logo":{"@type":"ImageObject","inLanguage":"pt-PT","@id":"https:\/\/seconci.com.br\/site\/#\/schema\/logo\/image\/","url":"https:\/\/seconci.com.br\/site\/wp-content\/uploads\/2024\/08\/Logo-Seconci-Brasil-branca-2.png","contentUrl":"https:\/\/seconci.com.br\/site\/wp-content\/uploads\/2024\/08\/Logo-Seconci-Brasil-branca-2.png","width":1315,"height":598,"caption":"Seconci Brasil"},"image":{"@id":"https:\/\/seconci.com.br\/site\/#\/schema\/logo\/image\/"}},{"@type":"Person","@id":"https:\/\/seconci.com.br\/site\/#\/schema\/person\/1d79afd97ddc8f2c68c1e88e298aa8e2","name":"Sidney Rocha","description":"Comunicador e estagi\u00e1rio do Seconci Brasil.","url":"https:\/\/seconci.com.br\/site\/author\/sidney-rocha\/"}]}},"_links":{"self":[{"href":"https:\/\/seconci.com.br\/site\/wp-json\/wp\/v2\/posts\/8047","targetHints":{"allow":["GET"]}}],"collection":[{"href":"https:\/\/seconci.com.br\/site\/wp-json\/wp\/v2\/posts"}],"about":[{"href":"https:\/\/seconci.com.br\/site\/wp-json\/wp\/v2\/types\/post"}],"author":[{"embeddable":true,"href":"https:\/\/seconci.com.br\/site\/wp-json\/wp\/v2\/users\/3"}],"replies":[{"embeddable":true,"href":"https:\/\/seconci.com.br\/site\/wp-json\/wp\/v2\/comments?post=8047"}],"version-history":[{"count":0,"href":"https:\/\/seconci.com.br\/site\/wp-json\/wp\/v2\/posts\/8047\/revisions"}],"wp:featuredmedia":[{"embeddable":true,"href":"https:\/\/seconci.com.br\/site\/wp-json\/wp\/v2\/media\/8048"}],"wp:attachment":[{"href":"https:\/\/seconci.com.br\/site\/wp-json\/wp\/v2\/media?parent=8047"}],"wp:term":[{"taxonomy":"category","embeddable":true,"href":"https:\/\/seconci.com.br\/site\/wp-json\/wp\/v2\/categories?post=8047"},{"taxonomy":"post_tag","embeddable":true,"href":"https:\/\/seconci.com.br\/site\/wp-json\/wp\/v2\/tags?post=8047"}],"curies":[{"name":"wp","href":"https:\/\/api.w.org\/{rel}","templated":true}]}}