{"id":8051,"date":"2019-02-13T11:59:27","date_gmt":"2019-02-13T11:59:27","guid":{"rendered":"https:\/\/seconci.com.br\/site\/?p=8051"},"modified":"2019-02-13T11:59:50","modified_gmt":"2019-02-13T11:59:50","slug":"seconci-sp-lanca-campanha-de-doacao-de-sangue","status":"publish","type":"post","link":"https:\/\/seconci.com.br\/site\/2019\/02\/13\/seconci-sp-lanca-campanha-de-doacao-de-sangue\/","title":{"rendered":"Seconci-SP lan\u00e7a Campanha de Doa\u00e7\u00e3o de Sangue"},"content":{"rendered":"<p style=\"text-align: justify;\"><em>Percentual de doadores no pa\u00eds est\u00e1 abaixo do registrado na Europa e nos EUA<\/em><\/p>\n<p style=\"text-align: justify;\">| <strong>Assessoria de Comunica\u00e7\u00e3o Social do Seconci-SP<\/strong> |<\/p>\n<p style=\"text-align: justify;\">O Seconci-SP (Servi\u00e7o Social da Constru\u00e7\u00e3o), seguindo sua miss\u00e3o de promover a\u00e7\u00f5es de filantropia e responsabilidade social, lan\u00e7a Campanha de Doa\u00e7\u00e3o de Sangue, com apoio da Funda\u00e7\u00e3o Pr\u00f3-Sangue Hemocentro de S\u00e3o Paulo.<\/p>\n<p style=\"text-align: justify;\">Doar sangue \u00e9 um processo f\u00e1cil, r\u00e1pido, seguro e solid\u00e1rio. Na Europa e nos Estados Unidos o percentual de doadores \u00e9 de 5% a 7%. No Brasil, esse \u00edndice \u00e9 de apenas 1,8%, segundo o Minist\u00e9rio da Sa\u00fade.<\/p>\n<p style=\"text-align: justify;\">A doa\u00e7\u00e3o de sangue \u00e9 100% volunt\u00e1ria e n\u00e3o causa preju\u00edzos ao doador. Importante: uma \u00fanica doa\u00e7\u00e3o pode salvar at\u00e9 quatro vidas.<\/p>\n<p style=\"text-align: justify;\">Para saber se voc\u00ea pode doar, conhecer os fatores tempor\u00e1rios e definitivos que impedem a doa\u00e7\u00e3o e se informar sobre os endere\u00e7os dos postos de coleta, acesse www.prosangue.sp.gov.br .<\/p>\n<p style=\"text-align: justify;\">H\u00e1 postos em S\u00e3o Paulo, Osasco e Barueri. Procure o mais pr\u00f3ximo e agende sua doa\u00e7\u00e3o: (11) 4573-7800.<\/p>\n","protected":false},"excerpt":{"rendered":"<p>Percentual de doadores no pa\u00eds est\u00e1 abaixo do registrado na Europa e nos EUA | Assessoria de Comunica\u00e7\u00e3o Social do Seconci-SP | O Seconci-SP (Servi\u00e7o Social da Constru\u00e7\u00e3o), seguindo sua miss\u00e3o de promover a\u00e7\u00f5es de filantropia e responsabilidade social, lan\u00e7a Campanha de Doa\u00e7\u00e3o de Sangue, com apoio da Funda\u00e7\u00e3o Pr\u00f3-Sangue Hemocentro de S\u00e3o Paulo. Doar [&hellip;]<\/p>\n","protected":false},"author":3,"featured_media":8052,"comment_status":"closed","ping_status":"closed","sticky":false,"template":"","format":"standard","meta":{"footnotes":""},"categories":[92,87],"tags":[],"class_list":["post-8051","post","type-post","status-publish","format-standard","has-post-thumbnail","hentry","category-seconci-brasil","category-seconci-sao-paulo"],"yoast_head":"<!-- This site is optimized with the Yoast SEO plugin v26.9 - https:\/\/yoast.com\/product\/yoast-seo-wordpress\/ -->\n<title>Seconci-SP lan\u00e7a Campanha de Doa\u00e7\u00e3o de Sangue - Seconci Brasil<\/title>\n<meta name=\"robots\" content=\"index, follow, max-snippet:-1, max-image-preview:large, max-video-preview:-1\" \/>\n<link rel=\"canonical\" href=\"https:\/\/seconci.com.br\/site\/2019\/02\/13\/seconci-sp-lanca-campanha-de-doacao-de-sangue\/\" \/>\n<meta property=\"og:locale\" content=\"pt_PT\" \/>\n<meta property=\"og:type\" content=\"article\" \/>\n<meta property=\"og:title\" content=\"Seconci-SP lan\u00e7a Campanha de Doa\u00e7\u00e3o de Sangue - Seconci Brasil\" \/>\n<meta property=\"og:description\" content=\"Percentual de doadores no pa\u00eds est\u00e1 abaixo do registrado na Europa e nos EUA | Assessoria de Comunica\u00e7\u00e3o Social do Seconci-SP | O Seconci-SP (Servi\u00e7o Social da Constru\u00e7\u00e3o), seguindo sua miss\u00e3o de promover a\u00e7\u00f5es de filantropia e responsabilidade social, lan\u00e7a Campanha de Doa\u00e7\u00e3o de Sangue, com apoio da Funda\u00e7\u00e3o Pr\u00f3-Sangue Hemocentro de S\u00e3o Paulo. Doar [&hellip;]\" \/>\n<meta property=\"og:url\" content=\"https:\/\/seconci.com.br\/site\/2019\/02\/13\/seconci-sp-lanca-campanha-de-doacao-de-sangue\/\" \/>\n<meta property=\"og:site_name\" content=\"Seconci Brasil\" \/>\n<meta property=\"article:published_time\" content=\"2019-02-13T11:59:27+00:00\" \/>\n<meta property=\"article:modified_time\" content=\"2019-02-13T11:59:50+00:00\" \/>\n<meta property=\"og:image\" content=\"https:\/\/seconci.com.br\/site\/wp-content\/uploads\/2019\/02\/sangue.png\" \/>\n\t<meta property=\"og:image:width\" content=\"395\" \/>\n\t<meta property=\"og:image:height\" content=\"323\" \/>\n\t<meta property=\"og:image:type\" content=\"image\/png\" \/>\n<meta name=\"author\" content=\"Sidney Rocha\" \/>\n<meta name=\"twitter:card\" content=\"summary_large_image\" \/>\n<meta name=\"twitter:label1\" content=\"Escrito por\" \/>\n\t<meta name=\"twitter:data1\" content=\"Sidney Rocha\" \/>\n\t<meta name=\"twitter:label2\" content=\"Tempo estimado de leitura\" \/>\n\t<meta name=\"twitter:data2\" content=\"1 minuto\" \/>\n<script type=\"application\/ld+json\" class=\"yoast-schema-graph\">{\"@context\":\"https:\/\/schema.org\",\"@graph\":[{\"@type\":\"Article\",\"@id\":\"https:\/\/seconci.com.br\/site\/2019\/02\/13\/seconci-sp-lanca-campanha-de-doacao-de-sangue\/#article\",\"isPartOf\":{\"@id\":\"https:\/\/seconci.com.br\/site\/2019\/02\/13\/seconci-sp-lanca-campanha-de-doacao-de-sangue\/\"},\"author\":{\"name\":\"Sidney Rocha\",\"@id\":\"https:\/\/seconci.com.br\/site\/#\/schema\/person\/1d79afd97ddc8f2c68c1e88e298aa8e2\"},\"headline\":\"Seconci-SP lan\u00e7a Campanha de Doa\u00e7\u00e3o de Sangue\",\"datePublished\":\"2019-02-13T11:59:27+00:00\",\"dateModified\":\"2019-02-13T11:59:50+00:00\",\"mainEntityOfPage\":{\"@id\":\"https:\/\/seconci.com.br\/site\/2019\/02\/13\/seconci-sp-lanca-campanha-de-doacao-de-sangue\/\"},\"wordCount\":189,\"publisher\":{\"@id\":\"https:\/\/seconci.com.br\/site\/#organization\"},\"image\":{\"@id\":\"https:\/\/seconci.com.br\/site\/2019\/02\/13\/seconci-sp-lanca-campanha-de-doacao-de-sangue\/#primaryimage\"},\"thumbnailUrl\":\"https:\/\/seconci.com.br\/site\/wp-content\/uploads\/2019\/02\/sangue.png\",\"articleSection\":[\"Seconci Brasil\",\"Seconci S\u00e3o Paulo\"],\"inLanguage\":\"pt-PT\"},{\"@type\":\"WebPage\",\"@id\":\"https:\/\/seconci.com.br\/site\/2019\/02\/13\/seconci-sp-lanca-campanha-de-doacao-de-sangue\/\",\"url\":\"https:\/\/seconci.com.br\/site\/2019\/02\/13\/seconci-sp-lanca-campanha-de-doacao-de-sangue\/\",\"name\":\"Seconci-SP lan\u00e7a Campanha de Doa\u00e7\u00e3o de Sangue - Seconci Brasil\",\"isPartOf\":{\"@id\":\"https:\/\/seconci.com.br\/site\/#website\"},\"primaryImageOfPage\":{\"@id\":\"https:\/\/seconci.com.br\/site\/2019\/02\/13\/seconci-sp-lanca-campanha-de-doacao-de-sangue\/#primaryimage\"},\"image\":{\"@id\":\"https:\/\/seconci.com.br\/site\/2019\/02\/13\/seconci-sp-lanca-campanha-de-doacao-de-sangue\/#primaryimage\"},\"thumbnailUrl\":\"https:\/\/seconci.com.br\/site\/wp-content\/uploads\/2019\/02\/sangue.png\",\"datePublished\":\"2019-02-13T11:59:27+00:00\",\"dateModified\":\"2019-02-13T11:59:50+00:00\",\"breadcrumb\":{\"@id\":\"https:\/\/seconci.com.br\/site\/2019\/02\/13\/seconci-sp-lanca-campanha-de-doacao-de-sangue\/#breadcrumb\"},\"inLanguage\":\"pt-PT\",\"potentialAction\":[{\"@type\":\"ReadAction\",\"target\":[\"https:\/\/seconci.com.br\/site\/2019\/02\/13\/seconci-sp-lanca-campanha-de-doacao-de-sangue\/\"]}]},{\"@type\":\"ImageObject\",\"inLanguage\":\"pt-PT\",\"@id\":\"https:\/\/seconci.com.br\/site\/2019\/02\/13\/seconci-sp-lanca-campanha-de-doacao-de-sangue\/#primaryimage\",\"url\":\"https:\/\/seconci.com.br\/site\/wp-content\/uploads\/2019\/02\/sangue.png\",\"contentUrl\":\"https:\/\/seconci.com.br\/site\/wp-content\/uploads\/2019\/02\/sangue.png\",\"width\":395,\"height\":323},{\"@type\":\"BreadcrumbList\",\"@id\":\"https:\/\/seconci.com.br\/site\/2019\/02\/13\/seconci-sp-lanca-campanha-de-doacao-de-sangue\/#breadcrumb\",\"itemListElement\":[{\"@type\":\"ListItem\",\"position\":1,\"name\":\"In\u00edcio\",\"item\":\"https:\/\/seconci.com.br\/site\/\"},{\"@type\":\"ListItem\",\"position\":2,\"name\":\"Seconci-SP lan\u00e7a Campanha de Doa\u00e7\u00e3o de Sangue\"}]},{\"@type\":\"WebSite\",\"@id\":\"https:\/\/seconci.com.br\/site\/#website\",\"url\":\"https:\/\/seconci.com.br\/site\/\",\"name\":\"Seconci Brasil\",\"description\":\"\",\"publisher\":{\"@id\":\"https:\/\/seconci.com.br\/site\/#organization\"},\"potentialAction\":[{\"@type\":\"SearchAction\",\"target\":{\"@type\":\"EntryPoint\",\"urlTemplate\":\"https:\/\/seconci.com.br\/site\/?s={search_term_string}\"},\"query-input\":{\"@type\":\"PropertyValueSpecification\",\"valueRequired\":true,\"valueName\":\"search_term_string\"}}],\"inLanguage\":\"pt-PT\"},{\"@type\":\"Organization\",\"@id\":\"https:\/\/seconci.com.br\/site\/#organization\",\"name\":\"Seconci Brasil\",\"url\":\"https:\/\/seconci.com.br\/site\/\",\"logo\":{\"@type\":\"ImageObject\",\"inLanguage\":\"pt-PT\",\"@id\":\"https:\/\/seconci.com.br\/site\/#\/schema\/logo\/image\/\",\"url\":\"https:\/\/seconci.com.br\/site\/wp-content\/uploads\/2024\/08\/Logo-Seconci-Brasil-branca-2.png\",\"contentUrl\":\"https:\/\/seconci.com.br\/site\/wp-content\/uploads\/2024\/08\/Logo-Seconci-Brasil-branca-2.png\",\"width\":1315,\"height\":598,\"caption\":\"Seconci Brasil\"},\"image\":{\"@id\":\"https:\/\/seconci.com.br\/site\/#\/schema\/logo\/image\/\"}},{\"@type\":\"Person\",\"@id\":\"https:\/\/seconci.com.br\/site\/#\/schema\/person\/1d79afd97ddc8f2c68c1e88e298aa8e2\",\"name\":\"Sidney Rocha\",\"description\":\"Comunicador e estagi\u00e1rio do Seconci Brasil.\",\"url\":\"https:\/\/seconci.com.br\/site\/author\/sidney-rocha\/\"}]}<\/script>\n<!-- \/ Yoast SEO plugin. -->","yoast_head_json":{"title":"Seconci-SP lan\u00e7a Campanha de Doa\u00e7\u00e3o de Sangue - Seconci Brasil","robots":{"index":"index","follow":"follow","max-snippet":"max-snippet:-1","max-image-preview":"max-image-preview:large","max-video-preview":"max-video-preview:-1"},"canonical":"https:\/\/seconci.com.br\/site\/2019\/02\/13\/seconci-sp-lanca-campanha-de-doacao-de-sangue\/","og_locale":"pt_PT","og_type":"article","og_title":"Seconci-SP lan\u00e7a Campanha de Doa\u00e7\u00e3o de Sangue - Seconci Brasil","og_description":"Percentual de doadores no pa\u00eds est\u00e1 abaixo do registrado na Europa e nos EUA | Assessoria de Comunica\u00e7\u00e3o Social do Seconci-SP | O Seconci-SP (Servi\u00e7o Social da Constru\u00e7\u00e3o), seguindo sua miss\u00e3o de promover a\u00e7\u00f5es de filantropia e responsabilidade social, lan\u00e7a Campanha de Doa\u00e7\u00e3o de Sangue, com apoio da Funda\u00e7\u00e3o Pr\u00f3-Sangue Hemocentro de S\u00e3o Paulo. Doar [&hellip;]","og_url":"https:\/\/seconci.com.br\/site\/2019\/02\/13\/seconci-sp-lanca-campanha-de-doacao-de-sangue\/","og_site_name":"Seconci Brasil","article_published_time":"2019-02-13T11:59:27+00:00","article_modified_time":"2019-02-13T11:59:50+00:00","og_image":[{"width":395,"height":323,"url":"https:\/\/seconci.com.br\/site\/wp-content\/uploads\/2019\/02\/sangue.png","type":"image\/png"}],"author":"Sidney Rocha","twitter_card":"summary_large_image","twitter_misc":{"Escrito por":"Sidney Rocha","Tempo estimado de leitura":"1 minuto"},"schema":{"@context":"https:\/\/schema.org","@graph":[{"@type":"Article","@id":"https:\/\/seconci.com.br\/site\/2019\/02\/13\/seconci-sp-lanca-campanha-de-doacao-de-sangue\/#article","isPartOf":{"@id":"https:\/\/seconci.com.br\/site\/2019\/02\/13\/seconci-sp-lanca-campanha-de-doacao-de-sangue\/"},"author":{"name":"Sidney Rocha","@id":"https:\/\/seconci.com.br\/site\/#\/schema\/person\/1d79afd97ddc8f2c68c1e88e298aa8e2"},"headline":"Seconci-SP lan\u00e7a Campanha de Doa\u00e7\u00e3o de Sangue","datePublished":"2019-02-13T11:59:27+00:00","dateModified":"2019-02-13T11:59:50+00:00","mainEntityOfPage":{"@id":"https:\/\/seconci.com.br\/site\/2019\/02\/13\/seconci-sp-lanca-campanha-de-doacao-de-sangue\/"},"wordCount":189,"publisher":{"@id":"https:\/\/seconci.com.br\/site\/#organization"},"image":{"@id":"https:\/\/seconci.com.br\/site\/2019\/02\/13\/seconci-sp-lanca-campanha-de-doacao-de-sangue\/#primaryimage"},"thumbnailUrl":"https:\/\/seconci.com.br\/site\/wp-content\/uploads\/2019\/02\/sangue.png","articleSection":["Seconci Brasil","Seconci S\u00e3o Paulo"],"inLanguage":"pt-PT"},{"@type":"WebPage","@id":"https:\/\/seconci.com.br\/site\/2019\/02\/13\/seconci-sp-lanca-campanha-de-doacao-de-sangue\/","url":"https:\/\/seconci.com.br\/site\/2019\/02\/13\/seconci-sp-lanca-campanha-de-doacao-de-sangue\/","name":"Seconci-SP lan\u00e7a Campanha de Doa\u00e7\u00e3o de Sangue - Seconci Brasil","isPartOf":{"@id":"https:\/\/seconci.com.br\/site\/#website"},"primaryImageOfPage":{"@id":"https:\/\/seconci.com.br\/site\/2019\/02\/13\/seconci-sp-lanca-campanha-de-doacao-de-sangue\/#primaryimage"},"image":{"@id":"https:\/\/seconci.com.br\/site\/2019\/02\/13\/seconci-sp-lanca-campanha-de-doacao-de-sangue\/#primaryimage"},"thumbnailUrl":"https:\/\/seconci.com.br\/site\/wp-content\/uploads\/2019\/02\/sangue.png","datePublished":"2019-02-13T11:59:27+00:00","dateModified":"2019-02-13T11:59:50+00:00","breadcrumb":{"@id":"https:\/\/seconci.com.br\/site\/2019\/02\/13\/seconci-sp-lanca-campanha-de-doacao-de-sangue\/#breadcrumb"},"inLanguage":"pt-PT","potentialAction":[{"@type":"ReadAction","target":["https:\/\/seconci.com.br\/site\/2019\/02\/13\/seconci-sp-lanca-campanha-de-doacao-de-sangue\/"]}]},{"@type":"ImageObject","inLanguage":"pt-PT","@id":"https:\/\/seconci.com.br\/site\/2019\/02\/13\/seconci-sp-lanca-campanha-de-doacao-de-sangue\/#primaryimage","url":"https:\/\/seconci.com.br\/site\/wp-content\/uploads\/2019\/02\/sangue.png","contentUrl":"https:\/\/seconci.com.br\/site\/wp-content\/uploads\/2019\/02\/sangue.png","width":395,"height":323},{"@type":"BreadcrumbList","@id":"https:\/\/seconci.com.br\/site\/2019\/02\/13\/seconci-sp-lanca-campanha-de-doacao-de-sangue\/#breadcrumb","itemListElement":[{"@type":"ListItem","position":1,"name":"In\u00edcio","item":"https:\/\/seconci.com.br\/site\/"},{"@type":"ListItem","position":2,"name":"Seconci-SP lan\u00e7a Campanha de Doa\u00e7\u00e3o de Sangue"}]},{"@type":"WebSite","@id":"https:\/\/seconci.com.br\/site\/#website","url":"https:\/\/seconci.com.br\/site\/","name":"Seconci Brasil","description":"","publisher":{"@id":"https:\/\/seconci.com.br\/site\/#organization"},"potentialAction":[{"@type":"SearchAction","target":{"@type":"EntryPoint","urlTemplate":"https:\/\/seconci.com.br\/site\/?s={search_term_string}"},"query-input":{"@type":"PropertyValueSpecification","valueRequired":true,"valueName":"search_term_string"}}],"inLanguage":"pt-PT"},{"@type":"Organization","@id":"https:\/\/seconci.com.br\/site\/#organization","name":"Seconci Brasil","url":"https:\/\/seconci.com.br\/site\/","logo":{"@type":"ImageObject","inLanguage":"pt-PT","@id":"https:\/\/seconci.com.br\/site\/#\/schema\/logo\/image\/","url":"https:\/\/seconci.com.br\/site\/wp-content\/uploads\/2024\/08\/Logo-Seconci-Brasil-branca-2.png","contentUrl":"https:\/\/seconci.com.br\/site\/wp-content\/uploads\/2024\/08\/Logo-Seconci-Brasil-branca-2.png","width":1315,"height":598,"caption":"Seconci Brasil"},"image":{"@id":"https:\/\/seconci.com.br\/site\/#\/schema\/logo\/image\/"}},{"@type":"Person","@id":"https:\/\/seconci.com.br\/site\/#\/schema\/person\/1d79afd97ddc8f2c68c1e88e298aa8e2","name":"Sidney Rocha","description":"Comunicador e estagi\u00e1rio do Seconci Brasil.","url":"https:\/\/seconci.com.br\/site\/author\/sidney-rocha\/"}]}},"_links":{"self":[{"href":"https:\/\/seconci.com.br\/site\/wp-json\/wp\/v2\/posts\/8051","targetHints":{"allow":["GET"]}}],"collection":[{"href":"https:\/\/seconci.com.br\/site\/wp-json\/wp\/v2\/posts"}],"about":[{"href":"https:\/\/seconci.com.br\/site\/wp-json\/wp\/v2\/types\/post"}],"author":[{"embeddable":true,"href":"https:\/\/seconci.com.br\/site\/wp-json\/wp\/v2\/users\/3"}],"replies":[{"embeddable":true,"href":"https:\/\/seconci.com.br\/site\/wp-json\/wp\/v2\/comments?post=8051"}],"version-history":[{"count":0,"href":"https:\/\/seconci.com.br\/site\/wp-json\/wp\/v2\/posts\/8051\/revisions"}],"wp:featuredmedia":[{"embeddable":true,"href":"https:\/\/seconci.com.br\/site\/wp-json\/wp\/v2\/media\/8052"}],"wp:attachment":[{"href":"https:\/\/seconci.com.br\/site\/wp-json\/wp\/v2\/media?parent=8051"}],"wp:term":[{"taxonomy":"category","embeddable":true,"href":"https:\/\/seconci.com.br\/site\/wp-json\/wp\/v2\/categories?post=8051"},{"taxonomy":"post_tag","embeddable":true,"href":"https:\/\/seconci.com.br\/site\/wp-json\/wp\/v2\/tags?post=8051"}],"curies":[{"name":"wp","href":"https:\/\/api.w.org\/{rel}","templated":true}]}}