{"id":8060,"date":"2019-02-14T10:38:52","date_gmt":"2019-02-14T10:38:52","guid":{"rendered":"https:\/\/seconci.com.br\/site\/?p=8060"},"modified":"2019-02-14T10:39:46","modified_gmt":"2019-02-14T10:39:46","slug":"construcao-leva-a-parlamentares-propostas-para-gerar-1-milhao-de-empregos","status":"publish","type":"post","link":"https:\/\/seconci.com.br\/site\/2019\/02\/14\/construcao-leva-a-parlamentares-propostas-para-gerar-1-milhao-de-empregos\/","title":{"rendered":"Constru\u00e7\u00e3o leva a parlamentares propostas para gerar 1 milh\u00e3o de empregos"},"content":{"rendered":"<p style=\"text-align: justify;\">Mais de 200 parlamentares federais manifestaram apoio ao projeto \u2018Constru\u00e7\u00e3o: 1 Milh\u00e3o de Empregos J\u00e1\u2019, apresentado pela C\u00e2mara Brasileira da Ind\u00fastria da Constru\u00e7\u00e3o (CBIC) na manh\u00e3 desta quarta-feira (13), no B Hotel, em Bras\u00edlia. Senadores e deputados de todos os estados e do Distrito Federal acompanharam a apresenta\u00e7\u00e3o do conjunto de propostas que ter\u00e3o debate no Congresso e s\u00e3o destinadas a melhorar o ambiente de neg\u00f3cios e a retomada do investimento.<\/p>\n<p style=\"text-align: justify;\"><a href=\"https:\/\/www.flickr.com\/photos\/cbicfotos\/albums\/72157676480638477\">Confira galeria de fotos do evento<\/a><\/p>\n<p style=\"text-align: justify;\">O presidente da CBIC, Jos\u00e9 Carlos Martins, explicou que o setor da constru\u00e7\u00e3o vem desenvolvendo alternativas que permitam ao capital privado suprir o investimento p\u00fablico, sobrecarregado pela crise, e voltar a empreender e gerar renda e emprego. \u201cA \u00fanica forma de se sair de uma crise macroecon\u00f4mica \u00e9 via emprego, por isso n\u00f3s queremos convid\u00e1-los para esse projeto que visa a retomada do emprego formal, decente, com garantias trabalhistas, tudo dentro da lei\u201d, explicou.<\/p>\n<p style=\"text-align: justify;\">Martins afirmou que a inseguran\u00e7a jur\u00eddica inibe o investimento e que previsibilidade \u00e9 palavra b\u00e1sica para o Brasil buscar o desenvolvimento nos diversos setores, especialmente na constru\u00e7\u00e3o. \u201cN\u00e3o estamos de pires na m\u00e3o, n\u00e3o estamos pedindo benesse. Precisamos apenas ter tranquilidade para podermos trabalhar. Precisamos de seguran\u00e7a jur\u00eddica, cr\u00e9dito e planejamento. S\u00e3o bandeiras que estamos trazendo para os senhores e que j\u00e1 apresentamos ao governo federal, sinalizando nosso interesse em fazer parte da solu\u00e7\u00e3o e n\u00e3o do problema\u201d, destacou.<\/p>\n<p style=\"text-align: justify;\">Ainda de acordo com Jos\u00e9 Carlos Martins, a CBIC est\u00e1 buscando uma uni\u00e3o nacional pelo emprego e contou com o trabalho de base dos presidentes e dirigentes das 90 entidades associadas \u00e0 CBIC \u2013 sindicatos e associa\u00e7\u00f5es da constru\u00e7\u00e3o de todo o Brasil. Foram esses associados que convidaram os parlamentares de seus estados e do DF e tamb\u00e9m se fizeram presentes ao encontro de hoje, em Bras\u00edlia. O pr\u00f3ximo passo \u00e9 reunir novamente os parlamentares para aprofundar a discuss\u00e3o dos temas apresentados.<\/p>\n<p style=\"text-align: justify;\">\u201cO pa\u00eds abre uma nova p\u00e1gina de sua hist\u00f3ria, lastreada por uma demanda eloquente da popula\u00e7\u00e3o por outra forma de governar e exercitar a pol\u00edtica \u2013 cada vez mais focada no desenvolvimento do pais, no bem-estar do cidad\u00e3o e na defesa dos mais elevados interesses da sociedade. A agenda do desenvolvimento passa pela C\u00e2mara dos Deputados e pelo Senado Federal. A atua\u00e7\u00e3o de cada parlamentar tem sido, e continuar\u00e1 sendo, decisiva para o pr\u00f3ximo ciclo, que desejamos seja de recupera\u00e7\u00e3o da economia e avan\u00e7o nos mais diversos campos. O Congresso nacional tem papel decisivo a cumprir, com a apresenta\u00e7\u00e3o, o exame e a aprova\u00e7\u00e3o de neg\u00f3cios favor\u00e1vel \u00e0 retomada do investimento com seguran\u00e7a jur\u00eddica, maior previsibilidade e menos burocracia\u201d, refor\u00e7ou Martins.<\/p>\n<p style=\"text-align: justify;\">Entre os temas tratados do projeto \u2018Constru\u00e7\u00e3o: 1 Milh\u00e3o de Empregos J\u00e1\u2019 que ser\u00e3o discutidos na agenda legislativa est\u00e3o:<\/p>\n<p style=\"text-align: justify;\">\u2013 Reforma da Previd\u00eancia<\/p>\n<p style=\"text-align: justify;\">\u2013 Reforma Tribut\u00e1ria<\/p>\n<p style=\"text-align: justify;\">\u2013 Seguran\u00e7a Jur\u00eddica<\/p>\n<p style=\"text-align: justify;\">\u2013 FGTS<\/p>\n<p style=\"text-align: justify;\">\u2013 Lei de Licita\u00e7\u00f5es<\/p>\n<p style=\"text-align: justify;\">\u2013 Licenciamento Ambiental<\/p>\n<p style=\"text-align: justify;\">\u2013 \u00c1reas Contaminadas<\/p>\n<p style=\"text-align: justify;\">\u2013 Crit\u00e9rios para a paralisa\u00e7\u00e3o de obras<\/p>\n<p style=\"text-align: justify;\">\u2013 Lei Geral das Empresas de Pequeno Porte<\/p>\n<p style=\"text-align: justify;\">\u2013 Saneamento B\u00e1sico<\/p>\n<p style=\"text-align: justify;\">\u2013 Lei de Desapropria\u00e7\u00f5es<\/p>\n<p style=\"text-align: justify;\">\u2013 Securitiza\u00e7\u00e3o de Ativos<\/p>\n<p style=\"text-align: justify;\">\u2013 Garantia da obra pelo construtor (Solidez e Seguran\u00e7a das edifica\u00e7\u00f5es)<\/p>\n<p style=\"text-align: justify;\">\u2013 Aliena\u00e7\u00e3o Fiduci\u00e1ria<\/p>\n<p style=\"text-align: justify;\">\u2013 Prorroga\u00e7\u00e3o do Regime Especial Tribut\u00e1rio (RET) para obras do Programa Minha Casa Minha Vida (MCMV)<\/p>\n<p style=\"text-align: justify;\">\u2013 Redu\u00e7\u00e3o da Burocracia e Custos Cartoriais<\/p>\n<p style=\"text-align: justify;\">\u2013 Crit\u00e9rios ambientais e de sustentabilidade nas edifica\u00e7\u00f5es<\/p>\n<p><img fetchpriority=\"high\" decoding=\"async\" class=\"alignnone wp-image-8062 size-large\" src=\"http:\/\/seconci.com.br\/site\/wp-content\/uploads\/2019\/02\/kardel_cbic_parlamentares-2-1024x683.jpeg\" alt=\"\" width=\"640\" height=\"427\" srcset=\"https:\/\/seconci.com.br\/site\/wp-content\/uploads\/2019\/02\/kardel_cbic_parlamentares-2-1024x683.jpeg 1024w, https:\/\/seconci.com.br\/site\/wp-content\/uploads\/2019\/02\/kardel_cbic_parlamentares-2-300x200.jpeg 300w, https:\/\/seconci.com.br\/site\/wp-content\/uploads\/2019\/02\/kardel_cbic_parlamentares-2-768x512.jpeg 768w, https:\/\/seconci.com.br\/site\/wp-content\/uploads\/2019\/02\/kardel_cbic_parlamentares-2-600x400.jpeg 600w\" sizes=\"(max-width: 640px) 100vw, 640px\" \/><\/p>\n<p style=\"text-align: justify;\"><strong>A CBIC<\/strong><\/p>\n<p style=\"text-align: justify;\">Fundada em 1957, a CBIC re\u00fane 90 sindicatos e associa\u00e7\u00f5es patronais do setor da constru\u00e7\u00e3o, presentes nas 27 unidades da Federa\u00e7\u00e3o. Ela representa institucionalmente o setor e promove a integra\u00e7\u00e3o da cadeia produtiva da constru\u00e7\u00e3o em \u00e2mbito nacional, contribuindo para o desenvolvimento econ\u00f4mico e social do pa\u00eds.<\/p>\n<p style=\"text-align: justify;\">Por interm\u00e9dio de suas comiss\u00f5es t\u00e9cnicas, a CBIC publica estudos diversos, produzidos por especialistas de not\u00f3rio conhecimento, e realiza eventos multidisciplinares destinados ao debate e capacita\u00e7\u00e3o de dirigentes e empres\u00e1rios.<\/p>\n<p style=\"text-align: justify;\">A entidade tamb\u00e9m atua na articula\u00e7\u00e3o dos diversos segmentos da constru\u00e7\u00e3o como interlocutora formal no encaminhamento de temas e propostas junto aos Poderes Executivo, Legislativo e Judici\u00e1rio; agentes financiadores; al\u00e9m de outras entidades em setores diversos e a Academia. Ela posiciona a constru\u00e7\u00e3o civil e o mercado imobili\u00e1rio nos debates de interesse do Brasil e contribui com propostas para a solu\u00e7\u00e3o de problemas, tendo como interesse maior o desenvolvimento do pa\u00eds e da sua popula\u00e7\u00e3o.<\/p>\n<p style=\"text-align: justify;\">A CBIC ainda integra a Federa\u00e7\u00e3o Interamericana da Ind\u00fastria da Constru\u00e7\u00e3o (FIIC) \u00e9 filiada \u00e0 Confedera\u00e7\u00e3o Internacional das Associa\u00e7\u00f5es de Constru\u00e7\u00e3o (CICA), da qual assumiu uma das vice-presid\u00eancias.<\/p>\n","protected":false},"excerpt":{"rendered":"<p>Mais de 200 parlamentares federais manifestaram apoio ao projeto \u2018Constru\u00e7\u00e3o: 1 Milh\u00e3o de Empregos J\u00e1\u2019, apresentado pela C\u00e2mara Brasileira da Ind\u00fastria da Constru\u00e7\u00e3o (CBIC) na manh\u00e3 desta quarta-feira (13), no B Hotel, em Bras\u00edlia. Senadores e deputados de todos os estados e do Distrito Federal acompanharam a apresenta\u00e7\u00e3o do conjunto de propostas que ter\u00e3o debate [&hellip;]<\/p>\n","protected":false},"author":3,"featured_media":8061,"comment_status":"closed","ping_status":"closed","sticky":false,"template":"","format":"standard","meta":{"footnotes":""},"categories":[92],"tags":[],"class_list":["post-8060","post","type-post","status-publish","format-standard","has-post-thumbnail","hentry","category-seconci-brasil"],"yoast_head":"<!-- This site is optimized with the Yoast SEO plugin v26.9 - https:\/\/yoast.com\/product\/yoast-seo-wordpress\/ -->\n<title>Constru\u00e7\u00e3o leva a parlamentares propostas para gerar 1 milh\u00e3o de empregos - Seconci Brasil<\/title>\n<meta name=\"robots\" content=\"index, follow, max-snippet:-1, max-image-preview:large, max-video-preview:-1\" \/>\n<link rel=\"canonical\" href=\"https:\/\/seconci.com.br\/site\/2019\/02\/14\/construcao-leva-a-parlamentares-propostas-para-gerar-1-milhao-de-empregos\/\" \/>\n<meta property=\"og:locale\" content=\"pt_PT\" \/>\n<meta property=\"og:type\" content=\"article\" \/>\n<meta property=\"og:title\" content=\"Constru\u00e7\u00e3o leva a parlamentares propostas para gerar 1 milh\u00e3o de empregos - Seconci Brasil\" \/>\n<meta property=\"og:description\" content=\"Mais de 200 parlamentares federais manifestaram apoio ao projeto \u2018Constru\u00e7\u00e3o: 1 Milh\u00e3o de Empregos J\u00e1\u2019, apresentado pela C\u00e2mara Brasileira da Ind\u00fastria da Constru\u00e7\u00e3o (CBIC) na manh\u00e3 desta quarta-feira (13), no B Hotel, em Bras\u00edlia. Senadores e deputados de todos os estados e do Distrito Federal acompanharam a apresenta\u00e7\u00e3o do conjunto de propostas que ter\u00e3o debate [&hellip;]\" \/>\n<meta property=\"og:url\" content=\"https:\/\/seconci.com.br\/site\/2019\/02\/14\/construcao-leva-a-parlamentares-propostas-para-gerar-1-milhao-de-empregos\/\" \/>\n<meta property=\"og:site_name\" content=\"Seconci Brasil\" \/>\n<meta property=\"article:published_time\" content=\"2019-02-14T10:38:52+00:00\" \/>\n<meta property=\"article:modified_time\" content=\"2019-02-14T10:39:46+00:00\" \/>\n<meta property=\"og:image\" content=\"https:\/\/seconci.com.br\/site\/wp-content\/uploads\/2019\/02\/kardel_cbic_parlamentares-4.jpeg\" \/>\n\t<meta property=\"og:image:width\" content=\"1280\" \/>\n\t<meta property=\"og:image:height\" content=\"854\" \/>\n\t<meta property=\"og:image:type\" content=\"image\/jpeg\" \/>\n<meta name=\"author\" content=\"Sidney Rocha\" \/>\n<meta name=\"twitter:card\" content=\"summary_large_image\" \/>\n<meta name=\"twitter:label1\" content=\"Escrito por\" \/>\n\t<meta name=\"twitter:data1\" content=\"Sidney Rocha\" \/>\n\t<meta name=\"twitter:label2\" content=\"Tempo estimado de leitura\" \/>\n\t<meta name=\"twitter:data2\" content=\"4 minutos\" \/>\n<script type=\"application\/ld+json\" class=\"yoast-schema-graph\">{\"@context\":\"https:\/\/schema.org\",\"@graph\":[{\"@type\":\"Article\",\"@id\":\"https:\/\/seconci.com.br\/site\/2019\/02\/14\/construcao-leva-a-parlamentares-propostas-para-gerar-1-milhao-de-empregos\/#article\",\"isPartOf\":{\"@id\":\"https:\/\/seconci.com.br\/site\/2019\/02\/14\/construcao-leva-a-parlamentares-propostas-para-gerar-1-milhao-de-empregos\/\"},\"author\":{\"name\":\"Sidney Rocha\",\"@id\":\"https:\/\/seconci.com.br\/site\/#\/schema\/person\/1d79afd97ddc8f2c68c1e88e298aa8e2\"},\"headline\":\"Constru\u00e7\u00e3o leva a parlamentares propostas para gerar 1 milh\u00e3o de empregos\",\"datePublished\":\"2019-02-14T10:38:52+00:00\",\"dateModified\":\"2019-02-14T10:39:46+00:00\",\"mainEntityOfPage\":{\"@id\":\"https:\/\/seconci.com.br\/site\/2019\/02\/14\/construcao-leva-a-parlamentares-propostas-para-gerar-1-milhao-de-empregos\/\"},\"wordCount\":812,\"publisher\":{\"@id\":\"https:\/\/seconci.com.br\/site\/#organization\"},\"image\":{\"@id\":\"https:\/\/seconci.com.br\/site\/2019\/02\/14\/construcao-leva-a-parlamentares-propostas-para-gerar-1-milhao-de-empregos\/#primaryimage\"},\"thumbnailUrl\":\"https:\/\/seconci.com.br\/site\/wp-content\/uploads\/2019\/02\/kardel_cbic_parlamentares-4.jpeg\",\"articleSection\":[\"Seconci Brasil\"],\"inLanguage\":\"pt-PT\"},{\"@type\":\"WebPage\",\"@id\":\"https:\/\/seconci.com.br\/site\/2019\/02\/14\/construcao-leva-a-parlamentares-propostas-para-gerar-1-milhao-de-empregos\/\",\"url\":\"https:\/\/seconci.com.br\/site\/2019\/02\/14\/construcao-leva-a-parlamentares-propostas-para-gerar-1-milhao-de-empregos\/\",\"name\":\"Constru\u00e7\u00e3o leva a parlamentares propostas para gerar 1 milh\u00e3o de empregos - Seconci Brasil\",\"isPartOf\":{\"@id\":\"https:\/\/seconci.com.br\/site\/#website\"},\"primaryImageOfPage\":{\"@id\":\"https:\/\/seconci.com.br\/site\/2019\/02\/14\/construcao-leva-a-parlamentares-propostas-para-gerar-1-milhao-de-empregos\/#primaryimage\"},\"image\":{\"@id\":\"https:\/\/seconci.com.br\/site\/2019\/02\/14\/construcao-leva-a-parlamentares-propostas-para-gerar-1-milhao-de-empregos\/#primaryimage\"},\"thumbnailUrl\":\"https:\/\/seconci.com.br\/site\/wp-content\/uploads\/2019\/02\/kardel_cbic_parlamentares-4.jpeg\",\"datePublished\":\"2019-02-14T10:38:52+00:00\",\"dateModified\":\"2019-02-14T10:39:46+00:00\",\"breadcrumb\":{\"@id\":\"https:\/\/seconci.com.br\/site\/2019\/02\/14\/construcao-leva-a-parlamentares-propostas-para-gerar-1-milhao-de-empregos\/#breadcrumb\"},\"inLanguage\":\"pt-PT\",\"potentialAction\":[{\"@type\":\"ReadAction\",\"target\":[\"https:\/\/seconci.com.br\/site\/2019\/02\/14\/construcao-leva-a-parlamentares-propostas-para-gerar-1-milhao-de-empregos\/\"]}]},{\"@type\":\"ImageObject\",\"inLanguage\":\"pt-PT\",\"@id\":\"https:\/\/seconci.com.br\/site\/2019\/02\/14\/construcao-leva-a-parlamentares-propostas-para-gerar-1-milhao-de-empregos\/#primaryimage\",\"url\":\"https:\/\/seconci.com.br\/site\/wp-content\/uploads\/2019\/02\/kardel_cbic_parlamentares-4.jpeg\",\"contentUrl\":\"https:\/\/seconci.com.br\/site\/wp-content\/uploads\/2019\/02\/kardel_cbic_parlamentares-4.jpeg\",\"width\":1280,\"height\":854},{\"@type\":\"BreadcrumbList\",\"@id\":\"https:\/\/seconci.com.br\/site\/2019\/02\/14\/construcao-leva-a-parlamentares-propostas-para-gerar-1-milhao-de-empregos\/#breadcrumb\",\"itemListElement\":[{\"@type\":\"ListItem\",\"position\":1,\"name\":\"In\u00edcio\",\"item\":\"https:\/\/seconci.com.br\/site\/\"},{\"@type\":\"ListItem\",\"position\":2,\"name\":\"Constru\u00e7\u00e3o leva a parlamentares propostas para gerar 1 milh\u00e3o de empregos\"}]},{\"@type\":\"WebSite\",\"@id\":\"https:\/\/seconci.com.br\/site\/#website\",\"url\":\"https:\/\/seconci.com.br\/site\/\",\"name\":\"Seconci Brasil\",\"description\":\"\",\"publisher\":{\"@id\":\"https:\/\/seconci.com.br\/site\/#organization\"},\"potentialAction\":[{\"@type\":\"SearchAction\",\"target\":{\"@type\":\"EntryPoint\",\"urlTemplate\":\"https:\/\/seconci.com.br\/site\/?s={search_term_string}\"},\"query-input\":{\"@type\":\"PropertyValueSpecification\",\"valueRequired\":true,\"valueName\":\"search_term_string\"}}],\"inLanguage\":\"pt-PT\"},{\"@type\":\"Organization\",\"@id\":\"https:\/\/seconci.com.br\/site\/#organization\",\"name\":\"Seconci Brasil\",\"url\":\"https:\/\/seconci.com.br\/site\/\",\"logo\":{\"@type\":\"ImageObject\",\"inLanguage\":\"pt-PT\",\"@id\":\"https:\/\/seconci.com.br\/site\/#\/schema\/logo\/image\/\",\"url\":\"https:\/\/seconci.com.br\/site\/wp-content\/uploads\/2024\/08\/Logo-Seconci-Brasil-branca-2.png\",\"contentUrl\":\"https:\/\/seconci.com.br\/site\/wp-content\/uploads\/2024\/08\/Logo-Seconci-Brasil-branca-2.png\",\"width\":1315,\"height\":598,\"caption\":\"Seconci Brasil\"},\"image\":{\"@id\":\"https:\/\/seconci.com.br\/site\/#\/schema\/logo\/image\/\"}},{\"@type\":\"Person\",\"@id\":\"https:\/\/seconci.com.br\/site\/#\/schema\/person\/1d79afd97ddc8f2c68c1e88e298aa8e2\",\"name\":\"Sidney Rocha\",\"description\":\"Comunicador e estagi\u00e1rio do Seconci Brasil.\",\"url\":\"https:\/\/seconci.com.br\/site\/author\/sidney-rocha\/\"}]}<\/script>\n<!-- \/ Yoast SEO plugin. -->","yoast_head_json":{"title":"Constru\u00e7\u00e3o leva a parlamentares propostas para gerar 1 milh\u00e3o de empregos - Seconci Brasil","robots":{"index":"index","follow":"follow","max-snippet":"max-snippet:-1","max-image-preview":"max-image-preview:large","max-video-preview":"max-video-preview:-1"},"canonical":"https:\/\/seconci.com.br\/site\/2019\/02\/14\/construcao-leva-a-parlamentares-propostas-para-gerar-1-milhao-de-empregos\/","og_locale":"pt_PT","og_type":"article","og_title":"Constru\u00e7\u00e3o leva a parlamentares propostas para gerar 1 milh\u00e3o de empregos - Seconci Brasil","og_description":"Mais de 200 parlamentares federais manifestaram apoio ao projeto \u2018Constru\u00e7\u00e3o: 1 Milh\u00e3o de Empregos J\u00e1\u2019, apresentado pela C\u00e2mara Brasileira da Ind\u00fastria da Constru\u00e7\u00e3o (CBIC) na manh\u00e3 desta quarta-feira (13), no B Hotel, em Bras\u00edlia. Senadores e deputados de todos os estados e do Distrito Federal acompanharam a apresenta\u00e7\u00e3o do conjunto de propostas que ter\u00e3o debate [&hellip;]","og_url":"https:\/\/seconci.com.br\/site\/2019\/02\/14\/construcao-leva-a-parlamentares-propostas-para-gerar-1-milhao-de-empregos\/","og_site_name":"Seconci Brasil","article_published_time":"2019-02-14T10:38:52+00:00","article_modified_time":"2019-02-14T10:39:46+00:00","og_image":[{"width":1280,"height":854,"url":"https:\/\/seconci.com.br\/site\/wp-content\/uploads\/2019\/02\/kardel_cbic_parlamentares-4.jpeg","type":"image\/jpeg"}],"author":"Sidney Rocha","twitter_card":"summary_large_image","twitter_misc":{"Escrito por":"Sidney Rocha","Tempo estimado de leitura":"4 minutos"},"schema":{"@context":"https:\/\/schema.org","@graph":[{"@type":"Article","@id":"https:\/\/seconci.com.br\/site\/2019\/02\/14\/construcao-leva-a-parlamentares-propostas-para-gerar-1-milhao-de-empregos\/#article","isPartOf":{"@id":"https:\/\/seconci.com.br\/site\/2019\/02\/14\/construcao-leva-a-parlamentares-propostas-para-gerar-1-milhao-de-empregos\/"},"author":{"name":"Sidney Rocha","@id":"https:\/\/seconci.com.br\/site\/#\/schema\/person\/1d79afd97ddc8f2c68c1e88e298aa8e2"},"headline":"Constru\u00e7\u00e3o leva a parlamentares propostas para gerar 1 milh\u00e3o de empregos","datePublished":"2019-02-14T10:38:52+00:00","dateModified":"2019-02-14T10:39:46+00:00","mainEntityOfPage":{"@id":"https:\/\/seconci.com.br\/site\/2019\/02\/14\/construcao-leva-a-parlamentares-propostas-para-gerar-1-milhao-de-empregos\/"},"wordCount":812,"publisher":{"@id":"https:\/\/seconci.com.br\/site\/#organization"},"image":{"@id":"https:\/\/seconci.com.br\/site\/2019\/02\/14\/construcao-leva-a-parlamentares-propostas-para-gerar-1-milhao-de-empregos\/#primaryimage"},"thumbnailUrl":"https:\/\/seconci.com.br\/site\/wp-content\/uploads\/2019\/02\/kardel_cbic_parlamentares-4.jpeg","articleSection":["Seconci Brasil"],"inLanguage":"pt-PT"},{"@type":"WebPage","@id":"https:\/\/seconci.com.br\/site\/2019\/02\/14\/construcao-leva-a-parlamentares-propostas-para-gerar-1-milhao-de-empregos\/","url":"https:\/\/seconci.com.br\/site\/2019\/02\/14\/construcao-leva-a-parlamentares-propostas-para-gerar-1-milhao-de-empregos\/","name":"Constru\u00e7\u00e3o leva a parlamentares propostas para gerar 1 milh\u00e3o de empregos - Seconci Brasil","isPartOf":{"@id":"https:\/\/seconci.com.br\/site\/#website"},"primaryImageOfPage":{"@id":"https:\/\/seconci.com.br\/site\/2019\/02\/14\/construcao-leva-a-parlamentares-propostas-para-gerar-1-milhao-de-empregos\/#primaryimage"},"image":{"@id":"https:\/\/seconci.com.br\/site\/2019\/02\/14\/construcao-leva-a-parlamentares-propostas-para-gerar-1-milhao-de-empregos\/#primaryimage"},"thumbnailUrl":"https:\/\/seconci.com.br\/site\/wp-content\/uploads\/2019\/02\/kardel_cbic_parlamentares-4.jpeg","datePublished":"2019-02-14T10:38:52+00:00","dateModified":"2019-02-14T10:39:46+00:00","breadcrumb":{"@id":"https:\/\/seconci.com.br\/site\/2019\/02\/14\/construcao-leva-a-parlamentares-propostas-para-gerar-1-milhao-de-empregos\/#breadcrumb"},"inLanguage":"pt-PT","potentialAction":[{"@type":"ReadAction","target":["https:\/\/seconci.com.br\/site\/2019\/02\/14\/construcao-leva-a-parlamentares-propostas-para-gerar-1-milhao-de-empregos\/"]}]},{"@type":"ImageObject","inLanguage":"pt-PT","@id":"https:\/\/seconci.com.br\/site\/2019\/02\/14\/construcao-leva-a-parlamentares-propostas-para-gerar-1-milhao-de-empregos\/#primaryimage","url":"https:\/\/seconci.com.br\/site\/wp-content\/uploads\/2019\/02\/kardel_cbic_parlamentares-4.jpeg","contentUrl":"https:\/\/seconci.com.br\/site\/wp-content\/uploads\/2019\/02\/kardel_cbic_parlamentares-4.jpeg","width":1280,"height":854},{"@type":"BreadcrumbList","@id":"https:\/\/seconci.com.br\/site\/2019\/02\/14\/construcao-leva-a-parlamentares-propostas-para-gerar-1-milhao-de-empregos\/#breadcrumb","itemListElement":[{"@type":"ListItem","position":1,"name":"In\u00edcio","item":"https:\/\/seconci.com.br\/site\/"},{"@type":"ListItem","position":2,"name":"Constru\u00e7\u00e3o leva a parlamentares propostas para gerar 1 milh\u00e3o de empregos"}]},{"@type":"WebSite","@id":"https:\/\/seconci.com.br\/site\/#website","url":"https:\/\/seconci.com.br\/site\/","name":"Seconci Brasil","description":"","publisher":{"@id":"https:\/\/seconci.com.br\/site\/#organization"},"potentialAction":[{"@type":"SearchAction","target":{"@type":"EntryPoint","urlTemplate":"https:\/\/seconci.com.br\/site\/?s={search_term_string}"},"query-input":{"@type":"PropertyValueSpecification","valueRequired":true,"valueName":"search_term_string"}}],"inLanguage":"pt-PT"},{"@type":"Organization","@id":"https:\/\/seconci.com.br\/site\/#organization","name":"Seconci Brasil","url":"https:\/\/seconci.com.br\/site\/","logo":{"@type":"ImageObject","inLanguage":"pt-PT","@id":"https:\/\/seconci.com.br\/site\/#\/schema\/logo\/image\/","url":"https:\/\/seconci.com.br\/site\/wp-content\/uploads\/2024\/08\/Logo-Seconci-Brasil-branca-2.png","contentUrl":"https:\/\/seconci.com.br\/site\/wp-content\/uploads\/2024\/08\/Logo-Seconci-Brasil-branca-2.png","width":1315,"height":598,"caption":"Seconci Brasil"},"image":{"@id":"https:\/\/seconci.com.br\/site\/#\/schema\/logo\/image\/"}},{"@type":"Person","@id":"https:\/\/seconci.com.br\/site\/#\/schema\/person\/1d79afd97ddc8f2c68c1e88e298aa8e2","name":"Sidney Rocha","description":"Comunicador e estagi\u00e1rio do Seconci Brasil.","url":"https:\/\/seconci.com.br\/site\/author\/sidney-rocha\/"}]}},"_links":{"self":[{"href":"https:\/\/seconci.com.br\/site\/wp-json\/wp\/v2\/posts\/8060","targetHints":{"allow":["GET"]}}],"collection":[{"href":"https:\/\/seconci.com.br\/site\/wp-json\/wp\/v2\/posts"}],"about":[{"href":"https:\/\/seconci.com.br\/site\/wp-json\/wp\/v2\/types\/post"}],"author":[{"embeddable":true,"href":"https:\/\/seconci.com.br\/site\/wp-json\/wp\/v2\/users\/3"}],"replies":[{"embeddable":true,"href":"https:\/\/seconci.com.br\/site\/wp-json\/wp\/v2\/comments?post=8060"}],"version-history":[{"count":0,"href":"https:\/\/seconci.com.br\/site\/wp-json\/wp\/v2\/posts\/8060\/revisions"}],"wp:featuredmedia":[{"embeddable":true,"href":"https:\/\/seconci.com.br\/site\/wp-json\/wp\/v2\/media\/8061"}],"wp:attachment":[{"href":"https:\/\/seconci.com.br\/site\/wp-json\/wp\/v2\/media?parent=8060"}],"wp:term":[{"taxonomy":"category","embeddable":true,"href":"https:\/\/seconci.com.br\/site\/wp-json\/wp\/v2\/categories?post=8060"},{"taxonomy":"post_tag","embeddable":true,"href":"https:\/\/seconci.com.br\/site\/wp-json\/wp\/v2\/tags?post=8060"}],"curies":[{"name":"wp","href":"https:\/\/api.w.org\/{rel}","templated":true}]}}