{"id":8086,"date":"2019-02-18T11:59:40","date_gmt":"2019-02-18T11:59:40","guid":{"rendered":"https:\/\/seconci.com.br\/site\/?p=8086"},"modified":"2019-02-18T11:59:40","modified_gmt":"2019-02-18T11:59:40","slug":"grupos-de-apoio-do-seconci-sp-iniciam-encontros","status":"publish","type":"post","link":"https:\/\/seconci.com.br\/site\/2019\/02\/18\/grupos-de-apoio-do-seconci-sp-iniciam-encontros\/","title":{"rendered":"Grupos de Apoio do Seconci-SP iniciam encontros"},"content":{"rendered":"<p style=\"text-align: justify;\"><em>Objetivo \u00e9 auxiliar no tratamento de transtornos psicol\u00f3gicos e de depend\u00eancia qu\u00edmica<\/em><\/p>\n<p style=\"text-align: justify;\">| <strong>Assessoria de Comunica\u00e7\u00e3o Social do Seconci-DF<\/strong> |<\/p>\n<p style=\"text-align: justify;\">O Seconci-SP retoma neste m\u00eas os encontros dos Grupos de Apoio que objetivam auxiliar trabalhadores e seus dependentes no tratamento de transtornos psicol\u00f3gicos e de depend\u00eancia qu\u00edmica. A coordenadora do Servi\u00e7o Social da entidade, Angela Nogueira Braga da Silva, explica que os grupos constituem um espa\u00e7o onde os participantes compartilham experi\u00eancias com pessoas que estejam vivendo a mesma situa\u00e7\u00e3o e recebem orienta\u00e7\u00f5es.<\/p>\n<p style=\"text-align: justify;\">O Grupo de Apoio e Orienta\u00e7\u00e3o no Tratamento Ambulatorial para Depend\u00eancia Qu\u00edmica \u00e9 focado no aux\u00edlio de pessoas que desejam abandonar o uso de drogas l\u00edcitas e il\u00edcitas. O Grupo Social de Apoio \u00e9 formado por pacientes que sofrem de doen\u00e7as psicol\u00f3gicas, como a depress\u00e3o e a ansiedade.<\/p>\n<p style=\"text-align: justify;\">\u201cNas reuni\u00f5es, buscamos levar informa\u00e7\u00e3o, mostrando aos participantes o mal causado ao corpo pelas subst\u00e2ncias qu\u00edmicas, no caso dos que est\u00e3o tentando abandonar algum v\u00edcio\u201d, comenta Angela. \u201cAl\u00e9m disso, fornecemos dicas de como estes pacientes podem evitar a reca\u00edda, no per\u00edodo em que est\u00e3o em abstin\u00eancia\u201d, explica.<\/p>\n<p style=\"text-align: justify;\">As pessoas que participam dos grupos contam com a assist\u00eancia de psiquiatras, psic\u00f3logos, nutricionistas e assistentes sociais. \u201cOs participantes ingressam nos grupos por indica\u00e7\u00e3o do m\u00e9dico que as atende no Seconci-SP\u201d, informa a coordenadora do Servi\u00e7o Social.<\/p>\n<p style=\"text-align: justify;\">Angela destaca que, desde a cria\u00e7\u00e3o dos grupos, h\u00e1 cerca de seis anos, a ideia sempre foi oferecer um local onde as pessoas se sintam seguras e acolhidas. Por isso, al\u00e9m de explica\u00e7\u00f5es e orienta\u00e7\u00f5es, temas propostos pelos participantes tamb\u00e9m s\u00e3o debatidos. As reuni\u00f5es ocorrem mensalmente na sede da entidade, em S\u00e3o Paulo. Interessados em participar devem contatar o Servi\u00e7o Social pelo tel. (11) 3664-5065.<\/p>\n<p style=\"text-align: justify;\">O Seconci-SP tamb\u00e9m d\u00e1 palestras sobre depend\u00eancia qu\u00edmica e transtornos psicol\u00f3gicos na sede de construtoras, incorporadoras e instaladoras em canteiros de obra. Informa\u00e7\u00f5es: (11) 3664-5844 ou relacoesempresariais@seconci-sp.org.br .<\/p>\n","protected":false},"excerpt":{"rendered":"<p>Objetivo \u00e9 auxiliar no tratamento de transtornos psicol\u00f3gicos e de depend\u00eancia qu\u00edmica | Assessoria de Comunica\u00e7\u00e3o Social do Seconci-DF | O Seconci-SP retoma neste m\u00eas os encontros dos Grupos de Apoio que objetivam auxiliar trabalhadores e seus dependentes no tratamento de transtornos psicol\u00f3gicos e de depend\u00eancia qu\u00edmica. A coordenadora do Servi\u00e7o Social da entidade, Angela [&hellip;]<\/p>\n","protected":false},"author":3,"featured_media":8087,"comment_status":"closed","ping_status":"closed","sticky":false,"template":"","format":"standard","meta":{"footnotes":""},"categories":[87],"tags":[],"class_list":["post-8086","post","type-post","status-publish","format-standard","has-post-thumbnail","hentry","category-seconci-sao-paulo"],"yoast_head":"<!-- This site is optimized with the Yoast SEO plugin v26.9 - https:\/\/yoast.com\/product\/yoast-seo-wordpress\/ -->\n<title>Grupos de Apoio do Seconci-SP iniciam encontros - Seconci Brasil<\/title>\n<meta name=\"robots\" content=\"index, follow, max-snippet:-1, max-image-preview:large, max-video-preview:-1\" \/>\n<link rel=\"canonical\" href=\"https:\/\/seconci.com.br\/site\/2019\/02\/18\/grupos-de-apoio-do-seconci-sp-iniciam-encontros\/\" \/>\n<meta property=\"og:locale\" content=\"pt_PT\" \/>\n<meta property=\"og:type\" content=\"article\" \/>\n<meta property=\"og:title\" content=\"Grupos de Apoio do Seconci-SP iniciam encontros - Seconci Brasil\" \/>\n<meta property=\"og:description\" content=\"Objetivo \u00e9 auxiliar no tratamento de transtornos psicol\u00f3gicos e de depend\u00eancia qu\u00edmica | Assessoria de Comunica\u00e7\u00e3o Social do Seconci-DF | O Seconci-SP retoma neste m\u00eas os encontros dos Grupos de Apoio que objetivam auxiliar trabalhadores e seus dependentes no tratamento de transtornos psicol\u00f3gicos e de depend\u00eancia qu\u00edmica. A coordenadora do Servi\u00e7o Social da entidade, Angela [&hellip;]\" \/>\n<meta property=\"og:url\" content=\"https:\/\/seconci.com.br\/site\/2019\/02\/18\/grupos-de-apoio-do-seconci-sp-iniciam-encontros\/\" \/>\n<meta property=\"og:site_name\" content=\"Seconci Brasil\" \/>\n<meta property=\"article:published_time\" content=\"2019-02-18T11:59:40+00:00\" \/>\n<meta property=\"og:image\" content=\"https:\/\/seconci.com.br\/site\/wp-content\/uploads\/2019\/02\/download.jpg\" \/>\n\t<meta property=\"og:image:width\" content=\"299\" \/>\n\t<meta property=\"og:image:height\" content=\"169\" \/>\n\t<meta property=\"og:image:type\" content=\"image\/jpeg\" \/>\n<meta name=\"author\" content=\"Sidney Rocha\" \/>\n<meta name=\"twitter:card\" content=\"summary_large_image\" \/>\n<meta name=\"twitter:label1\" content=\"Escrito por\" \/>\n\t<meta name=\"twitter:data1\" content=\"Sidney Rocha\" \/>\n\t<meta name=\"twitter:label2\" content=\"Tempo estimado de leitura\" \/>\n\t<meta name=\"twitter:data2\" content=\"2 minutos\" \/>\n<script type=\"application\/ld+json\" class=\"yoast-schema-graph\">{\"@context\":\"https:\/\/schema.org\",\"@graph\":[{\"@type\":\"Article\",\"@id\":\"https:\/\/seconci.com.br\/site\/2019\/02\/18\/grupos-de-apoio-do-seconci-sp-iniciam-encontros\/#article\",\"isPartOf\":{\"@id\":\"https:\/\/seconci.com.br\/site\/2019\/02\/18\/grupos-de-apoio-do-seconci-sp-iniciam-encontros\/\"},\"author\":{\"name\":\"Sidney Rocha\",\"@id\":\"https:\/\/seconci.com.br\/site\/#\/schema\/person\/1d79afd97ddc8f2c68c1e88e298aa8e2\"},\"headline\":\"Grupos de Apoio do Seconci-SP iniciam encontros\",\"datePublished\":\"2019-02-18T11:59:40+00:00\",\"mainEntityOfPage\":{\"@id\":\"https:\/\/seconci.com.br\/site\/2019\/02\/18\/grupos-de-apoio-do-seconci-sp-iniciam-encontros\/\"},\"wordCount\":361,\"publisher\":{\"@id\":\"https:\/\/seconci.com.br\/site\/#organization\"},\"image\":{\"@id\":\"https:\/\/seconci.com.br\/site\/2019\/02\/18\/grupos-de-apoio-do-seconci-sp-iniciam-encontros\/#primaryimage\"},\"thumbnailUrl\":\"https:\/\/seconci.com.br\/site\/wp-content\/uploads\/2019\/02\/download.jpg\",\"articleSection\":[\"Seconci S\u00e3o Paulo\"],\"inLanguage\":\"pt-PT\"},{\"@type\":\"WebPage\",\"@id\":\"https:\/\/seconci.com.br\/site\/2019\/02\/18\/grupos-de-apoio-do-seconci-sp-iniciam-encontros\/\",\"url\":\"https:\/\/seconci.com.br\/site\/2019\/02\/18\/grupos-de-apoio-do-seconci-sp-iniciam-encontros\/\",\"name\":\"Grupos de Apoio do Seconci-SP iniciam encontros - Seconci Brasil\",\"isPartOf\":{\"@id\":\"https:\/\/seconci.com.br\/site\/#website\"},\"primaryImageOfPage\":{\"@id\":\"https:\/\/seconci.com.br\/site\/2019\/02\/18\/grupos-de-apoio-do-seconci-sp-iniciam-encontros\/#primaryimage\"},\"image\":{\"@id\":\"https:\/\/seconci.com.br\/site\/2019\/02\/18\/grupos-de-apoio-do-seconci-sp-iniciam-encontros\/#primaryimage\"},\"thumbnailUrl\":\"https:\/\/seconci.com.br\/site\/wp-content\/uploads\/2019\/02\/download.jpg\",\"datePublished\":\"2019-02-18T11:59:40+00:00\",\"breadcrumb\":{\"@id\":\"https:\/\/seconci.com.br\/site\/2019\/02\/18\/grupos-de-apoio-do-seconci-sp-iniciam-encontros\/#breadcrumb\"},\"inLanguage\":\"pt-PT\",\"potentialAction\":[{\"@type\":\"ReadAction\",\"target\":[\"https:\/\/seconci.com.br\/site\/2019\/02\/18\/grupos-de-apoio-do-seconci-sp-iniciam-encontros\/\"]}]},{\"@type\":\"ImageObject\",\"inLanguage\":\"pt-PT\",\"@id\":\"https:\/\/seconci.com.br\/site\/2019\/02\/18\/grupos-de-apoio-do-seconci-sp-iniciam-encontros\/#primaryimage\",\"url\":\"https:\/\/seconci.com.br\/site\/wp-content\/uploads\/2019\/02\/download.jpg\",\"contentUrl\":\"https:\/\/seconci.com.br\/site\/wp-content\/uploads\/2019\/02\/download.jpg\",\"width\":299,\"height\":169},{\"@type\":\"BreadcrumbList\",\"@id\":\"https:\/\/seconci.com.br\/site\/2019\/02\/18\/grupos-de-apoio-do-seconci-sp-iniciam-encontros\/#breadcrumb\",\"itemListElement\":[{\"@type\":\"ListItem\",\"position\":1,\"name\":\"In\u00edcio\",\"item\":\"https:\/\/seconci.com.br\/site\/\"},{\"@type\":\"ListItem\",\"position\":2,\"name\":\"Grupos de Apoio do Seconci-SP iniciam encontros\"}]},{\"@type\":\"WebSite\",\"@id\":\"https:\/\/seconci.com.br\/site\/#website\",\"url\":\"https:\/\/seconci.com.br\/site\/\",\"name\":\"Seconci Brasil\",\"description\":\"\",\"publisher\":{\"@id\":\"https:\/\/seconci.com.br\/site\/#organization\"},\"potentialAction\":[{\"@type\":\"SearchAction\",\"target\":{\"@type\":\"EntryPoint\",\"urlTemplate\":\"https:\/\/seconci.com.br\/site\/?s={search_term_string}\"},\"query-input\":{\"@type\":\"PropertyValueSpecification\",\"valueRequired\":true,\"valueName\":\"search_term_string\"}}],\"inLanguage\":\"pt-PT\"},{\"@type\":\"Organization\",\"@id\":\"https:\/\/seconci.com.br\/site\/#organization\",\"name\":\"Seconci Brasil\",\"url\":\"https:\/\/seconci.com.br\/site\/\",\"logo\":{\"@type\":\"ImageObject\",\"inLanguage\":\"pt-PT\",\"@id\":\"https:\/\/seconci.com.br\/site\/#\/schema\/logo\/image\/\",\"url\":\"https:\/\/seconci.com.br\/site\/wp-content\/uploads\/2024\/08\/Logo-Seconci-Brasil-branca-2.png\",\"contentUrl\":\"https:\/\/seconci.com.br\/site\/wp-content\/uploads\/2024\/08\/Logo-Seconci-Brasil-branca-2.png\",\"width\":1315,\"height\":598,\"caption\":\"Seconci Brasil\"},\"image\":{\"@id\":\"https:\/\/seconci.com.br\/site\/#\/schema\/logo\/image\/\"}},{\"@type\":\"Person\",\"@id\":\"https:\/\/seconci.com.br\/site\/#\/schema\/person\/1d79afd97ddc8f2c68c1e88e298aa8e2\",\"name\":\"Sidney Rocha\",\"description\":\"Comunicador e estagi\u00e1rio do Seconci Brasil.\",\"url\":\"https:\/\/seconci.com.br\/site\/author\/sidney-rocha\/\"}]}<\/script>\n<!-- \/ Yoast SEO plugin. -->","yoast_head_json":{"title":"Grupos de Apoio do Seconci-SP iniciam encontros - Seconci Brasil","robots":{"index":"index","follow":"follow","max-snippet":"max-snippet:-1","max-image-preview":"max-image-preview:large","max-video-preview":"max-video-preview:-1"},"canonical":"https:\/\/seconci.com.br\/site\/2019\/02\/18\/grupos-de-apoio-do-seconci-sp-iniciam-encontros\/","og_locale":"pt_PT","og_type":"article","og_title":"Grupos de Apoio do Seconci-SP iniciam encontros - Seconci Brasil","og_description":"Objetivo \u00e9 auxiliar no tratamento de transtornos psicol\u00f3gicos e de depend\u00eancia qu\u00edmica | Assessoria de Comunica\u00e7\u00e3o Social do Seconci-DF | O Seconci-SP retoma neste m\u00eas os encontros dos Grupos de Apoio que objetivam auxiliar trabalhadores e seus dependentes no tratamento de transtornos psicol\u00f3gicos e de depend\u00eancia qu\u00edmica. A coordenadora do Servi\u00e7o Social da entidade, Angela [&hellip;]","og_url":"https:\/\/seconci.com.br\/site\/2019\/02\/18\/grupos-de-apoio-do-seconci-sp-iniciam-encontros\/","og_site_name":"Seconci Brasil","article_published_time":"2019-02-18T11:59:40+00:00","og_image":[{"width":299,"height":169,"url":"https:\/\/seconci.com.br\/site\/wp-content\/uploads\/2019\/02\/download.jpg","type":"image\/jpeg"}],"author":"Sidney Rocha","twitter_card":"summary_large_image","twitter_misc":{"Escrito por":"Sidney Rocha","Tempo estimado de leitura":"2 minutos"},"schema":{"@context":"https:\/\/schema.org","@graph":[{"@type":"Article","@id":"https:\/\/seconci.com.br\/site\/2019\/02\/18\/grupos-de-apoio-do-seconci-sp-iniciam-encontros\/#article","isPartOf":{"@id":"https:\/\/seconci.com.br\/site\/2019\/02\/18\/grupos-de-apoio-do-seconci-sp-iniciam-encontros\/"},"author":{"name":"Sidney Rocha","@id":"https:\/\/seconci.com.br\/site\/#\/schema\/person\/1d79afd97ddc8f2c68c1e88e298aa8e2"},"headline":"Grupos de Apoio do Seconci-SP iniciam encontros","datePublished":"2019-02-18T11:59:40+00:00","mainEntityOfPage":{"@id":"https:\/\/seconci.com.br\/site\/2019\/02\/18\/grupos-de-apoio-do-seconci-sp-iniciam-encontros\/"},"wordCount":361,"publisher":{"@id":"https:\/\/seconci.com.br\/site\/#organization"},"image":{"@id":"https:\/\/seconci.com.br\/site\/2019\/02\/18\/grupos-de-apoio-do-seconci-sp-iniciam-encontros\/#primaryimage"},"thumbnailUrl":"https:\/\/seconci.com.br\/site\/wp-content\/uploads\/2019\/02\/download.jpg","articleSection":["Seconci S\u00e3o Paulo"],"inLanguage":"pt-PT"},{"@type":"WebPage","@id":"https:\/\/seconci.com.br\/site\/2019\/02\/18\/grupos-de-apoio-do-seconci-sp-iniciam-encontros\/","url":"https:\/\/seconci.com.br\/site\/2019\/02\/18\/grupos-de-apoio-do-seconci-sp-iniciam-encontros\/","name":"Grupos de Apoio do Seconci-SP iniciam encontros - Seconci Brasil","isPartOf":{"@id":"https:\/\/seconci.com.br\/site\/#website"},"primaryImageOfPage":{"@id":"https:\/\/seconci.com.br\/site\/2019\/02\/18\/grupos-de-apoio-do-seconci-sp-iniciam-encontros\/#primaryimage"},"image":{"@id":"https:\/\/seconci.com.br\/site\/2019\/02\/18\/grupos-de-apoio-do-seconci-sp-iniciam-encontros\/#primaryimage"},"thumbnailUrl":"https:\/\/seconci.com.br\/site\/wp-content\/uploads\/2019\/02\/download.jpg","datePublished":"2019-02-18T11:59:40+00:00","breadcrumb":{"@id":"https:\/\/seconci.com.br\/site\/2019\/02\/18\/grupos-de-apoio-do-seconci-sp-iniciam-encontros\/#breadcrumb"},"inLanguage":"pt-PT","potentialAction":[{"@type":"ReadAction","target":["https:\/\/seconci.com.br\/site\/2019\/02\/18\/grupos-de-apoio-do-seconci-sp-iniciam-encontros\/"]}]},{"@type":"ImageObject","inLanguage":"pt-PT","@id":"https:\/\/seconci.com.br\/site\/2019\/02\/18\/grupos-de-apoio-do-seconci-sp-iniciam-encontros\/#primaryimage","url":"https:\/\/seconci.com.br\/site\/wp-content\/uploads\/2019\/02\/download.jpg","contentUrl":"https:\/\/seconci.com.br\/site\/wp-content\/uploads\/2019\/02\/download.jpg","width":299,"height":169},{"@type":"BreadcrumbList","@id":"https:\/\/seconci.com.br\/site\/2019\/02\/18\/grupos-de-apoio-do-seconci-sp-iniciam-encontros\/#breadcrumb","itemListElement":[{"@type":"ListItem","position":1,"name":"In\u00edcio","item":"https:\/\/seconci.com.br\/site\/"},{"@type":"ListItem","position":2,"name":"Grupos de Apoio do Seconci-SP iniciam encontros"}]},{"@type":"WebSite","@id":"https:\/\/seconci.com.br\/site\/#website","url":"https:\/\/seconci.com.br\/site\/","name":"Seconci Brasil","description":"","publisher":{"@id":"https:\/\/seconci.com.br\/site\/#organization"},"potentialAction":[{"@type":"SearchAction","target":{"@type":"EntryPoint","urlTemplate":"https:\/\/seconci.com.br\/site\/?s={search_term_string}"},"query-input":{"@type":"PropertyValueSpecification","valueRequired":true,"valueName":"search_term_string"}}],"inLanguage":"pt-PT"},{"@type":"Organization","@id":"https:\/\/seconci.com.br\/site\/#organization","name":"Seconci Brasil","url":"https:\/\/seconci.com.br\/site\/","logo":{"@type":"ImageObject","inLanguage":"pt-PT","@id":"https:\/\/seconci.com.br\/site\/#\/schema\/logo\/image\/","url":"https:\/\/seconci.com.br\/site\/wp-content\/uploads\/2024\/08\/Logo-Seconci-Brasil-branca-2.png","contentUrl":"https:\/\/seconci.com.br\/site\/wp-content\/uploads\/2024\/08\/Logo-Seconci-Brasil-branca-2.png","width":1315,"height":598,"caption":"Seconci Brasil"},"image":{"@id":"https:\/\/seconci.com.br\/site\/#\/schema\/logo\/image\/"}},{"@type":"Person","@id":"https:\/\/seconci.com.br\/site\/#\/schema\/person\/1d79afd97ddc8f2c68c1e88e298aa8e2","name":"Sidney Rocha","description":"Comunicador e estagi\u00e1rio do Seconci Brasil.","url":"https:\/\/seconci.com.br\/site\/author\/sidney-rocha\/"}]}},"_links":{"self":[{"href":"https:\/\/seconci.com.br\/site\/wp-json\/wp\/v2\/posts\/8086","targetHints":{"allow":["GET"]}}],"collection":[{"href":"https:\/\/seconci.com.br\/site\/wp-json\/wp\/v2\/posts"}],"about":[{"href":"https:\/\/seconci.com.br\/site\/wp-json\/wp\/v2\/types\/post"}],"author":[{"embeddable":true,"href":"https:\/\/seconci.com.br\/site\/wp-json\/wp\/v2\/users\/3"}],"replies":[{"embeddable":true,"href":"https:\/\/seconci.com.br\/site\/wp-json\/wp\/v2\/comments?post=8086"}],"version-history":[{"count":0,"href":"https:\/\/seconci.com.br\/site\/wp-json\/wp\/v2\/posts\/8086\/revisions"}],"wp:featuredmedia":[{"embeddable":true,"href":"https:\/\/seconci.com.br\/site\/wp-json\/wp\/v2\/media\/8087"}],"wp:attachment":[{"href":"https:\/\/seconci.com.br\/site\/wp-json\/wp\/v2\/media?parent=8086"}],"wp:term":[{"taxonomy":"category","embeddable":true,"href":"https:\/\/seconci.com.br\/site\/wp-json\/wp\/v2\/categories?post=8086"},{"taxonomy":"post_tag","embeddable":true,"href":"https:\/\/seconci.com.br\/site\/wp-json\/wp\/v2\/tags?post=8086"}],"curies":[{"name":"wp","href":"https:\/\/api.w.org\/{rel}","templated":true}]}}