{"id":8145,"date":"2019-03-11T11:52:26","date_gmt":"2019-03-11T11:52:26","guid":{"rendered":"https:\/\/seconci.com.br\/site\/?p=8145"},"modified":"2019-03-11T11:52:26","modified_gmt":"2019-03-11T11:52:26","slug":"6o-premio-seconci-sp-sera-lancado-em-19-de-marco","status":"publish","type":"post","link":"https:\/\/seconci.com.br\/site\/2019\/03\/11\/6o-premio-seconci-sp-sera-lancado-em-19-de-marco\/","title":{"rendered":"6\u00ba Pr\u00eamio Seconci-SP ser\u00e1 lan\u00e7ado em 19 de mar\u00e7o"},"content":{"rendered":"<p style=\"text-align: justify;\"><em>Workshops mostrar\u00e3o como as empresas podem participar da premia\u00e7\u00e3o de SST<\/em><\/p>\n<p style=\"text-align: justify;\">| <strong>Assessoria de Comunica\u00e7\u00e3o do Seconci-SP<\/strong> |<\/p>\n<p style=\"text-align: justify;\">O 6\u00ba Pr\u00eamio Seconci-SP de Sa\u00fade e Seguran\u00e7a do Trabalho (SST) ser\u00e1 lan\u00e7ado em 19 de mar\u00e7o, na Unidade Central da entidade (r. Francisco Matarazzo 74, S\u00e3o Paulo), no primeiro dos workshops a serem realizados para mostrar como as empresas podem concorrer \u00e0 premia\u00e7\u00e3o, aprendendo a identificar e a relatar um case de sucesso.<\/p>\n<p style=\"text-align: justify;\">O Pr\u00eamio, realizado pelo Seconci-SP em parceria com o SindusCon-SP, \u00e9 destinado a empresas que tenham cases de sucesso em canteiros de obras localizados no Estado de S\u00e3o Paulo. Ser\u00e3o premiados os melhores em tr\u00eas categorias: Controle de Riscos no Canteiro, Controle da Sa\u00fade no Canteiro e Gerenciamento Ambiental do Entorno da Obra, distribu\u00eddos nas sete regi\u00f5es administrativas do Estado.<\/p>\n<p style=\"text-align: justify;\">Tamb\u00e9m s\u00e3o concedidos dois pr\u00eamios especiais: Trabalhador ou Trabalhadora Modelo, que elege o profissional mais comprometido com a sa\u00fade e seguran\u00e7a do trabalho e exemplo para os demais, e Personalidade do Ano, destinado a personalidade com grande representatividade em SST.<\/p>\n<p style=\"text-align: justify;\">Para os workshops, as inscri\u00e7\u00f5es s\u00e3o gratuitas: (11) 3664-5806 ou premio@premioseconci-sp.com.br . Conhe\u00e7a as datas e locais dos workshops a serem realizados no Interior: www.seconci-sp.org.br .<\/p>\n","protected":false},"excerpt":{"rendered":"<p>Workshops mostrar\u00e3o como as empresas podem participar da premia\u00e7\u00e3o de SST | Assessoria de Comunica\u00e7\u00e3o do Seconci-SP | O 6\u00ba Pr\u00eamio Seconci-SP de Sa\u00fade e Seguran\u00e7a do Trabalho (SST) ser\u00e1 lan\u00e7ado em 19 de mar\u00e7o, na Unidade Central da entidade (r. Francisco Matarazzo 74, S\u00e3o Paulo), no primeiro dos workshops a serem realizados para mostrar [&hellip;]<\/p>\n","protected":false},"author":3,"featured_media":0,"comment_status":"closed","ping_status":"closed","sticky":false,"template":"","format":"standard","meta":{"footnotes":""},"categories":[87],"tags":[],"class_list":["post-8145","post","type-post","status-publish","format-standard","hentry","category-seconci-sao-paulo"],"yoast_head":"<!-- This site is optimized with the Yoast SEO plugin v26.9 - https:\/\/yoast.com\/product\/yoast-seo-wordpress\/ -->\n<title>6\u00ba Pr\u00eamio Seconci-SP ser\u00e1 lan\u00e7ado em 19 de mar\u00e7o - Seconci Brasil<\/title>\n<meta name=\"robots\" content=\"index, follow, max-snippet:-1, max-image-preview:large, max-video-preview:-1\" \/>\n<link rel=\"canonical\" href=\"https:\/\/seconci.com.br\/site\/2019\/03\/11\/6o-premio-seconci-sp-sera-lancado-em-19-de-marco\/\" \/>\n<meta property=\"og:locale\" content=\"pt_PT\" \/>\n<meta property=\"og:type\" content=\"article\" \/>\n<meta property=\"og:title\" content=\"6\u00ba Pr\u00eamio Seconci-SP ser\u00e1 lan\u00e7ado em 19 de mar\u00e7o - Seconci Brasil\" \/>\n<meta property=\"og:description\" content=\"Workshops mostrar\u00e3o como as empresas podem participar da premia\u00e7\u00e3o de SST | Assessoria de Comunica\u00e7\u00e3o do Seconci-SP | O 6\u00ba Pr\u00eamio Seconci-SP de Sa\u00fade e Seguran\u00e7a do Trabalho (SST) ser\u00e1 lan\u00e7ado em 19 de mar\u00e7o, na Unidade Central da entidade (r. Francisco Matarazzo 74, S\u00e3o Paulo), no primeiro dos workshops a serem realizados para mostrar [&hellip;]\" \/>\n<meta property=\"og:url\" content=\"https:\/\/seconci.com.br\/site\/2019\/03\/11\/6o-premio-seconci-sp-sera-lancado-em-19-de-marco\/\" \/>\n<meta property=\"og:site_name\" content=\"Seconci Brasil\" \/>\n<meta property=\"article:published_time\" content=\"2019-03-11T11:52:26+00:00\" \/>\n<meta name=\"author\" content=\"Sidney Rocha\" \/>\n<meta name=\"twitter:card\" content=\"summary_large_image\" \/>\n<meta name=\"twitter:label1\" content=\"Escrito por\" \/>\n\t<meta name=\"twitter:data1\" content=\"Sidney Rocha\" \/>\n\t<meta name=\"twitter:label2\" content=\"Tempo estimado de leitura\" \/>\n\t<meta name=\"twitter:data2\" content=\"1 minuto\" \/>\n<script type=\"application\/ld+json\" class=\"yoast-schema-graph\">{\"@context\":\"https:\/\/schema.org\",\"@graph\":[{\"@type\":\"Article\",\"@id\":\"https:\/\/seconci.com.br\/site\/2019\/03\/11\/6o-premio-seconci-sp-sera-lancado-em-19-de-marco\/#article\",\"isPartOf\":{\"@id\":\"https:\/\/seconci.com.br\/site\/2019\/03\/11\/6o-premio-seconci-sp-sera-lancado-em-19-de-marco\/\"},\"author\":{\"name\":\"Sidney Rocha\",\"@id\":\"https:\/\/seconci.com.br\/site\/#\/schema\/person\/1d79afd97ddc8f2c68c1e88e298aa8e2\"},\"headline\":\"6\u00ba Pr\u00eamio Seconci-SP ser\u00e1 lan\u00e7ado em 19 de mar\u00e7o\",\"datePublished\":\"2019-03-11T11:52:26+00:00\",\"mainEntityOfPage\":{\"@id\":\"https:\/\/seconci.com.br\/site\/2019\/03\/11\/6o-premio-seconci-sp-sera-lancado-em-19-de-marco\/\"},\"wordCount\":229,\"publisher\":{\"@id\":\"https:\/\/seconci.com.br\/site\/#organization\"},\"articleSection\":[\"Seconci S\u00e3o Paulo\"],\"inLanguage\":\"pt-PT\"},{\"@type\":\"WebPage\",\"@id\":\"https:\/\/seconci.com.br\/site\/2019\/03\/11\/6o-premio-seconci-sp-sera-lancado-em-19-de-marco\/\",\"url\":\"https:\/\/seconci.com.br\/site\/2019\/03\/11\/6o-premio-seconci-sp-sera-lancado-em-19-de-marco\/\",\"name\":\"6\u00ba Pr\u00eamio Seconci-SP ser\u00e1 lan\u00e7ado em 19 de mar\u00e7o - Seconci Brasil\",\"isPartOf\":{\"@id\":\"https:\/\/seconci.com.br\/site\/#website\"},\"datePublished\":\"2019-03-11T11:52:26+00:00\",\"breadcrumb\":{\"@id\":\"https:\/\/seconci.com.br\/site\/2019\/03\/11\/6o-premio-seconci-sp-sera-lancado-em-19-de-marco\/#breadcrumb\"},\"inLanguage\":\"pt-PT\",\"potentialAction\":[{\"@type\":\"ReadAction\",\"target\":[\"https:\/\/seconci.com.br\/site\/2019\/03\/11\/6o-premio-seconci-sp-sera-lancado-em-19-de-marco\/\"]}]},{\"@type\":\"BreadcrumbList\",\"@id\":\"https:\/\/seconci.com.br\/site\/2019\/03\/11\/6o-premio-seconci-sp-sera-lancado-em-19-de-marco\/#breadcrumb\",\"itemListElement\":[{\"@type\":\"ListItem\",\"position\":1,\"name\":\"In\u00edcio\",\"item\":\"https:\/\/seconci.com.br\/site\/\"},{\"@type\":\"ListItem\",\"position\":2,\"name\":\"6\u00ba Pr\u00eamio Seconci-SP ser\u00e1 lan\u00e7ado em 19 de mar\u00e7o\"}]},{\"@type\":\"WebSite\",\"@id\":\"https:\/\/seconci.com.br\/site\/#website\",\"url\":\"https:\/\/seconci.com.br\/site\/\",\"name\":\"Seconci Brasil\",\"description\":\"\",\"publisher\":{\"@id\":\"https:\/\/seconci.com.br\/site\/#organization\"},\"potentialAction\":[{\"@type\":\"SearchAction\",\"target\":{\"@type\":\"EntryPoint\",\"urlTemplate\":\"https:\/\/seconci.com.br\/site\/?s={search_term_string}\"},\"query-input\":{\"@type\":\"PropertyValueSpecification\",\"valueRequired\":true,\"valueName\":\"search_term_string\"}}],\"inLanguage\":\"pt-PT\"},{\"@type\":\"Organization\",\"@id\":\"https:\/\/seconci.com.br\/site\/#organization\",\"name\":\"Seconci Brasil\",\"url\":\"https:\/\/seconci.com.br\/site\/\",\"logo\":{\"@type\":\"ImageObject\",\"inLanguage\":\"pt-PT\",\"@id\":\"https:\/\/seconci.com.br\/site\/#\/schema\/logo\/image\/\",\"url\":\"https:\/\/seconci.com.br\/site\/wp-content\/uploads\/2024\/08\/Logo-Seconci-Brasil-branca-2.png\",\"contentUrl\":\"https:\/\/seconci.com.br\/site\/wp-content\/uploads\/2024\/08\/Logo-Seconci-Brasil-branca-2.png\",\"width\":1315,\"height\":598,\"caption\":\"Seconci Brasil\"},\"image\":{\"@id\":\"https:\/\/seconci.com.br\/site\/#\/schema\/logo\/image\/\"}},{\"@type\":\"Person\",\"@id\":\"https:\/\/seconci.com.br\/site\/#\/schema\/person\/1d79afd97ddc8f2c68c1e88e298aa8e2\",\"name\":\"Sidney Rocha\",\"description\":\"Comunicador e estagi\u00e1rio do Seconci Brasil.\",\"url\":\"https:\/\/seconci.com.br\/site\/author\/sidney-rocha\/\"}]}<\/script>\n<!-- \/ Yoast SEO plugin. -->","yoast_head_json":{"title":"6\u00ba Pr\u00eamio Seconci-SP ser\u00e1 lan\u00e7ado em 19 de mar\u00e7o - Seconci Brasil","robots":{"index":"index","follow":"follow","max-snippet":"max-snippet:-1","max-image-preview":"max-image-preview:large","max-video-preview":"max-video-preview:-1"},"canonical":"https:\/\/seconci.com.br\/site\/2019\/03\/11\/6o-premio-seconci-sp-sera-lancado-em-19-de-marco\/","og_locale":"pt_PT","og_type":"article","og_title":"6\u00ba Pr\u00eamio Seconci-SP ser\u00e1 lan\u00e7ado em 19 de mar\u00e7o - Seconci Brasil","og_description":"Workshops mostrar\u00e3o como as empresas podem participar da premia\u00e7\u00e3o de SST | Assessoria de Comunica\u00e7\u00e3o do Seconci-SP | O 6\u00ba Pr\u00eamio Seconci-SP de Sa\u00fade e Seguran\u00e7a do Trabalho (SST) ser\u00e1 lan\u00e7ado em 19 de mar\u00e7o, na Unidade Central da entidade (r. Francisco Matarazzo 74, S\u00e3o Paulo), no primeiro dos workshops a serem realizados para mostrar [&hellip;]","og_url":"https:\/\/seconci.com.br\/site\/2019\/03\/11\/6o-premio-seconci-sp-sera-lancado-em-19-de-marco\/","og_site_name":"Seconci Brasil","article_published_time":"2019-03-11T11:52:26+00:00","author":"Sidney Rocha","twitter_card":"summary_large_image","twitter_misc":{"Escrito por":"Sidney Rocha","Tempo estimado de leitura":"1 minuto"},"schema":{"@context":"https:\/\/schema.org","@graph":[{"@type":"Article","@id":"https:\/\/seconci.com.br\/site\/2019\/03\/11\/6o-premio-seconci-sp-sera-lancado-em-19-de-marco\/#article","isPartOf":{"@id":"https:\/\/seconci.com.br\/site\/2019\/03\/11\/6o-premio-seconci-sp-sera-lancado-em-19-de-marco\/"},"author":{"name":"Sidney Rocha","@id":"https:\/\/seconci.com.br\/site\/#\/schema\/person\/1d79afd97ddc8f2c68c1e88e298aa8e2"},"headline":"6\u00ba Pr\u00eamio Seconci-SP ser\u00e1 lan\u00e7ado em 19 de mar\u00e7o","datePublished":"2019-03-11T11:52:26+00:00","mainEntityOfPage":{"@id":"https:\/\/seconci.com.br\/site\/2019\/03\/11\/6o-premio-seconci-sp-sera-lancado-em-19-de-marco\/"},"wordCount":229,"publisher":{"@id":"https:\/\/seconci.com.br\/site\/#organization"},"articleSection":["Seconci S\u00e3o Paulo"],"inLanguage":"pt-PT"},{"@type":"WebPage","@id":"https:\/\/seconci.com.br\/site\/2019\/03\/11\/6o-premio-seconci-sp-sera-lancado-em-19-de-marco\/","url":"https:\/\/seconci.com.br\/site\/2019\/03\/11\/6o-premio-seconci-sp-sera-lancado-em-19-de-marco\/","name":"6\u00ba Pr\u00eamio Seconci-SP ser\u00e1 lan\u00e7ado em 19 de mar\u00e7o - Seconci Brasil","isPartOf":{"@id":"https:\/\/seconci.com.br\/site\/#website"},"datePublished":"2019-03-11T11:52:26+00:00","breadcrumb":{"@id":"https:\/\/seconci.com.br\/site\/2019\/03\/11\/6o-premio-seconci-sp-sera-lancado-em-19-de-marco\/#breadcrumb"},"inLanguage":"pt-PT","potentialAction":[{"@type":"ReadAction","target":["https:\/\/seconci.com.br\/site\/2019\/03\/11\/6o-premio-seconci-sp-sera-lancado-em-19-de-marco\/"]}]},{"@type":"BreadcrumbList","@id":"https:\/\/seconci.com.br\/site\/2019\/03\/11\/6o-premio-seconci-sp-sera-lancado-em-19-de-marco\/#breadcrumb","itemListElement":[{"@type":"ListItem","position":1,"name":"In\u00edcio","item":"https:\/\/seconci.com.br\/site\/"},{"@type":"ListItem","position":2,"name":"6\u00ba Pr\u00eamio Seconci-SP ser\u00e1 lan\u00e7ado em 19 de mar\u00e7o"}]},{"@type":"WebSite","@id":"https:\/\/seconci.com.br\/site\/#website","url":"https:\/\/seconci.com.br\/site\/","name":"Seconci Brasil","description":"","publisher":{"@id":"https:\/\/seconci.com.br\/site\/#organization"},"potentialAction":[{"@type":"SearchAction","target":{"@type":"EntryPoint","urlTemplate":"https:\/\/seconci.com.br\/site\/?s={search_term_string}"},"query-input":{"@type":"PropertyValueSpecification","valueRequired":true,"valueName":"search_term_string"}}],"inLanguage":"pt-PT"},{"@type":"Organization","@id":"https:\/\/seconci.com.br\/site\/#organization","name":"Seconci Brasil","url":"https:\/\/seconci.com.br\/site\/","logo":{"@type":"ImageObject","inLanguage":"pt-PT","@id":"https:\/\/seconci.com.br\/site\/#\/schema\/logo\/image\/","url":"https:\/\/seconci.com.br\/site\/wp-content\/uploads\/2024\/08\/Logo-Seconci-Brasil-branca-2.png","contentUrl":"https:\/\/seconci.com.br\/site\/wp-content\/uploads\/2024\/08\/Logo-Seconci-Brasil-branca-2.png","width":1315,"height":598,"caption":"Seconci Brasil"},"image":{"@id":"https:\/\/seconci.com.br\/site\/#\/schema\/logo\/image\/"}},{"@type":"Person","@id":"https:\/\/seconci.com.br\/site\/#\/schema\/person\/1d79afd97ddc8f2c68c1e88e298aa8e2","name":"Sidney Rocha","description":"Comunicador e estagi\u00e1rio do Seconci Brasil.","url":"https:\/\/seconci.com.br\/site\/author\/sidney-rocha\/"}]}},"_links":{"self":[{"href":"https:\/\/seconci.com.br\/site\/wp-json\/wp\/v2\/posts\/8145","targetHints":{"allow":["GET"]}}],"collection":[{"href":"https:\/\/seconci.com.br\/site\/wp-json\/wp\/v2\/posts"}],"about":[{"href":"https:\/\/seconci.com.br\/site\/wp-json\/wp\/v2\/types\/post"}],"author":[{"embeddable":true,"href":"https:\/\/seconci.com.br\/site\/wp-json\/wp\/v2\/users\/3"}],"replies":[{"embeddable":true,"href":"https:\/\/seconci.com.br\/site\/wp-json\/wp\/v2\/comments?post=8145"}],"version-history":[{"count":0,"href":"https:\/\/seconci.com.br\/site\/wp-json\/wp\/v2\/posts\/8145\/revisions"}],"wp:attachment":[{"href":"https:\/\/seconci.com.br\/site\/wp-json\/wp\/v2\/media?parent=8145"}],"wp:term":[{"taxonomy":"category","embeddable":true,"href":"https:\/\/seconci.com.br\/site\/wp-json\/wp\/v2\/categories?post=8145"},{"taxonomy":"post_tag","embeddable":true,"href":"https:\/\/seconci.com.br\/site\/wp-json\/wp\/v2\/tags?post=8145"}],"curies":[{"name":"wp","href":"https:\/\/api.w.org\/{rel}","templated":true}]}}