{"id":8167,"date":"2019-03-14T11:48:38","date_gmt":"2019-03-14T11:48:38","guid":{"rendered":"https:\/\/seconci.com.br\/site\/?p=8167"},"modified":"2019-03-14T11:48:38","modified_gmt":"2019-03-14T11:48:38","slug":"industria-da-construcao-fomenta-insercao-social-e-cidadania","status":"publish","type":"post","link":"https:\/\/seconci.com.br\/site\/2019\/03\/14\/industria-da-construcao-fomenta-insercao-social-e-cidadania\/","title":{"rendered":"Ind\u00fastria da constru\u00e7\u00e3o fomenta inser\u00e7\u00e3o social e cidadania"},"content":{"rendered":"<p style=\"text-align: justify;\">| Ag\u00eancia Cbic |<\/p>\n<p style=\"text-align: justify;\">A Ind\u00fastria da Constru\u00e7\u00e3o \u00e9 uma das maiores respons\u00e1veis pela gera\u00e7\u00e3o de emprego formal e de renda no Pa\u00eds. Apesar da crise econ\u00f4mica nacional, s\u00e3o quase 2 milh\u00f5es de trabalhadores no setor, que j\u00e1 empregou 3,4 milh\u00f5es de pessoas.<\/p>\n<p style=\"text-align: justify;\">Al\u00e9m disso, atende a um dos maiores sonhos da popula\u00e7\u00e3o, especialmente da baixa renda que \u00e9 o da moradia digna, reduzindo gradativamente o d\u00e9ficit habitacional desse segmento.<\/p>\n<p style=\"text-align: justify;\">Executa tamb\u00e9m importantes projetos na \u00e1rea de alfabetiza\u00e7\u00e3o dos trabalhadores nos canteiros de obras, com a\u00e7\u00f5es em prol do desenvolvimento humano, bem como eventos na \u00e1rea de responsabilidade social, como o Dia Nacional da Constru\u00e7\u00e3o Social (DNCS), que promove a qualidade de vida dos seus profissionais por meio de a\u00e7\u00f5es de sa\u00fade, educa\u00e7\u00e3o, lazer e cidadania tanto para os trabalhadores quanto para os seus familiares.<\/p>\n<p style=\"text-align: justify;\">Estrat\u00e9gico para a retomada da economia nacional, o setor continua sendo um importante agente na realiza\u00e7\u00e3o de investimentos no Pa\u00eds, que incluem a constru\u00e7\u00e3o de infraestrutura \u2013 estradas, aeroportos, redes de esgoto \u2013 de escolas, hospitais, casas, edif\u00edcios residenciais e comerciais, ind\u00fastrias, obras de manuten\u00e7\u00e3o e reformas.<\/p>\n<p style=\"text-align: justify;\">Um novo ciclo de crescimento para ser sustent\u00e1vel obrigatoriamente precisar\u00e1 do comprometimento rec\u00edproco dos governos e da cadeia produtiva da constru\u00e7\u00e3o em promover a\u00e7\u00f5es e investimentos de forma continuada.<\/p>\n<p style=\"text-align: justify;\"><img fetchpriority=\"high\" decoding=\"async\" class=\"size-full wp-image-8169 aligncenter\" src=\"http:\/\/seconci.com.br\/site\/wp-content\/uploads\/2019\/03\/Sem-t\u00edtulo.png\" alt=\"\" width=\"801\" height=\"299\" srcset=\"https:\/\/seconci.com.br\/site\/wp-content\/uploads\/2019\/03\/Sem-t\u00edtulo.png 801w, https:\/\/seconci.com.br\/site\/wp-content\/uploads\/2019\/03\/Sem-t\u00edtulo-300x112.png 300w, https:\/\/seconci.com.br\/site\/wp-content\/uploads\/2019\/03\/Sem-t\u00edtulo-768x287.png 768w, https:\/\/seconci.com.br\/site\/wp-content\/uploads\/2019\/03\/Sem-t\u00edtulo-600x224.png 600w\" sizes=\"(max-width: 801px) 100vw, 801px\" \/><\/p>\n<p style=\"text-align: justify;\">\n<p style=\"text-align: justify;\">No 91\u00ba Encontro Nacional da Ind\u00fastria da Constru\u00e7\u00e3o (Enic), que ser\u00e1 realizado de 15 a 17 de maio, no Rio de Janeiro, ser\u00e3o detalhados todos os temas que envolvem o setor da constru\u00e7\u00e3o ao tratar de inova\u00e7\u00e3o, sustentabilidade, infraestrutura, rela\u00e7\u00f5es trabalhistas e neg\u00f3cios.<\/p>\n<p style=\"text-align: justify;\">Promovido pela CBIC e realizado pelo Sinduscon-Rio, com a correaliza\u00e7\u00e3o da Ademi-RJ e do Seconci-Rio, o 91\u00ba Enic reunir\u00e1 empres\u00e1rios, executivos e profissionais da constru\u00e7\u00e3o civil e da incorpora\u00e7\u00e3o imobili\u00e1ria, dirigentes dos Poderes Executivo, Judici\u00e1rio e Legislativo em \u00e2mbito nacional, estadual e municipal, al\u00e9m de arquitetos, especialistas brasileiros e internacionais, acad\u00eamicos, estudantes e profissionais da imprensa.<\/p>\n<p style=\"text-align: justify;\">As inscri\u00e7\u00f5es j\u00e1 podem ser feitas no site do evento www.enic.org.br. Participe!<\/p>\n","protected":false},"excerpt":{"rendered":"<p>| Ag\u00eancia Cbic | A Ind\u00fastria da Constru\u00e7\u00e3o \u00e9 uma das maiores respons\u00e1veis pela gera\u00e7\u00e3o de emprego formal e de renda no Pa\u00eds. Apesar da crise econ\u00f4mica nacional, s\u00e3o quase 2 milh\u00f5es de trabalhadores no setor, que j\u00e1 empregou 3,4 milh\u00f5es de pessoas. Al\u00e9m disso, atende a um dos maiores sonhos da popula\u00e7\u00e3o, especialmente da [&hellip;]<\/p>\n","protected":false},"author":3,"featured_media":8168,"comment_status":"closed","ping_status":"closed","sticky":false,"template":"","format":"standard","meta":{"footnotes":""},"categories":[92],"tags":[],"class_list":["post-8167","post","type-post","status-publish","format-standard","has-post-thumbnail","hentry","category-seconci-brasil"],"yoast_head":"<!-- This site is optimized with the Yoast SEO plugin v26.9 - https:\/\/yoast.com\/product\/yoast-seo-wordpress\/ -->\n<title>Ind\u00fastria da constru\u00e7\u00e3o fomenta inser\u00e7\u00e3o social e cidadania - Seconci Brasil<\/title>\n<meta name=\"robots\" content=\"index, follow, max-snippet:-1, max-image-preview:large, max-video-preview:-1\" \/>\n<link rel=\"canonical\" href=\"https:\/\/seconci.com.br\/site\/2019\/03\/14\/industria-da-construcao-fomenta-insercao-social-e-cidadania\/\" \/>\n<meta property=\"og:locale\" content=\"pt_PT\" \/>\n<meta property=\"og:type\" content=\"article\" \/>\n<meta property=\"og:title\" content=\"Ind\u00fastria da constru\u00e7\u00e3o fomenta inser\u00e7\u00e3o social e cidadania - Seconci Brasil\" \/>\n<meta property=\"og:description\" content=\"| Ag\u00eancia Cbic | A Ind\u00fastria da Constru\u00e7\u00e3o \u00e9 uma das maiores respons\u00e1veis pela gera\u00e7\u00e3o de emprego formal e de renda no Pa\u00eds. Apesar da crise econ\u00f4mica nacional, s\u00e3o quase 2 milh\u00f5es de trabalhadores no setor, que j\u00e1 empregou 3,4 milh\u00f5es de pessoas. Al\u00e9m disso, atende a um dos maiores sonhos da popula\u00e7\u00e3o, especialmente da [&hellip;]\" \/>\n<meta property=\"og:url\" content=\"https:\/\/seconci.com.br\/site\/2019\/03\/14\/industria-da-construcao-fomenta-insercao-social-e-cidadania\/\" \/>\n<meta property=\"og:site_name\" content=\"Seconci Brasil\" \/>\n<meta property=\"article:published_time\" content=\"2019-03-14T11:48:38+00:00\" \/>\n<meta property=\"og:image\" content=\"https:\/\/seconci.com.br\/site\/wp-content\/uploads\/2019\/03\/5c01b571-6bcd-452c-86c0-01dd07982f09.jpg\" \/>\n\t<meta property=\"og:image:width\" content=\"3888\" \/>\n\t<meta property=\"og:image:height\" content=\"2592\" \/>\n\t<meta property=\"og:image:type\" content=\"image\/jpeg\" \/>\n<meta name=\"author\" content=\"Sidney Rocha\" \/>\n<meta name=\"twitter:card\" content=\"summary_large_image\" \/>\n<meta name=\"twitter:label1\" content=\"Escrito por\" \/>\n\t<meta name=\"twitter:data1\" content=\"Sidney Rocha\" \/>\n\t<meta name=\"twitter:label2\" content=\"Tempo estimado de leitura\" \/>\n\t<meta name=\"twitter:data2\" content=\"2 minutos\" \/>\n<script type=\"application\/ld+json\" class=\"yoast-schema-graph\">{\"@context\":\"https:\/\/schema.org\",\"@graph\":[{\"@type\":\"Article\",\"@id\":\"https:\/\/seconci.com.br\/site\/2019\/03\/14\/industria-da-construcao-fomenta-insercao-social-e-cidadania\/#article\",\"isPartOf\":{\"@id\":\"https:\/\/seconci.com.br\/site\/2019\/03\/14\/industria-da-construcao-fomenta-insercao-social-e-cidadania\/\"},\"author\":{\"name\":\"Sidney Rocha\",\"@id\":\"https:\/\/seconci.com.br\/site\/#\/schema\/person\/1d79afd97ddc8f2c68c1e88e298aa8e2\"},\"headline\":\"Ind\u00fastria da constru\u00e7\u00e3o fomenta inser\u00e7\u00e3o social e cidadania\",\"datePublished\":\"2019-03-14T11:48:38+00:00\",\"mainEntityOfPage\":{\"@id\":\"https:\/\/seconci.com.br\/site\/2019\/03\/14\/industria-da-construcao-fomenta-insercao-social-e-cidadania\/\"},\"wordCount\":371,\"publisher\":{\"@id\":\"https:\/\/seconci.com.br\/site\/#organization\"},\"image\":{\"@id\":\"https:\/\/seconci.com.br\/site\/2019\/03\/14\/industria-da-construcao-fomenta-insercao-social-e-cidadania\/#primaryimage\"},\"thumbnailUrl\":\"https:\/\/seconci.com.br\/site\/wp-content\/uploads\/2019\/03\/5c01b571-6bcd-452c-86c0-01dd07982f09.jpg\",\"articleSection\":[\"Seconci Brasil\"],\"inLanguage\":\"pt-PT\"},{\"@type\":\"WebPage\",\"@id\":\"https:\/\/seconci.com.br\/site\/2019\/03\/14\/industria-da-construcao-fomenta-insercao-social-e-cidadania\/\",\"url\":\"https:\/\/seconci.com.br\/site\/2019\/03\/14\/industria-da-construcao-fomenta-insercao-social-e-cidadania\/\",\"name\":\"Ind\u00fastria da constru\u00e7\u00e3o fomenta inser\u00e7\u00e3o social e cidadania - Seconci Brasil\",\"isPartOf\":{\"@id\":\"https:\/\/seconci.com.br\/site\/#website\"},\"primaryImageOfPage\":{\"@id\":\"https:\/\/seconci.com.br\/site\/2019\/03\/14\/industria-da-construcao-fomenta-insercao-social-e-cidadania\/#primaryimage\"},\"image\":{\"@id\":\"https:\/\/seconci.com.br\/site\/2019\/03\/14\/industria-da-construcao-fomenta-insercao-social-e-cidadania\/#primaryimage\"},\"thumbnailUrl\":\"https:\/\/seconci.com.br\/site\/wp-content\/uploads\/2019\/03\/5c01b571-6bcd-452c-86c0-01dd07982f09.jpg\",\"datePublished\":\"2019-03-14T11:48:38+00:00\",\"breadcrumb\":{\"@id\":\"https:\/\/seconci.com.br\/site\/2019\/03\/14\/industria-da-construcao-fomenta-insercao-social-e-cidadania\/#breadcrumb\"},\"inLanguage\":\"pt-PT\",\"potentialAction\":[{\"@type\":\"ReadAction\",\"target\":[\"https:\/\/seconci.com.br\/site\/2019\/03\/14\/industria-da-construcao-fomenta-insercao-social-e-cidadania\/\"]}]},{\"@type\":\"ImageObject\",\"inLanguage\":\"pt-PT\",\"@id\":\"https:\/\/seconci.com.br\/site\/2019\/03\/14\/industria-da-construcao-fomenta-insercao-social-e-cidadania\/#primaryimage\",\"url\":\"https:\/\/seconci.com.br\/site\/wp-content\/uploads\/2019\/03\/5c01b571-6bcd-452c-86c0-01dd07982f09.jpg\",\"contentUrl\":\"https:\/\/seconci.com.br\/site\/wp-content\/uploads\/2019\/03\/5c01b571-6bcd-452c-86c0-01dd07982f09.jpg\",\"width\":3888,\"height\":2592},{\"@type\":\"BreadcrumbList\",\"@id\":\"https:\/\/seconci.com.br\/site\/2019\/03\/14\/industria-da-construcao-fomenta-insercao-social-e-cidadania\/#breadcrumb\",\"itemListElement\":[{\"@type\":\"ListItem\",\"position\":1,\"name\":\"In\u00edcio\",\"item\":\"https:\/\/seconci.com.br\/site\/\"},{\"@type\":\"ListItem\",\"position\":2,\"name\":\"Ind\u00fastria da constru\u00e7\u00e3o fomenta inser\u00e7\u00e3o social e cidadania\"}]},{\"@type\":\"WebSite\",\"@id\":\"https:\/\/seconci.com.br\/site\/#website\",\"url\":\"https:\/\/seconci.com.br\/site\/\",\"name\":\"Seconci Brasil\",\"description\":\"\",\"publisher\":{\"@id\":\"https:\/\/seconci.com.br\/site\/#organization\"},\"potentialAction\":[{\"@type\":\"SearchAction\",\"target\":{\"@type\":\"EntryPoint\",\"urlTemplate\":\"https:\/\/seconci.com.br\/site\/?s={search_term_string}\"},\"query-input\":{\"@type\":\"PropertyValueSpecification\",\"valueRequired\":true,\"valueName\":\"search_term_string\"}}],\"inLanguage\":\"pt-PT\"},{\"@type\":\"Organization\",\"@id\":\"https:\/\/seconci.com.br\/site\/#organization\",\"name\":\"Seconci Brasil\",\"url\":\"https:\/\/seconci.com.br\/site\/\",\"logo\":{\"@type\":\"ImageObject\",\"inLanguage\":\"pt-PT\",\"@id\":\"https:\/\/seconci.com.br\/site\/#\/schema\/logo\/image\/\",\"url\":\"https:\/\/seconci.com.br\/site\/wp-content\/uploads\/2024\/08\/Logo-Seconci-Brasil-branca-2.png\",\"contentUrl\":\"https:\/\/seconci.com.br\/site\/wp-content\/uploads\/2024\/08\/Logo-Seconci-Brasil-branca-2.png\",\"width\":1315,\"height\":598,\"caption\":\"Seconci Brasil\"},\"image\":{\"@id\":\"https:\/\/seconci.com.br\/site\/#\/schema\/logo\/image\/\"}},{\"@type\":\"Person\",\"@id\":\"https:\/\/seconci.com.br\/site\/#\/schema\/person\/1d79afd97ddc8f2c68c1e88e298aa8e2\",\"name\":\"Sidney Rocha\",\"description\":\"Comunicador e estagi\u00e1rio do Seconci Brasil.\",\"url\":\"https:\/\/seconci.com.br\/site\/author\/sidney-rocha\/\"}]}<\/script>\n<!-- \/ Yoast SEO plugin. -->","yoast_head_json":{"title":"Ind\u00fastria da constru\u00e7\u00e3o fomenta inser\u00e7\u00e3o social e cidadania - Seconci Brasil","robots":{"index":"index","follow":"follow","max-snippet":"max-snippet:-1","max-image-preview":"max-image-preview:large","max-video-preview":"max-video-preview:-1"},"canonical":"https:\/\/seconci.com.br\/site\/2019\/03\/14\/industria-da-construcao-fomenta-insercao-social-e-cidadania\/","og_locale":"pt_PT","og_type":"article","og_title":"Ind\u00fastria da constru\u00e7\u00e3o fomenta inser\u00e7\u00e3o social e cidadania - Seconci Brasil","og_description":"| Ag\u00eancia Cbic | A Ind\u00fastria da Constru\u00e7\u00e3o \u00e9 uma das maiores respons\u00e1veis pela gera\u00e7\u00e3o de emprego formal e de renda no Pa\u00eds. Apesar da crise econ\u00f4mica nacional, s\u00e3o quase 2 milh\u00f5es de trabalhadores no setor, que j\u00e1 empregou 3,4 milh\u00f5es de pessoas. Al\u00e9m disso, atende a um dos maiores sonhos da popula\u00e7\u00e3o, especialmente da [&hellip;]","og_url":"https:\/\/seconci.com.br\/site\/2019\/03\/14\/industria-da-construcao-fomenta-insercao-social-e-cidadania\/","og_site_name":"Seconci Brasil","article_published_time":"2019-03-14T11:48:38+00:00","og_image":[{"width":3888,"height":2592,"url":"https:\/\/seconci.com.br\/site\/wp-content\/uploads\/2019\/03\/5c01b571-6bcd-452c-86c0-01dd07982f09.jpg","type":"image\/jpeg"}],"author":"Sidney Rocha","twitter_card":"summary_large_image","twitter_misc":{"Escrito por":"Sidney Rocha","Tempo estimado de leitura":"2 minutos"},"schema":{"@context":"https:\/\/schema.org","@graph":[{"@type":"Article","@id":"https:\/\/seconci.com.br\/site\/2019\/03\/14\/industria-da-construcao-fomenta-insercao-social-e-cidadania\/#article","isPartOf":{"@id":"https:\/\/seconci.com.br\/site\/2019\/03\/14\/industria-da-construcao-fomenta-insercao-social-e-cidadania\/"},"author":{"name":"Sidney Rocha","@id":"https:\/\/seconci.com.br\/site\/#\/schema\/person\/1d79afd97ddc8f2c68c1e88e298aa8e2"},"headline":"Ind\u00fastria da constru\u00e7\u00e3o fomenta inser\u00e7\u00e3o social e cidadania","datePublished":"2019-03-14T11:48:38+00:00","mainEntityOfPage":{"@id":"https:\/\/seconci.com.br\/site\/2019\/03\/14\/industria-da-construcao-fomenta-insercao-social-e-cidadania\/"},"wordCount":371,"publisher":{"@id":"https:\/\/seconci.com.br\/site\/#organization"},"image":{"@id":"https:\/\/seconci.com.br\/site\/2019\/03\/14\/industria-da-construcao-fomenta-insercao-social-e-cidadania\/#primaryimage"},"thumbnailUrl":"https:\/\/seconci.com.br\/site\/wp-content\/uploads\/2019\/03\/5c01b571-6bcd-452c-86c0-01dd07982f09.jpg","articleSection":["Seconci Brasil"],"inLanguage":"pt-PT"},{"@type":"WebPage","@id":"https:\/\/seconci.com.br\/site\/2019\/03\/14\/industria-da-construcao-fomenta-insercao-social-e-cidadania\/","url":"https:\/\/seconci.com.br\/site\/2019\/03\/14\/industria-da-construcao-fomenta-insercao-social-e-cidadania\/","name":"Ind\u00fastria da constru\u00e7\u00e3o fomenta inser\u00e7\u00e3o social e cidadania - Seconci Brasil","isPartOf":{"@id":"https:\/\/seconci.com.br\/site\/#website"},"primaryImageOfPage":{"@id":"https:\/\/seconci.com.br\/site\/2019\/03\/14\/industria-da-construcao-fomenta-insercao-social-e-cidadania\/#primaryimage"},"image":{"@id":"https:\/\/seconci.com.br\/site\/2019\/03\/14\/industria-da-construcao-fomenta-insercao-social-e-cidadania\/#primaryimage"},"thumbnailUrl":"https:\/\/seconci.com.br\/site\/wp-content\/uploads\/2019\/03\/5c01b571-6bcd-452c-86c0-01dd07982f09.jpg","datePublished":"2019-03-14T11:48:38+00:00","breadcrumb":{"@id":"https:\/\/seconci.com.br\/site\/2019\/03\/14\/industria-da-construcao-fomenta-insercao-social-e-cidadania\/#breadcrumb"},"inLanguage":"pt-PT","potentialAction":[{"@type":"ReadAction","target":["https:\/\/seconci.com.br\/site\/2019\/03\/14\/industria-da-construcao-fomenta-insercao-social-e-cidadania\/"]}]},{"@type":"ImageObject","inLanguage":"pt-PT","@id":"https:\/\/seconci.com.br\/site\/2019\/03\/14\/industria-da-construcao-fomenta-insercao-social-e-cidadania\/#primaryimage","url":"https:\/\/seconci.com.br\/site\/wp-content\/uploads\/2019\/03\/5c01b571-6bcd-452c-86c0-01dd07982f09.jpg","contentUrl":"https:\/\/seconci.com.br\/site\/wp-content\/uploads\/2019\/03\/5c01b571-6bcd-452c-86c0-01dd07982f09.jpg","width":3888,"height":2592},{"@type":"BreadcrumbList","@id":"https:\/\/seconci.com.br\/site\/2019\/03\/14\/industria-da-construcao-fomenta-insercao-social-e-cidadania\/#breadcrumb","itemListElement":[{"@type":"ListItem","position":1,"name":"In\u00edcio","item":"https:\/\/seconci.com.br\/site\/"},{"@type":"ListItem","position":2,"name":"Ind\u00fastria da constru\u00e7\u00e3o fomenta inser\u00e7\u00e3o social e cidadania"}]},{"@type":"WebSite","@id":"https:\/\/seconci.com.br\/site\/#website","url":"https:\/\/seconci.com.br\/site\/","name":"Seconci Brasil","description":"","publisher":{"@id":"https:\/\/seconci.com.br\/site\/#organization"},"potentialAction":[{"@type":"SearchAction","target":{"@type":"EntryPoint","urlTemplate":"https:\/\/seconci.com.br\/site\/?s={search_term_string}"},"query-input":{"@type":"PropertyValueSpecification","valueRequired":true,"valueName":"search_term_string"}}],"inLanguage":"pt-PT"},{"@type":"Organization","@id":"https:\/\/seconci.com.br\/site\/#organization","name":"Seconci Brasil","url":"https:\/\/seconci.com.br\/site\/","logo":{"@type":"ImageObject","inLanguage":"pt-PT","@id":"https:\/\/seconci.com.br\/site\/#\/schema\/logo\/image\/","url":"https:\/\/seconci.com.br\/site\/wp-content\/uploads\/2024\/08\/Logo-Seconci-Brasil-branca-2.png","contentUrl":"https:\/\/seconci.com.br\/site\/wp-content\/uploads\/2024\/08\/Logo-Seconci-Brasil-branca-2.png","width":1315,"height":598,"caption":"Seconci Brasil"},"image":{"@id":"https:\/\/seconci.com.br\/site\/#\/schema\/logo\/image\/"}},{"@type":"Person","@id":"https:\/\/seconci.com.br\/site\/#\/schema\/person\/1d79afd97ddc8f2c68c1e88e298aa8e2","name":"Sidney Rocha","description":"Comunicador e estagi\u00e1rio do Seconci Brasil.","url":"https:\/\/seconci.com.br\/site\/author\/sidney-rocha\/"}]}},"_links":{"self":[{"href":"https:\/\/seconci.com.br\/site\/wp-json\/wp\/v2\/posts\/8167","targetHints":{"allow":["GET"]}}],"collection":[{"href":"https:\/\/seconci.com.br\/site\/wp-json\/wp\/v2\/posts"}],"about":[{"href":"https:\/\/seconci.com.br\/site\/wp-json\/wp\/v2\/types\/post"}],"author":[{"embeddable":true,"href":"https:\/\/seconci.com.br\/site\/wp-json\/wp\/v2\/users\/3"}],"replies":[{"embeddable":true,"href":"https:\/\/seconci.com.br\/site\/wp-json\/wp\/v2\/comments?post=8167"}],"version-history":[{"count":0,"href":"https:\/\/seconci.com.br\/site\/wp-json\/wp\/v2\/posts\/8167\/revisions"}],"wp:featuredmedia":[{"embeddable":true,"href":"https:\/\/seconci.com.br\/site\/wp-json\/wp\/v2\/media\/8168"}],"wp:attachment":[{"href":"https:\/\/seconci.com.br\/site\/wp-json\/wp\/v2\/media?parent=8167"}],"wp:term":[{"taxonomy":"category","embeddable":true,"href":"https:\/\/seconci.com.br\/site\/wp-json\/wp\/v2\/categories?post=8167"},{"taxonomy":"post_tag","embeddable":true,"href":"https:\/\/seconci.com.br\/site\/wp-json\/wp\/v2\/tags?post=8167"}],"curies":[{"name":"wp","href":"https:\/\/api.w.org\/{rel}","templated":true}]}}