{"id":8171,"date":"2019-03-14T12:10:16","date_gmt":"2019-03-14T12:10:16","guid":{"rendered":"https:\/\/seconci.com.br\/site\/?p=8171"},"modified":"2019-03-14T12:10:16","modified_gmt":"2019-03-14T12:10:16","slug":"aniversario-do-seconci-mg-e-a-entrega-do-20o-premio-de-seguranca-sao-os-temas-do-fim-de-tarde","status":"publish","type":"post","link":"https:\/\/seconci.com.br\/site\/2019\/03\/14\/aniversario-do-seconci-mg-e-a-entrega-do-20o-premio-de-seguranca-sao-os-temas-do-fim-de-tarde\/","title":{"rendered":"Anivers\u00e1rio do Seconci-MG e a entrega do 20\u00ba Pr\u00eamio de Seguran\u00e7a s\u00e3o os temas do Fim de Tarde"},"content":{"rendered":"<p style=\"text-align: justify;\">| Assessoria de Comunica\u00e7\u00e3o Seconci-MG |<\/p>\n<p style=\"text-align: justify;\">O dia 25 de mar\u00e7o ser\u00e1 de comemora\u00e7\u00f5es para a constru\u00e7\u00e3o civil. O Sindicato da Ind\u00fastria da Constru\u00e7\u00e3o Civil no Estado de Minas Gerais (Sinduscon-MG), durante o evento Fim de Tarde, ir\u00e1 celebrar os 27 anos do Servi\u00e7o Social da Ind\u00fastria da Constru\u00e7\u00e3o Civil no Estado de Minas Gerais (Seconci-MG), entidade que atua na \u00e1rea de responsabilidade social do setor.<\/p>\n<p style=\"text-align: justify;\">Na ocasi\u00e3o, tamb\u00e9m ser\u00e3o celebrados os dois milh\u00f5es de atendimentos conquistados pelo Seconci-MG, em janeiro \u00faltimo, e a institui\u00e7\u00e3o da Lei 23.200 que estabeleceu, em dezembro do ano passado, o Seconci-MG como entidade de utilidade p\u00fablica estadual.<\/p>\n<p style=\"text-align: justify;\">Ainda durante o Fim de Tarde ser\u00e1 entregue o 20\u00ba Pr\u00eamio de Seguran\u00e7a do Trabalho Sinduscon-MG e Seconci-MG 2018 \u00e0s empresas vencedoras. A grande ganhadora da categoria Empresa Prevencionista foi a EPO Engenharia. Al\u00e9m da empresa, tamb\u00e9m receber\u00e3o certificados nessa categoria, as empresas que obtiveram as cinco melhores m\u00e9dias de pontua\u00e7\u00e3o abaixo da vencedora. S\u00e3o elas: a Construtora Altti, Construtora Castor, Monterre Construtora, MRV Engenharia e a Patrimar Engenharia.<\/p>\n<p style=\"text-align: justify;\">Na categoria Empresa Destaque na \u00c1rea de Viv\u00eancia a grande vencedora foi a MRV Engenharia.<\/p>\n<p style=\"text-align: justify;\">Na categoria Oper\u00e1rio Destaque na Seguran\u00e7a do Trabalho, o vencedor foi o mestre de obras da EPO Engenharia, Jos\u00e9 Sebasti\u00e3o Soares Ferreira, que confeccionou, no canteiro de obras, um corrim\u00e3o de madeira que serve como apoio durante a subida e descida de escadas dos trabalhadores durante o expediente, garantindo assim, a seguran\u00e7a dos trabalhadores.<\/p>\n<p style=\"text-align: justify;\">O Fim de Tarde ser\u00e1 realizado no Centro de Treinamento do Seconci-MG, localizado na rua Adalberto Ferraz n\u00ba 336 \u2013 bairro Lagoinha, \u00e0s 19h, e \u00e9 destinado, exclusivamente, aos associados do Sinduscon-MG, do Seconci-MG e convidados.<\/p>\n<p style=\"text-align: justify;\">Como se inscrever:<\/p>\n<p style=\"text-align: justify;\">As inscri\u00e7\u00f5es podem ser realizadas pelo link http:\/\/bit.ly\/fimdetarde25marco at\u00e9 o dia 21\/03. Vagas limitadas.<\/p>\n","protected":false},"excerpt":{"rendered":"<p>| Assessoria de Comunica\u00e7\u00e3o Seconci-MG | O dia 25 de mar\u00e7o ser\u00e1 de comemora\u00e7\u00f5es para a constru\u00e7\u00e3o civil. O Sindicato da Ind\u00fastria da Constru\u00e7\u00e3o Civil no Estado de Minas Gerais (Sinduscon-MG), durante o evento Fim de Tarde, ir\u00e1 celebrar os 27 anos do Servi\u00e7o Social da Ind\u00fastria da Constru\u00e7\u00e3o Civil no Estado de Minas Gerais [&hellip;]<\/p>\n","protected":false},"author":3,"featured_media":8172,"comment_status":"closed","ping_status":"closed","sticky":false,"template":"","format":"standard","meta":{"footnotes":""},"categories":[74],"tags":[],"class_list":["post-8171","post","type-post","status-publish","format-standard","has-post-thumbnail","hentry","category-seconci-minas-gerais"],"yoast_head":"<!-- This site is optimized with the Yoast SEO plugin v26.9 - https:\/\/yoast.com\/product\/yoast-seo-wordpress\/ -->\n<title>Anivers\u00e1rio do Seconci-MG e a entrega do 20\u00ba Pr\u00eamio de Seguran\u00e7a s\u00e3o os temas do Fim de Tarde - Seconci Brasil<\/title>\n<meta name=\"robots\" content=\"index, follow, max-snippet:-1, max-image-preview:large, max-video-preview:-1\" \/>\n<link rel=\"canonical\" href=\"https:\/\/seconci.com.br\/site\/2019\/03\/14\/aniversario-do-seconci-mg-e-a-entrega-do-20o-premio-de-seguranca-sao-os-temas-do-fim-de-tarde\/\" \/>\n<meta property=\"og:locale\" content=\"pt_PT\" \/>\n<meta property=\"og:type\" content=\"article\" \/>\n<meta property=\"og:title\" content=\"Anivers\u00e1rio do Seconci-MG e a entrega do 20\u00ba Pr\u00eamio de Seguran\u00e7a s\u00e3o os temas do Fim de Tarde - Seconci Brasil\" \/>\n<meta property=\"og:description\" content=\"| Assessoria de Comunica\u00e7\u00e3o Seconci-MG | O dia 25 de mar\u00e7o ser\u00e1 de comemora\u00e7\u00f5es para a constru\u00e7\u00e3o civil. O Sindicato da Ind\u00fastria da Constru\u00e7\u00e3o Civil no Estado de Minas Gerais (Sinduscon-MG), durante o evento Fim de Tarde, ir\u00e1 celebrar os 27 anos do Servi\u00e7o Social da Ind\u00fastria da Constru\u00e7\u00e3o Civil no Estado de Minas Gerais [&hellip;]\" \/>\n<meta property=\"og:url\" content=\"https:\/\/seconci.com.br\/site\/2019\/03\/14\/aniversario-do-seconci-mg-e-a-entrega-do-20o-premio-de-seguranca-sao-os-temas-do-fim-de-tarde\/\" \/>\n<meta property=\"og:site_name\" content=\"Seconci Brasil\" \/>\n<meta property=\"article:published_time\" content=\"2019-03-14T12:10:16+00:00\" \/>\n<meta property=\"og:image\" content=\"https:\/\/seconci.com.br\/site\/wp-content\/uploads\/2019\/03\/Sem-t\u00edtulo-1.png\" \/>\n\t<meta property=\"og:image:width\" content=\"762\" \/>\n\t<meta property=\"og:image:height\" content=\"409\" \/>\n\t<meta property=\"og:image:type\" content=\"image\/png\" \/>\n<meta name=\"author\" content=\"Sidney Rocha\" \/>\n<meta name=\"twitter:card\" content=\"summary_large_image\" \/>\n<meta name=\"twitter:label1\" content=\"Escrito por\" \/>\n\t<meta name=\"twitter:data1\" content=\"Sidney Rocha\" \/>\n\t<meta name=\"twitter:label2\" content=\"Tempo estimado de leitura\" \/>\n\t<meta name=\"twitter:data2\" content=\"2 minutos\" \/>\n<script type=\"application\/ld+json\" class=\"yoast-schema-graph\">{\"@context\":\"https:\/\/schema.org\",\"@graph\":[{\"@type\":\"Article\",\"@id\":\"https:\/\/seconci.com.br\/site\/2019\/03\/14\/aniversario-do-seconci-mg-e-a-entrega-do-20o-premio-de-seguranca-sao-os-temas-do-fim-de-tarde\/#article\",\"isPartOf\":{\"@id\":\"https:\/\/seconci.com.br\/site\/2019\/03\/14\/aniversario-do-seconci-mg-e-a-entrega-do-20o-premio-de-seguranca-sao-os-temas-do-fim-de-tarde\/\"},\"author\":{\"name\":\"Sidney Rocha\",\"@id\":\"https:\/\/seconci.com.br\/site\/#\/schema\/person\/1d79afd97ddc8f2c68c1e88e298aa8e2\"},\"headline\":\"Anivers\u00e1rio do Seconci-MG e a entrega do 20\u00ba Pr\u00eamio de Seguran\u00e7a s\u00e3o os temas do Fim de Tarde\",\"datePublished\":\"2019-03-14T12:10:16+00:00\",\"mainEntityOfPage\":{\"@id\":\"https:\/\/seconci.com.br\/site\/2019\/03\/14\/aniversario-do-seconci-mg-e-a-entrega-do-20o-premio-de-seguranca-sao-os-temas-do-fim-de-tarde\/\"},\"wordCount\":338,\"publisher\":{\"@id\":\"https:\/\/seconci.com.br\/site\/#organization\"},\"image\":{\"@id\":\"https:\/\/seconci.com.br\/site\/2019\/03\/14\/aniversario-do-seconci-mg-e-a-entrega-do-20o-premio-de-seguranca-sao-os-temas-do-fim-de-tarde\/#primaryimage\"},\"thumbnailUrl\":\"https:\/\/seconci.com.br\/site\/wp-content\/uploads\/2019\/03\/Sem-t\u00edtulo-1.png\",\"articleSection\":[\"Seconci Minas Gerais\"],\"inLanguage\":\"pt-PT\"},{\"@type\":\"WebPage\",\"@id\":\"https:\/\/seconci.com.br\/site\/2019\/03\/14\/aniversario-do-seconci-mg-e-a-entrega-do-20o-premio-de-seguranca-sao-os-temas-do-fim-de-tarde\/\",\"url\":\"https:\/\/seconci.com.br\/site\/2019\/03\/14\/aniversario-do-seconci-mg-e-a-entrega-do-20o-premio-de-seguranca-sao-os-temas-do-fim-de-tarde\/\",\"name\":\"Anivers\u00e1rio do Seconci-MG e a entrega do 20\u00ba Pr\u00eamio de Seguran\u00e7a s\u00e3o os temas do Fim de Tarde - Seconci Brasil\",\"isPartOf\":{\"@id\":\"https:\/\/seconci.com.br\/site\/#website\"},\"primaryImageOfPage\":{\"@id\":\"https:\/\/seconci.com.br\/site\/2019\/03\/14\/aniversario-do-seconci-mg-e-a-entrega-do-20o-premio-de-seguranca-sao-os-temas-do-fim-de-tarde\/#primaryimage\"},\"image\":{\"@id\":\"https:\/\/seconci.com.br\/site\/2019\/03\/14\/aniversario-do-seconci-mg-e-a-entrega-do-20o-premio-de-seguranca-sao-os-temas-do-fim-de-tarde\/#primaryimage\"},\"thumbnailUrl\":\"https:\/\/seconci.com.br\/site\/wp-content\/uploads\/2019\/03\/Sem-t\u00edtulo-1.png\",\"datePublished\":\"2019-03-14T12:10:16+00:00\",\"breadcrumb\":{\"@id\":\"https:\/\/seconci.com.br\/site\/2019\/03\/14\/aniversario-do-seconci-mg-e-a-entrega-do-20o-premio-de-seguranca-sao-os-temas-do-fim-de-tarde\/#breadcrumb\"},\"inLanguage\":\"pt-PT\",\"potentialAction\":[{\"@type\":\"ReadAction\",\"target\":[\"https:\/\/seconci.com.br\/site\/2019\/03\/14\/aniversario-do-seconci-mg-e-a-entrega-do-20o-premio-de-seguranca-sao-os-temas-do-fim-de-tarde\/\"]}]},{\"@type\":\"ImageObject\",\"inLanguage\":\"pt-PT\",\"@id\":\"https:\/\/seconci.com.br\/site\/2019\/03\/14\/aniversario-do-seconci-mg-e-a-entrega-do-20o-premio-de-seguranca-sao-os-temas-do-fim-de-tarde\/#primaryimage\",\"url\":\"https:\/\/seconci.com.br\/site\/wp-content\/uploads\/2019\/03\/Sem-t\u00edtulo-1.png\",\"contentUrl\":\"https:\/\/seconci.com.br\/site\/wp-content\/uploads\/2019\/03\/Sem-t\u00edtulo-1.png\",\"width\":762,\"height\":409},{\"@type\":\"BreadcrumbList\",\"@id\":\"https:\/\/seconci.com.br\/site\/2019\/03\/14\/aniversario-do-seconci-mg-e-a-entrega-do-20o-premio-de-seguranca-sao-os-temas-do-fim-de-tarde\/#breadcrumb\",\"itemListElement\":[{\"@type\":\"ListItem\",\"position\":1,\"name\":\"In\u00edcio\",\"item\":\"https:\/\/seconci.com.br\/site\/\"},{\"@type\":\"ListItem\",\"position\":2,\"name\":\"Anivers\u00e1rio do Seconci-MG e a entrega do 20\u00ba Pr\u00eamio de Seguran\u00e7a s\u00e3o os temas do Fim de Tarde\"}]},{\"@type\":\"WebSite\",\"@id\":\"https:\/\/seconci.com.br\/site\/#website\",\"url\":\"https:\/\/seconci.com.br\/site\/\",\"name\":\"Seconci Brasil\",\"description\":\"\",\"publisher\":{\"@id\":\"https:\/\/seconci.com.br\/site\/#organization\"},\"potentialAction\":[{\"@type\":\"SearchAction\",\"target\":{\"@type\":\"EntryPoint\",\"urlTemplate\":\"https:\/\/seconci.com.br\/site\/?s={search_term_string}\"},\"query-input\":{\"@type\":\"PropertyValueSpecification\",\"valueRequired\":true,\"valueName\":\"search_term_string\"}}],\"inLanguage\":\"pt-PT\"},{\"@type\":\"Organization\",\"@id\":\"https:\/\/seconci.com.br\/site\/#organization\",\"name\":\"Seconci Brasil\",\"url\":\"https:\/\/seconci.com.br\/site\/\",\"logo\":{\"@type\":\"ImageObject\",\"inLanguage\":\"pt-PT\",\"@id\":\"https:\/\/seconci.com.br\/site\/#\/schema\/logo\/image\/\",\"url\":\"https:\/\/seconci.com.br\/site\/wp-content\/uploads\/2024\/08\/Logo-Seconci-Brasil-branca-2.png\",\"contentUrl\":\"https:\/\/seconci.com.br\/site\/wp-content\/uploads\/2024\/08\/Logo-Seconci-Brasil-branca-2.png\",\"width\":1315,\"height\":598,\"caption\":\"Seconci Brasil\"},\"image\":{\"@id\":\"https:\/\/seconci.com.br\/site\/#\/schema\/logo\/image\/\"}},{\"@type\":\"Person\",\"@id\":\"https:\/\/seconci.com.br\/site\/#\/schema\/person\/1d79afd97ddc8f2c68c1e88e298aa8e2\",\"name\":\"Sidney Rocha\",\"description\":\"Comunicador e estagi\u00e1rio do Seconci Brasil.\",\"url\":\"https:\/\/seconci.com.br\/site\/author\/sidney-rocha\/\"}]}<\/script>\n<!-- \/ Yoast SEO plugin. -->","yoast_head_json":{"title":"Anivers\u00e1rio do Seconci-MG e a entrega do 20\u00ba Pr\u00eamio de Seguran\u00e7a s\u00e3o os temas do Fim de Tarde - Seconci Brasil","robots":{"index":"index","follow":"follow","max-snippet":"max-snippet:-1","max-image-preview":"max-image-preview:large","max-video-preview":"max-video-preview:-1"},"canonical":"https:\/\/seconci.com.br\/site\/2019\/03\/14\/aniversario-do-seconci-mg-e-a-entrega-do-20o-premio-de-seguranca-sao-os-temas-do-fim-de-tarde\/","og_locale":"pt_PT","og_type":"article","og_title":"Anivers\u00e1rio do Seconci-MG e a entrega do 20\u00ba Pr\u00eamio de Seguran\u00e7a s\u00e3o os temas do Fim de Tarde - Seconci Brasil","og_description":"| Assessoria de Comunica\u00e7\u00e3o Seconci-MG | O dia 25 de mar\u00e7o ser\u00e1 de comemora\u00e7\u00f5es para a constru\u00e7\u00e3o civil. O Sindicato da Ind\u00fastria da Constru\u00e7\u00e3o Civil no Estado de Minas Gerais (Sinduscon-MG), durante o evento Fim de Tarde, ir\u00e1 celebrar os 27 anos do Servi\u00e7o Social da Ind\u00fastria da Constru\u00e7\u00e3o Civil no Estado de Minas Gerais [&hellip;]","og_url":"https:\/\/seconci.com.br\/site\/2019\/03\/14\/aniversario-do-seconci-mg-e-a-entrega-do-20o-premio-de-seguranca-sao-os-temas-do-fim-de-tarde\/","og_site_name":"Seconci Brasil","article_published_time":"2019-03-14T12:10:16+00:00","og_image":[{"width":762,"height":409,"url":"https:\/\/seconci.com.br\/site\/wp-content\/uploads\/2019\/03\/Sem-t\u00edtulo-1.png","type":"image\/png"}],"author":"Sidney Rocha","twitter_card":"summary_large_image","twitter_misc":{"Escrito por":"Sidney Rocha","Tempo estimado de leitura":"2 minutos"},"schema":{"@context":"https:\/\/schema.org","@graph":[{"@type":"Article","@id":"https:\/\/seconci.com.br\/site\/2019\/03\/14\/aniversario-do-seconci-mg-e-a-entrega-do-20o-premio-de-seguranca-sao-os-temas-do-fim-de-tarde\/#article","isPartOf":{"@id":"https:\/\/seconci.com.br\/site\/2019\/03\/14\/aniversario-do-seconci-mg-e-a-entrega-do-20o-premio-de-seguranca-sao-os-temas-do-fim-de-tarde\/"},"author":{"name":"Sidney Rocha","@id":"https:\/\/seconci.com.br\/site\/#\/schema\/person\/1d79afd97ddc8f2c68c1e88e298aa8e2"},"headline":"Anivers\u00e1rio do Seconci-MG e a entrega do 20\u00ba Pr\u00eamio de Seguran\u00e7a s\u00e3o os temas do Fim de Tarde","datePublished":"2019-03-14T12:10:16+00:00","mainEntityOfPage":{"@id":"https:\/\/seconci.com.br\/site\/2019\/03\/14\/aniversario-do-seconci-mg-e-a-entrega-do-20o-premio-de-seguranca-sao-os-temas-do-fim-de-tarde\/"},"wordCount":338,"publisher":{"@id":"https:\/\/seconci.com.br\/site\/#organization"},"image":{"@id":"https:\/\/seconci.com.br\/site\/2019\/03\/14\/aniversario-do-seconci-mg-e-a-entrega-do-20o-premio-de-seguranca-sao-os-temas-do-fim-de-tarde\/#primaryimage"},"thumbnailUrl":"https:\/\/seconci.com.br\/site\/wp-content\/uploads\/2019\/03\/Sem-t\u00edtulo-1.png","articleSection":["Seconci Minas Gerais"],"inLanguage":"pt-PT"},{"@type":"WebPage","@id":"https:\/\/seconci.com.br\/site\/2019\/03\/14\/aniversario-do-seconci-mg-e-a-entrega-do-20o-premio-de-seguranca-sao-os-temas-do-fim-de-tarde\/","url":"https:\/\/seconci.com.br\/site\/2019\/03\/14\/aniversario-do-seconci-mg-e-a-entrega-do-20o-premio-de-seguranca-sao-os-temas-do-fim-de-tarde\/","name":"Anivers\u00e1rio do Seconci-MG e a entrega do 20\u00ba Pr\u00eamio de Seguran\u00e7a s\u00e3o os temas do Fim de Tarde - Seconci Brasil","isPartOf":{"@id":"https:\/\/seconci.com.br\/site\/#website"},"primaryImageOfPage":{"@id":"https:\/\/seconci.com.br\/site\/2019\/03\/14\/aniversario-do-seconci-mg-e-a-entrega-do-20o-premio-de-seguranca-sao-os-temas-do-fim-de-tarde\/#primaryimage"},"image":{"@id":"https:\/\/seconci.com.br\/site\/2019\/03\/14\/aniversario-do-seconci-mg-e-a-entrega-do-20o-premio-de-seguranca-sao-os-temas-do-fim-de-tarde\/#primaryimage"},"thumbnailUrl":"https:\/\/seconci.com.br\/site\/wp-content\/uploads\/2019\/03\/Sem-t\u00edtulo-1.png","datePublished":"2019-03-14T12:10:16+00:00","breadcrumb":{"@id":"https:\/\/seconci.com.br\/site\/2019\/03\/14\/aniversario-do-seconci-mg-e-a-entrega-do-20o-premio-de-seguranca-sao-os-temas-do-fim-de-tarde\/#breadcrumb"},"inLanguage":"pt-PT","potentialAction":[{"@type":"ReadAction","target":["https:\/\/seconci.com.br\/site\/2019\/03\/14\/aniversario-do-seconci-mg-e-a-entrega-do-20o-premio-de-seguranca-sao-os-temas-do-fim-de-tarde\/"]}]},{"@type":"ImageObject","inLanguage":"pt-PT","@id":"https:\/\/seconci.com.br\/site\/2019\/03\/14\/aniversario-do-seconci-mg-e-a-entrega-do-20o-premio-de-seguranca-sao-os-temas-do-fim-de-tarde\/#primaryimage","url":"https:\/\/seconci.com.br\/site\/wp-content\/uploads\/2019\/03\/Sem-t\u00edtulo-1.png","contentUrl":"https:\/\/seconci.com.br\/site\/wp-content\/uploads\/2019\/03\/Sem-t\u00edtulo-1.png","width":762,"height":409},{"@type":"BreadcrumbList","@id":"https:\/\/seconci.com.br\/site\/2019\/03\/14\/aniversario-do-seconci-mg-e-a-entrega-do-20o-premio-de-seguranca-sao-os-temas-do-fim-de-tarde\/#breadcrumb","itemListElement":[{"@type":"ListItem","position":1,"name":"In\u00edcio","item":"https:\/\/seconci.com.br\/site\/"},{"@type":"ListItem","position":2,"name":"Anivers\u00e1rio do Seconci-MG e a entrega do 20\u00ba Pr\u00eamio de Seguran\u00e7a s\u00e3o os temas do Fim de Tarde"}]},{"@type":"WebSite","@id":"https:\/\/seconci.com.br\/site\/#website","url":"https:\/\/seconci.com.br\/site\/","name":"Seconci Brasil","description":"","publisher":{"@id":"https:\/\/seconci.com.br\/site\/#organization"},"potentialAction":[{"@type":"SearchAction","target":{"@type":"EntryPoint","urlTemplate":"https:\/\/seconci.com.br\/site\/?s={search_term_string}"},"query-input":{"@type":"PropertyValueSpecification","valueRequired":true,"valueName":"search_term_string"}}],"inLanguage":"pt-PT"},{"@type":"Organization","@id":"https:\/\/seconci.com.br\/site\/#organization","name":"Seconci Brasil","url":"https:\/\/seconci.com.br\/site\/","logo":{"@type":"ImageObject","inLanguage":"pt-PT","@id":"https:\/\/seconci.com.br\/site\/#\/schema\/logo\/image\/","url":"https:\/\/seconci.com.br\/site\/wp-content\/uploads\/2024\/08\/Logo-Seconci-Brasil-branca-2.png","contentUrl":"https:\/\/seconci.com.br\/site\/wp-content\/uploads\/2024\/08\/Logo-Seconci-Brasil-branca-2.png","width":1315,"height":598,"caption":"Seconci Brasil"},"image":{"@id":"https:\/\/seconci.com.br\/site\/#\/schema\/logo\/image\/"}},{"@type":"Person","@id":"https:\/\/seconci.com.br\/site\/#\/schema\/person\/1d79afd97ddc8f2c68c1e88e298aa8e2","name":"Sidney Rocha","description":"Comunicador e estagi\u00e1rio do Seconci Brasil.","url":"https:\/\/seconci.com.br\/site\/author\/sidney-rocha\/"}]}},"_links":{"self":[{"href":"https:\/\/seconci.com.br\/site\/wp-json\/wp\/v2\/posts\/8171","targetHints":{"allow":["GET"]}}],"collection":[{"href":"https:\/\/seconci.com.br\/site\/wp-json\/wp\/v2\/posts"}],"about":[{"href":"https:\/\/seconci.com.br\/site\/wp-json\/wp\/v2\/types\/post"}],"author":[{"embeddable":true,"href":"https:\/\/seconci.com.br\/site\/wp-json\/wp\/v2\/users\/3"}],"replies":[{"embeddable":true,"href":"https:\/\/seconci.com.br\/site\/wp-json\/wp\/v2\/comments?post=8171"}],"version-history":[{"count":0,"href":"https:\/\/seconci.com.br\/site\/wp-json\/wp\/v2\/posts\/8171\/revisions"}],"wp:featuredmedia":[{"embeddable":true,"href":"https:\/\/seconci.com.br\/site\/wp-json\/wp\/v2\/media\/8172"}],"wp:attachment":[{"href":"https:\/\/seconci.com.br\/site\/wp-json\/wp\/v2\/media?parent=8171"}],"wp:term":[{"taxonomy":"category","embeddable":true,"href":"https:\/\/seconci.com.br\/site\/wp-json\/wp\/v2\/categories?post=8171"},{"taxonomy":"post_tag","embeddable":true,"href":"https:\/\/seconci.com.br\/site\/wp-json\/wp\/v2\/tags?post=8171"}],"curies":[{"name":"wp","href":"https:\/\/api.w.org\/{rel}","templated":true}]}}