{"id":8177,"date":"2019-03-20T12:58:34","date_gmt":"2019-03-20T12:58:34","guid":{"rendered":"https:\/\/seconci.com.br\/site\/?p=8177"},"modified":"2019-03-20T12:58:34","modified_gmt":"2019-03-20T12:58:34","slug":"seconci-sp-apresenta-no-tst-estudo-para-insercao-segura-de-pessoas-com-deficiencia-na-construcao","status":"publish","type":"post","link":"https:\/\/seconci.com.br\/site\/2019\/03\/20\/seconci-sp-apresenta-no-tst-estudo-para-insercao-segura-de-pessoas-com-deficiencia-na-construcao\/","title":{"rendered":"Seconci-SP apresenta no TST estudo para inser\u00e7\u00e3o segura de pessoas com defici\u00eancia na constru\u00e7\u00e3o"},"content":{"rendered":"<p style=\"text-align: justify;\">| Assessoria de Comunica\u00e7\u00e3o Social do Seconci-SP |<\/p>\n<p style=\"text-align: justify;\">O Estudo de Viabilidade para Inser\u00e7\u00e3o de Pessoas com Defici\u00eancia (PCDs) na Constru\u00e7\u00e3o Civil coordenado pelo Seconci-SP, foi apresentado pelo presidente da entidade, Haruo Ishikawa, em 12 de mar\u00e7o, no TST (Tribunal Superior do Trabalho), em Bras\u00edlia.<\/p>\n<p style=\"text-align: justify;\">O estudo conclui ser poss\u00edvel contratar determinadas PCDs para diversas fun\u00e7\u00f5es nos canteiros de obras, seguindo-se recomenda\u00e7\u00f5es especificas de sa\u00fade, seguran\u00e7a, treinamento e acessibilidade para tanto.<\/p>\n<p style=\"text-align: justify;\">Ishikawa fez a apresenta\u00e7\u00e3o como <em>amicus curiae<\/em>, nomeado pelo ministro Cl\u00e1udio Brand\u00e3o, em audi\u00eancia de concilia\u00e7\u00e3o de um processo sobre a obriga\u00e7\u00e3o de contrata\u00e7\u00e3o de PCDs pela Lei de Cotas, envolvendo a Procuradoria Geral da Uni\u00e3o e a Swissport Brasil.<\/p>\n<p style=\"text-align: justify;\">O <em>amicus curiae<\/em> \u00e9 uma pessoa ou \u00f3rg\u00e3o com conhecimentos que possam contribuir para a decis\u00e3o do Tribunal, no julgamento de determinado caso.<\/p>\n<p style=\"text-align: justify;\">Ishikawa tamb\u00e9m apresentou as a\u00e7\u00f5es do Sinduscon-SP como o Pacto para Inclus\u00e3o de PCD na Constru\u00e7\u00e3o Civil, firmado em 2008, e que posteriormente resultou no Estudo de Viabilidade.<\/p>\n<p style=\"text-align: justify;\">Para ver o Estudo, <a href=\"http:\/\/www.seconci-sp.org.br\/midia\/131100615048146625.pdf\" target=\"_blank\" rel=\"noopener\">clique aqui.<\/a><\/p>\n","protected":false},"excerpt":{"rendered":"<p>| Assessoria de Comunica\u00e7\u00e3o Social do Seconci-SP | O Estudo de Viabilidade para Inser\u00e7\u00e3o de Pessoas com Defici\u00eancia (PCDs) na Constru\u00e7\u00e3o Civil coordenado pelo Seconci-SP, foi apresentado pelo presidente da entidade, Haruo Ishikawa, em 12 de mar\u00e7o, no TST (Tribunal Superior do Trabalho), em Bras\u00edlia. O estudo conclui ser poss\u00edvel contratar determinadas PCDs para diversas [&hellip;]<\/p>\n","protected":false},"author":3,"featured_media":8087,"comment_status":"closed","ping_status":"closed","sticky":false,"template":"","format":"standard","meta":{"footnotes":""},"categories":[87],"tags":[],"class_list":["post-8177","post","type-post","status-publish","format-standard","has-post-thumbnail","hentry","category-seconci-sao-paulo"],"yoast_head":"<!-- This site is optimized with the Yoast SEO plugin v26.9 - https:\/\/yoast.com\/product\/yoast-seo-wordpress\/ -->\n<title>Seconci-SP apresenta no TST estudo para inser\u00e7\u00e3o segura de pessoas com defici\u00eancia na constru\u00e7\u00e3o - Seconci Brasil<\/title>\n<meta name=\"robots\" content=\"index, follow, max-snippet:-1, max-image-preview:large, max-video-preview:-1\" \/>\n<link rel=\"canonical\" href=\"https:\/\/seconci.com.br\/site\/2019\/03\/20\/seconci-sp-apresenta-no-tst-estudo-para-insercao-segura-de-pessoas-com-deficiencia-na-construcao\/\" \/>\n<meta property=\"og:locale\" content=\"pt_PT\" \/>\n<meta property=\"og:type\" content=\"article\" \/>\n<meta property=\"og:title\" content=\"Seconci-SP apresenta no TST estudo para inser\u00e7\u00e3o segura de pessoas com defici\u00eancia na constru\u00e7\u00e3o - Seconci Brasil\" \/>\n<meta property=\"og:description\" content=\"| Assessoria de Comunica\u00e7\u00e3o Social do Seconci-SP | O Estudo de Viabilidade para Inser\u00e7\u00e3o de Pessoas com Defici\u00eancia (PCDs) na Constru\u00e7\u00e3o Civil coordenado pelo Seconci-SP, foi apresentado pelo presidente da entidade, Haruo Ishikawa, em 12 de mar\u00e7o, no TST (Tribunal Superior do Trabalho), em Bras\u00edlia. O estudo conclui ser poss\u00edvel contratar determinadas PCDs para diversas [&hellip;]\" \/>\n<meta property=\"og:url\" content=\"https:\/\/seconci.com.br\/site\/2019\/03\/20\/seconci-sp-apresenta-no-tst-estudo-para-insercao-segura-de-pessoas-com-deficiencia-na-construcao\/\" \/>\n<meta property=\"og:site_name\" content=\"Seconci Brasil\" \/>\n<meta property=\"article:published_time\" content=\"2019-03-20T12:58:34+00:00\" \/>\n<meta property=\"og:image\" content=\"https:\/\/seconci.com.br\/site\/wp-content\/uploads\/2019\/02\/download.jpg\" \/>\n\t<meta property=\"og:image:width\" content=\"299\" \/>\n\t<meta property=\"og:image:height\" content=\"169\" \/>\n\t<meta property=\"og:image:type\" content=\"image\/jpeg\" \/>\n<meta name=\"author\" content=\"Sidney Rocha\" \/>\n<meta name=\"twitter:card\" content=\"summary_large_image\" \/>\n<meta name=\"twitter:label1\" content=\"Escrito por\" \/>\n\t<meta name=\"twitter:data1\" content=\"Sidney Rocha\" \/>\n\t<meta name=\"twitter:label2\" content=\"Tempo estimado de leitura\" \/>\n\t<meta name=\"twitter:data2\" content=\"1 minuto\" \/>\n<script type=\"application\/ld+json\" class=\"yoast-schema-graph\">{\"@context\":\"https:\/\/schema.org\",\"@graph\":[{\"@type\":\"Article\",\"@id\":\"https:\/\/seconci.com.br\/site\/2019\/03\/20\/seconci-sp-apresenta-no-tst-estudo-para-insercao-segura-de-pessoas-com-deficiencia-na-construcao\/#article\",\"isPartOf\":{\"@id\":\"https:\/\/seconci.com.br\/site\/2019\/03\/20\/seconci-sp-apresenta-no-tst-estudo-para-insercao-segura-de-pessoas-com-deficiencia-na-construcao\/\"},\"author\":{\"name\":\"Sidney Rocha\",\"@id\":\"https:\/\/seconci.com.br\/site\/#\/schema\/person\/1d79afd97ddc8f2c68c1e88e298aa8e2\"},\"headline\":\"Seconci-SP apresenta no TST estudo para inser\u00e7\u00e3o segura de pessoas com defici\u00eancia na constru\u00e7\u00e3o\",\"datePublished\":\"2019-03-20T12:58:34+00:00\",\"mainEntityOfPage\":{\"@id\":\"https:\/\/seconci.com.br\/site\/2019\/03\/20\/seconci-sp-apresenta-no-tst-estudo-para-insercao-segura-de-pessoas-com-deficiencia-na-construcao\/\"},\"wordCount\":205,\"publisher\":{\"@id\":\"https:\/\/seconci.com.br\/site\/#organization\"},\"image\":{\"@id\":\"https:\/\/seconci.com.br\/site\/2019\/03\/20\/seconci-sp-apresenta-no-tst-estudo-para-insercao-segura-de-pessoas-com-deficiencia-na-construcao\/#primaryimage\"},\"thumbnailUrl\":\"https:\/\/seconci.com.br\/site\/wp-content\/uploads\/2019\/02\/download.jpg\",\"articleSection\":[\"Seconci S\u00e3o Paulo\"],\"inLanguage\":\"pt-PT\"},{\"@type\":\"WebPage\",\"@id\":\"https:\/\/seconci.com.br\/site\/2019\/03\/20\/seconci-sp-apresenta-no-tst-estudo-para-insercao-segura-de-pessoas-com-deficiencia-na-construcao\/\",\"url\":\"https:\/\/seconci.com.br\/site\/2019\/03\/20\/seconci-sp-apresenta-no-tst-estudo-para-insercao-segura-de-pessoas-com-deficiencia-na-construcao\/\",\"name\":\"Seconci-SP apresenta no TST estudo para inser\u00e7\u00e3o segura de pessoas com defici\u00eancia na constru\u00e7\u00e3o - Seconci Brasil\",\"isPartOf\":{\"@id\":\"https:\/\/seconci.com.br\/site\/#website\"},\"primaryImageOfPage\":{\"@id\":\"https:\/\/seconci.com.br\/site\/2019\/03\/20\/seconci-sp-apresenta-no-tst-estudo-para-insercao-segura-de-pessoas-com-deficiencia-na-construcao\/#primaryimage\"},\"image\":{\"@id\":\"https:\/\/seconci.com.br\/site\/2019\/03\/20\/seconci-sp-apresenta-no-tst-estudo-para-insercao-segura-de-pessoas-com-deficiencia-na-construcao\/#primaryimage\"},\"thumbnailUrl\":\"https:\/\/seconci.com.br\/site\/wp-content\/uploads\/2019\/02\/download.jpg\",\"datePublished\":\"2019-03-20T12:58:34+00:00\",\"breadcrumb\":{\"@id\":\"https:\/\/seconci.com.br\/site\/2019\/03\/20\/seconci-sp-apresenta-no-tst-estudo-para-insercao-segura-de-pessoas-com-deficiencia-na-construcao\/#breadcrumb\"},\"inLanguage\":\"pt-PT\",\"potentialAction\":[{\"@type\":\"ReadAction\",\"target\":[\"https:\/\/seconci.com.br\/site\/2019\/03\/20\/seconci-sp-apresenta-no-tst-estudo-para-insercao-segura-de-pessoas-com-deficiencia-na-construcao\/\"]}]},{\"@type\":\"ImageObject\",\"inLanguage\":\"pt-PT\",\"@id\":\"https:\/\/seconci.com.br\/site\/2019\/03\/20\/seconci-sp-apresenta-no-tst-estudo-para-insercao-segura-de-pessoas-com-deficiencia-na-construcao\/#primaryimage\",\"url\":\"https:\/\/seconci.com.br\/site\/wp-content\/uploads\/2019\/02\/download.jpg\",\"contentUrl\":\"https:\/\/seconci.com.br\/site\/wp-content\/uploads\/2019\/02\/download.jpg\",\"width\":299,\"height\":169},{\"@type\":\"BreadcrumbList\",\"@id\":\"https:\/\/seconci.com.br\/site\/2019\/03\/20\/seconci-sp-apresenta-no-tst-estudo-para-insercao-segura-de-pessoas-com-deficiencia-na-construcao\/#breadcrumb\",\"itemListElement\":[{\"@type\":\"ListItem\",\"position\":1,\"name\":\"In\u00edcio\",\"item\":\"https:\/\/seconci.com.br\/site\/\"},{\"@type\":\"ListItem\",\"position\":2,\"name\":\"Seconci-SP apresenta no TST estudo para inser\u00e7\u00e3o segura de pessoas com defici\u00eancia na constru\u00e7\u00e3o\"}]},{\"@type\":\"WebSite\",\"@id\":\"https:\/\/seconci.com.br\/site\/#website\",\"url\":\"https:\/\/seconci.com.br\/site\/\",\"name\":\"Seconci Brasil\",\"description\":\"\",\"publisher\":{\"@id\":\"https:\/\/seconci.com.br\/site\/#organization\"},\"potentialAction\":[{\"@type\":\"SearchAction\",\"target\":{\"@type\":\"EntryPoint\",\"urlTemplate\":\"https:\/\/seconci.com.br\/site\/?s={search_term_string}\"},\"query-input\":{\"@type\":\"PropertyValueSpecification\",\"valueRequired\":true,\"valueName\":\"search_term_string\"}}],\"inLanguage\":\"pt-PT\"},{\"@type\":\"Organization\",\"@id\":\"https:\/\/seconci.com.br\/site\/#organization\",\"name\":\"Seconci Brasil\",\"url\":\"https:\/\/seconci.com.br\/site\/\",\"logo\":{\"@type\":\"ImageObject\",\"inLanguage\":\"pt-PT\",\"@id\":\"https:\/\/seconci.com.br\/site\/#\/schema\/logo\/image\/\",\"url\":\"https:\/\/seconci.com.br\/site\/wp-content\/uploads\/2024\/08\/Logo-Seconci-Brasil-branca-2.png\",\"contentUrl\":\"https:\/\/seconci.com.br\/site\/wp-content\/uploads\/2024\/08\/Logo-Seconci-Brasil-branca-2.png\",\"width\":1315,\"height\":598,\"caption\":\"Seconci Brasil\"},\"image\":{\"@id\":\"https:\/\/seconci.com.br\/site\/#\/schema\/logo\/image\/\"}},{\"@type\":\"Person\",\"@id\":\"https:\/\/seconci.com.br\/site\/#\/schema\/person\/1d79afd97ddc8f2c68c1e88e298aa8e2\",\"name\":\"Sidney Rocha\",\"description\":\"Comunicador e estagi\u00e1rio do Seconci Brasil.\",\"url\":\"https:\/\/seconci.com.br\/site\/author\/sidney-rocha\/\"}]}<\/script>\n<!-- \/ Yoast SEO plugin. -->","yoast_head_json":{"title":"Seconci-SP apresenta no TST estudo para inser\u00e7\u00e3o segura de pessoas com defici\u00eancia na constru\u00e7\u00e3o - Seconci Brasil","robots":{"index":"index","follow":"follow","max-snippet":"max-snippet:-1","max-image-preview":"max-image-preview:large","max-video-preview":"max-video-preview:-1"},"canonical":"https:\/\/seconci.com.br\/site\/2019\/03\/20\/seconci-sp-apresenta-no-tst-estudo-para-insercao-segura-de-pessoas-com-deficiencia-na-construcao\/","og_locale":"pt_PT","og_type":"article","og_title":"Seconci-SP apresenta no TST estudo para inser\u00e7\u00e3o segura de pessoas com defici\u00eancia na constru\u00e7\u00e3o - Seconci Brasil","og_description":"| Assessoria de Comunica\u00e7\u00e3o Social do Seconci-SP | O Estudo de Viabilidade para Inser\u00e7\u00e3o de Pessoas com Defici\u00eancia (PCDs) na Constru\u00e7\u00e3o Civil coordenado pelo Seconci-SP, foi apresentado pelo presidente da entidade, Haruo Ishikawa, em 12 de mar\u00e7o, no TST (Tribunal Superior do Trabalho), em Bras\u00edlia. O estudo conclui ser poss\u00edvel contratar determinadas PCDs para diversas [&hellip;]","og_url":"https:\/\/seconci.com.br\/site\/2019\/03\/20\/seconci-sp-apresenta-no-tst-estudo-para-insercao-segura-de-pessoas-com-deficiencia-na-construcao\/","og_site_name":"Seconci Brasil","article_published_time":"2019-03-20T12:58:34+00:00","og_image":[{"width":299,"height":169,"url":"https:\/\/seconci.com.br\/site\/wp-content\/uploads\/2019\/02\/download.jpg","type":"image\/jpeg"}],"author":"Sidney Rocha","twitter_card":"summary_large_image","twitter_misc":{"Escrito por":"Sidney Rocha","Tempo estimado de leitura":"1 minuto"},"schema":{"@context":"https:\/\/schema.org","@graph":[{"@type":"Article","@id":"https:\/\/seconci.com.br\/site\/2019\/03\/20\/seconci-sp-apresenta-no-tst-estudo-para-insercao-segura-de-pessoas-com-deficiencia-na-construcao\/#article","isPartOf":{"@id":"https:\/\/seconci.com.br\/site\/2019\/03\/20\/seconci-sp-apresenta-no-tst-estudo-para-insercao-segura-de-pessoas-com-deficiencia-na-construcao\/"},"author":{"name":"Sidney Rocha","@id":"https:\/\/seconci.com.br\/site\/#\/schema\/person\/1d79afd97ddc8f2c68c1e88e298aa8e2"},"headline":"Seconci-SP apresenta no TST estudo para inser\u00e7\u00e3o segura de pessoas com defici\u00eancia na constru\u00e7\u00e3o","datePublished":"2019-03-20T12:58:34+00:00","mainEntityOfPage":{"@id":"https:\/\/seconci.com.br\/site\/2019\/03\/20\/seconci-sp-apresenta-no-tst-estudo-para-insercao-segura-de-pessoas-com-deficiencia-na-construcao\/"},"wordCount":205,"publisher":{"@id":"https:\/\/seconci.com.br\/site\/#organization"},"image":{"@id":"https:\/\/seconci.com.br\/site\/2019\/03\/20\/seconci-sp-apresenta-no-tst-estudo-para-insercao-segura-de-pessoas-com-deficiencia-na-construcao\/#primaryimage"},"thumbnailUrl":"https:\/\/seconci.com.br\/site\/wp-content\/uploads\/2019\/02\/download.jpg","articleSection":["Seconci S\u00e3o Paulo"],"inLanguage":"pt-PT"},{"@type":"WebPage","@id":"https:\/\/seconci.com.br\/site\/2019\/03\/20\/seconci-sp-apresenta-no-tst-estudo-para-insercao-segura-de-pessoas-com-deficiencia-na-construcao\/","url":"https:\/\/seconci.com.br\/site\/2019\/03\/20\/seconci-sp-apresenta-no-tst-estudo-para-insercao-segura-de-pessoas-com-deficiencia-na-construcao\/","name":"Seconci-SP apresenta no TST estudo para inser\u00e7\u00e3o segura de pessoas com defici\u00eancia na constru\u00e7\u00e3o - Seconci Brasil","isPartOf":{"@id":"https:\/\/seconci.com.br\/site\/#website"},"primaryImageOfPage":{"@id":"https:\/\/seconci.com.br\/site\/2019\/03\/20\/seconci-sp-apresenta-no-tst-estudo-para-insercao-segura-de-pessoas-com-deficiencia-na-construcao\/#primaryimage"},"image":{"@id":"https:\/\/seconci.com.br\/site\/2019\/03\/20\/seconci-sp-apresenta-no-tst-estudo-para-insercao-segura-de-pessoas-com-deficiencia-na-construcao\/#primaryimage"},"thumbnailUrl":"https:\/\/seconci.com.br\/site\/wp-content\/uploads\/2019\/02\/download.jpg","datePublished":"2019-03-20T12:58:34+00:00","breadcrumb":{"@id":"https:\/\/seconci.com.br\/site\/2019\/03\/20\/seconci-sp-apresenta-no-tst-estudo-para-insercao-segura-de-pessoas-com-deficiencia-na-construcao\/#breadcrumb"},"inLanguage":"pt-PT","potentialAction":[{"@type":"ReadAction","target":["https:\/\/seconci.com.br\/site\/2019\/03\/20\/seconci-sp-apresenta-no-tst-estudo-para-insercao-segura-de-pessoas-com-deficiencia-na-construcao\/"]}]},{"@type":"ImageObject","inLanguage":"pt-PT","@id":"https:\/\/seconci.com.br\/site\/2019\/03\/20\/seconci-sp-apresenta-no-tst-estudo-para-insercao-segura-de-pessoas-com-deficiencia-na-construcao\/#primaryimage","url":"https:\/\/seconci.com.br\/site\/wp-content\/uploads\/2019\/02\/download.jpg","contentUrl":"https:\/\/seconci.com.br\/site\/wp-content\/uploads\/2019\/02\/download.jpg","width":299,"height":169},{"@type":"BreadcrumbList","@id":"https:\/\/seconci.com.br\/site\/2019\/03\/20\/seconci-sp-apresenta-no-tst-estudo-para-insercao-segura-de-pessoas-com-deficiencia-na-construcao\/#breadcrumb","itemListElement":[{"@type":"ListItem","position":1,"name":"In\u00edcio","item":"https:\/\/seconci.com.br\/site\/"},{"@type":"ListItem","position":2,"name":"Seconci-SP apresenta no TST estudo para inser\u00e7\u00e3o segura de pessoas com defici\u00eancia na constru\u00e7\u00e3o"}]},{"@type":"WebSite","@id":"https:\/\/seconci.com.br\/site\/#website","url":"https:\/\/seconci.com.br\/site\/","name":"Seconci Brasil","description":"","publisher":{"@id":"https:\/\/seconci.com.br\/site\/#organization"},"potentialAction":[{"@type":"SearchAction","target":{"@type":"EntryPoint","urlTemplate":"https:\/\/seconci.com.br\/site\/?s={search_term_string}"},"query-input":{"@type":"PropertyValueSpecification","valueRequired":true,"valueName":"search_term_string"}}],"inLanguage":"pt-PT"},{"@type":"Organization","@id":"https:\/\/seconci.com.br\/site\/#organization","name":"Seconci Brasil","url":"https:\/\/seconci.com.br\/site\/","logo":{"@type":"ImageObject","inLanguage":"pt-PT","@id":"https:\/\/seconci.com.br\/site\/#\/schema\/logo\/image\/","url":"https:\/\/seconci.com.br\/site\/wp-content\/uploads\/2024\/08\/Logo-Seconci-Brasil-branca-2.png","contentUrl":"https:\/\/seconci.com.br\/site\/wp-content\/uploads\/2024\/08\/Logo-Seconci-Brasil-branca-2.png","width":1315,"height":598,"caption":"Seconci Brasil"},"image":{"@id":"https:\/\/seconci.com.br\/site\/#\/schema\/logo\/image\/"}},{"@type":"Person","@id":"https:\/\/seconci.com.br\/site\/#\/schema\/person\/1d79afd97ddc8f2c68c1e88e298aa8e2","name":"Sidney Rocha","description":"Comunicador e estagi\u00e1rio do Seconci Brasil.","url":"https:\/\/seconci.com.br\/site\/author\/sidney-rocha\/"}]}},"_links":{"self":[{"href":"https:\/\/seconci.com.br\/site\/wp-json\/wp\/v2\/posts\/8177","targetHints":{"allow":["GET"]}}],"collection":[{"href":"https:\/\/seconci.com.br\/site\/wp-json\/wp\/v2\/posts"}],"about":[{"href":"https:\/\/seconci.com.br\/site\/wp-json\/wp\/v2\/types\/post"}],"author":[{"embeddable":true,"href":"https:\/\/seconci.com.br\/site\/wp-json\/wp\/v2\/users\/3"}],"replies":[{"embeddable":true,"href":"https:\/\/seconci.com.br\/site\/wp-json\/wp\/v2\/comments?post=8177"}],"version-history":[{"count":0,"href":"https:\/\/seconci.com.br\/site\/wp-json\/wp\/v2\/posts\/8177\/revisions"}],"wp:featuredmedia":[{"embeddable":true,"href":"https:\/\/seconci.com.br\/site\/wp-json\/wp\/v2\/media\/8087"}],"wp:attachment":[{"href":"https:\/\/seconci.com.br\/site\/wp-json\/wp\/v2\/media?parent=8177"}],"wp:term":[{"taxonomy":"category","embeddable":true,"href":"https:\/\/seconci.com.br\/site\/wp-json\/wp\/v2\/categories?post=8177"},{"taxonomy":"post_tag","embeddable":true,"href":"https:\/\/seconci.com.br\/site\/wp-json\/wp\/v2\/tags?post=8177"}],"curies":[{"name":"wp","href":"https:\/\/api.w.org\/{rel}","templated":true}]}}