{"id":8209,"date":"2019-03-27T11:25:58","date_gmt":"2019-03-27T11:25:58","guid":{"rendered":"https:\/\/seconci.com.br\/site\/?p=8209"},"modified":"2019-03-27T11:25:58","modified_gmt":"2019-03-27T11:25:58","slug":"secretario-de-trabalho-participara-do-v-encontro-nacional-de-sst-da-cbic","status":"publish","type":"post","link":"https:\/\/seconci.com.br\/site\/2019\/03\/27\/secretario-de-trabalho-participara-do-v-encontro-nacional-de-sst-da-cbic\/","title":{"rendered":"Secret\u00e1rio de Trabalho participar\u00e1 do V Encontro Nacional de SST da CBIC"},"content":{"rendered":"<p style=\"text-align: justify;\">Em audi\u00eancia ontem (25\/03), em Bras\u00edlia, com o secret\u00e1rio de Trabalho do Minist\u00e9rio da Economia, Bruno Silva Dalcolmo, e o coordenador de Cadastros do Minist\u00e9rio, M\u00e1rio Magalh\u00e3es, o vice-presidente da \u00e1rea de Pol\u00edtica de Rela\u00e7\u00f5es Trabalhistas da C\u00e2mara Brasileira da Ind\u00fastria da Constru\u00e7\u00e3o (CBIC), Fernando Guedes Ferreira Filho, apresentou uma extensa pauta trabalhista com importantes quest\u00f5es que impactam o setor, dentre os quais o combate \u00e0 informalidade, e aproveitou para convidar oficialmente o secret\u00e1rio para o\u00a0<strong>V Encontro Nacional de Seguran\u00e7a e Sa\u00fade no Trabalho na Ind\u00fastria da Constru\u00e7\u00e3o.<\/strong><\/p>\n<p style=\"text-align: justify;\"><strong>\u00a0<\/strong>Ao apresentar a CBIC, Fernando Guedes colocou a entidade e toda a rede da constru\u00e7\u00e3o em n\u00edvel nacional \u00e0 disposi\u00e7\u00e3o do governo para propor sugest\u00f5es de projetos na \u00e1rea trabalhista que colaborem nos processos de retomada de emprego e na redu\u00e7\u00e3o de acidentes de trabalho no setor.<\/p>\n<p style=\"text-align: justify;\"><img fetchpriority=\"high\" decoding=\"async\" class=\"alignnone size-full wp-image-8210 aligncenter\" src=\"http:\/\/seconci.com.br\/site\/wp-content\/uploads\/2019\/03\/Sem-t\u00edtulo-2.png\" alt=\"\" width=\"776\" height=\"246\" srcset=\"https:\/\/seconci.com.br\/site\/wp-content\/uploads\/2019\/03\/Sem-t\u00edtulo-2.png 776w, https:\/\/seconci.com.br\/site\/wp-content\/uploads\/2019\/03\/Sem-t\u00edtulo-2-300x95.png 300w, https:\/\/seconci.com.br\/site\/wp-content\/uploads\/2019\/03\/Sem-t\u00edtulo-2-768x243.png 768w, https:\/\/seconci.com.br\/site\/wp-content\/uploads\/2019\/03\/Sem-t\u00edtulo-2-600x190.png 600w\" sizes=\"(max-width: 776px) 100vw, 776px\" \/><\/p>\n<p style=\"text-align: justify;\">Na avalia\u00e7\u00e3o de Guedes, a reuni\u00e3o foi muito positiva. Al\u00e9m do secret\u00e1rio ter de pronto confirmado presen\u00e7a para o V Encontro Nacional de Seguran\u00e7a e Sa\u00fade no Trabalho, que ser\u00e1 realizado pela Comiss\u00e3o de Pol\u00edtica de Rela\u00e7\u00f5es Trabalhistas (CPRT) da CBIC, com a correaliza\u00e7\u00e3o do Sesi Nacional, no pr\u00f3ximo dia 16 de abril, em Bras\u00edlia, Bruno Dalcolmo tamb\u00e9m se mostrou bastante interessado nas pautas apresentadas, na linha das a\u00e7\u00f5es e campanhas promovidas pela CBIC.<\/p>\n<p style=\"text-align: justify;\">A posi\u00e7\u00e3o da CBIC e do Governo se mostra convergente no sentido da necessidade de simplificar e agilizar os processos de normatiza\u00e7\u00e3o e fiscaliza\u00e7\u00e3o, impondo a seguran\u00e7a jur\u00eddica necess\u00e1ria \u00e0s empresas e, especialmente e prioritariamente, mantendo a prote\u00e7\u00e3o e a seguran\u00e7a necess\u00e1ria aos trabalhadores. Nova reuni\u00e3o de trabalho ser\u00e1 realizada no final do pr\u00f3ximo m\u00eas de abril.<\/p>\n","protected":false},"excerpt":{"rendered":"<p>Em audi\u00eancia ontem (25\/03), em Bras\u00edlia, com o secret\u00e1rio de Trabalho do Minist\u00e9rio da Economia, Bruno Silva Dalcolmo, e o coordenador de Cadastros do Minist\u00e9rio, M\u00e1rio Magalh\u00e3es, o vice-presidente da \u00e1rea de Pol\u00edtica de Rela\u00e7\u00f5es Trabalhistas da C\u00e2mara Brasileira da Ind\u00fastria da Constru\u00e7\u00e3o (CBIC), Fernando Guedes Ferreira Filho, apresentou uma extensa pauta trabalhista com importantes [&hellip;]<\/p>\n","protected":false},"author":3,"featured_media":8211,"comment_status":"closed","ping_status":"closed","sticky":false,"template":"","format":"standard","meta":{"footnotes":""},"categories":[92],"tags":[],"class_list":["post-8209","post","type-post","status-publish","format-standard","has-post-thumbnail","hentry","category-seconci-brasil"],"yoast_head":"<!-- This site is optimized with the Yoast SEO plugin v26.9 - https:\/\/yoast.com\/product\/yoast-seo-wordpress\/ -->\n<title>Secret\u00e1rio de Trabalho participar\u00e1 do V Encontro Nacional de SST da CBIC - Seconci Brasil<\/title>\n<meta name=\"robots\" content=\"index, follow, max-snippet:-1, max-image-preview:large, max-video-preview:-1\" \/>\n<link rel=\"canonical\" href=\"https:\/\/seconci.com.br\/site\/2019\/03\/27\/secretario-de-trabalho-participara-do-v-encontro-nacional-de-sst-da-cbic\/\" \/>\n<meta property=\"og:locale\" content=\"pt_PT\" \/>\n<meta property=\"og:type\" content=\"article\" \/>\n<meta property=\"og:title\" content=\"Secret\u00e1rio de Trabalho participar\u00e1 do V Encontro Nacional de SST da CBIC - Seconci Brasil\" \/>\n<meta property=\"og:description\" content=\"Em audi\u00eancia ontem (25\/03), em Bras\u00edlia, com o secret\u00e1rio de Trabalho do Minist\u00e9rio da Economia, Bruno Silva Dalcolmo, e o coordenador de Cadastros do Minist\u00e9rio, M\u00e1rio Magalh\u00e3es, o vice-presidente da \u00e1rea de Pol\u00edtica de Rela\u00e7\u00f5es Trabalhistas da C\u00e2mara Brasileira da Ind\u00fastria da Constru\u00e7\u00e3o (CBIC), Fernando Guedes Ferreira Filho, apresentou uma extensa pauta trabalhista com importantes [&hellip;]\" \/>\n<meta property=\"og:url\" content=\"https:\/\/seconci.com.br\/site\/2019\/03\/27\/secretario-de-trabalho-participara-do-v-encontro-nacional-de-sst-da-cbic\/\" \/>\n<meta property=\"og:site_name\" content=\"Seconci Brasil\" \/>\n<meta property=\"article:published_time\" content=\"2019-03-27T11:25:58+00:00\" \/>\n<meta property=\"og:image\" content=\"https:\/\/seconci.com.br\/site\/wp-content\/uploads\/2019\/03\/Secret\u00e1rio_Trabalho_Bruno_Silva_Dalcolmo_coordenador_Cadastros_M\u00e1rio_Magalh\u00e3es.jpeg\" \/>\n\t<meta property=\"og:image:width\" content=\"1280\" \/>\n\t<meta property=\"og:image:height\" content=\"960\" \/>\n\t<meta property=\"og:image:type\" content=\"image\/jpeg\" \/>\n<meta name=\"author\" content=\"Sidney Rocha\" \/>\n<meta name=\"twitter:card\" content=\"summary_large_image\" \/>\n<meta name=\"twitter:label1\" content=\"Escrito por\" \/>\n\t<meta name=\"twitter:data1\" content=\"Sidney Rocha\" \/>\n\t<meta name=\"twitter:label2\" content=\"Tempo estimado de leitura\" \/>\n\t<meta name=\"twitter:data2\" content=\"2 minutos\" \/>\n<script type=\"application\/ld+json\" class=\"yoast-schema-graph\">{\"@context\":\"https:\/\/schema.org\",\"@graph\":[{\"@type\":\"Article\",\"@id\":\"https:\/\/seconci.com.br\/site\/2019\/03\/27\/secretario-de-trabalho-participara-do-v-encontro-nacional-de-sst-da-cbic\/#article\",\"isPartOf\":{\"@id\":\"https:\/\/seconci.com.br\/site\/2019\/03\/27\/secretario-de-trabalho-participara-do-v-encontro-nacional-de-sst-da-cbic\/\"},\"author\":{\"name\":\"Sidney Rocha\",\"@id\":\"https:\/\/seconci.com.br\/site\/#\/schema\/person\/1d79afd97ddc8f2c68c1e88e298aa8e2\"},\"headline\":\"Secret\u00e1rio de Trabalho participar\u00e1 do V Encontro Nacional de SST da CBIC\",\"datePublished\":\"2019-03-27T11:25:58+00:00\",\"mainEntityOfPage\":{\"@id\":\"https:\/\/seconci.com.br\/site\/2019\/03\/27\/secretario-de-trabalho-participara-do-v-encontro-nacional-de-sst-da-cbic\/\"},\"wordCount\":326,\"publisher\":{\"@id\":\"https:\/\/seconci.com.br\/site\/#organization\"},\"image\":{\"@id\":\"https:\/\/seconci.com.br\/site\/2019\/03\/27\/secretario-de-trabalho-participara-do-v-encontro-nacional-de-sst-da-cbic\/#primaryimage\"},\"thumbnailUrl\":\"https:\/\/seconci.com.br\/site\/wp-content\/uploads\/2019\/03\/Secret\u00e1rio_Trabalho_Bruno_Silva_Dalcolmo_coordenador_Cadastros_M\u00e1rio_Magalh\u00e3es.jpeg\",\"articleSection\":[\"Seconci Brasil\"],\"inLanguage\":\"pt-PT\"},{\"@type\":\"WebPage\",\"@id\":\"https:\/\/seconci.com.br\/site\/2019\/03\/27\/secretario-de-trabalho-participara-do-v-encontro-nacional-de-sst-da-cbic\/\",\"url\":\"https:\/\/seconci.com.br\/site\/2019\/03\/27\/secretario-de-trabalho-participara-do-v-encontro-nacional-de-sst-da-cbic\/\",\"name\":\"Secret\u00e1rio de Trabalho participar\u00e1 do V Encontro Nacional de SST da CBIC - Seconci Brasil\",\"isPartOf\":{\"@id\":\"https:\/\/seconci.com.br\/site\/#website\"},\"primaryImageOfPage\":{\"@id\":\"https:\/\/seconci.com.br\/site\/2019\/03\/27\/secretario-de-trabalho-participara-do-v-encontro-nacional-de-sst-da-cbic\/#primaryimage\"},\"image\":{\"@id\":\"https:\/\/seconci.com.br\/site\/2019\/03\/27\/secretario-de-trabalho-participara-do-v-encontro-nacional-de-sst-da-cbic\/#primaryimage\"},\"thumbnailUrl\":\"https:\/\/seconci.com.br\/site\/wp-content\/uploads\/2019\/03\/Secret\u00e1rio_Trabalho_Bruno_Silva_Dalcolmo_coordenador_Cadastros_M\u00e1rio_Magalh\u00e3es.jpeg\",\"datePublished\":\"2019-03-27T11:25:58+00:00\",\"breadcrumb\":{\"@id\":\"https:\/\/seconci.com.br\/site\/2019\/03\/27\/secretario-de-trabalho-participara-do-v-encontro-nacional-de-sst-da-cbic\/#breadcrumb\"},\"inLanguage\":\"pt-PT\",\"potentialAction\":[{\"@type\":\"ReadAction\",\"target\":[\"https:\/\/seconci.com.br\/site\/2019\/03\/27\/secretario-de-trabalho-participara-do-v-encontro-nacional-de-sst-da-cbic\/\"]}]},{\"@type\":\"ImageObject\",\"inLanguage\":\"pt-PT\",\"@id\":\"https:\/\/seconci.com.br\/site\/2019\/03\/27\/secretario-de-trabalho-participara-do-v-encontro-nacional-de-sst-da-cbic\/#primaryimage\",\"url\":\"https:\/\/seconci.com.br\/site\/wp-content\/uploads\/2019\/03\/Secret\u00e1rio_Trabalho_Bruno_Silva_Dalcolmo_coordenador_Cadastros_M\u00e1rio_Magalh\u00e3es.jpeg\",\"contentUrl\":\"https:\/\/seconci.com.br\/site\/wp-content\/uploads\/2019\/03\/Secret\u00e1rio_Trabalho_Bruno_Silva_Dalcolmo_coordenador_Cadastros_M\u00e1rio_Magalh\u00e3es.jpeg\",\"width\":1280,\"height\":960},{\"@type\":\"BreadcrumbList\",\"@id\":\"https:\/\/seconci.com.br\/site\/2019\/03\/27\/secretario-de-trabalho-participara-do-v-encontro-nacional-de-sst-da-cbic\/#breadcrumb\",\"itemListElement\":[{\"@type\":\"ListItem\",\"position\":1,\"name\":\"In\u00edcio\",\"item\":\"https:\/\/seconci.com.br\/site\/\"},{\"@type\":\"ListItem\",\"position\":2,\"name\":\"Secret\u00e1rio de Trabalho participar\u00e1 do V Encontro Nacional de SST da CBIC\"}]},{\"@type\":\"WebSite\",\"@id\":\"https:\/\/seconci.com.br\/site\/#website\",\"url\":\"https:\/\/seconci.com.br\/site\/\",\"name\":\"Seconci Brasil\",\"description\":\"\",\"publisher\":{\"@id\":\"https:\/\/seconci.com.br\/site\/#organization\"},\"potentialAction\":[{\"@type\":\"SearchAction\",\"target\":{\"@type\":\"EntryPoint\",\"urlTemplate\":\"https:\/\/seconci.com.br\/site\/?s={search_term_string}\"},\"query-input\":{\"@type\":\"PropertyValueSpecification\",\"valueRequired\":true,\"valueName\":\"search_term_string\"}}],\"inLanguage\":\"pt-PT\"},{\"@type\":\"Organization\",\"@id\":\"https:\/\/seconci.com.br\/site\/#organization\",\"name\":\"Seconci Brasil\",\"url\":\"https:\/\/seconci.com.br\/site\/\",\"logo\":{\"@type\":\"ImageObject\",\"inLanguage\":\"pt-PT\",\"@id\":\"https:\/\/seconci.com.br\/site\/#\/schema\/logo\/image\/\",\"url\":\"https:\/\/seconci.com.br\/site\/wp-content\/uploads\/2024\/08\/Logo-Seconci-Brasil-branca-2.png\",\"contentUrl\":\"https:\/\/seconci.com.br\/site\/wp-content\/uploads\/2024\/08\/Logo-Seconci-Brasil-branca-2.png\",\"width\":1315,\"height\":598,\"caption\":\"Seconci Brasil\"},\"image\":{\"@id\":\"https:\/\/seconci.com.br\/site\/#\/schema\/logo\/image\/\"}},{\"@type\":\"Person\",\"@id\":\"https:\/\/seconci.com.br\/site\/#\/schema\/person\/1d79afd97ddc8f2c68c1e88e298aa8e2\",\"name\":\"Sidney Rocha\",\"description\":\"Comunicador e estagi\u00e1rio do Seconci Brasil.\",\"url\":\"https:\/\/seconci.com.br\/site\/author\/sidney-rocha\/\"}]}<\/script>\n<!-- \/ Yoast SEO plugin. -->","yoast_head_json":{"title":"Secret\u00e1rio de Trabalho participar\u00e1 do V Encontro Nacional de SST da CBIC - Seconci Brasil","robots":{"index":"index","follow":"follow","max-snippet":"max-snippet:-1","max-image-preview":"max-image-preview:large","max-video-preview":"max-video-preview:-1"},"canonical":"https:\/\/seconci.com.br\/site\/2019\/03\/27\/secretario-de-trabalho-participara-do-v-encontro-nacional-de-sst-da-cbic\/","og_locale":"pt_PT","og_type":"article","og_title":"Secret\u00e1rio de Trabalho participar\u00e1 do V Encontro Nacional de SST da CBIC - Seconci Brasil","og_description":"Em audi\u00eancia ontem (25\/03), em Bras\u00edlia, com o secret\u00e1rio de Trabalho do Minist\u00e9rio da Economia, Bruno Silva Dalcolmo, e o coordenador de Cadastros do Minist\u00e9rio, M\u00e1rio Magalh\u00e3es, o vice-presidente da \u00e1rea de Pol\u00edtica de Rela\u00e7\u00f5es Trabalhistas da C\u00e2mara Brasileira da Ind\u00fastria da Constru\u00e7\u00e3o (CBIC), Fernando Guedes Ferreira Filho, apresentou uma extensa pauta trabalhista com importantes [&hellip;]","og_url":"https:\/\/seconci.com.br\/site\/2019\/03\/27\/secretario-de-trabalho-participara-do-v-encontro-nacional-de-sst-da-cbic\/","og_site_name":"Seconci Brasil","article_published_time":"2019-03-27T11:25:58+00:00","og_image":[{"width":1280,"height":960,"url":"https:\/\/seconci.com.br\/site\/wp-content\/uploads\/2019\/03\/Secret\u00e1rio_Trabalho_Bruno_Silva_Dalcolmo_coordenador_Cadastros_M\u00e1rio_Magalh\u00e3es.jpeg","type":"image\/jpeg"}],"author":"Sidney Rocha","twitter_card":"summary_large_image","twitter_misc":{"Escrito por":"Sidney Rocha","Tempo estimado de leitura":"2 minutos"},"schema":{"@context":"https:\/\/schema.org","@graph":[{"@type":"Article","@id":"https:\/\/seconci.com.br\/site\/2019\/03\/27\/secretario-de-trabalho-participara-do-v-encontro-nacional-de-sst-da-cbic\/#article","isPartOf":{"@id":"https:\/\/seconci.com.br\/site\/2019\/03\/27\/secretario-de-trabalho-participara-do-v-encontro-nacional-de-sst-da-cbic\/"},"author":{"name":"Sidney Rocha","@id":"https:\/\/seconci.com.br\/site\/#\/schema\/person\/1d79afd97ddc8f2c68c1e88e298aa8e2"},"headline":"Secret\u00e1rio de Trabalho participar\u00e1 do V Encontro Nacional de SST da CBIC","datePublished":"2019-03-27T11:25:58+00:00","mainEntityOfPage":{"@id":"https:\/\/seconci.com.br\/site\/2019\/03\/27\/secretario-de-trabalho-participara-do-v-encontro-nacional-de-sst-da-cbic\/"},"wordCount":326,"publisher":{"@id":"https:\/\/seconci.com.br\/site\/#organization"},"image":{"@id":"https:\/\/seconci.com.br\/site\/2019\/03\/27\/secretario-de-trabalho-participara-do-v-encontro-nacional-de-sst-da-cbic\/#primaryimage"},"thumbnailUrl":"https:\/\/seconci.com.br\/site\/wp-content\/uploads\/2019\/03\/Secret\u00e1rio_Trabalho_Bruno_Silva_Dalcolmo_coordenador_Cadastros_M\u00e1rio_Magalh\u00e3es.jpeg","articleSection":["Seconci Brasil"],"inLanguage":"pt-PT"},{"@type":"WebPage","@id":"https:\/\/seconci.com.br\/site\/2019\/03\/27\/secretario-de-trabalho-participara-do-v-encontro-nacional-de-sst-da-cbic\/","url":"https:\/\/seconci.com.br\/site\/2019\/03\/27\/secretario-de-trabalho-participara-do-v-encontro-nacional-de-sst-da-cbic\/","name":"Secret\u00e1rio de Trabalho participar\u00e1 do V Encontro Nacional de SST da CBIC - Seconci Brasil","isPartOf":{"@id":"https:\/\/seconci.com.br\/site\/#website"},"primaryImageOfPage":{"@id":"https:\/\/seconci.com.br\/site\/2019\/03\/27\/secretario-de-trabalho-participara-do-v-encontro-nacional-de-sst-da-cbic\/#primaryimage"},"image":{"@id":"https:\/\/seconci.com.br\/site\/2019\/03\/27\/secretario-de-trabalho-participara-do-v-encontro-nacional-de-sst-da-cbic\/#primaryimage"},"thumbnailUrl":"https:\/\/seconci.com.br\/site\/wp-content\/uploads\/2019\/03\/Secret\u00e1rio_Trabalho_Bruno_Silva_Dalcolmo_coordenador_Cadastros_M\u00e1rio_Magalh\u00e3es.jpeg","datePublished":"2019-03-27T11:25:58+00:00","breadcrumb":{"@id":"https:\/\/seconci.com.br\/site\/2019\/03\/27\/secretario-de-trabalho-participara-do-v-encontro-nacional-de-sst-da-cbic\/#breadcrumb"},"inLanguage":"pt-PT","potentialAction":[{"@type":"ReadAction","target":["https:\/\/seconci.com.br\/site\/2019\/03\/27\/secretario-de-trabalho-participara-do-v-encontro-nacional-de-sst-da-cbic\/"]}]},{"@type":"ImageObject","inLanguage":"pt-PT","@id":"https:\/\/seconci.com.br\/site\/2019\/03\/27\/secretario-de-trabalho-participara-do-v-encontro-nacional-de-sst-da-cbic\/#primaryimage","url":"https:\/\/seconci.com.br\/site\/wp-content\/uploads\/2019\/03\/Secret\u00e1rio_Trabalho_Bruno_Silva_Dalcolmo_coordenador_Cadastros_M\u00e1rio_Magalh\u00e3es.jpeg","contentUrl":"https:\/\/seconci.com.br\/site\/wp-content\/uploads\/2019\/03\/Secret\u00e1rio_Trabalho_Bruno_Silva_Dalcolmo_coordenador_Cadastros_M\u00e1rio_Magalh\u00e3es.jpeg","width":1280,"height":960},{"@type":"BreadcrumbList","@id":"https:\/\/seconci.com.br\/site\/2019\/03\/27\/secretario-de-trabalho-participara-do-v-encontro-nacional-de-sst-da-cbic\/#breadcrumb","itemListElement":[{"@type":"ListItem","position":1,"name":"In\u00edcio","item":"https:\/\/seconci.com.br\/site\/"},{"@type":"ListItem","position":2,"name":"Secret\u00e1rio de Trabalho participar\u00e1 do V Encontro Nacional de SST da CBIC"}]},{"@type":"WebSite","@id":"https:\/\/seconci.com.br\/site\/#website","url":"https:\/\/seconci.com.br\/site\/","name":"Seconci Brasil","description":"","publisher":{"@id":"https:\/\/seconci.com.br\/site\/#organization"},"potentialAction":[{"@type":"SearchAction","target":{"@type":"EntryPoint","urlTemplate":"https:\/\/seconci.com.br\/site\/?s={search_term_string}"},"query-input":{"@type":"PropertyValueSpecification","valueRequired":true,"valueName":"search_term_string"}}],"inLanguage":"pt-PT"},{"@type":"Organization","@id":"https:\/\/seconci.com.br\/site\/#organization","name":"Seconci Brasil","url":"https:\/\/seconci.com.br\/site\/","logo":{"@type":"ImageObject","inLanguage":"pt-PT","@id":"https:\/\/seconci.com.br\/site\/#\/schema\/logo\/image\/","url":"https:\/\/seconci.com.br\/site\/wp-content\/uploads\/2024\/08\/Logo-Seconci-Brasil-branca-2.png","contentUrl":"https:\/\/seconci.com.br\/site\/wp-content\/uploads\/2024\/08\/Logo-Seconci-Brasil-branca-2.png","width":1315,"height":598,"caption":"Seconci Brasil"},"image":{"@id":"https:\/\/seconci.com.br\/site\/#\/schema\/logo\/image\/"}},{"@type":"Person","@id":"https:\/\/seconci.com.br\/site\/#\/schema\/person\/1d79afd97ddc8f2c68c1e88e298aa8e2","name":"Sidney Rocha","description":"Comunicador e estagi\u00e1rio do Seconci Brasil.","url":"https:\/\/seconci.com.br\/site\/author\/sidney-rocha\/"}]}},"_links":{"self":[{"href":"https:\/\/seconci.com.br\/site\/wp-json\/wp\/v2\/posts\/8209","targetHints":{"allow":["GET"]}}],"collection":[{"href":"https:\/\/seconci.com.br\/site\/wp-json\/wp\/v2\/posts"}],"about":[{"href":"https:\/\/seconci.com.br\/site\/wp-json\/wp\/v2\/types\/post"}],"author":[{"embeddable":true,"href":"https:\/\/seconci.com.br\/site\/wp-json\/wp\/v2\/users\/3"}],"replies":[{"embeddable":true,"href":"https:\/\/seconci.com.br\/site\/wp-json\/wp\/v2\/comments?post=8209"}],"version-history":[{"count":0,"href":"https:\/\/seconci.com.br\/site\/wp-json\/wp\/v2\/posts\/8209\/revisions"}],"wp:featuredmedia":[{"embeddable":true,"href":"https:\/\/seconci.com.br\/site\/wp-json\/wp\/v2\/media\/8211"}],"wp:attachment":[{"href":"https:\/\/seconci.com.br\/site\/wp-json\/wp\/v2\/media?parent=8209"}],"wp:term":[{"taxonomy":"category","embeddable":true,"href":"https:\/\/seconci.com.br\/site\/wp-json\/wp\/v2\/categories?post=8209"},{"taxonomy":"post_tag","embeddable":true,"href":"https:\/\/seconci.com.br\/site\/wp-json\/wp\/v2\/tags?post=8209"}],"curies":[{"name":"wp","href":"https:\/\/api.w.org\/{rel}","templated":true}]}}