{"id":8213,"date":"2019-03-27T12:34:22","date_gmt":"2019-03-27T12:34:22","guid":{"rendered":"https:\/\/seconci.com.br\/site\/?p=8213"},"modified":"2019-03-27T12:35:08","modified_gmt":"2019-03-27T12:35:08","slug":"seconci-mg-faz-aniversario-e-recebe-autoridades","status":"publish","type":"post","link":"https:\/\/seconci.com.br\/site\/2019\/03\/27\/seconci-mg-faz-aniversario-e-recebe-autoridades\/","title":{"rendered":"Seconci-MG faz anivers\u00e1rio e recebe autoridades"},"content":{"rendered":"<p style=\"text-align: justify;\"><em>Entre os convidados para celebrar cerca de 3 d\u00e9cadas, estava o presidente Ant\u00f4nio Carlos Salgueiro do Seconci Brasil<\/em><\/p>\n<p style=\"text-align: justify;\">| <strong>Assessoria de Comunica\u00e7\u00e3o do Seconci Brasil<\/strong> |<\/p>\n<p style=\"text-align: justify;\">No dia 26 de mar\u00e7o, o Seconci-MG completou 27 anos. Para comemorar quase tr\u00eas d\u00e9cadas de atua\u00e7\u00e3o na constru\u00e7\u00e3o de Minas Gerais, a entidade, juntamente com o Sindicato da Ind\u00fastria da Constru\u00e7\u00e3o Civil daquele estado, o Sinduscon-MG, promoveu um evento na \u00faltima segunda-feira, 25.<\/p>\n<p style=\"text-align: justify;\">Mais de 100 pessoas, entre dirigentes e colaboradores de empresas associadas, representantes de \u00f3rg\u00e3os governamentais e demais entidades, al\u00e9m dos ex-presidentes do Seconci-MG, estiveram presentes. De acordo com a presidente do Seconci-MG, Danuza Mohallen, \u201co trabalho realizado pela entidade \u00e9 de extrema relev\u00e2ncia e valoriza o que \u00e9 mais importante na constru\u00e7\u00e3o: o ser humano\u201d, disse.<\/p>\n<p style=\"text-align: justify;\">O Presidente do Seconci Brasil, Ant\u00f4nio Carlos Salgueiro de Ara\u00fajo, estava presente. Al\u00e9m do anivers\u00e1rio, o Seconci-MG comemorou a incr\u00edvel marca de 2 milh\u00f5es de atendimentos realizados ao longo deste per\u00edodo. &#8220;Parabenizamos o Seconci-MG e toda sua equipe pela dedica\u00e7\u00e3o aos trabalhadores da ind\u00fastria da constru\u00e7\u00e3o civil de Minas Gerais&#8221;, disse Ant\u00f4nio Carlos.<\/p>\n<p style=\"text-align: justify;\">Al\u00e9m do anivers\u00e1rio e dos atendimentos, tamb\u00e9m foi entregue o 20\u00ba Pr\u00eamio de Seguran\u00e7a do Trabalho \u00e0s construtoras \u00e0s empresas EPO Engenharia, Construtora Altti, Construtora Castor, Monterre Construtora, MRV Engenharia e a Patrimar Engenharia. O pr\u00eamio reconheceu tamb\u00e9m o mestre de obras da EPO Engenharia, Jos\u00e9 Sebasti\u00e3o Soares Ferreira, que confeccionou, no canteiro de obras onde ele trabalha, um corrim\u00e3o de madeira que serve como apoio durante a subida e descida de escadas, o que garantiu uma maior seguran\u00e7a dos trabalhadores no local.<\/p>\n<p style=\"text-align: justify;\"><em>Com informa\u00e7\u00f5es do Sinduscon-MG<\/em><\/p>\n","protected":false},"excerpt":{"rendered":"<p>Entre os convidados para celebrar cerca de 3 d\u00e9cadas, estava o presidente Ant\u00f4nio Carlos Salgueiro do Seconci Brasil | Assessoria de Comunica\u00e7\u00e3o do Seconci Brasil | No dia 26 de mar\u00e7o, o Seconci-MG completou 27 anos. Para comemorar quase tr\u00eas d\u00e9cadas de atua\u00e7\u00e3o na constru\u00e7\u00e3o de Minas Gerais, a entidade, juntamente com o Sindicato da [&hellip;]<\/p>\n","protected":false},"author":3,"featured_media":8214,"comment_status":"closed","ping_status":"closed","sticky":false,"template":"","format":"standard","meta":{"footnotes":""},"categories":[92],"tags":[],"class_list":["post-8213","post","type-post","status-publish","format-standard","has-post-thumbnail","hentry","category-seconci-brasil"],"yoast_head":"<!-- This site is optimized with the Yoast SEO plugin v26.9 - https:\/\/yoast.com\/product\/yoast-seo-wordpress\/ -->\n<title>Seconci-MG faz anivers\u00e1rio e recebe autoridades - Seconci Brasil<\/title>\n<meta name=\"robots\" content=\"index, follow, max-snippet:-1, max-image-preview:large, max-video-preview:-1\" \/>\n<link rel=\"canonical\" href=\"https:\/\/seconci.com.br\/site\/2019\/03\/27\/seconci-mg-faz-aniversario-e-recebe-autoridades\/\" \/>\n<meta property=\"og:locale\" content=\"pt_PT\" \/>\n<meta property=\"og:type\" content=\"article\" \/>\n<meta property=\"og:title\" content=\"Seconci-MG faz anivers\u00e1rio e recebe autoridades - Seconci Brasil\" \/>\n<meta property=\"og:description\" content=\"Entre os convidados para celebrar cerca de 3 d\u00e9cadas, estava o presidente Ant\u00f4nio Carlos Salgueiro do Seconci Brasil | Assessoria de Comunica\u00e7\u00e3o do Seconci Brasil | No dia 26 de mar\u00e7o, o Seconci-MG completou 27 anos. Para comemorar quase tr\u00eas d\u00e9cadas de atua\u00e7\u00e3o na constru\u00e7\u00e3o de Minas Gerais, a entidade, juntamente com o Sindicato da [&hellip;]\" \/>\n<meta property=\"og:url\" content=\"https:\/\/seconci.com.br\/site\/2019\/03\/27\/seconci-mg-faz-aniversario-e-recebe-autoridades\/\" \/>\n<meta property=\"og:site_name\" content=\"Seconci Brasil\" \/>\n<meta property=\"article:published_time\" content=\"2019-03-27T12:34:22+00:00\" \/>\n<meta property=\"article:modified_time\" content=\"2019-03-27T12:35:08+00:00\" \/>\n<meta property=\"og:image\" content=\"https:\/\/seconci.com.br\/site\/wp-content\/uploads\/2019\/03\/54729292_2364132910486001_5259827494273417216_n.jpg\" \/>\n\t<meta property=\"og:image:width\" content=\"960\" \/>\n\t<meta property=\"og:image:height\" content=\"540\" \/>\n\t<meta property=\"og:image:type\" content=\"image\/jpeg\" \/>\n<meta name=\"author\" content=\"Sidney Rocha\" \/>\n<meta name=\"twitter:card\" content=\"summary_large_image\" \/>\n<meta name=\"twitter:label1\" content=\"Escrito por\" \/>\n\t<meta name=\"twitter:data1\" content=\"Sidney Rocha\" \/>\n\t<meta name=\"twitter:label2\" content=\"Tempo estimado de leitura\" \/>\n\t<meta name=\"twitter:data2\" content=\"1 minuto\" \/>\n<script type=\"application\/ld+json\" class=\"yoast-schema-graph\">{\"@context\":\"https:\/\/schema.org\",\"@graph\":[{\"@type\":\"Article\",\"@id\":\"https:\/\/seconci.com.br\/site\/2019\/03\/27\/seconci-mg-faz-aniversario-e-recebe-autoridades\/#article\",\"isPartOf\":{\"@id\":\"https:\/\/seconci.com.br\/site\/2019\/03\/27\/seconci-mg-faz-aniversario-e-recebe-autoridades\/\"},\"author\":{\"name\":\"Sidney Rocha\",\"@id\":\"https:\/\/seconci.com.br\/site\/#\/schema\/person\/1d79afd97ddc8f2c68c1e88e298aa8e2\"},\"headline\":\"Seconci-MG faz anivers\u00e1rio e recebe autoridades\",\"datePublished\":\"2019-03-27T12:34:22+00:00\",\"dateModified\":\"2019-03-27T12:35:08+00:00\",\"mainEntityOfPage\":{\"@id\":\"https:\/\/seconci.com.br\/site\/2019\/03\/27\/seconci-mg-faz-aniversario-e-recebe-autoridades\/\"},\"wordCount\":298,\"publisher\":{\"@id\":\"https:\/\/seconci.com.br\/site\/#organization\"},\"image\":{\"@id\":\"https:\/\/seconci.com.br\/site\/2019\/03\/27\/seconci-mg-faz-aniversario-e-recebe-autoridades\/#primaryimage\"},\"thumbnailUrl\":\"https:\/\/seconci.com.br\/site\/wp-content\/uploads\/2019\/03\/54729292_2364132910486001_5259827494273417216_n.jpg\",\"articleSection\":[\"Seconci Brasil\"],\"inLanguage\":\"pt-PT\"},{\"@type\":\"WebPage\",\"@id\":\"https:\/\/seconci.com.br\/site\/2019\/03\/27\/seconci-mg-faz-aniversario-e-recebe-autoridades\/\",\"url\":\"https:\/\/seconci.com.br\/site\/2019\/03\/27\/seconci-mg-faz-aniversario-e-recebe-autoridades\/\",\"name\":\"Seconci-MG faz anivers\u00e1rio e recebe autoridades - Seconci Brasil\",\"isPartOf\":{\"@id\":\"https:\/\/seconci.com.br\/site\/#website\"},\"primaryImageOfPage\":{\"@id\":\"https:\/\/seconci.com.br\/site\/2019\/03\/27\/seconci-mg-faz-aniversario-e-recebe-autoridades\/#primaryimage\"},\"image\":{\"@id\":\"https:\/\/seconci.com.br\/site\/2019\/03\/27\/seconci-mg-faz-aniversario-e-recebe-autoridades\/#primaryimage\"},\"thumbnailUrl\":\"https:\/\/seconci.com.br\/site\/wp-content\/uploads\/2019\/03\/54729292_2364132910486001_5259827494273417216_n.jpg\",\"datePublished\":\"2019-03-27T12:34:22+00:00\",\"dateModified\":\"2019-03-27T12:35:08+00:00\",\"breadcrumb\":{\"@id\":\"https:\/\/seconci.com.br\/site\/2019\/03\/27\/seconci-mg-faz-aniversario-e-recebe-autoridades\/#breadcrumb\"},\"inLanguage\":\"pt-PT\",\"potentialAction\":[{\"@type\":\"ReadAction\",\"target\":[\"https:\/\/seconci.com.br\/site\/2019\/03\/27\/seconci-mg-faz-aniversario-e-recebe-autoridades\/\"]}]},{\"@type\":\"ImageObject\",\"inLanguage\":\"pt-PT\",\"@id\":\"https:\/\/seconci.com.br\/site\/2019\/03\/27\/seconci-mg-faz-aniversario-e-recebe-autoridades\/#primaryimage\",\"url\":\"https:\/\/seconci.com.br\/site\/wp-content\/uploads\/2019\/03\/54729292_2364132910486001_5259827494273417216_n.jpg\",\"contentUrl\":\"https:\/\/seconci.com.br\/site\/wp-content\/uploads\/2019\/03\/54729292_2364132910486001_5259827494273417216_n.jpg\",\"width\":960,\"height\":540},{\"@type\":\"BreadcrumbList\",\"@id\":\"https:\/\/seconci.com.br\/site\/2019\/03\/27\/seconci-mg-faz-aniversario-e-recebe-autoridades\/#breadcrumb\",\"itemListElement\":[{\"@type\":\"ListItem\",\"position\":1,\"name\":\"In\u00edcio\",\"item\":\"https:\/\/seconci.com.br\/site\/\"},{\"@type\":\"ListItem\",\"position\":2,\"name\":\"Seconci-MG faz anivers\u00e1rio e recebe autoridades\"}]},{\"@type\":\"WebSite\",\"@id\":\"https:\/\/seconci.com.br\/site\/#website\",\"url\":\"https:\/\/seconci.com.br\/site\/\",\"name\":\"Seconci Brasil\",\"description\":\"\",\"publisher\":{\"@id\":\"https:\/\/seconci.com.br\/site\/#organization\"},\"potentialAction\":[{\"@type\":\"SearchAction\",\"target\":{\"@type\":\"EntryPoint\",\"urlTemplate\":\"https:\/\/seconci.com.br\/site\/?s={search_term_string}\"},\"query-input\":{\"@type\":\"PropertyValueSpecification\",\"valueRequired\":true,\"valueName\":\"search_term_string\"}}],\"inLanguage\":\"pt-PT\"},{\"@type\":\"Organization\",\"@id\":\"https:\/\/seconci.com.br\/site\/#organization\",\"name\":\"Seconci Brasil\",\"url\":\"https:\/\/seconci.com.br\/site\/\",\"logo\":{\"@type\":\"ImageObject\",\"inLanguage\":\"pt-PT\",\"@id\":\"https:\/\/seconci.com.br\/site\/#\/schema\/logo\/image\/\",\"url\":\"https:\/\/seconci.com.br\/site\/wp-content\/uploads\/2024\/08\/Logo-Seconci-Brasil-branca-2.png\",\"contentUrl\":\"https:\/\/seconci.com.br\/site\/wp-content\/uploads\/2024\/08\/Logo-Seconci-Brasil-branca-2.png\",\"width\":1315,\"height\":598,\"caption\":\"Seconci Brasil\"},\"image\":{\"@id\":\"https:\/\/seconci.com.br\/site\/#\/schema\/logo\/image\/\"}},{\"@type\":\"Person\",\"@id\":\"https:\/\/seconci.com.br\/site\/#\/schema\/person\/1d79afd97ddc8f2c68c1e88e298aa8e2\",\"name\":\"Sidney Rocha\",\"description\":\"Comunicador e estagi\u00e1rio do Seconci Brasil.\",\"url\":\"https:\/\/seconci.com.br\/site\/author\/sidney-rocha\/\"}]}<\/script>\n<!-- \/ Yoast SEO plugin. -->","yoast_head_json":{"title":"Seconci-MG faz anivers\u00e1rio e recebe autoridades - Seconci Brasil","robots":{"index":"index","follow":"follow","max-snippet":"max-snippet:-1","max-image-preview":"max-image-preview:large","max-video-preview":"max-video-preview:-1"},"canonical":"https:\/\/seconci.com.br\/site\/2019\/03\/27\/seconci-mg-faz-aniversario-e-recebe-autoridades\/","og_locale":"pt_PT","og_type":"article","og_title":"Seconci-MG faz anivers\u00e1rio e recebe autoridades - Seconci Brasil","og_description":"Entre os convidados para celebrar cerca de 3 d\u00e9cadas, estava o presidente Ant\u00f4nio Carlos Salgueiro do Seconci Brasil | Assessoria de Comunica\u00e7\u00e3o do Seconci Brasil | No dia 26 de mar\u00e7o, o Seconci-MG completou 27 anos. Para comemorar quase tr\u00eas d\u00e9cadas de atua\u00e7\u00e3o na constru\u00e7\u00e3o de Minas Gerais, a entidade, juntamente com o Sindicato da [&hellip;]","og_url":"https:\/\/seconci.com.br\/site\/2019\/03\/27\/seconci-mg-faz-aniversario-e-recebe-autoridades\/","og_site_name":"Seconci Brasil","article_published_time":"2019-03-27T12:34:22+00:00","article_modified_time":"2019-03-27T12:35:08+00:00","og_image":[{"width":960,"height":540,"url":"https:\/\/seconci.com.br\/site\/wp-content\/uploads\/2019\/03\/54729292_2364132910486001_5259827494273417216_n.jpg","type":"image\/jpeg"}],"author":"Sidney Rocha","twitter_card":"summary_large_image","twitter_misc":{"Escrito por":"Sidney Rocha","Tempo estimado de leitura":"1 minuto"},"schema":{"@context":"https:\/\/schema.org","@graph":[{"@type":"Article","@id":"https:\/\/seconci.com.br\/site\/2019\/03\/27\/seconci-mg-faz-aniversario-e-recebe-autoridades\/#article","isPartOf":{"@id":"https:\/\/seconci.com.br\/site\/2019\/03\/27\/seconci-mg-faz-aniversario-e-recebe-autoridades\/"},"author":{"name":"Sidney Rocha","@id":"https:\/\/seconci.com.br\/site\/#\/schema\/person\/1d79afd97ddc8f2c68c1e88e298aa8e2"},"headline":"Seconci-MG faz anivers\u00e1rio e recebe autoridades","datePublished":"2019-03-27T12:34:22+00:00","dateModified":"2019-03-27T12:35:08+00:00","mainEntityOfPage":{"@id":"https:\/\/seconci.com.br\/site\/2019\/03\/27\/seconci-mg-faz-aniversario-e-recebe-autoridades\/"},"wordCount":298,"publisher":{"@id":"https:\/\/seconci.com.br\/site\/#organization"},"image":{"@id":"https:\/\/seconci.com.br\/site\/2019\/03\/27\/seconci-mg-faz-aniversario-e-recebe-autoridades\/#primaryimage"},"thumbnailUrl":"https:\/\/seconci.com.br\/site\/wp-content\/uploads\/2019\/03\/54729292_2364132910486001_5259827494273417216_n.jpg","articleSection":["Seconci Brasil"],"inLanguage":"pt-PT"},{"@type":"WebPage","@id":"https:\/\/seconci.com.br\/site\/2019\/03\/27\/seconci-mg-faz-aniversario-e-recebe-autoridades\/","url":"https:\/\/seconci.com.br\/site\/2019\/03\/27\/seconci-mg-faz-aniversario-e-recebe-autoridades\/","name":"Seconci-MG faz anivers\u00e1rio e recebe autoridades - Seconci Brasil","isPartOf":{"@id":"https:\/\/seconci.com.br\/site\/#website"},"primaryImageOfPage":{"@id":"https:\/\/seconci.com.br\/site\/2019\/03\/27\/seconci-mg-faz-aniversario-e-recebe-autoridades\/#primaryimage"},"image":{"@id":"https:\/\/seconci.com.br\/site\/2019\/03\/27\/seconci-mg-faz-aniversario-e-recebe-autoridades\/#primaryimage"},"thumbnailUrl":"https:\/\/seconci.com.br\/site\/wp-content\/uploads\/2019\/03\/54729292_2364132910486001_5259827494273417216_n.jpg","datePublished":"2019-03-27T12:34:22+00:00","dateModified":"2019-03-27T12:35:08+00:00","breadcrumb":{"@id":"https:\/\/seconci.com.br\/site\/2019\/03\/27\/seconci-mg-faz-aniversario-e-recebe-autoridades\/#breadcrumb"},"inLanguage":"pt-PT","potentialAction":[{"@type":"ReadAction","target":["https:\/\/seconci.com.br\/site\/2019\/03\/27\/seconci-mg-faz-aniversario-e-recebe-autoridades\/"]}]},{"@type":"ImageObject","inLanguage":"pt-PT","@id":"https:\/\/seconci.com.br\/site\/2019\/03\/27\/seconci-mg-faz-aniversario-e-recebe-autoridades\/#primaryimage","url":"https:\/\/seconci.com.br\/site\/wp-content\/uploads\/2019\/03\/54729292_2364132910486001_5259827494273417216_n.jpg","contentUrl":"https:\/\/seconci.com.br\/site\/wp-content\/uploads\/2019\/03\/54729292_2364132910486001_5259827494273417216_n.jpg","width":960,"height":540},{"@type":"BreadcrumbList","@id":"https:\/\/seconci.com.br\/site\/2019\/03\/27\/seconci-mg-faz-aniversario-e-recebe-autoridades\/#breadcrumb","itemListElement":[{"@type":"ListItem","position":1,"name":"In\u00edcio","item":"https:\/\/seconci.com.br\/site\/"},{"@type":"ListItem","position":2,"name":"Seconci-MG faz anivers\u00e1rio e recebe autoridades"}]},{"@type":"WebSite","@id":"https:\/\/seconci.com.br\/site\/#website","url":"https:\/\/seconci.com.br\/site\/","name":"Seconci Brasil","description":"","publisher":{"@id":"https:\/\/seconci.com.br\/site\/#organization"},"potentialAction":[{"@type":"SearchAction","target":{"@type":"EntryPoint","urlTemplate":"https:\/\/seconci.com.br\/site\/?s={search_term_string}"},"query-input":{"@type":"PropertyValueSpecification","valueRequired":true,"valueName":"search_term_string"}}],"inLanguage":"pt-PT"},{"@type":"Organization","@id":"https:\/\/seconci.com.br\/site\/#organization","name":"Seconci Brasil","url":"https:\/\/seconci.com.br\/site\/","logo":{"@type":"ImageObject","inLanguage":"pt-PT","@id":"https:\/\/seconci.com.br\/site\/#\/schema\/logo\/image\/","url":"https:\/\/seconci.com.br\/site\/wp-content\/uploads\/2024\/08\/Logo-Seconci-Brasil-branca-2.png","contentUrl":"https:\/\/seconci.com.br\/site\/wp-content\/uploads\/2024\/08\/Logo-Seconci-Brasil-branca-2.png","width":1315,"height":598,"caption":"Seconci Brasil"},"image":{"@id":"https:\/\/seconci.com.br\/site\/#\/schema\/logo\/image\/"}},{"@type":"Person","@id":"https:\/\/seconci.com.br\/site\/#\/schema\/person\/1d79afd97ddc8f2c68c1e88e298aa8e2","name":"Sidney Rocha","description":"Comunicador e estagi\u00e1rio do Seconci Brasil.","url":"https:\/\/seconci.com.br\/site\/author\/sidney-rocha\/"}]}},"_links":{"self":[{"href":"https:\/\/seconci.com.br\/site\/wp-json\/wp\/v2\/posts\/8213","targetHints":{"allow":["GET"]}}],"collection":[{"href":"https:\/\/seconci.com.br\/site\/wp-json\/wp\/v2\/posts"}],"about":[{"href":"https:\/\/seconci.com.br\/site\/wp-json\/wp\/v2\/types\/post"}],"author":[{"embeddable":true,"href":"https:\/\/seconci.com.br\/site\/wp-json\/wp\/v2\/users\/3"}],"replies":[{"embeddable":true,"href":"https:\/\/seconci.com.br\/site\/wp-json\/wp\/v2\/comments?post=8213"}],"version-history":[{"count":0,"href":"https:\/\/seconci.com.br\/site\/wp-json\/wp\/v2\/posts\/8213\/revisions"}],"wp:featuredmedia":[{"embeddable":true,"href":"https:\/\/seconci.com.br\/site\/wp-json\/wp\/v2\/media\/8214"}],"wp:attachment":[{"href":"https:\/\/seconci.com.br\/site\/wp-json\/wp\/v2\/media?parent=8213"}],"wp:term":[{"taxonomy":"category","embeddable":true,"href":"https:\/\/seconci.com.br\/site\/wp-json\/wp\/v2\/categories?post=8213"},{"taxonomy":"post_tag","embeddable":true,"href":"https:\/\/seconci.com.br\/site\/wp-json\/wp\/v2\/tags?post=8213"}],"curies":[{"name":"wp","href":"https:\/\/api.w.org\/{rel}","templated":true}]}}