{"id":8241,"date":"2019-04-03T12:26:05","date_gmt":"2019-04-03T12:26:05","guid":{"rendered":"https:\/\/seconci.com.br\/site\/?p=8241"},"modified":"2019-04-03T12:26:05","modified_gmt":"2019-04-03T12:26:05","slug":"seconci-sp-inicia-campanha-de-vacinacao-contra-a-gripe","status":"publish","type":"post","link":"https:\/\/seconci.com.br\/site\/2019\/04\/03\/seconci-sp-inicia-campanha-de-vacinacao-contra-a-gripe\/","title":{"rendered":"Seconci-SP inicia campanha de vacina\u00e7\u00e3o contra a gripe"},"content":{"rendered":"<p style=\"text-align: justify;\">| Assessoria de Comunica\u00e7\u00e3o Social do Seconci-SP |<\/p>\n<p style=\"text-align: justify;\">O Seconci-SP acaba de iniciar a campanha de vacina\u00e7\u00e3o contra a gripe deste ano. A expectativa \u00e9 imunizar cerca de 12 mil trabalhadores da constru\u00e7\u00e3o civil contra a doen\u00e7a que mata mais de 650 mil pessoas no mundo todos os anos por ter s\u00e9rias consequ\u00eancias, segundo dados da Organiza\u00e7\u00e3o Mundial de Sa\u00fade. Anualmente, as vacinas s\u00e3o atualizadas de acordo com as muta\u00e7\u00f5es dos v\u00edrus e de seus subtipos com maior probabilidade de gerar epidemias.<\/p>\n<p style=\"text-align: justify;\">Durante a campanha, a equipe de enfermagem do Seconci-SP vai aos escrit\u00f3rios e canteiros de obras das construtoras para vacinar os colaboradores. Vacinas quadrivalentes e trivalentes estar\u00e3o dispon\u00edveis, e a escolha fica a crit\u00e9rio da empresa.<\/p>\n<p style=\"text-align: justify;\">As empresas interessadas localizadas na capital paulista devem entrar em contato pelo e-mail relacoesempresariais@seconci-sp.org.br ou telefone (11) 3664-5816 para solicitar a estimativa de custos. No interior e litoral, \u00e9 preciso procurar a Unidade do Seconci-SP de sua regi\u00e3o.<\/p>\n<p style=\"text-align: justify;\"><strong>Cont\u00e1gio<\/strong><\/p>\n<p style=\"text-align: justify;\">De acordo com a dra. Marice Ashidani, pneumologista do Seconci-SP, a vacina quadrivalente imuniza contra quatro tipos de v\u00edrus diferentes: H1N1, H3N2 e influenzas do tipo B da linhagem Victoria e Yamagata. J\u00e1 a trivalente protege contra tr\u00eas g\u00eaneros, o H1N1, o H3N2 e uma linhagem do tipo B.<\/p>\n<p style=\"text-align: justify;\">\u201cQuem est\u00e1 imunizado pode reduzir as chances de evolu\u00e7\u00e3o do quadro grave da gripe, pois o sistema imunol\u00f3gico fica mais resistente. O efeito pode levar, em m\u00e9dia, duas semanas, por isso a preven\u00e7\u00e3o deve come\u00e7ar antes de o inverno chegar\u201d, orienta a pneumologista.<\/p>\n<p style=\"text-align: justify;\">A dra. Marice informa que per\u00edodos de baixas temperaturas e com ar seco contribuem para diminui\u00e7\u00e3o das defesas do organismo, especialmente, em locais mal ventilados. \u201cA gripe \u00e9 uma infec\u00e7\u00e3o viral gerada pelo v\u00edrus influenza A, B ou C com subtipos de varia\u00e7\u00f5es sazonais que podem provocar o cont\u00e1gio. Na maioria dos casos, a orienta\u00e7\u00e3o deve ser o tratamento sintom\u00e1tico\u201d, explica a m\u00e9dica.<\/p>\n<p style=\"text-align: justify;\">Do ponto de vista preventivo, al\u00e9m de tomar a vacina, s\u00e3o necess\u00e1rios outros cuidados essenciais, uma vez que a transmiss\u00e3o acontece por meio das secre\u00e7\u00f5es: sempre manter as m\u00e3os higienizadas, cobrir a boca ao tossir, usar len\u00e7os descart\u00e1veis, evitar o compartilhamento de objetos pessoais, n\u00e3o levar a m\u00e3o aos olhos ou boca, manter os locais ventilados, evitar aglomera\u00e7\u00f5es, ter uma boa alimenta\u00e7\u00e3o, manter-se hidratado e dormir bem.<\/p>\n<p style=\"text-align: justify;\">Os p\u00fablicos mais suscet\u00edveis \u00e0 doen\u00e7a e que correm um maior risco de sofrer com graves complica\u00e7\u00f5es ap\u00f3s a infec\u00e7\u00e3o do v\u00edrus s\u00e3o definidos e preferenciais durante a campanha realizada pelo governo entre 10 de abril e 31 de maio. \u201cCrian\u00e7as, gestantes, pessoas com mais de 60 anos, trabalhadores da \u00e1rea da sa\u00fade, portadores de doen\u00e7as cr\u00f4nicas e pacientes com c\u00e2ncer que fazem quimioterapia e radioterapia fazem parte dos grupos priorit\u00e1rios para a vacina\u00e7\u00e3o\u201d, refor\u00e7a a dra. Marice.<\/p>\n","protected":false},"excerpt":{"rendered":"<p>| Assessoria de Comunica\u00e7\u00e3o Social do Seconci-SP | O Seconci-SP acaba de iniciar a campanha de vacina\u00e7\u00e3o contra a gripe deste ano. A expectativa \u00e9 imunizar cerca de 12 mil trabalhadores da constru\u00e7\u00e3o civil contra a doen\u00e7a que mata mais de 650 mil pessoas no mundo todos os anos por ter s\u00e9rias consequ\u00eancias, segundo dados [&hellip;]<\/p>\n","protected":false},"author":3,"featured_media":8087,"comment_status":"closed","ping_status":"closed","sticky":false,"template":"","format":"standard","meta":{"footnotes":""},"categories":[87],"tags":[],"class_list":["post-8241","post","type-post","status-publish","format-standard","has-post-thumbnail","hentry","category-seconci-sao-paulo"],"yoast_head":"<!-- This site is optimized with the Yoast SEO plugin v26.9 - https:\/\/yoast.com\/product\/yoast-seo-wordpress\/ -->\n<title>Seconci-SP inicia campanha de vacina\u00e7\u00e3o contra a gripe - Seconci Brasil<\/title>\n<meta name=\"robots\" content=\"index, follow, max-snippet:-1, max-image-preview:large, max-video-preview:-1\" \/>\n<link rel=\"canonical\" href=\"https:\/\/seconci.com.br\/site\/2019\/04\/03\/seconci-sp-inicia-campanha-de-vacinacao-contra-a-gripe\/\" \/>\n<meta property=\"og:locale\" content=\"pt_PT\" \/>\n<meta property=\"og:type\" content=\"article\" \/>\n<meta property=\"og:title\" content=\"Seconci-SP inicia campanha de vacina\u00e7\u00e3o contra a gripe - Seconci Brasil\" \/>\n<meta property=\"og:description\" content=\"| Assessoria de Comunica\u00e7\u00e3o Social do Seconci-SP | O Seconci-SP acaba de iniciar a campanha de vacina\u00e7\u00e3o contra a gripe deste ano. A expectativa \u00e9 imunizar cerca de 12 mil trabalhadores da constru\u00e7\u00e3o civil contra a doen\u00e7a que mata mais de 650 mil pessoas no mundo todos os anos por ter s\u00e9rias consequ\u00eancias, segundo dados [&hellip;]\" \/>\n<meta property=\"og:url\" content=\"https:\/\/seconci.com.br\/site\/2019\/04\/03\/seconci-sp-inicia-campanha-de-vacinacao-contra-a-gripe\/\" \/>\n<meta property=\"og:site_name\" content=\"Seconci Brasil\" \/>\n<meta property=\"article:published_time\" content=\"2019-04-03T12:26:05+00:00\" \/>\n<meta property=\"og:image\" content=\"https:\/\/seconci.com.br\/site\/wp-content\/uploads\/2019\/02\/download.jpg\" \/>\n\t<meta property=\"og:image:width\" content=\"299\" \/>\n\t<meta property=\"og:image:height\" content=\"169\" \/>\n\t<meta property=\"og:image:type\" content=\"image\/jpeg\" \/>\n<meta name=\"author\" content=\"Sidney Rocha\" \/>\n<meta name=\"twitter:card\" content=\"summary_large_image\" \/>\n<meta name=\"twitter:label1\" content=\"Escrito por\" \/>\n\t<meta name=\"twitter:data1\" content=\"Sidney Rocha\" \/>\n\t<meta name=\"twitter:label2\" content=\"Tempo estimado de leitura\" \/>\n\t<meta name=\"twitter:data2\" content=\"3 minutos\" \/>\n<script type=\"application\/ld+json\" class=\"yoast-schema-graph\">{\"@context\":\"https:\/\/schema.org\",\"@graph\":[{\"@type\":\"Article\",\"@id\":\"https:\/\/seconci.com.br\/site\/2019\/04\/03\/seconci-sp-inicia-campanha-de-vacinacao-contra-a-gripe\/#article\",\"isPartOf\":{\"@id\":\"https:\/\/seconci.com.br\/site\/2019\/04\/03\/seconci-sp-inicia-campanha-de-vacinacao-contra-a-gripe\/\"},\"author\":{\"name\":\"Sidney Rocha\",\"@id\":\"https:\/\/seconci.com.br\/site\/#\/schema\/person\/1d79afd97ddc8f2c68c1e88e298aa8e2\"},\"headline\":\"Seconci-SP inicia campanha de vacina\u00e7\u00e3o contra a gripe\",\"datePublished\":\"2019-04-03T12:26:05+00:00\",\"mainEntityOfPage\":{\"@id\":\"https:\/\/seconci.com.br\/site\/2019\/04\/03\/seconci-sp-inicia-campanha-de-vacinacao-contra-a-gripe\/\"},\"wordCount\":523,\"publisher\":{\"@id\":\"https:\/\/seconci.com.br\/site\/#organization\"},\"image\":{\"@id\":\"https:\/\/seconci.com.br\/site\/2019\/04\/03\/seconci-sp-inicia-campanha-de-vacinacao-contra-a-gripe\/#primaryimage\"},\"thumbnailUrl\":\"https:\/\/seconci.com.br\/site\/wp-content\/uploads\/2019\/02\/download.jpg\",\"articleSection\":[\"Seconci S\u00e3o Paulo\"],\"inLanguage\":\"pt-PT\"},{\"@type\":\"WebPage\",\"@id\":\"https:\/\/seconci.com.br\/site\/2019\/04\/03\/seconci-sp-inicia-campanha-de-vacinacao-contra-a-gripe\/\",\"url\":\"https:\/\/seconci.com.br\/site\/2019\/04\/03\/seconci-sp-inicia-campanha-de-vacinacao-contra-a-gripe\/\",\"name\":\"Seconci-SP inicia campanha de vacina\u00e7\u00e3o contra a gripe - Seconci Brasil\",\"isPartOf\":{\"@id\":\"https:\/\/seconci.com.br\/site\/#website\"},\"primaryImageOfPage\":{\"@id\":\"https:\/\/seconci.com.br\/site\/2019\/04\/03\/seconci-sp-inicia-campanha-de-vacinacao-contra-a-gripe\/#primaryimage\"},\"image\":{\"@id\":\"https:\/\/seconci.com.br\/site\/2019\/04\/03\/seconci-sp-inicia-campanha-de-vacinacao-contra-a-gripe\/#primaryimage\"},\"thumbnailUrl\":\"https:\/\/seconci.com.br\/site\/wp-content\/uploads\/2019\/02\/download.jpg\",\"datePublished\":\"2019-04-03T12:26:05+00:00\",\"breadcrumb\":{\"@id\":\"https:\/\/seconci.com.br\/site\/2019\/04\/03\/seconci-sp-inicia-campanha-de-vacinacao-contra-a-gripe\/#breadcrumb\"},\"inLanguage\":\"pt-PT\",\"potentialAction\":[{\"@type\":\"ReadAction\",\"target\":[\"https:\/\/seconci.com.br\/site\/2019\/04\/03\/seconci-sp-inicia-campanha-de-vacinacao-contra-a-gripe\/\"]}]},{\"@type\":\"ImageObject\",\"inLanguage\":\"pt-PT\",\"@id\":\"https:\/\/seconci.com.br\/site\/2019\/04\/03\/seconci-sp-inicia-campanha-de-vacinacao-contra-a-gripe\/#primaryimage\",\"url\":\"https:\/\/seconci.com.br\/site\/wp-content\/uploads\/2019\/02\/download.jpg\",\"contentUrl\":\"https:\/\/seconci.com.br\/site\/wp-content\/uploads\/2019\/02\/download.jpg\",\"width\":299,\"height\":169},{\"@type\":\"BreadcrumbList\",\"@id\":\"https:\/\/seconci.com.br\/site\/2019\/04\/03\/seconci-sp-inicia-campanha-de-vacinacao-contra-a-gripe\/#breadcrumb\",\"itemListElement\":[{\"@type\":\"ListItem\",\"position\":1,\"name\":\"In\u00edcio\",\"item\":\"https:\/\/seconci.com.br\/site\/\"},{\"@type\":\"ListItem\",\"position\":2,\"name\":\"Seconci-SP inicia campanha de vacina\u00e7\u00e3o contra a gripe\"}]},{\"@type\":\"WebSite\",\"@id\":\"https:\/\/seconci.com.br\/site\/#website\",\"url\":\"https:\/\/seconci.com.br\/site\/\",\"name\":\"Seconci Brasil\",\"description\":\"\",\"publisher\":{\"@id\":\"https:\/\/seconci.com.br\/site\/#organization\"},\"potentialAction\":[{\"@type\":\"SearchAction\",\"target\":{\"@type\":\"EntryPoint\",\"urlTemplate\":\"https:\/\/seconci.com.br\/site\/?s={search_term_string}\"},\"query-input\":{\"@type\":\"PropertyValueSpecification\",\"valueRequired\":true,\"valueName\":\"search_term_string\"}}],\"inLanguage\":\"pt-PT\"},{\"@type\":\"Organization\",\"@id\":\"https:\/\/seconci.com.br\/site\/#organization\",\"name\":\"Seconci Brasil\",\"url\":\"https:\/\/seconci.com.br\/site\/\",\"logo\":{\"@type\":\"ImageObject\",\"inLanguage\":\"pt-PT\",\"@id\":\"https:\/\/seconci.com.br\/site\/#\/schema\/logo\/image\/\",\"url\":\"https:\/\/seconci.com.br\/site\/wp-content\/uploads\/2024\/08\/Logo-Seconci-Brasil-branca-2.png\",\"contentUrl\":\"https:\/\/seconci.com.br\/site\/wp-content\/uploads\/2024\/08\/Logo-Seconci-Brasil-branca-2.png\",\"width\":1315,\"height\":598,\"caption\":\"Seconci Brasil\"},\"image\":{\"@id\":\"https:\/\/seconci.com.br\/site\/#\/schema\/logo\/image\/\"}},{\"@type\":\"Person\",\"@id\":\"https:\/\/seconci.com.br\/site\/#\/schema\/person\/1d79afd97ddc8f2c68c1e88e298aa8e2\",\"name\":\"Sidney Rocha\",\"description\":\"Comunicador e estagi\u00e1rio do Seconci Brasil.\",\"url\":\"https:\/\/seconci.com.br\/site\/author\/sidney-rocha\/\"}]}<\/script>\n<!-- \/ Yoast SEO plugin. -->","yoast_head_json":{"title":"Seconci-SP inicia campanha de vacina\u00e7\u00e3o contra a gripe - Seconci Brasil","robots":{"index":"index","follow":"follow","max-snippet":"max-snippet:-1","max-image-preview":"max-image-preview:large","max-video-preview":"max-video-preview:-1"},"canonical":"https:\/\/seconci.com.br\/site\/2019\/04\/03\/seconci-sp-inicia-campanha-de-vacinacao-contra-a-gripe\/","og_locale":"pt_PT","og_type":"article","og_title":"Seconci-SP inicia campanha de vacina\u00e7\u00e3o contra a gripe - Seconci Brasil","og_description":"| Assessoria de Comunica\u00e7\u00e3o Social do Seconci-SP | O Seconci-SP acaba de iniciar a campanha de vacina\u00e7\u00e3o contra a gripe deste ano. A expectativa \u00e9 imunizar cerca de 12 mil trabalhadores da constru\u00e7\u00e3o civil contra a doen\u00e7a que mata mais de 650 mil pessoas no mundo todos os anos por ter s\u00e9rias consequ\u00eancias, segundo dados [&hellip;]","og_url":"https:\/\/seconci.com.br\/site\/2019\/04\/03\/seconci-sp-inicia-campanha-de-vacinacao-contra-a-gripe\/","og_site_name":"Seconci Brasil","article_published_time":"2019-04-03T12:26:05+00:00","og_image":[{"width":299,"height":169,"url":"https:\/\/seconci.com.br\/site\/wp-content\/uploads\/2019\/02\/download.jpg","type":"image\/jpeg"}],"author":"Sidney Rocha","twitter_card":"summary_large_image","twitter_misc":{"Escrito por":"Sidney Rocha","Tempo estimado de leitura":"3 minutos"},"schema":{"@context":"https:\/\/schema.org","@graph":[{"@type":"Article","@id":"https:\/\/seconci.com.br\/site\/2019\/04\/03\/seconci-sp-inicia-campanha-de-vacinacao-contra-a-gripe\/#article","isPartOf":{"@id":"https:\/\/seconci.com.br\/site\/2019\/04\/03\/seconci-sp-inicia-campanha-de-vacinacao-contra-a-gripe\/"},"author":{"name":"Sidney Rocha","@id":"https:\/\/seconci.com.br\/site\/#\/schema\/person\/1d79afd97ddc8f2c68c1e88e298aa8e2"},"headline":"Seconci-SP inicia campanha de vacina\u00e7\u00e3o contra a gripe","datePublished":"2019-04-03T12:26:05+00:00","mainEntityOfPage":{"@id":"https:\/\/seconci.com.br\/site\/2019\/04\/03\/seconci-sp-inicia-campanha-de-vacinacao-contra-a-gripe\/"},"wordCount":523,"publisher":{"@id":"https:\/\/seconci.com.br\/site\/#organization"},"image":{"@id":"https:\/\/seconci.com.br\/site\/2019\/04\/03\/seconci-sp-inicia-campanha-de-vacinacao-contra-a-gripe\/#primaryimage"},"thumbnailUrl":"https:\/\/seconci.com.br\/site\/wp-content\/uploads\/2019\/02\/download.jpg","articleSection":["Seconci S\u00e3o Paulo"],"inLanguage":"pt-PT"},{"@type":"WebPage","@id":"https:\/\/seconci.com.br\/site\/2019\/04\/03\/seconci-sp-inicia-campanha-de-vacinacao-contra-a-gripe\/","url":"https:\/\/seconci.com.br\/site\/2019\/04\/03\/seconci-sp-inicia-campanha-de-vacinacao-contra-a-gripe\/","name":"Seconci-SP inicia campanha de vacina\u00e7\u00e3o contra a gripe - Seconci Brasil","isPartOf":{"@id":"https:\/\/seconci.com.br\/site\/#website"},"primaryImageOfPage":{"@id":"https:\/\/seconci.com.br\/site\/2019\/04\/03\/seconci-sp-inicia-campanha-de-vacinacao-contra-a-gripe\/#primaryimage"},"image":{"@id":"https:\/\/seconci.com.br\/site\/2019\/04\/03\/seconci-sp-inicia-campanha-de-vacinacao-contra-a-gripe\/#primaryimage"},"thumbnailUrl":"https:\/\/seconci.com.br\/site\/wp-content\/uploads\/2019\/02\/download.jpg","datePublished":"2019-04-03T12:26:05+00:00","breadcrumb":{"@id":"https:\/\/seconci.com.br\/site\/2019\/04\/03\/seconci-sp-inicia-campanha-de-vacinacao-contra-a-gripe\/#breadcrumb"},"inLanguage":"pt-PT","potentialAction":[{"@type":"ReadAction","target":["https:\/\/seconci.com.br\/site\/2019\/04\/03\/seconci-sp-inicia-campanha-de-vacinacao-contra-a-gripe\/"]}]},{"@type":"ImageObject","inLanguage":"pt-PT","@id":"https:\/\/seconci.com.br\/site\/2019\/04\/03\/seconci-sp-inicia-campanha-de-vacinacao-contra-a-gripe\/#primaryimage","url":"https:\/\/seconci.com.br\/site\/wp-content\/uploads\/2019\/02\/download.jpg","contentUrl":"https:\/\/seconci.com.br\/site\/wp-content\/uploads\/2019\/02\/download.jpg","width":299,"height":169},{"@type":"BreadcrumbList","@id":"https:\/\/seconci.com.br\/site\/2019\/04\/03\/seconci-sp-inicia-campanha-de-vacinacao-contra-a-gripe\/#breadcrumb","itemListElement":[{"@type":"ListItem","position":1,"name":"In\u00edcio","item":"https:\/\/seconci.com.br\/site\/"},{"@type":"ListItem","position":2,"name":"Seconci-SP inicia campanha de vacina\u00e7\u00e3o contra a gripe"}]},{"@type":"WebSite","@id":"https:\/\/seconci.com.br\/site\/#website","url":"https:\/\/seconci.com.br\/site\/","name":"Seconci Brasil","description":"","publisher":{"@id":"https:\/\/seconci.com.br\/site\/#organization"},"potentialAction":[{"@type":"SearchAction","target":{"@type":"EntryPoint","urlTemplate":"https:\/\/seconci.com.br\/site\/?s={search_term_string}"},"query-input":{"@type":"PropertyValueSpecification","valueRequired":true,"valueName":"search_term_string"}}],"inLanguage":"pt-PT"},{"@type":"Organization","@id":"https:\/\/seconci.com.br\/site\/#organization","name":"Seconci Brasil","url":"https:\/\/seconci.com.br\/site\/","logo":{"@type":"ImageObject","inLanguage":"pt-PT","@id":"https:\/\/seconci.com.br\/site\/#\/schema\/logo\/image\/","url":"https:\/\/seconci.com.br\/site\/wp-content\/uploads\/2024\/08\/Logo-Seconci-Brasil-branca-2.png","contentUrl":"https:\/\/seconci.com.br\/site\/wp-content\/uploads\/2024\/08\/Logo-Seconci-Brasil-branca-2.png","width":1315,"height":598,"caption":"Seconci Brasil"},"image":{"@id":"https:\/\/seconci.com.br\/site\/#\/schema\/logo\/image\/"}},{"@type":"Person","@id":"https:\/\/seconci.com.br\/site\/#\/schema\/person\/1d79afd97ddc8f2c68c1e88e298aa8e2","name":"Sidney Rocha","description":"Comunicador e estagi\u00e1rio do Seconci Brasil.","url":"https:\/\/seconci.com.br\/site\/author\/sidney-rocha\/"}]}},"_links":{"self":[{"href":"https:\/\/seconci.com.br\/site\/wp-json\/wp\/v2\/posts\/8241","targetHints":{"allow":["GET"]}}],"collection":[{"href":"https:\/\/seconci.com.br\/site\/wp-json\/wp\/v2\/posts"}],"about":[{"href":"https:\/\/seconci.com.br\/site\/wp-json\/wp\/v2\/types\/post"}],"author":[{"embeddable":true,"href":"https:\/\/seconci.com.br\/site\/wp-json\/wp\/v2\/users\/3"}],"replies":[{"embeddable":true,"href":"https:\/\/seconci.com.br\/site\/wp-json\/wp\/v2\/comments?post=8241"}],"version-history":[{"count":0,"href":"https:\/\/seconci.com.br\/site\/wp-json\/wp\/v2\/posts\/8241\/revisions"}],"wp:featuredmedia":[{"embeddable":true,"href":"https:\/\/seconci.com.br\/site\/wp-json\/wp\/v2\/media\/8087"}],"wp:attachment":[{"href":"https:\/\/seconci.com.br\/site\/wp-json\/wp\/v2\/media?parent=8241"}],"wp:term":[{"taxonomy":"category","embeddable":true,"href":"https:\/\/seconci.com.br\/site\/wp-json\/wp\/v2\/categories?post=8241"},{"taxonomy":"post_tag","embeddable":true,"href":"https:\/\/seconci.com.br\/site\/wp-json\/wp\/v2\/tags?post=8241"}],"curies":[{"name":"wp","href":"https:\/\/api.w.org\/{rel}","templated":true}]}}