{"id":8248,"date":"2019-04-08T11:23:25","date_gmt":"2019-04-08T11:23:25","guid":{"rendered":"https:\/\/seconci.com.br\/site\/?p=8248"},"modified":"2019-04-08T11:27:07","modified_gmt":"2019-04-08T11:27:07","slug":"encontro-nacional-da-construcao-debatera-o-futuro-do-trabalho","status":"publish","type":"post","link":"https:\/\/seconci.com.br\/site\/2019\/04\/08\/encontro-nacional-da-construcao-debatera-o-futuro-do-trabalho\/","title":{"rendered":"Encontro Nacional da Constru\u00e7\u00e3o debater\u00e1 o futuro do trabalho"},"content":{"rendered":"<p style=\"text-align: justify;\">| Ag\u00eancia Cbic |<\/p>\n<p style=\"text-align: justify;\">Trazer\u00a0<strong>novas perspectivas sobre prote\u00e7\u00e3o ao trabalhador<\/strong>\u00a0\u00e9 o objetivo da programa\u00e7\u00e3o preparada pela Comiss\u00e3o de Pol\u00edticas de Rela\u00e7\u00f5es Trabalhistas (CPRT) da C\u00e2mara Brasileira da Ind\u00fastria da Constru\u00e7\u00e3o (CBIC) para o\u00a0<strong>91\u00ba Encontro Nacional da Ind\u00fastria da Constru\u00e7\u00e3o (Enic)<\/strong>\u00a0deste ano. Ser\u00e1 uma s\u00e9rie de pain\u00e9is conjuntos com outras comiss\u00f5es, com o prop\u00f3sito de aprofundar e diversificar a discuss\u00e3o em torno do assunto.<\/p>\n<p style=\"text-align: justify;\">Promovido pela CBIC, o evento ocorrer\u00e1 de 15 a 17 de maio, no\u00a0<em>Windsor Expo Convention Center<\/em>, no Rio de Janeiro. Participar\u00e3o empres\u00e1rios da constru\u00e7\u00e3o civil e da incorpora\u00e7\u00e3o imobili\u00e1ria, al\u00e9m de representantes do governo, especialistas brasileiros e internacionais.\u00a0<a href=\"https:\/\/www.enic2019.com.br\/site\/default.aspx\">As inscri\u00e7\u00f5es est\u00e3o abertas.<\/a><\/p>\n<p style=\"text-align: justify;\">O primeiro painel da CPRT, no dia 16 de maio, ser\u00e1 conjunto com a Comiss\u00e3o de Materiais, Tecnologia, Qualidade e Produtividade (Comat) e a Comiss\u00e3o de Responsabilidade Social (CRS) da CBIC, mostrando a sinergia das comiss\u00f5es t\u00e9cnicas da entidade para a inova\u00e7\u00e3o do trabalho no setor. O tema definido \u00e9 \u201cO Futuro da Constru\u00e7\u00e3o: Inova\u00e7\u00e3o e Trabalho\u201d.<\/p>\n<p style=\"text-align: justify;\"><strong>\u201cO Futuro da Constru\u00e7\u00e3o: Inova\u00e7\u00e3o e Trabalho\u201d<\/strong><\/p>\n<p style=\"text-align: justify;\">De acordo com o vice-presidente da \u00e1rea de Pol\u00edticas de Rela\u00e7\u00f5es Trabalhistas da CBIC, Fernando Guedes, o setor da constru\u00e7\u00e3o est\u00e1 mudando substancialmente. Por isso, \u00e9 importante analisar como a aplica\u00e7\u00e3o das novas tecnologias afetar\u00e1 o perfil dos trabalhadores da \u00e1rea, que precisar\u00e3o se atualizar e se capacitar.<\/p>\n<p style=\"text-align: justify;\">\u201cPara tratar do futuro da constru\u00e7\u00e3o \u00e9 essencial tratar do futuro das rela\u00e7\u00f5es de trabalho no setor: quais ser\u00e3o as compet\u00eancias do trabalhador do futuro? Como ele absorver\u00e1 as novas tecnologias? Como tratar a quest\u00e3o da qualifica\u00e7\u00e3o, diante das inova\u00e7\u00f5es que surgem? Como as empresas devem se preparar? \u201d, comenta Guedes.<\/p>\n<p style=\"text-align: justify;\">A primeira exposi\u00e7\u00e3o do painel, a cargo da Comat, abordar\u00e1 a iniciativa Constru\u00e7\u00e3o do Futuro, da CBIC, que visa estudar as perspectivas para a constru\u00e7\u00e3o nas pr\u00f3ximas d\u00e9cadas. \u201cNovas etapas do projeto foram cumpridas e trat\u00e1-las em conjunto com outras comiss\u00f5es s\u00f3 aumenta o grau de cultura e eleva a qualidade do debate\u201d, diz o vice-presidente da \u00e1rea Materiais, Tecnologia, Qualidade e Produtividade da entidade, Dionyzio Klavdianos.<\/p>\n<p style=\"text-align: justify;\">A seguir, representantes da CPRT far\u00e3o apresenta\u00e7\u00f5es sobre as transforma\u00e7\u00f5es na \u00e1rea de seguran\u00e7a e sa\u00fade no trabalho trazidas pelas mais recentes inova\u00e7\u00f5es. \u201cNesse panorama, como o setor da constru\u00e7\u00e3o tem um perfil hist\u00f3rico de transforma\u00e7\u00e3o social, \u00e9 important\u00edssimo o posicionamento da CBIC nas discuss\u00f5es\u201d, acrescenta Guedes.<\/p>\n<p style=\"text-align: justify;\">Finalmente, uma terceira palestra da CRS tratar\u00e1 do aspecto social desse debate. \u201cA ideia \u00e9 levantar quest\u00f5es sobre como inserir o trabalhador e os gestores nessa nova agenda e quais compet\u00eancias ser\u00e3o necess\u00e1rias para que cada um possa se adaptar \u00e0s tecnologias\u201d, adianta a vice-presidente da \u00e1rea de Responsabilidade Social da CBIC, Ana Cl\u00e1udia Gomes.<\/p>\n<p style=\"text-align: justify;\">Em 17 de maio, ser\u00e3o dois pain\u00e9is da CPRT. O primeiro tratar\u00e1 de solu\u00e7\u00e3o de conflitos nas rela\u00e7\u00f5es trabalhistas. O segundo ser\u00e1 junto ao Conselho Jur\u00eddico da CBIC e abordar\u00e1 as formas de contrata\u00e7\u00e3o na ind\u00fastria da constru\u00e7\u00e3o.<\/p>\n","protected":false},"excerpt":{"rendered":"<p>| Ag\u00eancia Cbic | Trazer\u00a0novas perspectivas sobre prote\u00e7\u00e3o ao trabalhador\u00a0\u00e9 o objetivo da programa\u00e7\u00e3o preparada pela Comiss\u00e3o de Pol\u00edticas de Rela\u00e7\u00f5es Trabalhistas (CPRT) da C\u00e2mara Brasileira da Ind\u00fastria da Constru\u00e7\u00e3o (CBIC) para o\u00a091\u00ba Encontro Nacional da Ind\u00fastria da Constru\u00e7\u00e3o (Enic)\u00a0deste ano. Ser\u00e1 uma s\u00e9rie de pain\u00e9is conjuntos com outras comiss\u00f5es, com o prop\u00f3sito de aprofundar [&hellip;]<\/p>\n","protected":false},"author":3,"featured_media":8249,"comment_status":"closed","ping_status":"closed","sticky":false,"template":"","format":"standard","meta":{"footnotes":""},"categories":[92],"tags":[],"class_list":["post-8248","post","type-post","status-publish","format-standard","has-post-thumbnail","hentry","category-seconci-brasil"],"yoast_head":"<!-- This site is optimized with the Yoast SEO plugin v26.9 - https:\/\/yoast.com\/product\/yoast-seo-wordpress\/ -->\n<title>Encontro Nacional da Constru\u00e7\u00e3o debater\u00e1 o futuro do trabalho - Seconci Brasil<\/title>\n<meta name=\"robots\" content=\"index, follow, max-snippet:-1, max-image-preview:large, max-video-preview:-1\" \/>\n<link rel=\"canonical\" href=\"https:\/\/seconci.com.br\/site\/2019\/04\/08\/encontro-nacional-da-construcao-debatera-o-futuro-do-trabalho\/\" \/>\n<meta property=\"og:locale\" content=\"pt_PT\" \/>\n<meta property=\"og:type\" content=\"article\" \/>\n<meta property=\"og:title\" content=\"Encontro Nacional da Constru\u00e7\u00e3o debater\u00e1 o futuro do trabalho - Seconci Brasil\" \/>\n<meta property=\"og:description\" content=\"| Ag\u00eancia Cbic | Trazer\u00a0novas perspectivas sobre prote\u00e7\u00e3o ao trabalhador\u00a0\u00e9 o objetivo da programa\u00e7\u00e3o preparada pela Comiss\u00e3o de Pol\u00edticas de Rela\u00e7\u00f5es Trabalhistas (CPRT) da C\u00e2mara Brasileira da Ind\u00fastria da Constru\u00e7\u00e3o (CBIC) para o\u00a091\u00ba Encontro Nacional da Ind\u00fastria da Constru\u00e7\u00e3o (Enic)\u00a0deste ano. Ser\u00e1 uma s\u00e9rie de pain\u00e9is conjuntos com outras comiss\u00f5es, com o prop\u00f3sito de aprofundar [&hellip;]\" \/>\n<meta property=\"og:url\" content=\"https:\/\/seconci.com.br\/site\/2019\/04\/08\/encontro-nacional-da-construcao-debatera-o-futuro-do-trabalho\/\" \/>\n<meta property=\"og:site_name\" content=\"Seconci Brasil\" \/>\n<meta property=\"article:published_time\" content=\"2019-04-08T11:23:25+00:00\" \/>\n<meta property=\"article:modified_time\" content=\"2019-04-08T11:27:07+00:00\" \/>\n<meta property=\"og:image\" content=\"https:\/\/seconci.com.br\/site\/wp-content\/uploads\/2019\/04\/Trabalhadores_Constru\u00e7\u00e3o.jpeg\" \/>\n\t<meta property=\"og:image:width\" content=\"1280\" \/>\n\t<meta property=\"og:image:height\" content=\"853\" \/>\n\t<meta property=\"og:image:type\" content=\"image\/jpeg\" \/>\n<meta name=\"author\" content=\"Sidney Rocha\" \/>\n<meta name=\"twitter:card\" content=\"summary_large_image\" \/>\n<meta name=\"twitter:label1\" content=\"Escrito por\" \/>\n\t<meta name=\"twitter:data1\" content=\"Sidney Rocha\" \/>\n\t<meta name=\"twitter:label2\" content=\"Tempo estimado de leitura\" \/>\n\t<meta name=\"twitter:data2\" content=\"3 minutos\" \/>\n<script type=\"application\/ld+json\" class=\"yoast-schema-graph\">{\"@context\":\"https:\/\/schema.org\",\"@graph\":[{\"@type\":\"Article\",\"@id\":\"https:\/\/seconci.com.br\/site\/2019\/04\/08\/encontro-nacional-da-construcao-debatera-o-futuro-do-trabalho\/#article\",\"isPartOf\":{\"@id\":\"https:\/\/seconci.com.br\/site\/2019\/04\/08\/encontro-nacional-da-construcao-debatera-o-futuro-do-trabalho\/\"},\"author\":{\"name\":\"Sidney Rocha\",\"@id\":\"https:\/\/seconci.com.br\/site\/#\/schema\/person\/1d79afd97ddc8f2c68c1e88e298aa8e2\"},\"headline\":\"Encontro Nacional da Constru\u00e7\u00e3o debater\u00e1 o futuro do trabalho\",\"datePublished\":\"2019-04-08T11:23:25+00:00\",\"dateModified\":\"2019-04-08T11:27:07+00:00\",\"mainEntityOfPage\":{\"@id\":\"https:\/\/seconci.com.br\/site\/2019\/04\/08\/encontro-nacional-da-construcao-debatera-o-futuro-do-trabalho\/\"},\"wordCount\":552,\"publisher\":{\"@id\":\"https:\/\/seconci.com.br\/site\/#organization\"},\"image\":{\"@id\":\"https:\/\/seconci.com.br\/site\/2019\/04\/08\/encontro-nacional-da-construcao-debatera-o-futuro-do-trabalho\/#primaryimage\"},\"thumbnailUrl\":\"https:\/\/seconci.com.br\/site\/wp-content\/uploads\/2019\/04\/Trabalhadores_Constru\u00e7\u00e3o.jpeg\",\"articleSection\":[\"Seconci Brasil\"],\"inLanguage\":\"pt-PT\"},{\"@type\":\"WebPage\",\"@id\":\"https:\/\/seconci.com.br\/site\/2019\/04\/08\/encontro-nacional-da-construcao-debatera-o-futuro-do-trabalho\/\",\"url\":\"https:\/\/seconci.com.br\/site\/2019\/04\/08\/encontro-nacional-da-construcao-debatera-o-futuro-do-trabalho\/\",\"name\":\"Encontro Nacional da Constru\u00e7\u00e3o debater\u00e1 o futuro do trabalho - Seconci Brasil\",\"isPartOf\":{\"@id\":\"https:\/\/seconci.com.br\/site\/#website\"},\"primaryImageOfPage\":{\"@id\":\"https:\/\/seconci.com.br\/site\/2019\/04\/08\/encontro-nacional-da-construcao-debatera-o-futuro-do-trabalho\/#primaryimage\"},\"image\":{\"@id\":\"https:\/\/seconci.com.br\/site\/2019\/04\/08\/encontro-nacional-da-construcao-debatera-o-futuro-do-trabalho\/#primaryimage\"},\"thumbnailUrl\":\"https:\/\/seconci.com.br\/site\/wp-content\/uploads\/2019\/04\/Trabalhadores_Constru\u00e7\u00e3o.jpeg\",\"datePublished\":\"2019-04-08T11:23:25+00:00\",\"dateModified\":\"2019-04-08T11:27:07+00:00\",\"breadcrumb\":{\"@id\":\"https:\/\/seconci.com.br\/site\/2019\/04\/08\/encontro-nacional-da-construcao-debatera-o-futuro-do-trabalho\/#breadcrumb\"},\"inLanguage\":\"pt-PT\",\"potentialAction\":[{\"@type\":\"ReadAction\",\"target\":[\"https:\/\/seconci.com.br\/site\/2019\/04\/08\/encontro-nacional-da-construcao-debatera-o-futuro-do-trabalho\/\"]}]},{\"@type\":\"ImageObject\",\"inLanguage\":\"pt-PT\",\"@id\":\"https:\/\/seconci.com.br\/site\/2019\/04\/08\/encontro-nacional-da-construcao-debatera-o-futuro-do-trabalho\/#primaryimage\",\"url\":\"https:\/\/seconci.com.br\/site\/wp-content\/uploads\/2019\/04\/Trabalhadores_Constru\u00e7\u00e3o.jpeg\",\"contentUrl\":\"https:\/\/seconci.com.br\/site\/wp-content\/uploads\/2019\/04\/Trabalhadores_Constru\u00e7\u00e3o.jpeg\",\"width\":1280,\"height\":853},{\"@type\":\"BreadcrumbList\",\"@id\":\"https:\/\/seconci.com.br\/site\/2019\/04\/08\/encontro-nacional-da-construcao-debatera-o-futuro-do-trabalho\/#breadcrumb\",\"itemListElement\":[{\"@type\":\"ListItem\",\"position\":1,\"name\":\"In\u00edcio\",\"item\":\"https:\/\/seconci.com.br\/site\/\"},{\"@type\":\"ListItem\",\"position\":2,\"name\":\"Encontro Nacional da Constru\u00e7\u00e3o debater\u00e1 o futuro do trabalho\"}]},{\"@type\":\"WebSite\",\"@id\":\"https:\/\/seconci.com.br\/site\/#website\",\"url\":\"https:\/\/seconci.com.br\/site\/\",\"name\":\"Seconci Brasil\",\"description\":\"\",\"publisher\":{\"@id\":\"https:\/\/seconci.com.br\/site\/#organization\"},\"potentialAction\":[{\"@type\":\"SearchAction\",\"target\":{\"@type\":\"EntryPoint\",\"urlTemplate\":\"https:\/\/seconci.com.br\/site\/?s={search_term_string}\"},\"query-input\":{\"@type\":\"PropertyValueSpecification\",\"valueRequired\":true,\"valueName\":\"search_term_string\"}}],\"inLanguage\":\"pt-PT\"},{\"@type\":\"Organization\",\"@id\":\"https:\/\/seconci.com.br\/site\/#organization\",\"name\":\"Seconci Brasil\",\"url\":\"https:\/\/seconci.com.br\/site\/\",\"logo\":{\"@type\":\"ImageObject\",\"inLanguage\":\"pt-PT\",\"@id\":\"https:\/\/seconci.com.br\/site\/#\/schema\/logo\/image\/\",\"url\":\"https:\/\/seconci.com.br\/site\/wp-content\/uploads\/2024\/08\/Logo-Seconci-Brasil-branca-2.png\",\"contentUrl\":\"https:\/\/seconci.com.br\/site\/wp-content\/uploads\/2024\/08\/Logo-Seconci-Brasil-branca-2.png\",\"width\":1315,\"height\":598,\"caption\":\"Seconci Brasil\"},\"image\":{\"@id\":\"https:\/\/seconci.com.br\/site\/#\/schema\/logo\/image\/\"}},{\"@type\":\"Person\",\"@id\":\"https:\/\/seconci.com.br\/site\/#\/schema\/person\/1d79afd97ddc8f2c68c1e88e298aa8e2\",\"name\":\"Sidney Rocha\",\"description\":\"Comunicador e estagi\u00e1rio do Seconci Brasil.\",\"url\":\"https:\/\/seconci.com.br\/site\/author\/sidney-rocha\/\"}]}<\/script>\n<!-- \/ Yoast SEO plugin. -->","yoast_head_json":{"title":"Encontro Nacional da Constru\u00e7\u00e3o debater\u00e1 o futuro do trabalho - Seconci Brasil","robots":{"index":"index","follow":"follow","max-snippet":"max-snippet:-1","max-image-preview":"max-image-preview:large","max-video-preview":"max-video-preview:-1"},"canonical":"https:\/\/seconci.com.br\/site\/2019\/04\/08\/encontro-nacional-da-construcao-debatera-o-futuro-do-trabalho\/","og_locale":"pt_PT","og_type":"article","og_title":"Encontro Nacional da Constru\u00e7\u00e3o debater\u00e1 o futuro do trabalho - Seconci Brasil","og_description":"| Ag\u00eancia Cbic | Trazer\u00a0novas perspectivas sobre prote\u00e7\u00e3o ao trabalhador\u00a0\u00e9 o objetivo da programa\u00e7\u00e3o preparada pela Comiss\u00e3o de Pol\u00edticas de Rela\u00e7\u00f5es Trabalhistas (CPRT) da C\u00e2mara Brasileira da Ind\u00fastria da Constru\u00e7\u00e3o (CBIC) para o\u00a091\u00ba Encontro Nacional da Ind\u00fastria da Constru\u00e7\u00e3o (Enic)\u00a0deste ano. Ser\u00e1 uma s\u00e9rie de pain\u00e9is conjuntos com outras comiss\u00f5es, com o prop\u00f3sito de aprofundar [&hellip;]","og_url":"https:\/\/seconci.com.br\/site\/2019\/04\/08\/encontro-nacional-da-construcao-debatera-o-futuro-do-trabalho\/","og_site_name":"Seconci Brasil","article_published_time":"2019-04-08T11:23:25+00:00","article_modified_time":"2019-04-08T11:27:07+00:00","og_image":[{"width":1280,"height":853,"url":"https:\/\/seconci.com.br\/site\/wp-content\/uploads\/2019\/04\/Trabalhadores_Constru\u00e7\u00e3o.jpeg","type":"image\/jpeg"}],"author":"Sidney Rocha","twitter_card":"summary_large_image","twitter_misc":{"Escrito por":"Sidney Rocha","Tempo estimado de leitura":"3 minutos"},"schema":{"@context":"https:\/\/schema.org","@graph":[{"@type":"Article","@id":"https:\/\/seconci.com.br\/site\/2019\/04\/08\/encontro-nacional-da-construcao-debatera-o-futuro-do-trabalho\/#article","isPartOf":{"@id":"https:\/\/seconci.com.br\/site\/2019\/04\/08\/encontro-nacional-da-construcao-debatera-o-futuro-do-trabalho\/"},"author":{"name":"Sidney Rocha","@id":"https:\/\/seconci.com.br\/site\/#\/schema\/person\/1d79afd97ddc8f2c68c1e88e298aa8e2"},"headline":"Encontro Nacional da Constru\u00e7\u00e3o debater\u00e1 o futuro do trabalho","datePublished":"2019-04-08T11:23:25+00:00","dateModified":"2019-04-08T11:27:07+00:00","mainEntityOfPage":{"@id":"https:\/\/seconci.com.br\/site\/2019\/04\/08\/encontro-nacional-da-construcao-debatera-o-futuro-do-trabalho\/"},"wordCount":552,"publisher":{"@id":"https:\/\/seconci.com.br\/site\/#organization"},"image":{"@id":"https:\/\/seconci.com.br\/site\/2019\/04\/08\/encontro-nacional-da-construcao-debatera-o-futuro-do-trabalho\/#primaryimage"},"thumbnailUrl":"https:\/\/seconci.com.br\/site\/wp-content\/uploads\/2019\/04\/Trabalhadores_Constru\u00e7\u00e3o.jpeg","articleSection":["Seconci Brasil"],"inLanguage":"pt-PT"},{"@type":"WebPage","@id":"https:\/\/seconci.com.br\/site\/2019\/04\/08\/encontro-nacional-da-construcao-debatera-o-futuro-do-trabalho\/","url":"https:\/\/seconci.com.br\/site\/2019\/04\/08\/encontro-nacional-da-construcao-debatera-o-futuro-do-trabalho\/","name":"Encontro Nacional da Constru\u00e7\u00e3o debater\u00e1 o futuro do trabalho - Seconci Brasil","isPartOf":{"@id":"https:\/\/seconci.com.br\/site\/#website"},"primaryImageOfPage":{"@id":"https:\/\/seconci.com.br\/site\/2019\/04\/08\/encontro-nacional-da-construcao-debatera-o-futuro-do-trabalho\/#primaryimage"},"image":{"@id":"https:\/\/seconci.com.br\/site\/2019\/04\/08\/encontro-nacional-da-construcao-debatera-o-futuro-do-trabalho\/#primaryimage"},"thumbnailUrl":"https:\/\/seconci.com.br\/site\/wp-content\/uploads\/2019\/04\/Trabalhadores_Constru\u00e7\u00e3o.jpeg","datePublished":"2019-04-08T11:23:25+00:00","dateModified":"2019-04-08T11:27:07+00:00","breadcrumb":{"@id":"https:\/\/seconci.com.br\/site\/2019\/04\/08\/encontro-nacional-da-construcao-debatera-o-futuro-do-trabalho\/#breadcrumb"},"inLanguage":"pt-PT","potentialAction":[{"@type":"ReadAction","target":["https:\/\/seconci.com.br\/site\/2019\/04\/08\/encontro-nacional-da-construcao-debatera-o-futuro-do-trabalho\/"]}]},{"@type":"ImageObject","inLanguage":"pt-PT","@id":"https:\/\/seconci.com.br\/site\/2019\/04\/08\/encontro-nacional-da-construcao-debatera-o-futuro-do-trabalho\/#primaryimage","url":"https:\/\/seconci.com.br\/site\/wp-content\/uploads\/2019\/04\/Trabalhadores_Constru\u00e7\u00e3o.jpeg","contentUrl":"https:\/\/seconci.com.br\/site\/wp-content\/uploads\/2019\/04\/Trabalhadores_Constru\u00e7\u00e3o.jpeg","width":1280,"height":853},{"@type":"BreadcrumbList","@id":"https:\/\/seconci.com.br\/site\/2019\/04\/08\/encontro-nacional-da-construcao-debatera-o-futuro-do-trabalho\/#breadcrumb","itemListElement":[{"@type":"ListItem","position":1,"name":"In\u00edcio","item":"https:\/\/seconci.com.br\/site\/"},{"@type":"ListItem","position":2,"name":"Encontro Nacional da Constru\u00e7\u00e3o debater\u00e1 o futuro do trabalho"}]},{"@type":"WebSite","@id":"https:\/\/seconci.com.br\/site\/#website","url":"https:\/\/seconci.com.br\/site\/","name":"Seconci Brasil","description":"","publisher":{"@id":"https:\/\/seconci.com.br\/site\/#organization"},"potentialAction":[{"@type":"SearchAction","target":{"@type":"EntryPoint","urlTemplate":"https:\/\/seconci.com.br\/site\/?s={search_term_string}"},"query-input":{"@type":"PropertyValueSpecification","valueRequired":true,"valueName":"search_term_string"}}],"inLanguage":"pt-PT"},{"@type":"Organization","@id":"https:\/\/seconci.com.br\/site\/#organization","name":"Seconci Brasil","url":"https:\/\/seconci.com.br\/site\/","logo":{"@type":"ImageObject","inLanguage":"pt-PT","@id":"https:\/\/seconci.com.br\/site\/#\/schema\/logo\/image\/","url":"https:\/\/seconci.com.br\/site\/wp-content\/uploads\/2024\/08\/Logo-Seconci-Brasil-branca-2.png","contentUrl":"https:\/\/seconci.com.br\/site\/wp-content\/uploads\/2024\/08\/Logo-Seconci-Brasil-branca-2.png","width":1315,"height":598,"caption":"Seconci Brasil"},"image":{"@id":"https:\/\/seconci.com.br\/site\/#\/schema\/logo\/image\/"}},{"@type":"Person","@id":"https:\/\/seconci.com.br\/site\/#\/schema\/person\/1d79afd97ddc8f2c68c1e88e298aa8e2","name":"Sidney Rocha","description":"Comunicador e estagi\u00e1rio do Seconci Brasil.","url":"https:\/\/seconci.com.br\/site\/author\/sidney-rocha\/"}]}},"_links":{"self":[{"href":"https:\/\/seconci.com.br\/site\/wp-json\/wp\/v2\/posts\/8248","targetHints":{"allow":["GET"]}}],"collection":[{"href":"https:\/\/seconci.com.br\/site\/wp-json\/wp\/v2\/posts"}],"about":[{"href":"https:\/\/seconci.com.br\/site\/wp-json\/wp\/v2\/types\/post"}],"author":[{"embeddable":true,"href":"https:\/\/seconci.com.br\/site\/wp-json\/wp\/v2\/users\/3"}],"replies":[{"embeddable":true,"href":"https:\/\/seconci.com.br\/site\/wp-json\/wp\/v2\/comments?post=8248"}],"version-history":[{"count":0,"href":"https:\/\/seconci.com.br\/site\/wp-json\/wp\/v2\/posts\/8248\/revisions"}],"wp:featuredmedia":[{"embeddable":true,"href":"https:\/\/seconci.com.br\/site\/wp-json\/wp\/v2\/media\/8249"}],"wp:attachment":[{"href":"https:\/\/seconci.com.br\/site\/wp-json\/wp\/v2\/media?parent=8248"}],"wp:term":[{"taxonomy":"category","embeddable":true,"href":"https:\/\/seconci.com.br\/site\/wp-json\/wp\/v2\/categories?post=8248"},{"taxonomy":"post_tag","embeddable":true,"href":"https:\/\/seconci.com.br\/site\/wp-json\/wp\/v2\/tags?post=8248"}],"curies":[{"name":"wp","href":"https:\/\/api.w.org\/{rel}","templated":true}]}}