{"id":8256,"date":"2019-04-10T11:42:56","date_gmt":"2019-04-10T11:42:56","guid":{"rendered":"https:\/\/seconci.com.br\/site\/?p=8256"},"modified":"2019-04-10T11:43:33","modified_gmt":"2019-04-10T11:43:33","slug":"seconci-sp-epis-precisam-ter-certificado-e-estar-na-data-de-validade","status":"publish","type":"post","link":"https:\/\/seconci.com.br\/site\/2019\/04\/10\/seconci-sp-epis-precisam-ter-certificado-e-estar-na-data-de-validade\/","title":{"rendered":"| Seconci-SP | EPIs precisam ter Certificado e estar na data de validade"},"content":{"rendered":"<p style=\"text-align: justify;\">| Assessoria de Comunica\u00e7\u00e3o Social do Seconci-SP |<\/p>\n<p style=\"text-align: justify;\">Por ocasi\u00e3o do Abril Verde, m\u00eas de conscientiza\u00e7\u00e3o sobre Sa\u00fade e Seguran\u00e7a do Trabalho, o SindusCon-SP e o Seconci-SP refor\u00e7am que os EPIs (Equipamentos de Prote\u00e7\u00e3o Individual) devem ter obrigatoriamente Certificado de Aprova\u00e7\u00e3o e estar dentro da validade estabelecida neste documento. Cada EPI precisa ser adaptado ao respectivo trabalhador, visando conforto, efic\u00e1cia e prote\u00e7\u00e3o.<\/p>\n<p style=\"text-align: justify;\">\u201cA seguran\u00e7a no ambiente de trabalho deve ser encarada como um investimento e fonte de lucro, por evitar acidentes e seus custosos desdobramentos para a empresa\u201d, afirma Haruo Ishikawa, vice-presidente de Rela\u00e7\u00f5es Capital-Trabalho do SindusCon-SP e presidente do Seconci-SP (Servi\u00e7o Social da Constru\u00e7\u00e3o).<\/p>\n<p style=\"text-align: justify;\">Todo equipamento deve apresentar o nome do fabricante, certificado de aprova\u00e7\u00e3o e modelo. Sem estas informa\u00e7\u00f5es, \u00e9 considerado inv\u00e1lido para utiliza\u00e7\u00e3o. O mercado oferece in\u00fameros tipos e modelos de EPIs. A dificuldade est\u00e1 no uso adequado no local de trabalho.<\/p>\n<p style=\"text-align: justify;\">Segundo o gerente de Seguran\u00e7a Ocupacional do Seconci-SP, Jos\u00e9 Bassili, cada EPI \u00e9 usado de acordo com a fase da obra ou atividade. \u201cSomente devem-se utilizar os equipamentos fornecidos pela empresa. O Seconci-SP realiza treinamentos espec\u00edficos para o uso, de acordo com cada EPI e o cargo do usu\u00e1rio. Tamb\u00e9m \u00e9 poss\u00edvel encomendar equipamentos sob medida e at\u00e9 \u00f3culos de prote\u00e7\u00e3o com grau\u201d, informa Bassili.<\/p>\n<p style=\"text-align: justify;\">\u201cA utiliza\u00e7\u00e3o correta \u00e9 determinada pela norma t\u00e9cnica NR 6, sendo total responsabilidade da empresa a entrega, conserva\u00e7\u00e3o e substitui\u00e7\u00e3o quando necess\u00e1rio. Outros t\u00f3picos importantes s\u00e3o a adequada especifica\u00e7\u00e3o dos equipamentos, seguindo cada exig\u00eancia para sua efic\u00e1cia\u201d, ressalta Paulo Henrique Panad\u00e9s, engenheiro de seguran\u00e7a do Seconci-SP.<\/p>\n<p style=\"text-align: justify;\"><strong>Conserva\u00e7\u00e3o e efic\u00e1cia<\/strong><\/p>\n<p style=\"text-align: justify;\">Confira abaixo a lista dos principais EPIs na constru\u00e7\u00e3o civil e entenda quais os cuidados necess\u00e1rios para manter sua preserva\u00e7\u00e3o e efic\u00e1cia contra grandes impactos e quedas, entre outros incidentes.<\/p>\n<ul style=\"text-align: justify;\">\n<li><strong>Capacete<\/strong>: obrigat\u00f3rio para todos que est\u00e3o presentes nas obras, desde o trabalhador at\u00e9 os visitantes. Alguns cuidados, como a higieniza\u00e7\u00e3o e o armazenamento, s\u00e3o essenciais para seu bom funcionamento. A partir da higieniza\u00e7\u00e3o, \u00e9 poss\u00edvel verificar poss\u00edveis defeitos, em v\u00e1rias partes do capacete. O uso deve ser suspendido se algum problema ou defeito for localizado;<\/li>\n<li><strong>\u00d3culos<\/strong>\u00a0<strong>de prote\u00e7\u00e3o<\/strong>: precisam estar ajustados corretamente ao rosto (sem deixar aberturas), n\u00e3o utilizar com lentes riscadas, emba\u00e7adas e sujas ou haste danificada e n\u00e3o guard\u00e1-los dentro do capacete;<\/li>\n<li><strong>Protetor facial<\/strong>: existem muitos modelos que, na maioria das vezes, s\u00e3o incorporados ao capacete. \u00c9 importante anexar de forma acertada para n\u00e3o danific\u00e1-lo, manter limpo, seco e longe de umidade. Guard\u00e1-lo adequadamente quando fora de uso;<\/li>\n<li><strong>Protetor auricular<\/strong>: n\u00e3o manusear o item com as m\u00e3os sujas; guardar o protetor corretamente ap\u00f3s o manuseio, mant\u00ea-lo sempre higienizado e inserir e retirar dos ouvidos com cuidado;<\/li>\n<li><strong>Botas de couro e borracha<\/strong>: realizar a higieniza\u00e7\u00e3o ap\u00f3s o suor excessivo para diminuir a probabilidade de doen\u00e7as, como a micose;<\/li>\n<li><strong>Luvas<\/strong>\u00a0\u2013 de raspa, tricotada, imperme\u00e1vel e para eletricista: necess\u00e1rio verificar as recomenda\u00e7\u00f5es do fabricante, que devem estar de acordo com os componentes da luva;<\/li>\n<li><strong>M\u00e1scaras PFF4<\/strong>\u00a0e para produtos qu\u00edmicos: cada tipo indica a forma de lavagem, tempo para descarte e ajustes que auxiliam tanto no uso adequado como na conserva\u00e7\u00e3o;<\/li>\n<li><strong>Avental imperme\u00e1vel ou de couro<\/strong>: a partir de um comprimento ideal \u00e0 altura do trabalhador, o avental promove seguran\u00e7a durante as atividades com produtos qu\u00edmicos ou aquecidos, agentes escoriantes e umidade.<\/li>\n<li><strong>Ombreira<\/strong>: somente us\u00e1-la seca, guardar longe do calor e sol excessivo, armazenar em local seco;<\/li>\n<li><strong>Cinto de seguran\u00e7a tipo paraquedista, trava quedas e talabarte Y<\/strong>: para garantir a efetividade no trabalho em altura, a orienta\u00e7\u00e3o de manuseio considera a correta armazenagem e conserva\u00e7\u00e3o de acordo com o ambiente de trabalho, al\u00e9m da inspe\u00e7\u00e3o di\u00e1ria antes da utiliza\u00e7\u00e3o. Os cintos de seguran\u00e7a dever\u00e3o estar bem ajustados ao corpo do trabalhador para evitar les\u00f5es durante as ocorr\u00eancias de queda.<\/li>\n<\/ul>\n<div class=\"footer-social\">\n<div class=\"shareBtnsTop2\">\n<div id=\"fb-root\" style=\"text-align: justify;\"><\/div>\n<div class=\"fb-share-button fb_iframe_widget\" style=\"text-align: justify;\" data-href=\"\" data-layout=\"button_count\"><\/div>\n<\/div>\n<\/div>\n","protected":false},"excerpt":{"rendered":"<p>| Assessoria de Comunica\u00e7\u00e3o Social do Seconci-SP | Por ocasi\u00e3o do Abril Verde, m\u00eas de conscientiza\u00e7\u00e3o sobre Sa\u00fade e Seguran\u00e7a do Trabalho, o SindusCon-SP e o Seconci-SP refor\u00e7am que os EPIs (Equipamentos de Prote\u00e7\u00e3o Individual) devem ter obrigatoriamente Certificado de Aprova\u00e7\u00e3o e estar dentro da validade estabelecida neste documento. Cada EPI precisa ser adaptado ao [&hellip;]<\/p>\n","protected":false},"author":3,"featured_media":8184,"comment_status":"closed","ping_status":"closed","sticky":false,"template":"","format":"standard","meta":{"footnotes":""},"categories":[87],"tags":[],"class_list":["post-8256","post","type-post","status-publish","format-standard","has-post-thumbnail","hentry","category-seconci-sao-paulo"],"yoast_head":"<!-- This site is optimized with the Yoast SEO plugin v26.9 - https:\/\/yoast.com\/product\/yoast-seo-wordpress\/ -->\n<title>| Seconci-SP | EPIs precisam ter Certificado e estar na data de validade - Seconci Brasil<\/title>\n<meta name=\"robots\" content=\"index, follow, max-snippet:-1, max-image-preview:large, max-video-preview:-1\" \/>\n<link rel=\"canonical\" href=\"https:\/\/seconci.com.br\/site\/2019\/04\/10\/seconci-sp-epis-precisam-ter-certificado-e-estar-na-data-de-validade\/\" \/>\n<meta property=\"og:locale\" content=\"pt_PT\" \/>\n<meta property=\"og:type\" content=\"article\" \/>\n<meta property=\"og:title\" content=\"| Seconci-SP | EPIs precisam ter Certificado e estar na data de validade - Seconci Brasil\" \/>\n<meta property=\"og:description\" content=\"| Assessoria de Comunica\u00e7\u00e3o Social do Seconci-SP | Por ocasi\u00e3o do Abril Verde, m\u00eas de conscientiza\u00e7\u00e3o sobre Sa\u00fade e Seguran\u00e7a do Trabalho, o SindusCon-SP e o Seconci-SP refor\u00e7am que os EPIs (Equipamentos de Prote\u00e7\u00e3o Individual) devem ter obrigatoriamente Certificado de Aprova\u00e7\u00e3o e estar dentro da validade estabelecida neste documento. Cada EPI precisa ser adaptado ao [&hellip;]\" \/>\n<meta property=\"og:url\" content=\"https:\/\/seconci.com.br\/site\/2019\/04\/10\/seconci-sp-epis-precisam-ter-certificado-e-estar-na-data-de-validade\/\" \/>\n<meta property=\"og:site_name\" content=\"Seconci Brasil\" \/>\n<meta property=\"article:published_time\" content=\"2019-04-10T11:42:56+00:00\" \/>\n<meta property=\"article:modified_time\" content=\"2019-04-10T11:43:33+00:00\" \/>\n<meta property=\"og:image\" content=\"https:\/\/seconci.com.br\/site\/wp-content\/uploads\/2019\/03\/seguranca-do-trabalho29265.jpg\" \/>\n\t<meta property=\"og:image:width\" content=\"850\" \/>\n\t<meta property=\"og:image:height\" content=\"689\" \/>\n\t<meta property=\"og:image:type\" content=\"image\/jpeg\" \/>\n<meta name=\"author\" content=\"Sidney Rocha\" \/>\n<meta name=\"twitter:card\" content=\"summary_large_image\" \/>\n<meta name=\"twitter:label1\" content=\"Escrito por\" \/>\n\t<meta name=\"twitter:data1\" content=\"Sidney Rocha\" \/>\n\t<meta name=\"twitter:label2\" content=\"Tempo estimado de leitura\" \/>\n\t<meta name=\"twitter:data2\" content=\"3 minutos\" \/>\n<script type=\"application\/ld+json\" class=\"yoast-schema-graph\">{\"@context\":\"https:\/\/schema.org\",\"@graph\":[{\"@type\":\"Article\",\"@id\":\"https:\/\/seconci.com.br\/site\/2019\/04\/10\/seconci-sp-epis-precisam-ter-certificado-e-estar-na-data-de-validade\/#article\",\"isPartOf\":{\"@id\":\"https:\/\/seconci.com.br\/site\/2019\/04\/10\/seconci-sp-epis-precisam-ter-certificado-e-estar-na-data-de-validade\/\"},\"author\":{\"name\":\"Sidney Rocha\",\"@id\":\"https:\/\/seconci.com.br\/site\/#\/schema\/person\/1d79afd97ddc8f2c68c1e88e298aa8e2\"},\"headline\":\"| Seconci-SP | EPIs precisam ter Certificado e estar na data de validade\",\"datePublished\":\"2019-04-10T11:42:56+00:00\",\"dateModified\":\"2019-04-10T11:43:33+00:00\",\"mainEntityOfPage\":{\"@id\":\"https:\/\/seconci.com.br\/site\/2019\/04\/10\/seconci-sp-epis-precisam-ter-certificado-e-estar-na-data-de-validade\/\"},\"wordCount\":707,\"publisher\":{\"@id\":\"https:\/\/seconci.com.br\/site\/#organization\"},\"image\":{\"@id\":\"https:\/\/seconci.com.br\/site\/2019\/04\/10\/seconci-sp-epis-precisam-ter-certificado-e-estar-na-data-de-validade\/#primaryimage\"},\"thumbnailUrl\":\"https:\/\/seconci.com.br\/site\/wp-content\/uploads\/2019\/03\/seguranca-do-trabalho29265.jpg\",\"articleSection\":[\"Seconci S\u00e3o Paulo\"],\"inLanguage\":\"pt-PT\"},{\"@type\":\"WebPage\",\"@id\":\"https:\/\/seconci.com.br\/site\/2019\/04\/10\/seconci-sp-epis-precisam-ter-certificado-e-estar-na-data-de-validade\/\",\"url\":\"https:\/\/seconci.com.br\/site\/2019\/04\/10\/seconci-sp-epis-precisam-ter-certificado-e-estar-na-data-de-validade\/\",\"name\":\"| Seconci-SP | EPIs precisam ter Certificado e estar na data de validade - Seconci Brasil\",\"isPartOf\":{\"@id\":\"https:\/\/seconci.com.br\/site\/#website\"},\"primaryImageOfPage\":{\"@id\":\"https:\/\/seconci.com.br\/site\/2019\/04\/10\/seconci-sp-epis-precisam-ter-certificado-e-estar-na-data-de-validade\/#primaryimage\"},\"image\":{\"@id\":\"https:\/\/seconci.com.br\/site\/2019\/04\/10\/seconci-sp-epis-precisam-ter-certificado-e-estar-na-data-de-validade\/#primaryimage\"},\"thumbnailUrl\":\"https:\/\/seconci.com.br\/site\/wp-content\/uploads\/2019\/03\/seguranca-do-trabalho29265.jpg\",\"datePublished\":\"2019-04-10T11:42:56+00:00\",\"dateModified\":\"2019-04-10T11:43:33+00:00\",\"breadcrumb\":{\"@id\":\"https:\/\/seconci.com.br\/site\/2019\/04\/10\/seconci-sp-epis-precisam-ter-certificado-e-estar-na-data-de-validade\/#breadcrumb\"},\"inLanguage\":\"pt-PT\",\"potentialAction\":[{\"@type\":\"ReadAction\",\"target\":[\"https:\/\/seconci.com.br\/site\/2019\/04\/10\/seconci-sp-epis-precisam-ter-certificado-e-estar-na-data-de-validade\/\"]}]},{\"@type\":\"ImageObject\",\"inLanguage\":\"pt-PT\",\"@id\":\"https:\/\/seconci.com.br\/site\/2019\/04\/10\/seconci-sp-epis-precisam-ter-certificado-e-estar-na-data-de-validade\/#primaryimage\",\"url\":\"https:\/\/seconci.com.br\/site\/wp-content\/uploads\/2019\/03\/seguranca-do-trabalho29265.jpg\",\"contentUrl\":\"https:\/\/seconci.com.br\/site\/wp-content\/uploads\/2019\/03\/seguranca-do-trabalho29265.jpg\",\"width\":850,\"height\":689},{\"@type\":\"BreadcrumbList\",\"@id\":\"https:\/\/seconci.com.br\/site\/2019\/04\/10\/seconci-sp-epis-precisam-ter-certificado-e-estar-na-data-de-validade\/#breadcrumb\",\"itemListElement\":[{\"@type\":\"ListItem\",\"position\":1,\"name\":\"In\u00edcio\",\"item\":\"https:\/\/seconci.com.br\/site\/\"},{\"@type\":\"ListItem\",\"position\":2,\"name\":\"| Seconci-SP | EPIs precisam ter Certificado e estar na data de validade\"}]},{\"@type\":\"WebSite\",\"@id\":\"https:\/\/seconci.com.br\/site\/#website\",\"url\":\"https:\/\/seconci.com.br\/site\/\",\"name\":\"Seconci Brasil\",\"description\":\"\",\"publisher\":{\"@id\":\"https:\/\/seconci.com.br\/site\/#organization\"},\"potentialAction\":[{\"@type\":\"SearchAction\",\"target\":{\"@type\":\"EntryPoint\",\"urlTemplate\":\"https:\/\/seconci.com.br\/site\/?s={search_term_string}\"},\"query-input\":{\"@type\":\"PropertyValueSpecification\",\"valueRequired\":true,\"valueName\":\"search_term_string\"}}],\"inLanguage\":\"pt-PT\"},{\"@type\":\"Organization\",\"@id\":\"https:\/\/seconci.com.br\/site\/#organization\",\"name\":\"Seconci Brasil\",\"url\":\"https:\/\/seconci.com.br\/site\/\",\"logo\":{\"@type\":\"ImageObject\",\"inLanguage\":\"pt-PT\",\"@id\":\"https:\/\/seconci.com.br\/site\/#\/schema\/logo\/image\/\",\"url\":\"https:\/\/seconci.com.br\/site\/wp-content\/uploads\/2024\/08\/Logo-Seconci-Brasil-branca-2.png\",\"contentUrl\":\"https:\/\/seconci.com.br\/site\/wp-content\/uploads\/2024\/08\/Logo-Seconci-Brasil-branca-2.png\",\"width\":1315,\"height\":598,\"caption\":\"Seconci Brasil\"},\"image\":{\"@id\":\"https:\/\/seconci.com.br\/site\/#\/schema\/logo\/image\/\"}},{\"@type\":\"Person\",\"@id\":\"https:\/\/seconci.com.br\/site\/#\/schema\/person\/1d79afd97ddc8f2c68c1e88e298aa8e2\",\"name\":\"Sidney Rocha\",\"description\":\"Comunicador e estagi\u00e1rio do Seconci Brasil.\",\"url\":\"https:\/\/seconci.com.br\/site\/author\/sidney-rocha\/\"}]}<\/script>\n<!-- \/ Yoast SEO plugin. -->","yoast_head_json":{"title":"| Seconci-SP | EPIs precisam ter Certificado e estar na data de validade - Seconci Brasil","robots":{"index":"index","follow":"follow","max-snippet":"max-snippet:-1","max-image-preview":"max-image-preview:large","max-video-preview":"max-video-preview:-1"},"canonical":"https:\/\/seconci.com.br\/site\/2019\/04\/10\/seconci-sp-epis-precisam-ter-certificado-e-estar-na-data-de-validade\/","og_locale":"pt_PT","og_type":"article","og_title":"| Seconci-SP | EPIs precisam ter Certificado e estar na data de validade - Seconci Brasil","og_description":"| Assessoria de Comunica\u00e7\u00e3o Social do Seconci-SP | Por ocasi\u00e3o do Abril Verde, m\u00eas de conscientiza\u00e7\u00e3o sobre Sa\u00fade e Seguran\u00e7a do Trabalho, o SindusCon-SP e o Seconci-SP refor\u00e7am que os EPIs (Equipamentos de Prote\u00e7\u00e3o Individual) devem ter obrigatoriamente Certificado de Aprova\u00e7\u00e3o e estar dentro da validade estabelecida neste documento. Cada EPI precisa ser adaptado ao [&hellip;]","og_url":"https:\/\/seconci.com.br\/site\/2019\/04\/10\/seconci-sp-epis-precisam-ter-certificado-e-estar-na-data-de-validade\/","og_site_name":"Seconci Brasil","article_published_time":"2019-04-10T11:42:56+00:00","article_modified_time":"2019-04-10T11:43:33+00:00","og_image":[{"width":850,"height":689,"url":"https:\/\/seconci.com.br\/site\/wp-content\/uploads\/2019\/03\/seguranca-do-trabalho29265.jpg","type":"image\/jpeg"}],"author":"Sidney Rocha","twitter_card":"summary_large_image","twitter_misc":{"Escrito por":"Sidney Rocha","Tempo estimado de leitura":"3 minutos"},"schema":{"@context":"https:\/\/schema.org","@graph":[{"@type":"Article","@id":"https:\/\/seconci.com.br\/site\/2019\/04\/10\/seconci-sp-epis-precisam-ter-certificado-e-estar-na-data-de-validade\/#article","isPartOf":{"@id":"https:\/\/seconci.com.br\/site\/2019\/04\/10\/seconci-sp-epis-precisam-ter-certificado-e-estar-na-data-de-validade\/"},"author":{"name":"Sidney Rocha","@id":"https:\/\/seconci.com.br\/site\/#\/schema\/person\/1d79afd97ddc8f2c68c1e88e298aa8e2"},"headline":"| Seconci-SP | EPIs precisam ter Certificado e estar na data de validade","datePublished":"2019-04-10T11:42:56+00:00","dateModified":"2019-04-10T11:43:33+00:00","mainEntityOfPage":{"@id":"https:\/\/seconci.com.br\/site\/2019\/04\/10\/seconci-sp-epis-precisam-ter-certificado-e-estar-na-data-de-validade\/"},"wordCount":707,"publisher":{"@id":"https:\/\/seconci.com.br\/site\/#organization"},"image":{"@id":"https:\/\/seconci.com.br\/site\/2019\/04\/10\/seconci-sp-epis-precisam-ter-certificado-e-estar-na-data-de-validade\/#primaryimage"},"thumbnailUrl":"https:\/\/seconci.com.br\/site\/wp-content\/uploads\/2019\/03\/seguranca-do-trabalho29265.jpg","articleSection":["Seconci S\u00e3o Paulo"],"inLanguage":"pt-PT"},{"@type":"WebPage","@id":"https:\/\/seconci.com.br\/site\/2019\/04\/10\/seconci-sp-epis-precisam-ter-certificado-e-estar-na-data-de-validade\/","url":"https:\/\/seconci.com.br\/site\/2019\/04\/10\/seconci-sp-epis-precisam-ter-certificado-e-estar-na-data-de-validade\/","name":"| Seconci-SP | EPIs precisam ter Certificado e estar na data de validade - Seconci Brasil","isPartOf":{"@id":"https:\/\/seconci.com.br\/site\/#website"},"primaryImageOfPage":{"@id":"https:\/\/seconci.com.br\/site\/2019\/04\/10\/seconci-sp-epis-precisam-ter-certificado-e-estar-na-data-de-validade\/#primaryimage"},"image":{"@id":"https:\/\/seconci.com.br\/site\/2019\/04\/10\/seconci-sp-epis-precisam-ter-certificado-e-estar-na-data-de-validade\/#primaryimage"},"thumbnailUrl":"https:\/\/seconci.com.br\/site\/wp-content\/uploads\/2019\/03\/seguranca-do-trabalho29265.jpg","datePublished":"2019-04-10T11:42:56+00:00","dateModified":"2019-04-10T11:43:33+00:00","breadcrumb":{"@id":"https:\/\/seconci.com.br\/site\/2019\/04\/10\/seconci-sp-epis-precisam-ter-certificado-e-estar-na-data-de-validade\/#breadcrumb"},"inLanguage":"pt-PT","potentialAction":[{"@type":"ReadAction","target":["https:\/\/seconci.com.br\/site\/2019\/04\/10\/seconci-sp-epis-precisam-ter-certificado-e-estar-na-data-de-validade\/"]}]},{"@type":"ImageObject","inLanguage":"pt-PT","@id":"https:\/\/seconci.com.br\/site\/2019\/04\/10\/seconci-sp-epis-precisam-ter-certificado-e-estar-na-data-de-validade\/#primaryimage","url":"https:\/\/seconci.com.br\/site\/wp-content\/uploads\/2019\/03\/seguranca-do-trabalho29265.jpg","contentUrl":"https:\/\/seconci.com.br\/site\/wp-content\/uploads\/2019\/03\/seguranca-do-trabalho29265.jpg","width":850,"height":689},{"@type":"BreadcrumbList","@id":"https:\/\/seconci.com.br\/site\/2019\/04\/10\/seconci-sp-epis-precisam-ter-certificado-e-estar-na-data-de-validade\/#breadcrumb","itemListElement":[{"@type":"ListItem","position":1,"name":"In\u00edcio","item":"https:\/\/seconci.com.br\/site\/"},{"@type":"ListItem","position":2,"name":"| Seconci-SP | EPIs precisam ter Certificado e estar na data de validade"}]},{"@type":"WebSite","@id":"https:\/\/seconci.com.br\/site\/#website","url":"https:\/\/seconci.com.br\/site\/","name":"Seconci Brasil","description":"","publisher":{"@id":"https:\/\/seconci.com.br\/site\/#organization"},"potentialAction":[{"@type":"SearchAction","target":{"@type":"EntryPoint","urlTemplate":"https:\/\/seconci.com.br\/site\/?s={search_term_string}"},"query-input":{"@type":"PropertyValueSpecification","valueRequired":true,"valueName":"search_term_string"}}],"inLanguage":"pt-PT"},{"@type":"Organization","@id":"https:\/\/seconci.com.br\/site\/#organization","name":"Seconci Brasil","url":"https:\/\/seconci.com.br\/site\/","logo":{"@type":"ImageObject","inLanguage":"pt-PT","@id":"https:\/\/seconci.com.br\/site\/#\/schema\/logo\/image\/","url":"https:\/\/seconci.com.br\/site\/wp-content\/uploads\/2024\/08\/Logo-Seconci-Brasil-branca-2.png","contentUrl":"https:\/\/seconci.com.br\/site\/wp-content\/uploads\/2024\/08\/Logo-Seconci-Brasil-branca-2.png","width":1315,"height":598,"caption":"Seconci Brasil"},"image":{"@id":"https:\/\/seconci.com.br\/site\/#\/schema\/logo\/image\/"}},{"@type":"Person","@id":"https:\/\/seconci.com.br\/site\/#\/schema\/person\/1d79afd97ddc8f2c68c1e88e298aa8e2","name":"Sidney Rocha","description":"Comunicador e estagi\u00e1rio do Seconci Brasil.","url":"https:\/\/seconci.com.br\/site\/author\/sidney-rocha\/"}]}},"_links":{"self":[{"href":"https:\/\/seconci.com.br\/site\/wp-json\/wp\/v2\/posts\/8256","targetHints":{"allow":["GET"]}}],"collection":[{"href":"https:\/\/seconci.com.br\/site\/wp-json\/wp\/v2\/posts"}],"about":[{"href":"https:\/\/seconci.com.br\/site\/wp-json\/wp\/v2\/types\/post"}],"author":[{"embeddable":true,"href":"https:\/\/seconci.com.br\/site\/wp-json\/wp\/v2\/users\/3"}],"replies":[{"embeddable":true,"href":"https:\/\/seconci.com.br\/site\/wp-json\/wp\/v2\/comments?post=8256"}],"version-history":[{"count":0,"href":"https:\/\/seconci.com.br\/site\/wp-json\/wp\/v2\/posts\/8256\/revisions"}],"wp:featuredmedia":[{"embeddable":true,"href":"https:\/\/seconci.com.br\/site\/wp-json\/wp\/v2\/media\/8184"}],"wp:attachment":[{"href":"https:\/\/seconci.com.br\/site\/wp-json\/wp\/v2\/media?parent=8256"}],"wp:term":[{"taxonomy":"category","embeddable":true,"href":"https:\/\/seconci.com.br\/site\/wp-json\/wp\/v2\/categories?post=8256"},{"taxonomy":"post_tag","embeddable":true,"href":"https:\/\/seconci.com.br\/site\/wp-json\/wp\/v2\/tags?post=8256"}],"curies":[{"name":"wp","href":"https:\/\/api.w.org\/{rel}","templated":true}]}}