{"id":8274,"date":"2019-04-15T15:01:11","date_gmt":"2019-04-15T15:01:11","guid":{"rendered":"https:\/\/seconci.com.br\/site\/?p=8274"},"modified":"2019-04-15T15:01:11","modified_gmt":"2019-04-15T15:01:11","slug":"333-688-participantes-no-construser-em-11-anos","status":"publish","type":"post","link":"https:\/\/seconci.com.br\/site\/2019\/04\/15\/333-688-participantes-no-construser-em-11-anos\/","title":{"rendered":"333.688 participantes no ConstruSer em 11 anos"},"content":{"rendered":"<h3 class=\"descricao_post\"><\/h3>\n<p style=\"text-align: justify;\"><em>Integra\u00e7\u00e3o \u00e9 o maior objetivo do evento que ser\u00e1 no dia 27 de abril<\/em><\/p>\n<p style=\"text-align: justify;\">| <strong>Por Reda\u00e7\u00e3o do Sinduscon-SP<\/strong> |<\/p>\n<p style=\"text-align: justify;\">333.688 participantes. Esse \u00e9 o total de pessoas que passaram pelas 11 edi\u00e7\u00f5es do maior evento voltado para o trabalhador (e seus familiares e amigos) da Constru\u00e7\u00e3o civil do estado de S\u00e3o Paulo: ConstruSer. Ao todo, 790 atividades foram realizadas e 3.455.160 atendimentos feitos. Para a 12\u00aa edi\u00e7\u00e3o do Encontro Estadual da Constru\u00e7\u00e3o Civil em Fam\u00edlia \u2013 ConstruSer, que acontecer\u00e1 no dia 27 de abril simultaneamente em Osasco, para os trabalhadores da capital, e em Bauru, Campinas, Presidente Prudente, Ribeir\u00e3o Preto, Santo Andr\u00e9 (para o ABCD), Cubat\u00e3o (para a Baixada Santista), Rio Preto, S\u00e3o Jos\u00e9 dos Campos (para o Vale do Para\u00edba e o Alto Tiet\u00ea) e Votorantim (para Sorocaba), a expectativa de p\u00fablico geral \u00e9 de 20.150 pessoas, sendo 17.300 participantes e 2.850 volunt\u00e1rios.<\/p>\n<p style=\"text-align: justify;\">\u201cO evento busca refor\u00e7ar o v\u00ednculo do trabalhador com o seu setor por meio de v\u00e1rias atividades de lazer envolvendo seus colegas, amigos e familiares. A integra\u00e7\u00e3o entre os participantes \u00e9 o maior objetivo do ConstruSer\u201d, afirma o vice-presidente Rela\u00e7\u00f5es de Capital-Trabalho do SindusCon-SP e presidente do Seconci-SP, Haruo Ishikawa. A realiza\u00e7\u00e3o do evento \u00e9 do SindusCon-SP \u2013 Sindicato da Ind\u00fastria da Constru\u00e7\u00e3o Civil do Estado de S\u00e3o Paulo e da Fiesp \u2013 Federa\u00e7\u00e3o das Ind\u00fastrias do Estado de S\u00e3o Paulo, Sesi \u2013 Servi\u00e7o Social da Ind\u00fastria, Senai \u2013 Servi\u00e7o Nacional de Aprendizagem Industrial e Seconci-SP \u2013 Servi\u00e7o Social da Constru\u00e7\u00e3o Civil do Estado de S\u00e3o Paulo.<\/p>\n<p style=\"text-align: justify;\">Ser\u00e3o horas dedicadas ao lazer do trabalhador com atividades culturais, a\u00e7\u00f5es voltadas para a cultura e sa\u00fade, al\u00e9m do exerc\u00edcio de cidadania, a melhoria da qualidade de vida, a eleva\u00e7\u00e3o da autoestima e o incentivo ao conv\u00edvio familiar para os trabalhadores da Constru\u00e7\u00e3o Civil e seus familiares das empresas associadas ao SindusCon-SP e Seconci-SP.<\/p>\n<p style=\"text-align: justify;\">As empresas associadas ao SindusCon-SP e as contribuintes do Seconci-SP poder\u00e3o inscrever seus trabalhadores e familiares gratuitamente. Contatos para a inscri\u00e7\u00e3o ser\u00e3o feitos pelos t\u00e9cnicos de seguran\u00e7a do Senai-SP. Informa\u00e7\u00f5es e inscri\u00e7\u00f5es: com os gerentes do Seconci-SP no Interior, e na capital com <a href=\"mailto:roseane.petronilo@seconci-sp.org.br\">roseane.petronilo@seconci-sp.org.br<\/a> ou (11) 3664-5808, e com <a href=\"mailto:mbarbosa@sindusconsp.com.br\">mbarbosa@sindusconsp.com.br<\/a> ou (11) 3334-5630.<\/p>\n<p style=\"text-align: justify;\">O evento ser\u00e1 das 8h00 \u00e0s 16h, nos CAT\u2019s do SESI, s\u00e3o eles:<\/p>\n<p style=\"text-align: justify;\">S\u00e3o Paulo \u2013 Sesi CAT Luis Eulalio De Bueno Vidigal Filho<\/p>\n<p style=\"text-align: justify;\">Av. Vargas S\/N \u2013 Jardim Piratininga \u2013 Osasco, SP<\/p>\n<p style=\"text-align: justify;\">Bauru \u2013 CAT Raphael Noschese<\/p>\n<p style=\"text-align: justify;\">Rua Rubens Arruda, 8 -50, Altos da Cidade \u2013 Bauru, SP<\/p>\n<p style=\"text-align: justify;\">Campinas \u2013 Sesi Campinas II \u2013 CAT Joaquim Gabriel Penteado<\/p>\n<p style=\"text-align: justify;\">Ary Rodriguez, 200, Bacuri \u2013 Campinas, SP<\/p>\n<p style=\"text-align: justify;\">Cubat\u00e3o \u2013 CAT D\u00e9cio de Paula Leite Novaes<\/p>\n<p style=\"text-align: justify;\">Rua Comendador Francisco Bernardes, 261, Parque S\u00e3o Luiz \u2013 Cubat\u00e3o, SP<\/p>\n<p style=\"text-align: justify;\">Presidente Prudente \u2013 CAT Belmiro Jesus<\/p>\n<p style=\"text-align: justify;\">Av. Ibraim Nobre, 585, Pq. Furquim \u2013 Presidente Prudente, SP<\/p>\n<p style=\"text-align: justify;\">Ribeir\u00e3o Preto \u2013 CAT Jardim Castelo Branco Novo<\/p>\n<p style=\"text-align: justify;\">Rua Dom Luiz do Amaral Mousinho, 3465 \u2013 Castelo Branco \u2013 Ribeir\u00e3o Preto, SP<\/p>\n<p style=\"text-align: justify;\">Santo Andr\u00e9 \u2013 CAT Theobaldo de Nigris<\/p>\n<p style=\"text-align: justify;\">Pra\u00e7a Dr. Armando de Arruda Pereira, 100, Sta. Terezinha \u2013 Santo Andr\u00e9, SP<\/p>\n<p style=\"text-align: justify;\">S\u00e3o Jos\u00e9 do Rio Preto \u2013 CAT Jorge Duprat Figueiredo<\/p>\n<p style=\"text-align: justify;\">Av. Duque de Caxias, 4656, Vl. Elvira \u2013 S\u00e3o Jos\u00e9 do Rio Preto, SP<\/p>\n<p style=\"text-align: justify;\">S\u00e3o Jos\u00e9 dos Campos \u2013 CAT Ozires Silva<\/p>\n<p style=\"text-align: justify;\">Av. Cidade Jardim, 4389, Bosque dos Eucaliptos \u2013 S\u00e3o Jos\u00e9 dos Campos, SP<\/p>\n<p style=\"text-align: justify;\">Sorocaba \u2013 CAT Sen. Jos\u00e9 Erm\u00edrio de Moraes Filho (Votorantim)<\/p>\n<p style=\"text-align: justify;\">Av. Claudio Pinto do Nascimento, 140, Jd. Para\u00edso \u2013 Votorantim, SP<\/p>\n<p style=\"text-align: justify;\">Mais informa\u00e7\u00f5es <a href=\"https:\/\/sindusconsp.com.br\/acontece\/construser2019\/\">aqui<\/a><\/p>\n","protected":false},"excerpt":{"rendered":"<p>Integra\u00e7\u00e3o \u00e9 o maior objetivo do evento que ser\u00e1 no dia 27 de abril | Por Reda\u00e7\u00e3o do Sinduscon-SP | 333.688 participantes. Esse \u00e9 o total de pessoas que passaram pelas 11 edi\u00e7\u00f5es do maior evento voltado para o trabalhador (e seus familiares e amigos) da Constru\u00e7\u00e3o civil do estado de S\u00e3o Paulo: ConstruSer. Ao [&hellip;]<\/p>\n","protected":false},"author":3,"featured_media":8191,"comment_status":"closed","ping_status":"closed","sticky":false,"template":"","format":"standard","meta":{"footnotes":""},"categories":[87],"tags":[],"class_list":["post-8274","post","type-post","status-publish","format-standard","has-post-thumbnail","hentry","category-seconci-sao-paulo"],"yoast_head":"<!-- This site is optimized with the Yoast SEO plugin v26.9 - https:\/\/yoast.com\/product\/yoast-seo-wordpress\/ -->\n<title>333.688 participantes no ConstruSer em 11 anos - Seconci Brasil<\/title>\n<meta name=\"robots\" content=\"index, follow, max-snippet:-1, max-image-preview:large, max-video-preview:-1\" \/>\n<link rel=\"canonical\" href=\"https:\/\/seconci.com.br\/site\/2019\/04\/15\/333-688-participantes-no-construser-em-11-anos\/\" \/>\n<meta property=\"og:locale\" content=\"pt_PT\" \/>\n<meta property=\"og:type\" content=\"article\" \/>\n<meta property=\"og:title\" content=\"333.688 participantes no ConstruSer em 11 anos - Seconci Brasil\" \/>\n<meta property=\"og:description\" content=\"Integra\u00e7\u00e3o \u00e9 o maior objetivo do evento que ser\u00e1 no dia 27 de abril | Por Reda\u00e7\u00e3o do Sinduscon-SP | 333.688 participantes. Esse \u00e9 o total de pessoas que passaram pelas 11 edi\u00e7\u00f5es do maior evento voltado para o trabalhador (e seus familiares e amigos) da Constru\u00e7\u00e3o civil do estado de S\u00e3o Paulo: ConstruSer. Ao [&hellip;]\" \/>\n<meta property=\"og:url\" content=\"https:\/\/seconci.com.br\/site\/2019\/04\/15\/333-688-participantes-no-construser-em-11-anos\/\" \/>\n<meta property=\"og:site_name\" content=\"Seconci Brasil\" \/>\n<meta property=\"article:published_time\" content=\"2019-04-15T15:01:11+00:00\" \/>\n<meta property=\"og:image\" content=\"https:\/\/seconci.com.br\/site\/wp-content\/uploads\/2019\/03\/haruo_circulo-150x150.jpg\" \/>\n\t<meta property=\"og:image:width\" content=\"150\" \/>\n\t<meta property=\"og:image:height\" content=\"150\" \/>\n\t<meta property=\"og:image:type\" content=\"image\/jpeg\" \/>\n<meta name=\"author\" content=\"Sidney Rocha\" \/>\n<meta name=\"twitter:card\" content=\"summary_large_image\" \/>\n<meta name=\"twitter:label1\" content=\"Escrito por\" \/>\n\t<meta name=\"twitter:data1\" content=\"Sidney Rocha\" \/>\n\t<meta name=\"twitter:label2\" content=\"Tempo estimado de leitura\" \/>\n\t<meta name=\"twitter:data2\" content=\"3 minutos\" \/>\n<script type=\"application\/ld+json\" class=\"yoast-schema-graph\">{\"@context\":\"https:\/\/schema.org\",\"@graph\":[{\"@type\":\"Article\",\"@id\":\"https:\/\/seconci.com.br\/site\/2019\/04\/15\/333-688-participantes-no-construser-em-11-anos\/#article\",\"isPartOf\":{\"@id\":\"https:\/\/seconci.com.br\/site\/2019\/04\/15\/333-688-participantes-no-construser-em-11-anos\/\"},\"author\":{\"name\":\"Sidney Rocha\",\"@id\":\"https:\/\/seconci.com.br\/site\/#\/schema\/person\/1d79afd97ddc8f2c68c1e88e298aa8e2\"},\"headline\":\"333.688 participantes no ConstruSer em 11 anos\",\"datePublished\":\"2019-04-15T15:01:11+00:00\",\"mainEntityOfPage\":{\"@id\":\"https:\/\/seconci.com.br\/site\/2019\/04\/15\/333-688-participantes-no-construser-em-11-anos\/\"},\"wordCount\":591,\"publisher\":{\"@id\":\"https:\/\/seconci.com.br\/site\/#organization\"},\"image\":{\"@id\":\"https:\/\/seconci.com.br\/site\/2019\/04\/15\/333-688-participantes-no-construser-em-11-anos\/#primaryimage\"},\"thumbnailUrl\":\"https:\/\/seconci.com.br\/site\/wp-content\/uploads\/2019\/03\/haruo_circulo-150x150.jpg\",\"articleSection\":[\"Seconci S\u00e3o Paulo\"],\"inLanguage\":\"pt-PT\"},{\"@type\":\"WebPage\",\"@id\":\"https:\/\/seconci.com.br\/site\/2019\/04\/15\/333-688-participantes-no-construser-em-11-anos\/\",\"url\":\"https:\/\/seconci.com.br\/site\/2019\/04\/15\/333-688-participantes-no-construser-em-11-anos\/\",\"name\":\"333.688 participantes no ConstruSer em 11 anos - Seconci Brasil\",\"isPartOf\":{\"@id\":\"https:\/\/seconci.com.br\/site\/#website\"},\"primaryImageOfPage\":{\"@id\":\"https:\/\/seconci.com.br\/site\/2019\/04\/15\/333-688-participantes-no-construser-em-11-anos\/#primaryimage\"},\"image\":{\"@id\":\"https:\/\/seconci.com.br\/site\/2019\/04\/15\/333-688-participantes-no-construser-em-11-anos\/#primaryimage\"},\"thumbnailUrl\":\"https:\/\/seconci.com.br\/site\/wp-content\/uploads\/2019\/03\/haruo_circulo-150x150.jpg\",\"datePublished\":\"2019-04-15T15:01:11+00:00\",\"breadcrumb\":{\"@id\":\"https:\/\/seconci.com.br\/site\/2019\/04\/15\/333-688-participantes-no-construser-em-11-anos\/#breadcrumb\"},\"inLanguage\":\"pt-PT\",\"potentialAction\":[{\"@type\":\"ReadAction\",\"target\":[\"https:\/\/seconci.com.br\/site\/2019\/04\/15\/333-688-participantes-no-construser-em-11-anos\/\"]}]},{\"@type\":\"ImageObject\",\"inLanguage\":\"pt-PT\",\"@id\":\"https:\/\/seconci.com.br\/site\/2019\/04\/15\/333-688-participantes-no-construser-em-11-anos\/#primaryimage\",\"url\":\"https:\/\/seconci.com.br\/site\/wp-content\/uploads\/2019\/03\/haruo_circulo-150x150.jpg\",\"contentUrl\":\"https:\/\/seconci.com.br\/site\/wp-content\/uploads\/2019\/03\/haruo_circulo-150x150.jpg\",\"width\":150,\"height\":150},{\"@type\":\"BreadcrumbList\",\"@id\":\"https:\/\/seconci.com.br\/site\/2019\/04\/15\/333-688-participantes-no-construser-em-11-anos\/#breadcrumb\",\"itemListElement\":[{\"@type\":\"ListItem\",\"position\":1,\"name\":\"In\u00edcio\",\"item\":\"https:\/\/seconci.com.br\/site\/\"},{\"@type\":\"ListItem\",\"position\":2,\"name\":\"333.688 participantes no ConstruSer em 11 anos\"}]},{\"@type\":\"WebSite\",\"@id\":\"https:\/\/seconci.com.br\/site\/#website\",\"url\":\"https:\/\/seconci.com.br\/site\/\",\"name\":\"Seconci Brasil\",\"description\":\"\",\"publisher\":{\"@id\":\"https:\/\/seconci.com.br\/site\/#organization\"},\"potentialAction\":[{\"@type\":\"SearchAction\",\"target\":{\"@type\":\"EntryPoint\",\"urlTemplate\":\"https:\/\/seconci.com.br\/site\/?s={search_term_string}\"},\"query-input\":{\"@type\":\"PropertyValueSpecification\",\"valueRequired\":true,\"valueName\":\"search_term_string\"}}],\"inLanguage\":\"pt-PT\"},{\"@type\":\"Organization\",\"@id\":\"https:\/\/seconci.com.br\/site\/#organization\",\"name\":\"Seconci Brasil\",\"url\":\"https:\/\/seconci.com.br\/site\/\",\"logo\":{\"@type\":\"ImageObject\",\"inLanguage\":\"pt-PT\",\"@id\":\"https:\/\/seconci.com.br\/site\/#\/schema\/logo\/image\/\",\"url\":\"https:\/\/seconci.com.br\/site\/wp-content\/uploads\/2024\/08\/Logo-Seconci-Brasil-branca-2.png\",\"contentUrl\":\"https:\/\/seconci.com.br\/site\/wp-content\/uploads\/2024\/08\/Logo-Seconci-Brasil-branca-2.png\",\"width\":1315,\"height\":598,\"caption\":\"Seconci Brasil\"},\"image\":{\"@id\":\"https:\/\/seconci.com.br\/site\/#\/schema\/logo\/image\/\"}},{\"@type\":\"Person\",\"@id\":\"https:\/\/seconci.com.br\/site\/#\/schema\/person\/1d79afd97ddc8f2c68c1e88e298aa8e2\",\"name\":\"Sidney Rocha\",\"description\":\"Comunicador e estagi\u00e1rio do Seconci Brasil.\",\"url\":\"https:\/\/seconci.com.br\/site\/author\/sidney-rocha\/\"}]}<\/script>\n<!-- \/ Yoast SEO plugin. -->","yoast_head_json":{"title":"333.688 participantes no ConstruSer em 11 anos - Seconci Brasil","robots":{"index":"index","follow":"follow","max-snippet":"max-snippet:-1","max-image-preview":"max-image-preview:large","max-video-preview":"max-video-preview:-1"},"canonical":"https:\/\/seconci.com.br\/site\/2019\/04\/15\/333-688-participantes-no-construser-em-11-anos\/","og_locale":"pt_PT","og_type":"article","og_title":"333.688 participantes no ConstruSer em 11 anos - Seconci Brasil","og_description":"Integra\u00e7\u00e3o \u00e9 o maior objetivo do evento que ser\u00e1 no dia 27 de abril | Por Reda\u00e7\u00e3o do Sinduscon-SP | 333.688 participantes. Esse \u00e9 o total de pessoas que passaram pelas 11 edi\u00e7\u00f5es do maior evento voltado para o trabalhador (e seus familiares e amigos) da Constru\u00e7\u00e3o civil do estado de S\u00e3o Paulo: ConstruSer. Ao [&hellip;]","og_url":"https:\/\/seconci.com.br\/site\/2019\/04\/15\/333-688-participantes-no-construser-em-11-anos\/","og_site_name":"Seconci Brasil","article_published_time":"2019-04-15T15:01:11+00:00","og_image":[{"width":150,"height":150,"url":"https:\/\/seconci.com.br\/site\/wp-content\/uploads\/2019\/03\/haruo_circulo-150x150.jpg","type":"image\/jpeg"}],"author":"Sidney Rocha","twitter_card":"summary_large_image","twitter_misc":{"Escrito por":"Sidney Rocha","Tempo estimado de leitura":"3 minutos"},"schema":{"@context":"https:\/\/schema.org","@graph":[{"@type":"Article","@id":"https:\/\/seconci.com.br\/site\/2019\/04\/15\/333-688-participantes-no-construser-em-11-anos\/#article","isPartOf":{"@id":"https:\/\/seconci.com.br\/site\/2019\/04\/15\/333-688-participantes-no-construser-em-11-anos\/"},"author":{"name":"Sidney Rocha","@id":"https:\/\/seconci.com.br\/site\/#\/schema\/person\/1d79afd97ddc8f2c68c1e88e298aa8e2"},"headline":"333.688 participantes no ConstruSer em 11 anos","datePublished":"2019-04-15T15:01:11+00:00","mainEntityOfPage":{"@id":"https:\/\/seconci.com.br\/site\/2019\/04\/15\/333-688-participantes-no-construser-em-11-anos\/"},"wordCount":591,"publisher":{"@id":"https:\/\/seconci.com.br\/site\/#organization"},"image":{"@id":"https:\/\/seconci.com.br\/site\/2019\/04\/15\/333-688-participantes-no-construser-em-11-anos\/#primaryimage"},"thumbnailUrl":"https:\/\/seconci.com.br\/site\/wp-content\/uploads\/2019\/03\/haruo_circulo-150x150.jpg","articleSection":["Seconci S\u00e3o Paulo"],"inLanguage":"pt-PT"},{"@type":"WebPage","@id":"https:\/\/seconci.com.br\/site\/2019\/04\/15\/333-688-participantes-no-construser-em-11-anos\/","url":"https:\/\/seconci.com.br\/site\/2019\/04\/15\/333-688-participantes-no-construser-em-11-anos\/","name":"333.688 participantes no ConstruSer em 11 anos - Seconci Brasil","isPartOf":{"@id":"https:\/\/seconci.com.br\/site\/#website"},"primaryImageOfPage":{"@id":"https:\/\/seconci.com.br\/site\/2019\/04\/15\/333-688-participantes-no-construser-em-11-anos\/#primaryimage"},"image":{"@id":"https:\/\/seconci.com.br\/site\/2019\/04\/15\/333-688-participantes-no-construser-em-11-anos\/#primaryimage"},"thumbnailUrl":"https:\/\/seconci.com.br\/site\/wp-content\/uploads\/2019\/03\/haruo_circulo-150x150.jpg","datePublished":"2019-04-15T15:01:11+00:00","breadcrumb":{"@id":"https:\/\/seconci.com.br\/site\/2019\/04\/15\/333-688-participantes-no-construser-em-11-anos\/#breadcrumb"},"inLanguage":"pt-PT","potentialAction":[{"@type":"ReadAction","target":["https:\/\/seconci.com.br\/site\/2019\/04\/15\/333-688-participantes-no-construser-em-11-anos\/"]}]},{"@type":"ImageObject","inLanguage":"pt-PT","@id":"https:\/\/seconci.com.br\/site\/2019\/04\/15\/333-688-participantes-no-construser-em-11-anos\/#primaryimage","url":"https:\/\/seconci.com.br\/site\/wp-content\/uploads\/2019\/03\/haruo_circulo-150x150.jpg","contentUrl":"https:\/\/seconci.com.br\/site\/wp-content\/uploads\/2019\/03\/haruo_circulo-150x150.jpg","width":150,"height":150},{"@type":"BreadcrumbList","@id":"https:\/\/seconci.com.br\/site\/2019\/04\/15\/333-688-participantes-no-construser-em-11-anos\/#breadcrumb","itemListElement":[{"@type":"ListItem","position":1,"name":"In\u00edcio","item":"https:\/\/seconci.com.br\/site\/"},{"@type":"ListItem","position":2,"name":"333.688 participantes no ConstruSer em 11 anos"}]},{"@type":"WebSite","@id":"https:\/\/seconci.com.br\/site\/#website","url":"https:\/\/seconci.com.br\/site\/","name":"Seconci Brasil","description":"","publisher":{"@id":"https:\/\/seconci.com.br\/site\/#organization"},"potentialAction":[{"@type":"SearchAction","target":{"@type":"EntryPoint","urlTemplate":"https:\/\/seconci.com.br\/site\/?s={search_term_string}"},"query-input":{"@type":"PropertyValueSpecification","valueRequired":true,"valueName":"search_term_string"}}],"inLanguage":"pt-PT"},{"@type":"Organization","@id":"https:\/\/seconci.com.br\/site\/#organization","name":"Seconci Brasil","url":"https:\/\/seconci.com.br\/site\/","logo":{"@type":"ImageObject","inLanguage":"pt-PT","@id":"https:\/\/seconci.com.br\/site\/#\/schema\/logo\/image\/","url":"https:\/\/seconci.com.br\/site\/wp-content\/uploads\/2024\/08\/Logo-Seconci-Brasil-branca-2.png","contentUrl":"https:\/\/seconci.com.br\/site\/wp-content\/uploads\/2024\/08\/Logo-Seconci-Brasil-branca-2.png","width":1315,"height":598,"caption":"Seconci Brasil"},"image":{"@id":"https:\/\/seconci.com.br\/site\/#\/schema\/logo\/image\/"}},{"@type":"Person","@id":"https:\/\/seconci.com.br\/site\/#\/schema\/person\/1d79afd97ddc8f2c68c1e88e298aa8e2","name":"Sidney Rocha","description":"Comunicador e estagi\u00e1rio do Seconci Brasil.","url":"https:\/\/seconci.com.br\/site\/author\/sidney-rocha\/"}]}},"_links":{"self":[{"href":"https:\/\/seconci.com.br\/site\/wp-json\/wp\/v2\/posts\/8274","targetHints":{"allow":["GET"]}}],"collection":[{"href":"https:\/\/seconci.com.br\/site\/wp-json\/wp\/v2\/posts"}],"about":[{"href":"https:\/\/seconci.com.br\/site\/wp-json\/wp\/v2\/types\/post"}],"author":[{"embeddable":true,"href":"https:\/\/seconci.com.br\/site\/wp-json\/wp\/v2\/users\/3"}],"replies":[{"embeddable":true,"href":"https:\/\/seconci.com.br\/site\/wp-json\/wp\/v2\/comments?post=8274"}],"version-history":[{"count":0,"href":"https:\/\/seconci.com.br\/site\/wp-json\/wp\/v2\/posts\/8274\/revisions"}],"wp:featuredmedia":[{"embeddable":true,"href":"https:\/\/seconci.com.br\/site\/wp-json\/wp\/v2\/media\/8191"}],"wp:attachment":[{"href":"https:\/\/seconci.com.br\/site\/wp-json\/wp\/v2\/media?parent=8274"}],"wp:term":[{"taxonomy":"category","embeddable":true,"href":"https:\/\/seconci.com.br\/site\/wp-json\/wp\/v2\/categories?post=8274"},{"taxonomy":"post_tag","embeddable":true,"href":"https:\/\/seconci.com.br\/site\/wp-json\/wp\/v2\/tags?post=8274"}],"curies":[{"name":"wp","href":"https:\/\/api.w.org\/{rel}","templated":true}]}}