{"id":8276,"date":"2019-04-15T15:02:49","date_gmt":"2019-04-15T15:02:49","guid":{"rendered":"https:\/\/seconci.com.br\/site\/?p=8276"},"modified":"2019-04-15T15:02:49","modified_gmt":"2019-04-15T15:02:49","slug":"normas-do-setor-de-construcao-civil-entram-em-consulta-nacional","status":"publish","type":"post","link":"https:\/\/seconci.com.br\/site\/2019\/04\/15\/normas-do-setor-de-construcao-civil-entram-em-consulta-nacional\/","title":{"rendered":"Normas do setor de constru\u00e7\u00e3o civil entram em consulta nacional"},"content":{"rendered":"<p><em>Os projetos s\u00e3o Conserva\u00e7\u00e3o de \u00e1gua em edifica\u00e7\u00f5es e Uso de fontes alternativas de \u00e1gua n\u00e3o pot\u00e1vel em edifica\u00e7\u00f5es<\/em><\/p>\n<p>O Projeto ABNT NBR 16782- Conserva\u00e7\u00e3o de \u00e1gua em edifica\u00e7\u00f5es \u2013 Requisitos, procedimentos e diretrizes e o Projeto ABNT NBR 16783 \u2013 Uso de fontes alternativas de \u00e1gua n\u00e3o pot\u00e1vel em edifica\u00e7\u00f5es, referentes ao ABNT\/CB-002 Constru\u00e7\u00e3o Civil, foram adicionados hoje \u00e0 Consulta Nacional. A comiss\u00e3o respons\u00e1vel pela elabora\u00e7\u00e3o das normas foi coordenada pelo SindusCon-SP.<\/p>\n<p>Para ter acesso\u00a0aos projetos, clique <a href=\"https:\/\/www.abntonline.com.br\/consultanacional\/#\">aqui<\/a>.<\/p>\n<p><em>Por Reda\u00e7\u00e3o do Sinduscon-SP<\/em><\/p>\n","protected":false},"excerpt":{"rendered":"<p>Os projetos s\u00e3o Conserva\u00e7\u00e3o de \u00e1gua em edifica\u00e7\u00f5es e Uso de fontes alternativas de \u00e1gua n\u00e3o pot\u00e1vel em edifica\u00e7\u00f5es O Projeto ABNT NBR 16782- Conserva\u00e7\u00e3o de \u00e1gua em edifica\u00e7\u00f5es \u2013 Requisitos, procedimentos e diretrizes e o Projeto ABNT NBR 16783 \u2013 Uso de fontes alternativas de \u00e1gua n\u00e3o pot\u00e1vel em edifica\u00e7\u00f5es, referentes ao ABNT\/CB-002 Constru\u00e7\u00e3o [&hellip;]<\/p>\n","protected":false},"author":3,"featured_media":0,"comment_status":"closed","ping_status":"closed","sticky":false,"template":"","format":"standard","meta":{"footnotes":""},"categories":[87],"tags":[],"class_list":["post-8276","post","type-post","status-publish","format-standard","hentry","category-seconci-sao-paulo"],"yoast_head":"<!-- This site is optimized with the Yoast SEO plugin v26.9 - https:\/\/yoast.com\/product\/yoast-seo-wordpress\/ -->\n<title>Normas do setor de constru\u00e7\u00e3o civil entram em consulta nacional - Seconci Brasil<\/title>\n<meta name=\"robots\" content=\"index, follow, max-snippet:-1, max-image-preview:large, max-video-preview:-1\" \/>\n<link rel=\"canonical\" href=\"https:\/\/seconci.com.br\/site\/2019\/04\/15\/normas-do-setor-de-construcao-civil-entram-em-consulta-nacional\/\" \/>\n<meta property=\"og:locale\" content=\"pt_PT\" \/>\n<meta property=\"og:type\" content=\"article\" \/>\n<meta property=\"og:title\" content=\"Normas do setor de constru\u00e7\u00e3o civil entram em consulta nacional - Seconci Brasil\" \/>\n<meta property=\"og:description\" content=\"Os projetos s\u00e3o Conserva\u00e7\u00e3o de \u00e1gua em edifica\u00e7\u00f5es e Uso de fontes alternativas de \u00e1gua n\u00e3o pot\u00e1vel em edifica\u00e7\u00f5es O Projeto ABNT NBR 16782- Conserva\u00e7\u00e3o de \u00e1gua em edifica\u00e7\u00f5es \u2013 Requisitos, procedimentos e diretrizes e o Projeto ABNT NBR 16783 \u2013 Uso de fontes alternativas de \u00e1gua n\u00e3o pot\u00e1vel em edifica\u00e7\u00f5es, referentes ao ABNT\/CB-002 Constru\u00e7\u00e3o [&hellip;]\" \/>\n<meta property=\"og:url\" content=\"https:\/\/seconci.com.br\/site\/2019\/04\/15\/normas-do-setor-de-construcao-civil-entram-em-consulta-nacional\/\" \/>\n<meta property=\"og:site_name\" content=\"Seconci Brasil\" \/>\n<meta property=\"article:published_time\" content=\"2019-04-15T15:02:49+00:00\" \/>\n<meta name=\"author\" content=\"Sidney Rocha\" \/>\n<meta name=\"twitter:card\" content=\"summary_large_image\" \/>\n<meta name=\"twitter:label1\" content=\"Escrito por\" \/>\n\t<meta name=\"twitter:data1\" content=\"Sidney Rocha\" \/>\n<script type=\"application\/ld+json\" class=\"yoast-schema-graph\">{\"@context\":\"https:\/\/schema.org\",\"@graph\":[{\"@type\":\"Article\",\"@id\":\"https:\/\/seconci.com.br\/site\/2019\/04\/15\/normas-do-setor-de-construcao-civil-entram-em-consulta-nacional\/#article\",\"isPartOf\":{\"@id\":\"https:\/\/seconci.com.br\/site\/2019\/04\/15\/normas-do-setor-de-construcao-civil-entram-em-consulta-nacional\/\"},\"author\":{\"name\":\"Sidney Rocha\",\"@id\":\"https:\/\/seconci.com.br\/site\/#\/schema\/person\/1d79afd97ddc8f2c68c1e88e298aa8e2\"},\"headline\":\"Normas do setor de constru\u00e7\u00e3o civil entram em consulta nacional\",\"datePublished\":\"2019-04-15T15:02:49+00:00\",\"mainEntityOfPage\":{\"@id\":\"https:\/\/seconci.com.br\/site\/2019\/04\/15\/normas-do-setor-de-construcao-civil-entram-em-consulta-nacional\/\"},\"wordCount\":108,\"publisher\":{\"@id\":\"https:\/\/seconci.com.br\/site\/#organization\"},\"articleSection\":[\"Seconci S\u00e3o Paulo\"],\"inLanguage\":\"pt-PT\"},{\"@type\":\"WebPage\",\"@id\":\"https:\/\/seconci.com.br\/site\/2019\/04\/15\/normas-do-setor-de-construcao-civil-entram-em-consulta-nacional\/\",\"url\":\"https:\/\/seconci.com.br\/site\/2019\/04\/15\/normas-do-setor-de-construcao-civil-entram-em-consulta-nacional\/\",\"name\":\"Normas do setor de constru\u00e7\u00e3o civil entram em consulta nacional - Seconci Brasil\",\"isPartOf\":{\"@id\":\"https:\/\/seconci.com.br\/site\/#website\"},\"datePublished\":\"2019-04-15T15:02:49+00:00\",\"breadcrumb\":{\"@id\":\"https:\/\/seconci.com.br\/site\/2019\/04\/15\/normas-do-setor-de-construcao-civil-entram-em-consulta-nacional\/#breadcrumb\"},\"inLanguage\":\"pt-PT\",\"potentialAction\":[{\"@type\":\"ReadAction\",\"target\":[\"https:\/\/seconci.com.br\/site\/2019\/04\/15\/normas-do-setor-de-construcao-civil-entram-em-consulta-nacional\/\"]}]},{\"@type\":\"BreadcrumbList\",\"@id\":\"https:\/\/seconci.com.br\/site\/2019\/04\/15\/normas-do-setor-de-construcao-civil-entram-em-consulta-nacional\/#breadcrumb\",\"itemListElement\":[{\"@type\":\"ListItem\",\"position\":1,\"name\":\"In\u00edcio\",\"item\":\"https:\/\/seconci.com.br\/site\/\"},{\"@type\":\"ListItem\",\"position\":2,\"name\":\"Normas do setor de constru\u00e7\u00e3o civil entram em consulta nacional\"}]},{\"@type\":\"WebSite\",\"@id\":\"https:\/\/seconci.com.br\/site\/#website\",\"url\":\"https:\/\/seconci.com.br\/site\/\",\"name\":\"Seconci Brasil\",\"description\":\"\",\"publisher\":{\"@id\":\"https:\/\/seconci.com.br\/site\/#organization\"},\"potentialAction\":[{\"@type\":\"SearchAction\",\"target\":{\"@type\":\"EntryPoint\",\"urlTemplate\":\"https:\/\/seconci.com.br\/site\/?s={search_term_string}\"},\"query-input\":{\"@type\":\"PropertyValueSpecification\",\"valueRequired\":true,\"valueName\":\"search_term_string\"}}],\"inLanguage\":\"pt-PT\"},{\"@type\":\"Organization\",\"@id\":\"https:\/\/seconci.com.br\/site\/#organization\",\"name\":\"Seconci Brasil\",\"url\":\"https:\/\/seconci.com.br\/site\/\",\"logo\":{\"@type\":\"ImageObject\",\"inLanguage\":\"pt-PT\",\"@id\":\"https:\/\/seconci.com.br\/site\/#\/schema\/logo\/image\/\",\"url\":\"https:\/\/seconci.com.br\/site\/wp-content\/uploads\/2024\/08\/Logo-Seconci-Brasil-branca-2.png\",\"contentUrl\":\"https:\/\/seconci.com.br\/site\/wp-content\/uploads\/2024\/08\/Logo-Seconci-Brasil-branca-2.png\",\"width\":1315,\"height\":598,\"caption\":\"Seconci Brasil\"},\"image\":{\"@id\":\"https:\/\/seconci.com.br\/site\/#\/schema\/logo\/image\/\"}},{\"@type\":\"Person\",\"@id\":\"https:\/\/seconci.com.br\/site\/#\/schema\/person\/1d79afd97ddc8f2c68c1e88e298aa8e2\",\"name\":\"Sidney Rocha\",\"description\":\"Comunicador e estagi\u00e1rio do Seconci Brasil.\",\"url\":\"https:\/\/seconci.com.br\/site\/author\/sidney-rocha\/\"}]}<\/script>\n<!-- \/ Yoast SEO plugin. -->","yoast_head_json":{"title":"Normas do setor de constru\u00e7\u00e3o civil entram em consulta nacional - Seconci Brasil","robots":{"index":"index","follow":"follow","max-snippet":"max-snippet:-1","max-image-preview":"max-image-preview:large","max-video-preview":"max-video-preview:-1"},"canonical":"https:\/\/seconci.com.br\/site\/2019\/04\/15\/normas-do-setor-de-construcao-civil-entram-em-consulta-nacional\/","og_locale":"pt_PT","og_type":"article","og_title":"Normas do setor de constru\u00e7\u00e3o civil entram em consulta nacional - Seconci Brasil","og_description":"Os projetos s\u00e3o Conserva\u00e7\u00e3o de \u00e1gua em edifica\u00e7\u00f5es e Uso de fontes alternativas de \u00e1gua n\u00e3o pot\u00e1vel em edifica\u00e7\u00f5es O Projeto ABNT NBR 16782- Conserva\u00e7\u00e3o de \u00e1gua em edifica\u00e7\u00f5es \u2013 Requisitos, procedimentos e diretrizes e o Projeto ABNT NBR 16783 \u2013 Uso de fontes alternativas de \u00e1gua n\u00e3o pot\u00e1vel em edifica\u00e7\u00f5es, referentes ao ABNT\/CB-002 Constru\u00e7\u00e3o [&hellip;]","og_url":"https:\/\/seconci.com.br\/site\/2019\/04\/15\/normas-do-setor-de-construcao-civil-entram-em-consulta-nacional\/","og_site_name":"Seconci Brasil","article_published_time":"2019-04-15T15:02:49+00:00","author":"Sidney Rocha","twitter_card":"summary_large_image","twitter_misc":{"Escrito por":"Sidney Rocha"},"schema":{"@context":"https:\/\/schema.org","@graph":[{"@type":"Article","@id":"https:\/\/seconci.com.br\/site\/2019\/04\/15\/normas-do-setor-de-construcao-civil-entram-em-consulta-nacional\/#article","isPartOf":{"@id":"https:\/\/seconci.com.br\/site\/2019\/04\/15\/normas-do-setor-de-construcao-civil-entram-em-consulta-nacional\/"},"author":{"name":"Sidney Rocha","@id":"https:\/\/seconci.com.br\/site\/#\/schema\/person\/1d79afd97ddc8f2c68c1e88e298aa8e2"},"headline":"Normas do setor de constru\u00e7\u00e3o civil entram em consulta nacional","datePublished":"2019-04-15T15:02:49+00:00","mainEntityOfPage":{"@id":"https:\/\/seconci.com.br\/site\/2019\/04\/15\/normas-do-setor-de-construcao-civil-entram-em-consulta-nacional\/"},"wordCount":108,"publisher":{"@id":"https:\/\/seconci.com.br\/site\/#organization"},"articleSection":["Seconci S\u00e3o Paulo"],"inLanguage":"pt-PT"},{"@type":"WebPage","@id":"https:\/\/seconci.com.br\/site\/2019\/04\/15\/normas-do-setor-de-construcao-civil-entram-em-consulta-nacional\/","url":"https:\/\/seconci.com.br\/site\/2019\/04\/15\/normas-do-setor-de-construcao-civil-entram-em-consulta-nacional\/","name":"Normas do setor de constru\u00e7\u00e3o civil entram em consulta nacional - Seconci Brasil","isPartOf":{"@id":"https:\/\/seconci.com.br\/site\/#website"},"datePublished":"2019-04-15T15:02:49+00:00","breadcrumb":{"@id":"https:\/\/seconci.com.br\/site\/2019\/04\/15\/normas-do-setor-de-construcao-civil-entram-em-consulta-nacional\/#breadcrumb"},"inLanguage":"pt-PT","potentialAction":[{"@type":"ReadAction","target":["https:\/\/seconci.com.br\/site\/2019\/04\/15\/normas-do-setor-de-construcao-civil-entram-em-consulta-nacional\/"]}]},{"@type":"BreadcrumbList","@id":"https:\/\/seconci.com.br\/site\/2019\/04\/15\/normas-do-setor-de-construcao-civil-entram-em-consulta-nacional\/#breadcrumb","itemListElement":[{"@type":"ListItem","position":1,"name":"In\u00edcio","item":"https:\/\/seconci.com.br\/site\/"},{"@type":"ListItem","position":2,"name":"Normas do setor de constru\u00e7\u00e3o civil entram em consulta nacional"}]},{"@type":"WebSite","@id":"https:\/\/seconci.com.br\/site\/#website","url":"https:\/\/seconci.com.br\/site\/","name":"Seconci Brasil","description":"","publisher":{"@id":"https:\/\/seconci.com.br\/site\/#organization"},"potentialAction":[{"@type":"SearchAction","target":{"@type":"EntryPoint","urlTemplate":"https:\/\/seconci.com.br\/site\/?s={search_term_string}"},"query-input":{"@type":"PropertyValueSpecification","valueRequired":true,"valueName":"search_term_string"}}],"inLanguage":"pt-PT"},{"@type":"Organization","@id":"https:\/\/seconci.com.br\/site\/#organization","name":"Seconci Brasil","url":"https:\/\/seconci.com.br\/site\/","logo":{"@type":"ImageObject","inLanguage":"pt-PT","@id":"https:\/\/seconci.com.br\/site\/#\/schema\/logo\/image\/","url":"https:\/\/seconci.com.br\/site\/wp-content\/uploads\/2024\/08\/Logo-Seconci-Brasil-branca-2.png","contentUrl":"https:\/\/seconci.com.br\/site\/wp-content\/uploads\/2024\/08\/Logo-Seconci-Brasil-branca-2.png","width":1315,"height":598,"caption":"Seconci Brasil"},"image":{"@id":"https:\/\/seconci.com.br\/site\/#\/schema\/logo\/image\/"}},{"@type":"Person","@id":"https:\/\/seconci.com.br\/site\/#\/schema\/person\/1d79afd97ddc8f2c68c1e88e298aa8e2","name":"Sidney Rocha","description":"Comunicador e estagi\u00e1rio do Seconci Brasil.","url":"https:\/\/seconci.com.br\/site\/author\/sidney-rocha\/"}]}},"_links":{"self":[{"href":"https:\/\/seconci.com.br\/site\/wp-json\/wp\/v2\/posts\/8276","targetHints":{"allow":["GET"]}}],"collection":[{"href":"https:\/\/seconci.com.br\/site\/wp-json\/wp\/v2\/posts"}],"about":[{"href":"https:\/\/seconci.com.br\/site\/wp-json\/wp\/v2\/types\/post"}],"author":[{"embeddable":true,"href":"https:\/\/seconci.com.br\/site\/wp-json\/wp\/v2\/users\/3"}],"replies":[{"embeddable":true,"href":"https:\/\/seconci.com.br\/site\/wp-json\/wp\/v2\/comments?post=8276"}],"version-history":[{"count":0,"href":"https:\/\/seconci.com.br\/site\/wp-json\/wp\/v2\/posts\/8276\/revisions"}],"wp:attachment":[{"href":"https:\/\/seconci.com.br\/site\/wp-json\/wp\/v2\/media?parent=8276"}],"wp:term":[{"taxonomy":"category","embeddable":true,"href":"https:\/\/seconci.com.br\/site\/wp-json\/wp\/v2\/categories?post=8276"},{"taxonomy":"post_tag","embeddable":true,"href":"https:\/\/seconci.com.br\/site\/wp-json\/wp\/v2\/tags?post=8276"}],"curies":[{"name":"wp","href":"https:\/\/api.w.org\/{rel}","templated":true}]}}