{"id":8282,"date":"2019-04-17T11:12:25","date_gmt":"2019-04-17T11:12:25","guid":{"rendered":"https:\/\/seconci.com.br\/site\/?p=8282"},"modified":"2019-04-17T11:22:12","modified_gmt":"2019-04-17T11:22:12","slug":"em-cinco-anos-canteiros-de-obras-reduzem-em-55-acidentes-de-trabalho","status":"publish","type":"post","link":"https:\/\/seconci.com.br\/site\/2019\/04\/17\/em-cinco-anos-canteiros-de-obras-reduzem-em-55-acidentes-de-trabalho\/","title":{"rendered":"CBIC promove amplo debate sobre quest\u00f5es de Seguran\u00e7a e Sa\u00fade no Trabalho"},"content":{"rendered":"<p style=\"text-align: justify;\"><em>Autores do livro Seguran\u00e7a e Sa\u00fade na Ind\u00fastria da Constru\u00e7\u00e3o \u2013 Preven\u00e7\u00e3o e Inova\u00e7\u00e3o orientam empres\u00e1rios sobre as melhores pr\u00e1ticas<\/em><\/p>\n<p style=\"text-align: justify;\">Investir em\u00a0<strong>Seguran\u00e7a e Sa\u00fade no Trabalho (SST)<\/strong>\u00a0na Ind\u00fastria da Constru\u00e7\u00e3o n\u00e3o \u00e9 custo, mas investimento. Esse tem sido um dos lemas da \u00e1rea de Rela\u00e7\u00f5es Trabalhistas da C\u00e2mara Brasileira da Ind\u00fastria da Constru\u00e7\u00e3o (CBIC) sobre SST, juntamente com a pr\u00e1tica de iniciativas para melhorar cada vez mais o ambiente de trabalho nos canteiros de obras, prevenindo acidentes e promovendo a sa\u00fade do trabalhador.<\/p>\n<p style=\"text-align: justify;\">Neste sentido, mais um passo foi dado nesta ter\u00e7a-feira (16\/04), durante o\u00a0<strong>V Encontro Nacional de Seguran\u00e7a e Sa\u00fade no Trabalho na Ind\u00fastria da Constru\u00e7\u00e3o<\/strong>, em Bras\u00edlia, com o lan\u00e7amento do livro\u00a0<strong>Seguran\u00e7a e Sa\u00fade na ind\u00fastria da Constru\u00e7\u00e3o \u2013 Preven\u00e7\u00e3o e Inova\u00e7\u00e3o<\/strong>\u00a0e participa\u00e7\u00e3o dos especialistas e autores da obra.<\/p>\n<p style=\"text-align: justify;\">O painel sobre\u00a0<strong>Indicadores em Seguran\u00e7a e Sa\u00fade no Trabalho<\/strong>, primeiro do dia, foi mediado pelo gerente executivo de Pol\u00edtica Econ\u00f4mica da Confedera\u00e7\u00e3o Nacional da Ind\u00fastria (CNI), Fl\u00e1vio Castelo Branco.<\/p>\n<p style=\"text-align: justify;\">Sobre as Estat\u00edsticas de Acidentes de Trabalho na Ind\u00fastria da Constru\u00e7\u00e3o, o economista Andr\u00e9 Ferro destacou que, de acordo com os indicadores, entre 2012 e 2017 o setor da constru\u00e7\u00e3o registrou redu\u00e7\u00e3o no n\u00famero absoluto de acidentes de trabalho. Em rela\u00e7\u00e3o aos acidentes de trajeto, informou que eles continuam sendo considerados acidentes de trabalho. J\u00e1 sobre acidentes de tr\u00e2nsito, refor\u00e7ou que h\u00e1 muita morte. Por isso, refor\u00e7ou a import\u00e2ncia dos indicadores no aux\u00edlio \u00e0 mudan\u00e7a de uma pol\u00edtica p\u00fablica que n\u00e3o esteja sendo bem aplicada. \u201cConhecimento \u00e9 poder. Na medida em que estiverem informados sobre o cen\u00e1rio, voc\u00eas v\u00e3o poder influenciar no debate e na constru\u00e7\u00e3o de pol\u00edticas p\u00fablicas\u201d, disse.<\/p>\n<p style=\"text-align: justify;\">O m\u00e9dico do trabalho Gustavo Nicolai, ao ressaltar o Sistema B\u00f4nus-Malus para SST, usado para uma s\u00e9rie de acordo que alternadamente recompensam ou penalizam uma ou mais pessoas interessadas no acordo, destacou a ferramenta Construindo Seguran\u00e7a e Sa\u00fade, da CBIC e Sesi, pela qual \u00e9 poss\u00edvel mensurar o impacto financeiro dos acidentes de trabalho \u00e0s empresas. \u201cEssas informa\u00e7\u00f5es s\u00e3o fundamentais para a tomada de decis\u00e3o e para fazer preven\u00e7\u00e3o\u201d, mencionou Nicolai<\/p>\n<p style=\"text-align: justify;\">Na quest\u00e3o das Diretrizes para a Medi\u00e7\u00e3o de Desempenho em Seguran\u00e7a e Sa\u00fade no Trabalho na Ind\u00fastria da Constru\u00e7\u00e3o, a engenheira civil Camila Campos Gomes Fama, refor\u00e7ou a import\u00e2ncia do sistema de medi\u00e7\u00e3o de desempenho, tanto com indicadores reativos quanto pr\u00f3-ativo ser utilizado para evitar problemas.<\/p>\n<h2><strong>Seguran\u00e7a e Produtividade<\/strong><\/h2>\n<p><img fetchpriority=\"high\" decoding=\"async\" class=\"alignnone size-large wp-image-8288\" src=\"http:\/\/seconci.com.br\/site\/wp-content\/uploads\/2019\/04\/seguran\u00e7a-e-produtividade-1024x682.jpeg\" alt=\"\" width=\"640\" height=\"426\" srcset=\"https:\/\/seconci.com.br\/site\/wp-content\/uploads\/2019\/04\/seguran\u00e7a-e-produtividade.jpeg 1024w, https:\/\/seconci.com.br\/site\/wp-content\/uploads\/2019\/04\/seguran\u00e7a-e-produtividade-300x200.jpeg 300w, https:\/\/seconci.com.br\/site\/wp-content\/uploads\/2019\/04\/seguran\u00e7a-e-produtividade-768x512.jpeg 768w, https:\/\/seconci.com.br\/site\/wp-content\/uploads\/2019\/04\/seguran\u00e7a-e-produtividade-600x400.jpeg 600w\" sizes=\"(max-width: 640px) 100vw, 640px\" \/><\/p>\n<p style=\"text-align: justify;\">O tema do segundo painel da manh\u00e3 foi\u00a0<strong>Seguran\u00e7a e Produtividade<\/strong>\u00a0e contou com a participa\u00e7\u00e3o dos economistas Lu\u00eds Fernando Melo Mendes e Andr\u00e9 Ferro e da engenheira de SST L\u00edgia Correa. Os tr\u00eas s\u00e3o autores do cap\u00edtulo hom\u00f4nimo, no livro Seguran\u00e7a e Sa\u00fade na Ind\u00fastria da Constru\u00e7\u00e3o \u2013 Preven\u00e7\u00e3o e Inova\u00e7\u00e3o, que foi lan\u00e7ado durante o evento.<\/p>\n<p style=\"text-align: justify;\">Os tr\u00eas lembraram conceitos fundamentais relacionados ao tema e discutiram os impactos dos investimentos em Sa\u00fade e Seguran\u00e7a do Trabalho (SST) sobre o conjunto da economia e sobre a produtividade das empresas da constru\u00e7\u00e3o civil. Eles tamb\u00e9m refor\u00e7aram a necessidade da implanta\u00e7\u00e3o de uma cultura de seguran\u00e7a nas empresas de forma a mitigar a ocorr\u00eancia de eventos que resultem em acidentes de trabalho.<\/p>\n<p style=\"text-align: justify;\">Andr\u00e9 lembrou que os programas de sa\u00fade e seguran\u00e7a do trabalhador, al\u00e9m de produzirem um efeito positivo na produtividade dos trabalhadores, tamb\u00e9m colaboram com outros efeitos positivos, como redu\u00e7\u00e3o de custos com a perda de materiais, por exemplo. \u201cInvestir em seguran\u00e7a do trabalho n\u00e3o \u00e9 custo. \u00c9 ganho \u2013 para a empresa, para o estado, para o pa\u00eds\u201d, afirmou.<\/p>\n<p style=\"text-align: justify;\">Lu\u00eds Fernando refor\u00e7ou a correla\u00e7\u00e3o e explicou que as exce\u00e7\u00f5es que ocorreram no Brasil nos \u00faltimos anos se deram a partir de empresas de menor porte no segmento de servi\u00e7os de constru\u00e7\u00e3o \u2013 em alguns casos, sem n\u00edvel adequado de qualifica\u00e7\u00e3o e sem comprometimento com a capacita\u00e7\u00e3o em SST do trabalhador \u2013 que puxaram para baixo a produtividade do setor, diferentemente do que fizeram os segmentos infraestrutura e constru\u00e7\u00e3o de edif\u00edcios, por exemplo, onde os cuidados com SST est\u00e3o mais consolidados. \u201cEssa foi uma quest\u00e3o que identificamos: uma raz\u00e3o para uma eventual menor produtividade pode ser a falta de treinamento e forma\u00e7\u00e3o num segmento espec\u00edfico\u201d, frisou.<\/p>\n<p style=\"text-align: justify;\">L\u00edgia Correa lembrou que nos prim\u00f3rdios da administra\u00e7\u00e3o, a produtividade era imputada ao indiv\u00edduo, mas hoje, do ponto de vista de planejamento de uma obra, \u201cter uma pol\u00edtica de SST implantada evita desperd\u00edcios, adoecimento do trabalhador e ajuda a garantir o resultado principal, que \u00e9 a entrega da obra\u201d, destacou.<\/p>\n<p style=\"text-align: justify;\">A modera\u00e7\u00e3o do painel foi feita pelo vice-presidente de Rela\u00e7\u00f5es Trabalhistas da CBIC, Fernando Guedes Ferreira Filho, e Haruo Ishikawa, presidente do Seconci-SP e vice-presidente do Sinduscon-SP.<\/p>\n<p style=\"text-align: justify;\">Segundo Fernando Guedes, o livro lan\u00e7ado no V Encontro Nacional foi concebido com o objetivo de esclarecer empiricamente e tecnicamente que h\u00e1 uma correla\u00e7\u00e3o direta entre a seguran\u00e7a e produtividade do trabalhador \u201cEssa correla\u00e7\u00e3o, por \u00f3bvio, traz ganhos para as empresas e para o pa\u00eds\u201d, refor\u00e7ou.<\/p>\n<p style=\"text-align: justify;\">Para Haruo Ishikawa, n\u00e3o d\u00e1 para dissociar a produtividade e a sa\u00fade e a seguran\u00e7a do trabalhador. \u201cA SST est\u00e1 muito ligada \u00e0 produtividade. N\u00e3o se pode dissociar. Estou h\u00e1 dois anos no Seconci-SP, trabalho com 3,5 mil m\u00e9dicos e cada vez mais constato que o mais importante de tudo num pa\u00eds como o nosso \u00e9 investir na sa\u00fade das pessoas\u201d, defendeu.<\/p>\n<h2 style=\"text-align: justify;\"><strong>Gest\u00e3o de Seguran\u00e7a e Sa\u00fade no Trabalho<\/strong><\/h2>\n<p><img decoding=\"async\" class=\"alignnone size-large wp-image-8287\" src=\"http:\/\/seconci.com.br\/site\/wp-content\/uploads\/2019\/04\/gestao-de-sst-1024x682.jpeg\" alt=\"\" width=\"640\" height=\"426\" srcset=\"https:\/\/seconci.com.br\/site\/wp-content\/uploads\/2019\/04\/gestao-de-sst.jpeg 1024w, https:\/\/seconci.com.br\/site\/wp-content\/uploads\/2019\/04\/gestao-de-sst-300x200.jpeg 300w, https:\/\/seconci.com.br\/site\/wp-content\/uploads\/2019\/04\/gestao-de-sst-768x512.jpeg 768w, https:\/\/seconci.com.br\/site\/wp-content\/uploads\/2019\/04\/gestao-de-sst-600x400.jpeg 600w\" sizes=\"(max-width: 640px) 100vw, 640px\" \/><\/p>\n<p><em>Autores do livro Seguran\u00e7a e Sa\u00fade na Ind\u00fastria da Constru\u00e7\u00e3o \u2013 Preven\u00e7\u00e3o e Inova\u00e7\u00e3o no Painel que tratou do tema Gest\u00e3o de Seguran\u00e7a e Sa\u00fade no Trabalho no V Semin\u00e1rio de SST na Ind\u00fastria da Constru\u00e7\u00e3o<\/em><\/p>\n<p style=\"text-align: justify;\">O terceiro painel foi moderado pelo consultor Cl\u00f3vis Veloso de Queiroz Neto, que quis saber a opini\u00e3o do setor sobre \u201ccomo devem tratar a gest\u00e3o de SST em um pa\u00eds em que mesmo que haja treinamento, por parte do setor empresarial, se o trabalhador fizer errado toda a responsabiliza\u00e7\u00e3o cai para o empres\u00e1rio\u201d.<\/p>\n<p style=\"text-align: justify;\">O engenheiro Civil J\u00f3filo Moreira Lima Junior disse que \u201ca grande quest\u00e3o da gest\u00e3o \u00e9 o comprometimento\u201d. Na sua vis\u00e3o, \u201co sistema de gest\u00e3o deve definir claramente a quest\u00e3o da responsabilidade, prevenir risco dos trabalhadores e melhorar o desempenho.\u00a0 O que produz resultado \u00e9 o compromisso. Se tem um \u00fanico risco, ele tem que ser gerenciado\u201d, alerta.<\/p>\n<p style=\"text-align: justify;\">Dado \u00e0s pol\u00edticas atuais, que imp\u00f5em desafios a micro, pequenas empresas e MEI na \u00e1rea do Trabalho em Altura, o auditor Fiscal do Trabalho, Lu\u00eds Carlos Lumbreras, destacou a import\u00e2ncia do Sebrae estar presente aos debates. Apontou tamb\u00e9m a necessidade de a\u00e7\u00f5es de revis\u00e3o de normas; cria\u00e7\u00e3o de ferramentas e plataformas pelo governo para inser\u00e7\u00e3o de informa\u00e7\u00f5es e elabora\u00e7\u00e3o de guias de como implementar a\u00e7\u00f5es do que pode ser feito no mercado de trabalho. \u201cFerramentas poderiam ajudar os empres\u00e1rios e aumentar a produtividade\u201d.<\/p>\n<p style=\"text-align: justify;\">Fernando Guedes ressaltou que investir em SST aumenta a efici\u00eancia da empresa. Sobre a terceiriza\u00e7\u00e3o, refor\u00e7ou que pela nova lei, o descumprimento de qualquer norma \u00e9 de responsabilidade das duas empresas. \u201cElas devem trabalhar conjuntamente a Gest\u00e3o de Seguran\u00e7a e Sa\u00fade no Trabalho\u201d.<\/p>\n<p style=\"text-align: justify;\">Sobre a gest\u00e3o dos equipamentos de prote\u00e7\u00e3o coletiva para o trabalho em altura, o engenheiro Mec\u00e2nico e de Seguran\u00e7a do Trabalho, Wilson Roberto Simon, sugeriu a elabora\u00e7\u00e3o de um invent\u00e1rio de todos os momentos em que os trabalhadores estar\u00e3o expostos ao risco de queda e a\u00ed definir os equipamentos que ser\u00e3o necess\u00e1rios.<\/p>\n<p style=\"text-align: justify;\">J\u00e1 sobre o Equipamento de Prote\u00e7\u00e3o Individual (EPI) para trabalho em altura, a engenheira de SST do Seconci-MG, Andreia Kaucher Darmstadter, mencionou a import\u00e2ncia das empresas se inteirarem sobre as zonas de perigo da obra. \u201cMuitas empresas ainda n\u00e3o sabem o que comprar e porque comprar\u201d.<\/p>\n<h2 style=\"text-align: justify;\"><strong>Inova\u00e7\u00f5es Tecnol\u00f3gicas<\/strong><\/h2>\n<p><img decoding=\"async\" class=\"alignnone size-large wp-image-8286\" src=\"http:\/\/seconci.com.br\/site\/wp-content\/uploads\/2019\/04\/inovacoes-tecnologicas-1024x682.jpeg\" alt=\"\" width=\"640\" height=\"426\" srcset=\"https:\/\/seconci.com.br\/site\/wp-content\/uploads\/2019\/04\/inovacoes-tecnologicas.jpeg 1024w, https:\/\/seconci.com.br\/site\/wp-content\/uploads\/2019\/04\/inovacoes-tecnologicas-300x200.jpeg 300w, https:\/\/seconci.com.br\/site\/wp-content\/uploads\/2019\/04\/inovacoes-tecnologicas-768x512.jpeg 768w, https:\/\/seconci.com.br\/site\/wp-content\/uploads\/2019\/04\/inovacoes-tecnologicas-600x400.jpeg 600w\" sizes=\"(max-width: 640px) 100vw, 640px\" \/><\/p>\n<p><em>Autores do livro Seguran\u00e7a e Sa\u00fade na Ind\u00fastria da Constru\u00e7\u00e3o \u2013 Preven\u00e7\u00e3o e Inova\u00e7\u00e3o no Painel que tratou do tema Inova\u00e7\u00f5es Tecnol\u00f3gicas no V Semin\u00e1rio de SST na Ind\u00fastria da Constru\u00e7\u00e3o<\/em><\/p>\n<p style=\"text-align: justify;\">No \u00faltimo painel do evento, as autoras do livro trataram do tema\u00a0<strong>Inova\u00e7\u00f5es Tecnol\u00f3gicas<\/strong>. A engenheira de materiais de produ\u00e7\u00e3o e de SST, Franciele Boeng Mendes, elencou os desafios encontrados no monitoramento do ambiente de trabalho, como wi-fi e custos com a tecnologia. Aproveitou para alertar que n\u00e3o \u00e9 porque o ambiente est\u00e1 sendo monitorado que o acidente pode n\u00e3o acontecer. \u201cPrecisa mudar a cultura. A tecnologia s\u00f3 vem auxiliar a tomada de decis\u00e3o, para, de forma mais r\u00e1pida, preservar a vida do trabalhador\u201d.<\/p>\n<p style=\"text-align: justify;\">A engenheira civil, especialista em Desenvolvimento Industrial pelo Sesi Nacional, Renata Rezio e Silva, destacou a import\u00e2ncia de usar o BIM em SST. \u201cEle permite identificar como ser\u00e3o os processos construtivos. \u00c9 uma mudan\u00e7a de cultura da organiza\u00e7\u00e3o. Todos os envolvidos t\u00eam que estar envolvidos\u201d. Renata Rezio destacou que a ideia de utilizar o BIM em SST \u00e9 fazer simula\u00e7\u00f5es para identificar, dentro do processo construtivo, quais s\u00e3o os perigos e ter ferramentas que emitam avisos registrados nos processos. \u201cSe a ferramenta n\u00e3o consegue propor uma solu\u00e7\u00e3o para eliminar o perigo, consegue, de forma antecipada, comunicar o trabalhador sobre a atividade que ser\u00e1 executada e implantar medida de controle\u201d.\u00a0 A solu\u00e7\u00e3o est\u00e1 em desenvolvimento no Centro de Inova\u00e7\u00e3o do Sesi de Mato Grosso do Sul.<\/p>\n<p style=\"text-align: justify;\">J\u00e1 a engenheira civil, Rafaela Oliveira Rey, apontou os desafios da utiliza\u00e7\u00e3o do Drone na inspe\u00e7\u00e3o de seguran\u00e7a. Citou como poss\u00edveis barreiras a quest\u00e3o meteorol\u00f3gica e as altas constru\u00e7\u00f5es e\/ou fios da rede el\u00e9trica pr\u00f3ximas ao canteiro de obras.<\/p>\n<p style=\"text-align: justify;\">O painel foi mediado pelo especialista em Desenvolvimento Industrial e coordenador nacional dos Centros de Inova\u00e7\u00e3o do Sesi, Thiago Yhudi Taho, que refor\u00e7ou a import\u00e2ncia de as empresas redobrarem o monitorando de cen\u00e1rios poss\u00edveis para um ambiente de trabalho mais seguro. .<\/p>\n<p style=\"text-align: justify;\">Realizado pela CBIC, com a correaliza\u00e7\u00e3o do Sesi Nacional, o evento reuniu empres\u00e1rios e profissionais de Sa\u00fade e Seguran\u00e7a no Trabalho, representantes da Fiscaliza\u00e7\u00e3o do Trabalho e de \u00f3rg\u00e3os de governo ligados a SST e profissionais da imprensa, no Windsor Bras\u00edlia Hotel, em Bras\u00edlia.<\/p>\n<p style=\"text-align: justify;\">Ao final do evento, o presidente da CPRT\/CBIC convidou os participantes para a 91\u00aa edi\u00e7\u00e3o do Encontro Nacional da Ind\u00fastria da Constru\u00e7\u00e3o, que ser\u00e1 realizado de 15 a 17 de maio, no Rio de Janeiro.\u00a0<a href=\"https:\/\/www.enic2019.com.br\/site\/default.aspx\">\u00a0Inscreva-se no Eni<\/a>c.<\/p>\n<p style=\"text-align: justify;\"><a href=\"https:\/\/cbic.org.br\/em-cinco-anos-canteiros-de-obras-reduzem-em-55-acidentes-de-trabalho\/\">Leia mais sobre o evento.\u00a0<\/a><\/p>\n<p style=\"text-align: justify;\"><a href=\"https:\/\/www.flickr.com\/photos\/cbicfotos\/albums\/72157690932427493\">Vejas as fotos do V Semin\u00e1rio Nacional no Flickr da CBIC<\/a>.<\/p>\n<p style=\"text-align: justify;\">Veja a \u00edntegra do evento no canal da CBIC no Youtube.<\/p>\n<p><iframe title=\"Encontro Nacional de SST na Ind\u00fastria da Constru\u00e7\u00e3o\" width=\"800\" height=\"450\" src=\"https:\/\/www.youtube.com\/embed\/BBZM_ywaqLc?feature=oembed\" frameborder=\"0\" allow=\"accelerometer; autoplay; clipboard-write; encrypted-media; gyroscope; picture-in-picture; web-share\" referrerpolicy=\"strict-origin-when-cross-origin\" allowfullscreen><\/iframe><\/p>\n","protected":false},"excerpt":{"rendered":"<p>Autores do livro Seguran\u00e7a e Sa\u00fade na Ind\u00fastria da Constru\u00e7\u00e3o \u2013 Preven\u00e7\u00e3o e Inova\u00e7\u00e3o orientam empres\u00e1rios sobre as melhores pr\u00e1ticas Investir em\u00a0Seguran\u00e7a e Sa\u00fade no Trabalho (SST)\u00a0na Ind\u00fastria da Constru\u00e7\u00e3o n\u00e3o \u00e9 custo, mas investimento. Esse tem sido um dos lemas da \u00e1rea de Rela\u00e7\u00f5es Trabalhistas da C\u00e2mara Brasileira da Ind\u00fastria da Constru\u00e7\u00e3o (CBIC) sobre [&hellip;]<\/p>\n","protected":false},"author":3,"featured_media":8283,"comment_status":"closed","ping_status":"closed","sticky":false,"template":"","format":"standard","meta":{"footnotes":""},"categories":[92],"tags":[],"class_list":["post-8282","post","type-post","status-publish","format-standard","has-post-thumbnail","hentry","category-seconci-brasil"],"yoast_head":"<!-- This site is optimized with the Yoast SEO plugin v26.9 - https:\/\/yoast.com\/product\/yoast-seo-wordpress\/ -->\n<title>CBIC promove amplo debate sobre quest\u00f5es de Seguran\u00e7a e Sa\u00fade no Trabalho - Seconci Brasil<\/title>\n<meta name=\"robots\" content=\"index, follow, max-snippet:-1, max-image-preview:large, max-video-preview:-1\" \/>\n<link rel=\"canonical\" href=\"https:\/\/seconci.com.br\/site\/2019\/04\/17\/em-cinco-anos-canteiros-de-obras-reduzem-em-55-acidentes-de-trabalho\/\" \/>\n<meta property=\"og:locale\" content=\"pt_PT\" \/>\n<meta property=\"og:type\" content=\"article\" \/>\n<meta property=\"og:title\" content=\"CBIC promove amplo debate sobre quest\u00f5es de Seguran\u00e7a e Sa\u00fade no Trabalho - Seconci Brasil\" \/>\n<meta property=\"og:description\" content=\"Autores do livro Seguran\u00e7a e Sa\u00fade na Ind\u00fastria da Constru\u00e7\u00e3o \u2013 Preven\u00e7\u00e3o e Inova\u00e7\u00e3o orientam empres\u00e1rios sobre as melhores pr\u00e1ticas Investir em\u00a0Seguran\u00e7a e Sa\u00fade no Trabalho (SST)\u00a0na Ind\u00fastria da Constru\u00e7\u00e3o n\u00e3o \u00e9 custo, mas investimento. Esse tem sido um dos lemas da \u00e1rea de Rela\u00e7\u00f5es Trabalhistas da C\u00e2mara Brasileira da Ind\u00fastria da Constru\u00e7\u00e3o (CBIC) sobre [&hellip;]\" \/>\n<meta property=\"og:url\" content=\"https:\/\/seconci.com.br\/site\/2019\/04\/17\/em-cinco-anos-canteiros-de-obras-reduzem-em-55-acidentes-de-trabalho\/\" \/>\n<meta property=\"og:site_name\" content=\"Seconci Brasil\" \/>\n<meta property=\"article:published_time\" content=\"2019-04-17T11:12:25+00:00\" \/>\n<meta property=\"article:modified_time\" content=\"2019-04-17T11:22:12+00:00\" \/>\n<meta property=\"og:image\" content=\"https:\/\/seconci.com.br\/site\/wp-content\/uploads\/2019\/04\/WhatsApp-Image-2019-04-16-at-10.24.05.jpeg\" \/>\n\t<meta property=\"og:image:width\" content=\"1280\" \/>\n\t<meta property=\"og:image:height\" content=\"853\" \/>\n\t<meta property=\"og:image:type\" content=\"image\/jpeg\" \/>\n<meta name=\"author\" content=\"Sidney Rocha\" \/>\n<meta name=\"twitter:card\" content=\"summary_large_image\" \/>\n<meta name=\"twitter:label1\" content=\"Escrito por\" \/>\n\t<meta name=\"twitter:data1\" content=\"Sidney Rocha\" \/>\n\t<meta name=\"twitter:label2\" content=\"Tempo estimado de leitura\" \/>\n\t<meta name=\"twitter:data2\" content=\"10 minutos\" \/>\n<script type=\"application\/ld+json\" class=\"yoast-schema-graph\">{\"@context\":\"https:\/\/schema.org\",\"@graph\":[{\"@type\":\"Article\",\"@id\":\"https:\/\/seconci.com.br\/site\/2019\/04\/17\/em-cinco-anos-canteiros-de-obras-reduzem-em-55-acidentes-de-trabalho\/#article\",\"isPartOf\":{\"@id\":\"https:\/\/seconci.com.br\/site\/2019\/04\/17\/em-cinco-anos-canteiros-de-obras-reduzem-em-55-acidentes-de-trabalho\/\"},\"author\":{\"name\":\"Sidney Rocha\",\"@id\":\"https:\/\/seconci.com.br\/site\/#\/schema\/person\/1d79afd97ddc8f2c68c1e88e298aa8e2\"},\"headline\":\"CBIC promove amplo debate sobre quest\u00f5es de Seguran\u00e7a e Sa\u00fade no Trabalho\",\"datePublished\":\"2019-04-17T11:12:25+00:00\",\"dateModified\":\"2019-04-17T11:22:12+00:00\",\"mainEntityOfPage\":{\"@id\":\"https:\/\/seconci.com.br\/site\/2019\/04\/17\/em-cinco-anos-canteiros-de-obras-reduzem-em-55-acidentes-de-trabalho\/\"},\"wordCount\":1939,\"publisher\":{\"@id\":\"https:\/\/seconci.com.br\/site\/#organization\"},\"image\":{\"@id\":\"https:\/\/seconci.com.br\/site\/2019\/04\/17\/em-cinco-anos-canteiros-de-obras-reduzem-em-55-acidentes-de-trabalho\/#primaryimage\"},\"thumbnailUrl\":\"https:\/\/seconci.com.br\/site\/wp-content\/uploads\/2019\/04\/WhatsApp-Image-2019-04-16-at-10.24.05.jpeg\",\"articleSection\":[\"Seconci Brasil\"],\"inLanguage\":\"pt-PT\"},{\"@type\":\"WebPage\",\"@id\":\"https:\/\/seconci.com.br\/site\/2019\/04\/17\/em-cinco-anos-canteiros-de-obras-reduzem-em-55-acidentes-de-trabalho\/\",\"url\":\"https:\/\/seconci.com.br\/site\/2019\/04\/17\/em-cinco-anos-canteiros-de-obras-reduzem-em-55-acidentes-de-trabalho\/\",\"name\":\"CBIC promove amplo debate sobre quest\u00f5es de Seguran\u00e7a e Sa\u00fade no Trabalho - Seconci Brasil\",\"isPartOf\":{\"@id\":\"https:\/\/seconci.com.br\/site\/#website\"},\"primaryImageOfPage\":{\"@id\":\"https:\/\/seconci.com.br\/site\/2019\/04\/17\/em-cinco-anos-canteiros-de-obras-reduzem-em-55-acidentes-de-trabalho\/#primaryimage\"},\"image\":{\"@id\":\"https:\/\/seconci.com.br\/site\/2019\/04\/17\/em-cinco-anos-canteiros-de-obras-reduzem-em-55-acidentes-de-trabalho\/#primaryimage\"},\"thumbnailUrl\":\"https:\/\/seconci.com.br\/site\/wp-content\/uploads\/2019\/04\/WhatsApp-Image-2019-04-16-at-10.24.05.jpeg\",\"datePublished\":\"2019-04-17T11:12:25+00:00\",\"dateModified\":\"2019-04-17T11:22:12+00:00\",\"breadcrumb\":{\"@id\":\"https:\/\/seconci.com.br\/site\/2019\/04\/17\/em-cinco-anos-canteiros-de-obras-reduzem-em-55-acidentes-de-trabalho\/#breadcrumb\"},\"inLanguage\":\"pt-PT\",\"potentialAction\":[{\"@type\":\"ReadAction\",\"target\":[\"https:\/\/seconci.com.br\/site\/2019\/04\/17\/em-cinco-anos-canteiros-de-obras-reduzem-em-55-acidentes-de-trabalho\/\"]}]},{\"@type\":\"ImageObject\",\"inLanguage\":\"pt-PT\",\"@id\":\"https:\/\/seconci.com.br\/site\/2019\/04\/17\/em-cinco-anos-canteiros-de-obras-reduzem-em-55-acidentes-de-trabalho\/#primaryimage\",\"url\":\"https:\/\/seconci.com.br\/site\/wp-content\/uploads\/2019\/04\/WhatsApp-Image-2019-04-16-at-10.24.05.jpeg\",\"contentUrl\":\"https:\/\/seconci.com.br\/site\/wp-content\/uploads\/2019\/04\/WhatsApp-Image-2019-04-16-at-10.24.05.jpeg\",\"width\":1280,\"height\":853},{\"@type\":\"BreadcrumbList\",\"@id\":\"https:\/\/seconci.com.br\/site\/2019\/04\/17\/em-cinco-anos-canteiros-de-obras-reduzem-em-55-acidentes-de-trabalho\/#breadcrumb\",\"itemListElement\":[{\"@type\":\"ListItem\",\"position\":1,\"name\":\"In\u00edcio\",\"item\":\"https:\/\/seconci.com.br\/site\/\"},{\"@type\":\"ListItem\",\"position\":2,\"name\":\"CBIC promove amplo debate sobre quest\u00f5es de Seguran\u00e7a e Sa\u00fade no Trabalho\"}]},{\"@type\":\"WebSite\",\"@id\":\"https:\/\/seconci.com.br\/site\/#website\",\"url\":\"https:\/\/seconci.com.br\/site\/\",\"name\":\"Seconci Brasil\",\"description\":\"\",\"publisher\":{\"@id\":\"https:\/\/seconci.com.br\/site\/#organization\"},\"potentialAction\":[{\"@type\":\"SearchAction\",\"target\":{\"@type\":\"EntryPoint\",\"urlTemplate\":\"https:\/\/seconci.com.br\/site\/?s={search_term_string}\"},\"query-input\":{\"@type\":\"PropertyValueSpecification\",\"valueRequired\":true,\"valueName\":\"search_term_string\"}}],\"inLanguage\":\"pt-PT\"},{\"@type\":\"Organization\",\"@id\":\"https:\/\/seconci.com.br\/site\/#organization\",\"name\":\"Seconci Brasil\",\"url\":\"https:\/\/seconci.com.br\/site\/\",\"logo\":{\"@type\":\"ImageObject\",\"inLanguage\":\"pt-PT\",\"@id\":\"https:\/\/seconci.com.br\/site\/#\/schema\/logo\/image\/\",\"url\":\"https:\/\/seconci.com.br\/site\/wp-content\/uploads\/2024\/08\/Logo-Seconci-Brasil-branca-2.png\",\"contentUrl\":\"https:\/\/seconci.com.br\/site\/wp-content\/uploads\/2024\/08\/Logo-Seconci-Brasil-branca-2.png\",\"width\":1315,\"height\":598,\"caption\":\"Seconci Brasil\"},\"image\":{\"@id\":\"https:\/\/seconci.com.br\/site\/#\/schema\/logo\/image\/\"}},{\"@type\":\"Person\",\"@id\":\"https:\/\/seconci.com.br\/site\/#\/schema\/person\/1d79afd97ddc8f2c68c1e88e298aa8e2\",\"name\":\"Sidney Rocha\",\"description\":\"Comunicador e estagi\u00e1rio do Seconci Brasil.\",\"url\":\"https:\/\/seconci.com.br\/site\/author\/sidney-rocha\/\"}]}<\/script>\n<!-- \/ Yoast SEO plugin. -->","yoast_head_json":{"title":"CBIC promove amplo debate sobre quest\u00f5es de Seguran\u00e7a e Sa\u00fade no Trabalho - Seconci Brasil","robots":{"index":"index","follow":"follow","max-snippet":"max-snippet:-1","max-image-preview":"max-image-preview:large","max-video-preview":"max-video-preview:-1"},"canonical":"https:\/\/seconci.com.br\/site\/2019\/04\/17\/em-cinco-anos-canteiros-de-obras-reduzem-em-55-acidentes-de-trabalho\/","og_locale":"pt_PT","og_type":"article","og_title":"CBIC promove amplo debate sobre quest\u00f5es de Seguran\u00e7a e Sa\u00fade no Trabalho - Seconci Brasil","og_description":"Autores do livro Seguran\u00e7a e Sa\u00fade na Ind\u00fastria da Constru\u00e7\u00e3o \u2013 Preven\u00e7\u00e3o e Inova\u00e7\u00e3o orientam empres\u00e1rios sobre as melhores pr\u00e1ticas Investir em\u00a0Seguran\u00e7a e Sa\u00fade no Trabalho (SST)\u00a0na Ind\u00fastria da Constru\u00e7\u00e3o n\u00e3o \u00e9 custo, mas investimento. Esse tem sido um dos lemas da \u00e1rea de Rela\u00e7\u00f5es Trabalhistas da C\u00e2mara Brasileira da Ind\u00fastria da Constru\u00e7\u00e3o (CBIC) sobre [&hellip;]","og_url":"https:\/\/seconci.com.br\/site\/2019\/04\/17\/em-cinco-anos-canteiros-de-obras-reduzem-em-55-acidentes-de-trabalho\/","og_site_name":"Seconci Brasil","article_published_time":"2019-04-17T11:12:25+00:00","article_modified_time":"2019-04-17T11:22:12+00:00","og_image":[{"width":1280,"height":853,"url":"https:\/\/seconci.com.br\/site\/wp-content\/uploads\/2019\/04\/WhatsApp-Image-2019-04-16-at-10.24.05.jpeg","type":"image\/jpeg"}],"author":"Sidney Rocha","twitter_card":"summary_large_image","twitter_misc":{"Escrito por":"Sidney Rocha","Tempo estimado de leitura":"10 minutos"},"schema":{"@context":"https:\/\/schema.org","@graph":[{"@type":"Article","@id":"https:\/\/seconci.com.br\/site\/2019\/04\/17\/em-cinco-anos-canteiros-de-obras-reduzem-em-55-acidentes-de-trabalho\/#article","isPartOf":{"@id":"https:\/\/seconci.com.br\/site\/2019\/04\/17\/em-cinco-anos-canteiros-de-obras-reduzem-em-55-acidentes-de-trabalho\/"},"author":{"name":"Sidney Rocha","@id":"https:\/\/seconci.com.br\/site\/#\/schema\/person\/1d79afd97ddc8f2c68c1e88e298aa8e2"},"headline":"CBIC promove amplo debate sobre quest\u00f5es de Seguran\u00e7a e Sa\u00fade no Trabalho","datePublished":"2019-04-17T11:12:25+00:00","dateModified":"2019-04-17T11:22:12+00:00","mainEntityOfPage":{"@id":"https:\/\/seconci.com.br\/site\/2019\/04\/17\/em-cinco-anos-canteiros-de-obras-reduzem-em-55-acidentes-de-trabalho\/"},"wordCount":1939,"publisher":{"@id":"https:\/\/seconci.com.br\/site\/#organization"},"image":{"@id":"https:\/\/seconci.com.br\/site\/2019\/04\/17\/em-cinco-anos-canteiros-de-obras-reduzem-em-55-acidentes-de-trabalho\/#primaryimage"},"thumbnailUrl":"https:\/\/seconci.com.br\/site\/wp-content\/uploads\/2019\/04\/WhatsApp-Image-2019-04-16-at-10.24.05.jpeg","articleSection":["Seconci Brasil"],"inLanguage":"pt-PT"},{"@type":"WebPage","@id":"https:\/\/seconci.com.br\/site\/2019\/04\/17\/em-cinco-anos-canteiros-de-obras-reduzem-em-55-acidentes-de-trabalho\/","url":"https:\/\/seconci.com.br\/site\/2019\/04\/17\/em-cinco-anos-canteiros-de-obras-reduzem-em-55-acidentes-de-trabalho\/","name":"CBIC promove amplo debate sobre quest\u00f5es de Seguran\u00e7a e Sa\u00fade no Trabalho - Seconci Brasil","isPartOf":{"@id":"https:\/\/seconci.com.br\/site\/#website"},"primaryImageOfPage":{"@id":"https:\/\/seconci.com.br\/site\/2019\/04\/17\/em-cinco-anos-canteiros-de-obras-reduzem-em-55-acidentes-de-trabalho\/#primaryimage"},"image":{"@id":"https:\/\/seconci.com.br\/site\/2019\/04\/17\/em-cinco-anos-canteiros-de-obras-reduzem-em-55-acidentes-de-trabalho\/#primaryimage"},"thumbnailUrl":"https:\/\/seconci.com.br\/site\/wp-content\/uploads\/2019\/04\/WhatsApp-Image-2019-04-16-at-10.24.05.jpeg","datePublished":"2019-04-17T11:12:25+00:00","dateModified":"2019-04-17T11:22:12+00:00","breadcrumb":{"@id":"https:\/\/seconci.com.br\/site\/2019\/04\/17\/em-cinco-anos-canteiros-de-obras-reduzem-em-55-acidentes-de-trabalho\/#breadcrumb"},"inLanguage":"pt-PT","potentialAction":[{"@type":"ReadAction","target":["https:\/\/seconci.com.br\/site\/2019\/04\/17\/em-cinco-anos-canteiros-de-obras-reduzem-em-55-acidentes-de-trabalho\/"]}]},{"@type":"ImageObject","inLanguage":"pt-PT","@id":"https:\/\/seconci.com.br\/site\/2019\/04\/17\/em-cinco-anos-canteiros-de-obras-reduzem-em-55-acidentes-de-trabalho\/#primaryimage","url":"https:\/\/seconci.com.br\/site\/wp-content\/uploads\/2019\/04\/WhatsApp-Image-2019-04-16-at-10.24.05.jpeg","contentUrl":"https:\/\/seconci.com.br\/site\/wp-content\/uploads\/2019\/04\/WhatsApp-Image-2019-04-16-at-10.24.05.jpeg","width":1280,"height":853},{"@type":"BreadcrumbList","@id":"https:\/\/seconci.com.br\/site\/2019\/04\/17\/em-cinco-anos-canteiros-de-obras-reduzem-em-55-acidentes-de-trabalho\/#breadcrumb","itemListElement":[{"@type":"ListItem","position":1,"name":"In\u00edcio","item":"https:\/\/seconci.com.br\/site\/"},{"@type":"ListItem","position":2,"name":"CBIC promove amplo debate sobre quest\u00f5es de Seguran\u00e7a e Sa\u00fade no Trabalho"}]},{"@type":"WebSite","@id":"https:\/\/seconci.com.br\/site\/#website","url":"https:\/\/seconci.com.br\/site\/","name":"Seconci Brasil","description":"","publisher":{"@id":"https:\/\/seconci.com.br\/site\/#organization"},"potentialAction":[{"@type":"SearchAction","target":{"@type":"EntryPoint","urlTemplate":"https:\/\/seconci.com.br\/site\/?s={search_term_string}"},"query-input":{"@type":"PropertyValueSpecification","valueRequired":true,"valueName":"search_term_string"}}],"inLanguage":"pt-PT"},{"@type":"Organization","@id":"https:\/\/seconci.com.br\/site\/#organization","name":"Seconci Brasil","url":"https:\/\/seconci.com.br\/site\/","logo":{"@type":"ImageObject","inLanguage":"pt-PT","@id":"https:\/\/seconci.com.br\/site\/#\/schema\/logo\/image\/","url":"https:\/\/seconci.com.br\/site\/wp-content\/uploads\/2024\/08\/Logo-Seconci-Brasil-branca-2.png","contentUrl":"https:\/\/seconci.com.br\/site\/wp-content\/uploads\/2024\/08\/Logo-Seconci-Brasil-branca-2.png","width":1315,"height":598,"caption":"Seconci Brasil"},"image":{"@id":"https:\/\/seconci.com.br\/site\/#\/schema\/logo\/image\/"}},{"@type":"Person","@id":"https:\/\/seconci.com.br\/site\/#\/schema\/person\/1d79afd97ddc8f2c68c1e88e298aa8e2","name":"Sidney Rocha","description":"Comunicador e estagi\u00e1rio do Seconci Brasil.","url":"https:\/\/seconci.com.br\/site\/author\/sidney-rocha\/"}]}},"_links":{"self":[{"href":"https:\/\/seconci.com.br\/site\/wp-json\/wp\/v2\/posts\/8282","targetHints":{"allow":["GET"]}}],"collection":[{"href":"https:\/\/seconci.com.br\/site\/wp-json\/wp\/v2\/posts"}],"about":[{"href":"https:\/\/seconci.com.br\/site\/wp-json\/wp\/v2\/types\/post"}],"author":[{"embeddable":true,"href":"https:\/\/seconci.com.br\/site\/wp-json\/wp\/v2\/users\/3"}],"replies":[{"embeddable":true,"href":"https:\/\/seconci.com.br\/site\/wp-json\/wp\/v2\/comments?post=8282"}],"version-history":[{"count":0,"href":"https:\/\/seconci.com.br\/site\/wp-json\/wp\/v2\/posts\/8282\/revisions"}],"wp:featuredmedia":[{"embeddable":true,"href":"https:\/\/seconci.com.br\/site\/wp-json\/wp\/v2\/media\/8283"}],"wp:attachment":[{"href":"https:\/\/seconci.com.br\/site\/wp-json\/wp\/v2\/media?parent=8282"}],"wp:term":[{"taxonomy":"category","embeddable":true,"href":"https:\/\/seconci.com.br\/site\/wp-json\/wp\/v2\/categories?post=8282"},{"taxonomy":"post_tag","embeddable":true,"href":"https:\/\/seconci.com.br\/site\/wp-json\/wp\/v2\/tags?post=8282"}],"curies":[{"name":"wp","href":"https:\/\/api.w.org\/{rel}","templated":true}]}}