{"id":8292,"date":"2019-04-17T11:28:38","date_gmt":"2019-04-17T11:28:38","guid":{"rendered":"https:\/\/seconci.com.br\/site\/?p=8292"},"modified":"2019-04-17T11:28:38","modified_gmt":"2019-04-17T11:28:38","slug":"cbic-lanca-acao-de-conscientizacao-sobre-seguranca-e-saude-no-trabalho","status":"publish","type":"post","link":"https:\/\/seconci.com.br\/site\/2019\/04\/17\/cbic-lanca-acao-de-conscientizacao-sobre-seguranca-e-saude-no-trabalho\/","title":{"rendered":"CBIC lan\u00e7a a\u00e7\u00e3o de conscientiza\u00e7\u00e3o sobre seguran\u00e7a e sa\u00fade no trabalho"},"content":{"rendered":"<p>| Ag\u00eancia Cbic |<\/p>\n<p style=\"text-align: justify;\">Institui\u00e7\u00f5es do setor da constru\u00e7\u00e3o come\u00e7aram a aderir a a\u00e7\u00e3o do<strong>\u00a0Abril Verde<\/strong>\u00a0promovida pela C\u00e2mara Brasileira da Ind\u00fastria da Constru\u00e7\u00e3o (CBIC), com o objetivo de conscientizar a popula\u00e7\u00e3o sobre a import\u00e2ncia da seguran\u00e7a e sa\u00fade no trabalho. A entidade convidou associadas e empres\u00e1rios a iluminarem fachadas de pr\u00e9dios e canteiros de obra de verde, em refer\u00eancia ao m\u00eas.<\/p>\n<p style=\"text-align: justify;\">\u201c\u00c9 uma forma do setor mostrar que se preocupa com o assunto, um s\u00edmbolo do esfor\u00e7o e do engajamento pelo bem estar do trabalhador e a preven\u00e7\u00e3o de acidentes\u201d, destaca o vice-presidente da \u00e1rea de Pol\u00edtica de Rela\u00e7\u00f5es Trabalhistas da CBIC, Fernando Guedes. Como parte das atividades para o\u00a0<strong>Abril Verde<\/strong>, a entidade tamb\u00e9m promoveu nesta ter\u00e7a-feira (16) o\u00a0<a href=\"https:\/\/cbic.org.br\/em-cinco-anos-canteiros-de-obras-reduzem-em-55-acidentes-de-trabalho\/\" target=\"_blank\" rel=\"noopener\">V Encontro Nacional de Seguran\u00e7a e Sa\u00fade no Trabalho na Ind\u00fastria da Constru\u00e7\u00e3o<\/a>, com uma s\u00e9rie de pain\u00e9is t\u00e9cnicos.<\/p>\n<p style=\"text-align: justify;\">A CBIC iluminou de verde sua recep\u00e7\u00e3o e o site recebeu um banner da iniciativa. A entidade incentiva os participantes que iluminarem suas instala\u00e7\u00f5es a enviarem fotos por\u00a0<a href=\"mailto:cprt@cbic.org.br\" target=\"_blank\" rel=\"noopener\">e-mail<\/a>\u00a0para serem divulgadas nas redes sociais criando uma grande corrente em prol da seguran\u00e7a no trabalho.<\/p>\n<p style=\"text-align: justify;\">O Servi\u00e7o Social da Ind\u00fastria da Constru\u00e7\u00e3o Civil de S\u00e3o Paulo (Seconci-SP) foi um dos primeiros a se unir \u00e0 mobiliza\u00e7\u00e3o. Foram instalados 11 refletores para iluminar de verde toda a frente do pr\u00e9dio, com doze andares. \u201cA constru\u00e7\u00e3o civil est\u00e1 no caminho certo. \u00c9 muito importante trabalhar na conscientiza\u00e7\u00e3o para prevenir acidentes e doen\u00e7as no trabalho\u201d, enfatiza o presidente da institui\u00e7\u00e3o, Haruo Ishikawa.<\/p>\n<p style=\"text-align: justify;\">Ao longo do m\u00eas, o Seconci-SP tamb\u00e9m far\u00e1 uma campanha sobre o tema nas redes sociais. \u201c\u00c9 necess\u00e1rio mobilizar o m\u00e1ximo de empresas poss\u00edveis, assim como os trabalhadores\u201d, acrescenta Ishikawa.<\/p>\n<p style=\"text-align: justify;\">O Sindicato da ind\u00fastria da Constru\u00e7\u00e3o do Rio de Janeiro e o Seconci-RJ tamb\u00e9m aderiram ao Abril Verde, como relata o superintendente das duas entidades, S\u00e9rgio Paiva. Ambos pr\u00e9dios receberam luzes verdes. \u201cTamb\u00e9m vamos divulgar a a\u00e7\u00e3o em nossos ve\u00edculos de informa\u00e7\u00e3o, para incentivar as empresas a se envolverem com o debate de sa\u00fade e seguran\u00e7a do trabalhador. \u00c9 essencial para melhorar a qualidade de vida e prevenir acidentes\u201d, afirma.<\/p>\n","protected":false},"excerpt":{"rendered":"<p>| Ag\u00eancia Cbic | Institui\u00e7\u00f5es do setor da constru\u00e7\u00e3o come\u00e7aram a aderir a a\u00e7\u00e3o do\u00a0Abril Verde\u00a0promovida pela C\u00e2mara Brasileira da Ind\u00fastria da Constru\u00e7\u00e3o (CBIC), com o objetivo de conscientizar a popula\u00e7\u00e3o sobre a import\u00e2ncia da seguran\u00e7a e sa\u00fade no trabalho. A entidade convidou associadas e empres\u00e1rios a iluminarem fachadas de pr\u00e9dios e canteiros de obra [&hellip;]<\/p>\n","protected":false},"author":3,"featured_media":8293,"comment_status":"closed","ping_status":"closed","sticky":false,"template":"","format":"standard","meta":{"footnotes":""},"categories":[92],"tags":[],"class_list":["post-8292","post","type-post","status-publish","format-standard","has-post-thumbnail","hentry","category-seconci-brasil"],"yoast_head":"<!-- This site is optimized with the Yoast SEO plugin v26.9 - https:\/\/yoast.com\/product\/yoast-seo-wordpress\/ -->\n<title>CBIC lan\u00e7a a\u00e7\u00e3o de conscientiza\u00e7\u00e3o sobre seguran\u00e7a e sa\u00fade no trabalho - Seconci Brasil<\/title>\n<meta name=\"robots\" content=\"index, follow, max-snippet:-1, max-image-preview:large, max-video-preview:-1\" \/>\n<link rel=\"canonical\" href=\"https:\/\/seconci.com.br\/site\/2019\/04\/17\/cbic-lanca-acao-de-conscientizacao-sobre-seguranca-e-saude-no-trabalho\/\" \/>\n<meta property=\"og:locale\" content=\"pt_PT\" \/>\n<meta property=\"og:type\" content=\"article\" \/>\n<meta property=\"og:title\" content=\"CBIC lan\u00e7a a\u00e7\u00e3o de conscientiza\u00e7\u00e3o sobre seguran\u00e7a e sa\u00fade no trabalho - Seconci Brasil\" \/>\n<meta property=\"og:description\" content=\"| Ag\u00eancia Cbic | Institui\u00e7\u00f5es do setor da constru\u00e7\u00e3o come\u00e7aram a aderir a a\u00e7\u00e3o do\u00a0Abril Verde\u00a0promovida pela C\u00e2mara Brasileira da Ind\u00fastria da Constru\u00e7\u00e3o (CBIC), com o objetivo de conscientizar a popula\u00e7\u00e3o sobre a import\u00e2ncia da seguran\u00e7a e sa\u00fade no trabalho. A entidade convidou associadas e empres\u00e1rios a iluminarem fachadas de pr\u00e9dios e canteiros de obra [&hellip;]\" \/>\n<meta property=\"og:url\" content=\"https:\/\/seconci.com.br\/site\/2019\/04\/17\/cbic-lanca-acao-de-conscientizacao-sobre-seguranca-e-saude-no-trabalho\/\" \/>\n<meta property=\"og:site_name\" content=\"Seconci Brasil\" \/>\n<meta property=\"article:published_time\" content=\"2019-04-17T11:28:38+00:00\" \/>\n<meta property=\"og:image\" content=\"https:\/\/seconci.com.br\/site\/wp-content\/uploads\/2019\/04\/cbic-abril-verde-1002x1024.jpg\" \/>\n\t<meta property=\"og:image:width\" content=\"1002\" \/>\n\t<meta property=\"og:image:height\" content=\"1024\" \/>\n\t<meta property=\"og:image:type\" content=\"image\/jpeg\" \/>\n<meta name=\"author\" content=\"Sidney Rocha\" \/>\n<meta name=\"twitter:card\" content=\"summary_large_image\" \/>\n<meta name=\"twitter:label1\" content=\"Escrito por\" \/>\n\t<meta name=\"twitter:data1\" content=\"Sidney Rocha\" \/>\n\t<meta name=\"twitter:label2\" content=\"Tempo estimado de leitura\" \/>\n\t<meta name=\"twitter:data2\" content=\"2 minutos\" \/>\n<script type=\"application\/ld+json\" class=\"yoast-schema-graph\">{\"@context\":\"https:\/\/schema.org\",\"@graph\":[{\"@type\":\"Article\",\"@id\":\"https:\/\/seconci.com.br\/site\/2019\/04\/17\/cbic-lanca-acao-de-conscientizacao-sobre-seguranca-e-saude-no-trabalho\/#article\",\"isPartOf\":{\"@id\":\"https:\/\/seconci.com.br\/site\/2019\/04\/17\/cbic-lanca-acao-de-conscientizacao-sobre-seguranca-e-saude-no-trabalho\/\"},\"author\":{\"name\":\"Sidney Rocha\",\"@id\":\"https:\/\/seconci.com.br\/site\/#\/schema\/person\/1d79afd97ddc8f2c68c1e88e298aa8e2\"},\"headline\":\"CBIC lan\u00e7a a\u00e7\u00e3o de conscientiza\u00e7\u00e3o sobre seguran\u00e7a e sa\u00fade no trabalho\",\"datePublished\":\"2019-04-17T11:28:38+00:00\",\"mainEntityOfPage\":{\"@id\":\"https:\/\/seconci.com.br\/site\/2019\/04\/17\/cbic-lanca-acao-de-conscientizacao-sobre-seguranca-e-saude-no-trabalho\/\"},\"wordCount\":416,\"publisher\":{\"@id\":\"https:\/\/seconci.com.br\/site\/#organization\"},\"image\":{\"@id\":\"https:\/\/seconci.com.br\/site\/2019\/04\/17\/cbic-lanca-acao-de-conscientizacao-sobre-seguranca-e-saude-no-trabalho\/#primaryimage\"},\"thumbnailUrl\":\"https:\/\/seconci.com.br\/site\/wp-content\/uploads\/2019\/04\/cbic-abril-verde.jpg\",\"articleSection\":[\"Seconci Brasil\"],\"inLanguage\":\"pt-PT\"},{\"@type\":\"WebPage\",\"@id\":\"https:\/\/seconci.com.br\/site\/2019\/04\/17\/cbic-lanca-acao-de-conscientizacao-sobre-seguranca-e-saude-no-trabalho\/\",\"url\":\"https:\/\/seconci.com.br\/site\/2019\/04\/17\/cbic-lanca-acao-de-conscientizacao-sobre-seguranca-e-saude-no-trabalho\/\",\"name\":\"CBIC lan\u00e7a a\u00e7\u00e3o de conscientiza\u00e7\u00e3o sobre seguran\u00e7a e sa\u00fade no trabalho - Seconci Brasil\",\"isPartOf\":{\"@id\":\"https:\/\/seconci.com.br\/site\/#website\"},\"primaryImageOfPage\":{\"@id\":\"https:\/\/seconci.com.br\/site\/2019\/04\/17\/cbic-lanca-acao-de-conscientizacao-sobre-seguranca-e-saude-no-trabalho\/#primaryimage\"},\"image\":{\"@id\":\"https:\/\/seconci.com.br\/site\/2019\/04\/17\/cbic-lanca-acao-de-conscientizacao-sobre-seguranca-e-saude-no-trabalho\/#primaryimage\"},\"thumbnailUrl\":\"https:\/\/seconci.com.br\/site\/wp-content\/uploads\/2019\/04\/cbic-abril-verde.jpg\",\"datePublished\":\"2019-04-17T11:28:38+00:00\",\"breadcrumb\":{\"@id\":\"https:\/\/seconci.com.br\/site\/2019\/04\/17\/cbic-lanca-acao-de-conscientizacao-sobre-seguranca-e-saude-no-trabalho\/#breadcrumb\"},\"inLanguage\":\"pt-PT\",\"potentialAction\":[{\"@type\":\"ReadAction\",\"target\":[\"https:\/\/seconci.com.br\/site\/2019\/04\/17\/cbic-lanca-acao-de-conscientizacao-sobre-seguranca-e-saude-no-trabalho\/\"]}]},{\"@type\":\"ImageObject\",\"inLanguage\":\"pt-PT\",\"@id\":\"https:\/\/seconci.com.br\/site\/2019\/04\/17\/cbic-lanca-acao-de-conscientizacao-sobre-seguranca-e-saude-no-trabalho\/#primaryimage\",\"url\":\"https:\/\/seconci.com.br\/site\/wp-content\/uploads\/2019\/04\/cbic-abril-verde.jpg\",\"contentUrl\":\"https:\/\/seconci.com.br\/site\/wp-content\/uploads\/2019\/04\/cbic-abril-verde.jpg\",\"width\":3000,\"height\":3067},{\"@type\":\"BreadcrumbList\",\"@id\":\"https:\/\/seconci.com.br\/site\/2019\/04\/17\/cbic-lanca-acao-de-conscientizacao-sobre-seguranca-e-saude-no-trabalho\/#breadcrumb\",\"itemListElement\":[{\"@type\":\"ListItem\",\"position\":1,\"name\":\"In\u00edcio\",\"item\":\"https:\/\/seconci.com.br\/site\/\"},{\"@type\":\"ListItem\",\"position\":2,\"name\":\"CBIC lan\u00e7a a\u00e7\u00e3o de conscientiza\u00e7\u00e3o sobre seguran\u00e7a e sa\u00fade no trabalho\"}]},{\"@type\":\"WebSite\",\"@id\":\"https:\/\/seconci.com.br\/site\/#website\",\"url\":\"https:\/\/seconci.com.br\/site\/\",\"name\":\"Seconci Brasil\",\"description\":\"\",\"publisher\":{\"@id\":\"https:\/\/seconci.com.br\/site\/#organization\"},\"potentialAction\":[{\"@type\":\"SearchAction\",\"target\":{\"@type\":\"EntryPoint\",\"urlTemplate\":\"https:\/\/seconci.com.br\/site\/?s={search_term_string}\"},\"query-input\":{\"@type\":\"PropertyValueSpecification\",\"valueRequired\":true,\"valueName\":\"search_term_string\"}}],\"inLanguage\":\"pt-PT\"},{\"@type\":\"Organization\",\"@id\":\"https:\/\/seconci.com.br\/site\/#organization\",\"name\":\"Seconci Brasil\",\"url\":\"https:\/\/seconci.com.br\/site\/\",\"logo\":{\"@type\":\"ImageObject\",\"inLanguage\":\"pt-PT\",\"@id\":\"https:\/\/seconci.com.br\/site\/#\/schema\/logo\/image\/\",\"url\":\"https:\/\/seconci.com.br\/site\/wp-content\/uploads\/2024\/08\/Logo-Seconci-Brasil-branca-2.png\",\"contentUrl\":\"https:\/\/seconci.com.br\/site\/wp-content\/uploads\/2024\/08\/Logo-Seconci-Brasil-branca-2.png\",\"width\":1315,\"height\":598,\"caption\":\"Seconci Brasil\"},\"image\":{\"@id\":\"https:\/\/seconci.com.br\/site\/#\/schema\/logo\/image\/\"}},{\"@type\":\"Person\",\"@id\":\"https:\/\/seconci.com.br\/site\/#\/schema\/person\/1d79afd97ddc8f2c68c1e88e298aa8e2\",\"name\":\"Sidney Rocha\",\"description\":\"Comunicador e estagi\u00e1rio do Seconci Brasil.\",\"url\":\"https:\/\/seconci.com.br\/site\/author\/sidney-rocha\/\"}]}<\/script>\n<!-- \/ Yoast SEO plugin. -->","yoast_head_json":{"title":"CBIC lan\u00e7a a\u00e7\u00e3o de conscientiza\u00e7\u00e3o sobre seguran\u00e7a e sa\u00fade no trabalho - Seconci Brasil","robots":{"index":"index","follow":"follow","max-snippet":"max-snippet:-1","max-image-preview":"max-image-preview:large","max-video-preview":"max-video-preview:-1"},"canonical":"https:\/\/seconci.com.br\/site\/2019\/04\/17\/cbic-lanca-acao-de-conscientizacao-sobre-seguranca-e-saude-no-trabalho\/","og_locale":"pt_PT","og_type":"article","og_title":"CBIC lan\u00e7a a\u00e7\u00e3o de conscientiza\u00e7\u00e3o sobre seguran\u00e7a e sa\u00fade no trabalho - Seconci Brasil","og_description":"| Ag\u00eancia Cbic | Institui\u00e7\u00f5es do setor da constru\u00e7\u00e3o come\u00e7aram a aderir a a\u00e7\u00e3o do\u00a0Abril Verde\u00a0promovida pela C\u00e2mara Brasileira da Ind\u00fastria da Constru\u00e7\u00e3o (CBIC), com o objetivo de conscientizar a popula\u00e7\u00e3o sobre a import\u00e2ncia da seguran\u00e7a e sa\u00fade no trabalho. A entidade convidou associadas e empres\u00e1rios a iluminarem fachadas de pr\u00e9dios e canteiros de obra [&hellip;]","og_url":"https:\/\/seconci.com.br\/site\/2019\/04\/17\/cbic-lanca-acao-de-conscientizacao-sobre-seguranca-e-saude-no-trabalho\/","og_site_name":"Seconci Brasil","article_published_time":"2019-04-17T11:28:38+00:00","og_image":[{"width":1002,"height":1024,"url":"https:\/\/seconci.com.br\/site\/wp-content\/uploads\/2019\/04\/cbic-abril-verde-1002x1024.jpg","type":"image\/jpeg"}],"author":"Sidney Rocha","twitter_card":"summary_large_image","twitter_misc":{"Escrito por":"Sidney Rocha","Tempo estimado de leitura":"2 minutos"},"schema":{"@context":"https:\/\/schema.org","@graph":[{"@type":"Article","@id":"https:\/\/seconci.com.br\/site\/2019\/04\/17\/cbic-lanca-acao-de-conscientizacao-sobre-seguranca-e-saude-no-trabalho\/#article","isPartOf":{"@id":"https:\/\/seconci.com.br\/site\/2019\/04\/17\/cbic-lanca-acao-de-conscientizacao-sobre-seguranca-e-saude-no-trabalho\/"},"author":{"name":"Sidney Rocha","@id":"https:\/\/seconci.com.br\/site\/#\/schema\/person\/1d79afd97ddc8f2c68c1e88e298aa8e2"},"headline":"CBIC lan\u00e7a a\u00e7\u00e3o de conscientiza\u00e7\u00e3o sobre seguran\u00e7a e sa\u00fade no trabalho","datePublished":"2019-04-17T11:28:38+00:00","mainEntityOfPage":{"@id":"https:\/\/seconci.com.br\/site\/2019\/04\/17\/cbic-lanca-acao-de-conscientizacao-sobre-seguranca-e-saude-no-trabalho\/"},"wordCount":416,"publisher":{"@id":"https:\/\/seconci.com.br\/site\/#organization"},"image":{"@id":"https:\/\/seconci.com.br\/site\/2019\/04\/17\/cbic-lanca-acao-de-conscientizacao-sobre-seguranca-e-saude-no-trabalho\/#primaryimage"},"thumbnailUrl":"https:\/\/seconci.com.br\/site\/wp-content\/uploads\/2019\/04\/cbic-abril-verde.jpg","articleSection":["Seconci Brasil"],"inLanguage":"pt-PT"},{"@type":"WebPage","@id":"https:\/\/seconci.com.br\/site\/2019\/04\/17\/cbic-lanca-acao-de-conscientizacao-sobre-seguranca-e-saude-no-trabalho\/","url":"https:\/\/seconci.com.br\/site\/2019\/04\/17\/cbic-lanca-acao-de-conscientizacao-sobre-seguranca-e-saude-no-trabalho\/","name":"CBIC lan\u00e7a a\u00e7\u00e3o de conscientiza\u00e7\u00e3o sobre seguran\u00e7a e sa\u00fade no trabalho - Seconci Brasil","isPartOf":{"@id":"https:\/\/seconci.com.br\/site\/#website"},"primaryImageOfPage":{"@id":"https:\/\/seconci.com.br\/site\/2019\/04\/17\/cbic-lanca-acao-de-conscientizacao-sobre-seguranca-e-saude-no-trabalho\/#primaryimage"},"image":{"@id":"https:\/\/seconci.com.br\/site\/2019\/04\/17\/cbic-lanca-acao-de-conscientizacao-sobre-seguranca-e-saude-no-trabalho\/#primaryimage"},"thumbnailUrl":"https:\/\/seconci.com.br\/site\/wp-content\/uploads\/2019\/04\/cbic-abril-verde.jpg","datePublished":"2019-04-17T11:28:38+00:00","breadcrumb":{"@id":"https:\/\/seconci.com.br\/site\/2019\/04\/17\/cbic-lanca-acao-de-conscientizacao-sobre-seguranca-e-saude-no-trabalho\/#breadcrumb"},"inLanguage":"pt-PT","potentialAction":[{"@type":"ReadAction","target":["https:\/\/seconci.com.br\/site\/2019\/04\/17\/cbic-lanca-acao-de-conscientizacao-sobre-seguranca-e-saude-no-trabalho\/"]}]},{"@type":"ImageObject","inLanguage":"pt-PT","@id":"https:\/\/seconci.com.br\/site\/2019\/04\/17\/cbic-lanca-acao-de-conscientizacao-sobre-seguranca-e-saude-no-trabalho\/#primaryimage","url":"https:\/\/seconci.com.br\/site\/wp-content\/uploads\/2019\/04\/cbic-abril-verde.jpg","contentUrl":"https:\/\/seconci.com.br\/site\/wp-content\/uploads\/2019\/04\/cbic-abril-verde.jpg","width":3000,"height":3067},{"@type":"BreadcrumbList","@id":"https:\/\/seconci.com.br\/site\/2019\/04\/17\/cbic-lanca-acao-de-conscientizacao-sobre-seguranca-e-saude-no-trabalho\/#breadcrumb","itemListElement":[{"@type":"ListItem","position":1,"name":"In\u00edcio","item":"https:\/\/seconci.com.br\/site\/"},{"@type":"ListItem","position":2,"name":"CBIC lan\u00e7a a\u00e7\u00e3o de conscientiza\u00e7\u00e3o sobre seguran\u00e7a e sa\u00fade no trabalho"}]},{"@type":"WebSite","@id":"https:\/\/seconci.com.br\/site\/#website","url":"https:\/\/seconci.com.br\/site\/","name":"Seconci Brasil","description":"","publisher":{"@id":"https:\/\/seconci.com.br\/site\/#organization"},"potentialAction":[{"@type":"SearchAction","target":{"@type":"EntryPoint","urlTemplate":"https:\/\/seconci.com.br\/site\/?s={search_term_string}"},"query-input":{"@type":"PropertyValueSpecification","valueRequired":true,"valueName":"search_term_string"}}],"inLanguage":"pt-PT"},{"@type":"Organization","@id":"https:\/\/seconci.com.br\/site\/#organization","name":"Seconci Brasil","url":"https:\/\/seconci.com.br\/site\/","logo":{"@type":"ImageObject","inLanguage":"pt-PT","@id":"https:\/\/seconci.com.br\/site\/#\/schema\/logo\/image\/","url":"https:\/\/seconci.com.br\/site\/wp-content\/uploads\/2024\/08\/Logo-Seconci-Brasil-branca-2.png","contentUrl":"https:\/\/seconci.com.br\/site\/wp-content\/uploads\/2024\/08\/Logo-Seconci-Brasil-branca-2.png","width":1315,"height":598,"caption":"Seconci Brasil"},"image":{"@id":"https:\/\/seconci.com.br\/site\/#\/schema\/logo\/image\/"}},{"@type":"Person","@id":"https:\/\/seconci.com.br\/site\/#\/schema\/person\/1d79afd97ddc8f2c68c1e88e298aa8e2","name":"Sidney Rocha","description":"Comunicador e estagi\u00e1rio do Seconci Brasil.","url":"https:\/\/seconci.com.br\/site\/author\/sidney-rocha\/"}]}},"_links":{"self":[{"href":"https:\/\/seconci.com.br\/site\/wp-json\/wp\/v2\/posts\/8292","targetHints":{"allow":["GET"]}}],"collection":[{"href":"https:\/\/seconci.com.br\/site\/wp-json\/wp\/v2\/posts"}],"about":[{"href":"https:\/\/seconci.com.br\/site\/wp-json\/wp\/v2\/types\/post"}],"author":[{"embeddable":true,"href":"https:\/\/seconci.com.br\/site\/wp-json\/wp\/v2\/users\/3"}],"replies":[{"embeddable":true,"href":"https:\/\/seconci.com.br\/site\/wp-json\/wp\/v2\/comments?post=8292"}],"version-history":[{"count":0,"href":"https:\/\/seconci.com.br\/site\/wp-json\/wp\/v2\/posts\/8292\/revisions"}],"wp:featuredmedia":[{"embeddable":true,"href":"https:\/\/seconci.com.br\/site\/wp-json\/wp\/v2\/media\/8293"}],"wp:attachment":[{"href":"https:\/\/seconci.com.br\/site\/wp-json\/wp\/v2\/media?parent=8292"}],"wp:term":[{"taxonomy":"category","embeddable":true,"href":"https:\/\/seconci.com.br\/site\/wp-json\/wp\/v2\/categories?post=8292"},{"taxonomy":"post_tag","embeddable":true,"href":"https:\/\/seconci.com.br\/site\/wp-json\/wp\/v2\/tags?post=8292"}],"curies":[{"name":"wp","href":"https:\/\/api.w.org\/{rel}","templated":true}]}}