{"id":8298,"date":"2019-04-17T17:07:28","date_gmt":"2019-04-17T17:07:28","guid":{"rendered":"https:\/\/seconci.com.br\/site\/?p=8298"},"modified":"2019-04-17T17:07:28","modified_gmt":"2019-04-17T17:07:28","slug":"seconci-df-nas-salas-de-aula","status":"publish","type":"post","link":"https:\/\/seconci.com.br\/site\/2019\/04\/17\/seconci-df-nas-salas-de-aula\/","title":{"rendered":"Seconci-DF nas salas de aula"},"content":{"rendered":"<p style=\"text-align: justify;\">| Assessoria de Comunica\u00e7\u00e3o Social do Seconci-DF |<\/p>\n<p style=\"text-align: justify;\">A gerente de seguran\u00e7a do trabalho, Juliana Moreira de Oliveira, passou toda a segunda-feira conversando com estudantes de engenharia e arquitetura da Centro Universit\u00e1rio Planalto (Uniplan), em \u00c1guas Claras (DF). A presen\u00e7a da profissional foi um pedido do professor dos cursos, Walter Segond de Vasconcelos, que sempre convida empresas e entidades para trocar experi\u00eancias com os futuros profissionais das \u00e1reas j\u00e1 citadas. \u201c\u00c9 uma forma de mostrar a eles o dia a dia que ser\u00e1 parte da rotina quando eles deixarem a universidade\u201d, disse o professor.<\/p>\n<p style=\"text-align: justify;\">Ao todo, foram ministradas tr\u00eas palestras: duas de manh\u00e3 e uma para os alunos do turno noturno. Em sua fala, Juliana refor\u00e7ou a import\u00e2ncia do trabalho social desenvolvido pelo Seconci e como s\u00e3o desenvolvidos e realizados os servi\u00e7os de cada \u00e1rea. Al\u00e9m disso, ela entregou uma cartilha sobre procedimentos de seguran\u00e7a que devem ser realizados dentro de todos os empreendimentos de constru\u00e7\u00e3o civil. \u201cEssa \u00e9 uma forma de plantar a semente da conscientiza\u00e7\u00e3o e o papel de cada profissional que estar\u00e1 dentro dos canteiros futuramente. Al\u00e9m disso, mostra como o Seconci pode ser parceiro das empresas e dos profissionais da constru\u00e7\u00e3o\u201d, explicou Juliana.<\/p>\n<p style=\"text-align: justify;\">A \u00e1rea de seguran\u00e7a do trabalho do Seconci-DF conta com 2 engenheiros e 5 t\u00e9cnicos de seguran\u00e7a do trabalho. Dentre os trabalhos desenvolvidos pela \u00e1rea, est\u00e3o os Programas Ocupacionais (PCMAT, PPRA), treinamentos (admissional, trabalho em altura, para membros da CIPA), palestras, distribui\u00e7\u00e3o de cartilhas e cartazes para fixa\u00e7\u00e3o nos canteiros de obras, entre outros.<\/p>\n<p style=\"text-align: justify;\">Para conhecer o trabalho desenvolvido pela \u00e1rea, entre em contato conosco: (61) 3399-1888 ramal 247 ou www.seconci-df.org.br<\/p>\n","protected":false},"excerpt":{"rendered":"<p>| Assessoria de Comunica\u00e7\u00e3o Social do Seconci-DF | A gerente de seguran\u00e7a do trabalho, Juliana Moreira de Oliveira, passou toda a segunda-feira conversando com estudantes de engenharia e arquitetura da Centro Universit\u00e1rio Planalto (Uniplan), em \u00c1guas Claras (DF). A presen\u00e7a da profissional foi um pedido do professor dos cursos, Walter Segond de Vasconcelos, que sempre [&hellip;]<\/p>\n","protected":false},"author":3,"featured_media":8299,"comment_status":"closed","ping_status":"closed","sticky":false,"template":"","format":"standard","meta":{"footnotes":""},"categories":[77],"tags":[],"class_list":["post-8298","post","type-post","status-publish","format-standard","has-post-thumbnail","hentry","category-seconci-distrito-federal"],"yoast_head":"<!-- This site is optimized with the Yoast SEO plugin v26.9 - https:\/\/yoast.com\/product\/yoast-seo-wordpress\/ -->\n<title>Seconci-DF nas salas de aula - Seconci Brasil<\/title>\n<meta name=\"robots\" content=\"index, follow, max-snippet:-1, max-image-preview:large, max-video-preview:-1\" \/>\n<link rel=\"canonical\" href=\"https:\/\/seconci.com.br\/site\/2019\/04\/17\/seconci-df-nas-salas-de-aula\/\" \/>\n<meta property=\"og:locale\" content=\"pt_PT\" \/>\n<meta property=\"og:type\" content=\"article\" \/>\n<meta property=\"og:title\" content=\"Seconci-DF nas salas de aula - Seconci Brasil\" \/>\n<meta property=\"og:description\" content=\"| Assessoria de Comunica\u00e7\u00e3o Social do Seconci-DF | A gerente de seguran\u00e7a do trabalho, Juliana Moreira de Oliveira, passou toda a segunda-feira conversando com estudantes de engenharia e arquitetura da Centro Universit\u00e1rio Planalto (Uniplan), em \u00c1guas Claras (DF). A presen\u00e7a da profissional foi um pedido do professor dos cursos, Walter Segond de Vasconcelos, que sempre [&hellip;]\" \/>\n<meta property=\"og:url\" content=\"https:\/\/seconci.com.br\/site\/2019\/04\/17\/seconci-df-nas-salas-de-aula\/\" \/>\n<meta property=\"og:site_name\" content=\"Seconci Brasil\" \/>\n<meta property=\"article:published_time\" content=\"2019-04-17T17:07:28+00:00\" \/>\n<meta property=\"og:image\" content=\"https:\/\/seconci.com.br\/site\/wp-content\/uploads\/2019\/04\/palestra-1.png\" \/>\n\t<meta property=\"og:image:width\" content=\"1280\" \/>\n\t<meta property=\"og:image:height\" content=\"720\" \/>\n\t<meta property=\"og:image:type\" content=\"image\/png\" \/>\n<meta name=\"author\" content=\"Sidney Rocha\" \/>\n<meta name=\"twitter:card\" content=\"summary_large_image\" \/>\n<meta name=\"twitter:label1\" content=\"Escrito por\" \/>\n\t<meta name=\"twitter:data1\" content=\"Sidney Rocha\" \/>\n\t<meta name=\"twitter:label2\" content=\"Tempo estimado de leitura\" \/>\n\t<meta name=\"twitter:data2\" content=\"1 minuto\" \/>\n<script type=\"application\/ld+json\" class=\"yoast-schema-graph\">{\"@context\":\"https:\/\/schema.org\",\"@graph\":[{\"@type\":\"Article\",\"@id\":\"https:\/\/seconci.com.br\/site\/2019\/04\/17\/seconci-df-nas-salas-de-aula\/#article\",\"isPartOf\":{\"@id\":\"https:\/\/seconci.com.br\/site\/2019\/04\/17\/seconci-df-nas-salas-de-aula\/\"},\"author\":{\"name\":\"Sidney Rocha\",\"@id\":\"https:\/\/seconci.com.br\/site\/#\/schema\/person\/1d79afd97ddc8f2c68c1e88e298aa8e2\"},\"headline\":\"Seconci-DF nas salas de aula\",\"datePublished\":\"2019-04-17T17:07:28+00:00\",\"mainEntityOfPage\":{\"@id\":\"https:\/\/seconci.com.br\/site\/2019\/04\/17\/seconci-df-nas-salas-de-aula\/\"},\"wordCount\":290,\"publisher\":{\"@id\":\"https:\/\/seconci.com.br\/site\/#organization\"},\"image\":{\"@id\":\"https:\/\/seconci.com.br\/site\/2019\/04\/17\/seconci-df-nas-salas-de-aula\/#primaryimage\"},\"thumbnailUrl\":\"https:\/\/seconci.com.br\/site\/wp-content\/uploads\/2019\/04\/palestra-1.png\",\"articleSection\":[\"Seconci Distrito Federal\"],\"inLanguage\":\"pt-PT\"},{\"@type\":\"WebPage\",\"@id\":\"https:\/\/seconci.com.br\/site\/2019\/04\/17\/seconci-df-nas-salas-de-aula\/\",\"url\":\"https:\/\/seconci.com.br\/site\/2019\/04\/17\/seconci-df-nas-salas-de-aula\/\",\"name\":\"Seconci-DF nas salas de aula - Seconci Brasil\",\"isPartOf\":{\"@id\":\"https:\/\/seconci.com.br\/site\/#website\"},\"primaryImageOfPage\":{\"@id\":\"https:\/\/seconci.com.br\/site\/2019\/04\/17\/seconci-df-nas-salas-de-aula\/#primaryimage\"},\"image\":{\"@id\":\"https:\/\/seconci.com.br\/site\/2019\/04\/17\/seconci-df-nas-salas-de-aula\/#primaryimage\"},\"thumbnailUrl\":\"https:\/\/seconci.com.br\/site\/wp-content\/uploads\/2019\/04\/palestra-1.png\",\"datePublished\":\"2019-04-17T17:07:28+00:00\",\"breadcrumb\":{\"@id\":\"https:\/\/seconci.com.br\/site\/2019\/04\/17\/seconci-df-nas-salas-de-aula\/#breadcrumb\"},\"inLanguage\":\"pt-PT\",\"potentialAction\":[{\"@type\":\"ReadAction\",\"target\":[\"https:\/\/seconci.com.br\/site\/2019\/04\/17\/seconci-df-nas-salas-de-aula\/\"]}]},{\"@type\":\"ImageObject\",\"inLanguage\":\"pt-PT\",\"@id\":\"https:\/\/seconci.com.br\/site\/2019\/04\/17\/seconci-df-nas-salas-de-aula\/#primaryimage\",\"url\":\"https:\/\/seconci.com.br\/site\/wp-content\/uploads\/2019\/04\/palestra-1.png\",\"contentUrl\":\"https:\/\/seconci.com.br\/site\/wp-content\/uploads\/2019\/04\/palestra-1.png\",\"width\":1280,\"height\":720},{\"@type\":\"BreadcrumbList\",\"@id\":\"https:\/\/seconci.com.br\/site\/2019\/04\/17\/seconci-df-nas-salas-de-aula\/#breadcrumb\",\"itemListElement\":[{\"@type\":\"ListItem\",\"position\":1,\"name\":\"In\u00edcio\",\"item\":\"https:\/\/seconci.com.br\/site\/\"},{\"@type\":\"ListItem\",\"position\":2,\"name\":\"Seconci-DF nas salas de aula\"}]},{\"@type\":\"WebSite\",\"@id\":\"https:\/\/seconci.com.br\/site\/#website\",\"url\":\"https:\/\/seconci.com.br\/site\/\",\"name\":\"Seconci Brasil\",\"description\":\"\",\"publisher\":{\"@id\":\"https:\/\/seconci.com.br\/site\/#organization\"},\"potentialAction\":[{\"@type\":\"SearchAction\",\"target\":{\"@type\":\"EntryPoint\",\"urlTemplate\":\"https:\/\/seconci.com.br\/site\/?s={search_term_string}\"},\"query-input\":{\"@type\":\"PropertyValueSpecification\",\"valueRequired\":true,\"valueName\":\"search_term_string\"}}],\"inLanguage\":\"pt-PT\"},{\"@type\":\"Organization\",\"@id\":\"https:\/\/seconci.com.br\/site\/#organization\",\"name\":\"Seconci Brasil\",\"url\":\"https:\/\/seconci.com.br\/site\/\",\"logo\":{\"@type\":\"ImageObject\",\"inLanguage\":\"pt-PT\",\"@id\":\"https:\/\/seconci.com.br\/site\/#\/schema\/logo\/image\/\",\"url\":\"https:\/\/seconci.com.br\/site\/wp-content\/uploads\/2024\/08\/Logo-Seconci-Brasil-branca-2.png\",\"contentUrl\":\"https:\/\/seconci.com.br\/site\/wp-content\/uploads\/2024\/08\/Logo-Seconci-Brasil-branca-2.png\",\"width\":1315,\"height\":598,\"caption\":\"Seconci Brasil\"},\"image\":{\"@id\":\"https:\/\/seconci.com.br\/site\/#\/schema\/logo\/image\/\"}},{\"@type\":\"Person\",\"@id\":\"https:\/\/seconci.com.br\/site\/#\/schema\/person\/1d79afd97ddc8f2c68c1e88e298aa8e2\",\"name\":\"Sidney Rocha\",\"description\":\"Comunicador e estagi\u00e1rio do Seconci Brasil.\",\"url\":\"https:\/\/seconci.com.br\/site\/author\/sidney-rocha\/\"}]}<\/script>\n<!-- \/ Yoast SEO plugin. -->","yoast_head_json":{"title":"Seconci-DF nas salas de aula - Seconci Brasil","robots":{"index":"index","follow":"follow","max-snippet":"max-snippet:-1","max-image-preview":"max-image-preview:large","max-video-preview":"max-video-preview:-1"},"canonical":"https:\/\/seconci.com.br\/site\/2019\/04\/17\/seconci-df-nas-salas-de-aula\/","og_locale":"pt_PT","og_type":"article","og_title":"Seconci-DF nas salas de aula - Seconci Brasil","og_description":"| Assessoria de Comunica\u00e7\u00e3o Social do Seconci-DF | A gerente de seguran\u00e7a do trabalho, Juliana Moreira de Oliveira, passou toda a segunda-feira conversando com estudantes de engenharia e arquitetura da Centro Universit\u00e1rio Planalto (Uniplan), em \u00c1guas Claras (DF). A presen\u00e7a da profissional foi um pedido do professor dos cursos, Walter Segond de Vasconcelos, que sempre [&hellip;]","og_url":"https:\/\/seconci.com.br\/site\/2019\/04\/17\/seconci-df-nas-salas-de-aula\/","og_site_name":"Seconci Brasil","article_published_time":"2019-04-17T17:07:28+00:00","og_image":[{"width":1280,"height":720,"url":"https:\/\/seconci.com.br\/site\/wp-content\/uploads\/2019\/04\/palestra-1.png","type":"image\/png"}],"author":"Sidney Rocha","twitter_card":"summary_large_image","twitter_misc":{"Escrito por":"Sidney Rocha","Tempo estimado de leitura":"1 minuto"},"schema":{"@context":"https:\/\/schema.org","@graph":[{"@type":"Article","@id":"https:\/\/seconci.com.br\/site\/2019\/04\/17\/seconci-df-nas-salas-de-aula\/#article","isPartOf":{"@id":"https:\/\/seconci.com.br\/site\/2019\/04\/17\/seconci-df-nas-salas-de-aula\/"},"author":{"name":"Sidney Rocha","@id":"https:\/\/seconci.com.br\/site\/#\/schema\/person\/1d79afd97ddc8f2c68c1e88e298aa8e2"},"headline":"Seconci-DF nas salas de aula","datePublished":"2019-04-17T17:07:28+00:00","mainEntityOfPage":{"@id":"https:\/\/seconci.com.br\/site\/2019\/04\/17\/seconci-df-nas-salas-de-aula\/"},"wordCount":290,"publisher":{"@id":"https:\/\/seconci.com.br\/site\/#organization"},"image":{"@id":"https:\/\/seconci.com.br\/site\/2019\/04\/17\/seconci-df-nas-salas-de-aula\/#primaryimage"},"thumbnailUrl":"https:\/\/seconci.com.br\/site\/wp-content\/uploads\/2019\/04\/palestra-1.png","articleSection":["Seconci Distrito Federal"],"inLanguage":"pt-PT"},{"@type":"WebPage","@id":"https:\/\/seconci.com.br\/site\/2019\/04\/17\/seconci-df-nas-salas-de-aula\/","url":"https:\/\/seconci.com.br\/site\/2019\/04\/17\/seconci-df-nas-salas-de-aula\/","name":"Seconci-DF nas salas de aula - Seconci Brasil","isPartOf":{"@id":"https:\/\/seconci.com.br\/site\/#website"},"primaryImageOfPage":{"@id":"https:\/\/seconci.com.br\/site\/2019\/04\/17\/seconci-df-nas-salas-de-aula\/#primaryimage"},"image":{"@id":"https:\/\/seconci.com.br\/site\/2019\/04\/17\/seconci-df-nas-salas-de-aula\/#primaryimage"},"thumbnailUrl":"https:\/\/seconci.com.br\/site\/wp-content\/uploads\/2019\/04\/palestra-1.png","datePublished":"2019-04-17T17:07:28+00:00","breadcrumb":{"@id":"https:\/\/seconci.com.br\/site\/2019\/04\/17\/seconci-df-nas-salas-de-aula\/#breadcrumb"},"inLanguage":"pt-PT","potentialAction":[{"@type":"ReadAction","target":["https:\/\/seconci.com.br\/site\/2019\/04\/17\/seconci-df-nas-salas-de-aula\/"]}]},{"@type":"ImageObject","inLanguage":"pt-PT","@id":"https:\/\/seconci.com.br\/site\/2019\/04\/17\/seconci-df-nas-salas-de-aula\/#primaryimage","url":"https:\/\/seconci.com.br\/site\/wp-content\/uploads\/2019\/04\/palestra-1.png","contentUrl":"https:\/\/seconci.com.br\/site\/wp-content\/uploads\/2019\/04\/palestra-1.png","width":1280,"height":720},{"@type":"BreadcrumbList","@id":"https:\/\/seconci.com.br\/site\/2019\/04\/17\/seconci-df-nas-salas-de-aula\/#breadcrumb","itemListElement":[{"@type":"ListItem","position":1,"name":"In\u00edcio","item":"https:\/\/seconci.com.br\/site\/"},{"@type":"ListItem","position":2,"name":"Seconci-DF nas salas de aula"}]},{"@type":"WebSite","@id":"https:\/\/seconci.com.br\/site\/#website","url":"https:\/\/seconci.com.br\/site\/","name":"Seconci Brasil","description":"","publisher":{"@id":"https:\/\/seconci.com.br\/site\/#organization"},"potentialAction":[{"@type":"SearchAction","target":{"@type":"EntryPoint","urlTemplate":"https:\/\/seconci.com.br\/site\/?s={search_term_string}"},"query-input":{"@type":"PropertyValueSpecification","valueRequired":true,"valueName":"search_term_string"}}],"inLanguage":"pt-PT"},{"@type":"Organization","@id":"https:\/\/seconci.com.br\/site\/#organization","name":"Seconci Brasil","url":"https:\/\/seconci.com.br\/site\/","logo":{"@type":"ImageObject","inLanguage":"pt-PT","@id":"https:\/\/seconci.com.br\/site\/#\/schema\/logo\/image\/","url":"https:\/\/seconci.com.br\/site\/wp-content\/uploads\/2024\/08\/Logo-Seconci-Brasil-branca-2.png","contentUrl":"https:\/\/seconci.com.br\/site\/wp-content\/uploads\/2024\/08\/Logo-Seconci-Brasil-branca-2.png","width":1315,"height":598,"caption":"Seconci Brasil"},"image":{"@id":"https:\/\/seconci.com.br\/site\/#\/schema\/logo\/image\/"}},{"@type":"Person","@id":"https:\/\/seconci.com.br\/site\/#\/schema\/person\/1d79afd97ddc8f2c68c1e88e298aa8e2","name":"Sidney Rocha","description":"Comunicador e estagi\u00e1rio do Seconci Brasil.","url":"https:\/\/seconci.com.br\/site\/author\/sidney-rocha\/"}]}},"_links":{"self":[{"href":"https:\/\/seconci.com.br\/site\/wp-json\/wp\/v2\/posts\/8298","targetHints":{"allow":["GET"]}}],"collection":[{"href":"https:\/\/seconci.com.br\/site\/wp-json\/wp\/v2\/posts"}],"about":[{"href":"https:\/\/seconci.com.br\/site\/wp-json\/wp\/v2\/types\/post"}],"author":[{"embeddable":true,"href":"https:\/\/seconci.com.br\/site\/wp-json\/wp\/v2\/users\/3"}],"replies":[{"embeddable":true,"href":"https:\/\/seconci.com.br\/site\/wp-json\/wp\/v2\/comments?post=8298"}],"version-history":[{"count":0,"href":"https:\/\/seconci.com.br\/site\/wp-json\/wp\/v2\/posts\/8298\/revisions"}],"wp:featuredmedia":[{"embeddable":true,"href":"https:\/\/seconci.com.br\/site\/wp-json\/wp\/v2\/media\/8299"}],"wp:attachment":[{"href":"https:\/\/seconci.com.br\/site\/wp-json\/wp\/v2\/media?parent=8298"}],"wp:term":[{"taxonomy":"category","embeddable":true,"href":"https:\/\/seconci.com.br\/site\/wp-json\/wp\/v2\/categories?post=8298"},{"taxonomy":"post_tag","embeddable":true,"href":"https:\/\/seconci.com.br\/site\/wp-json\/wp\/v2\/tags?post=8298"}],"curies":[{"name":"wp","href":"https:\/\/api.w.org\/{rel}","templated":true}]}}