{"id":8319,"date":"2019-04-25T17:03:22","date_gmt":"2019-04-25T17:03:22","guid":{"rendered":"https:\/\/seconci.com.br\/site\/?p=8319"},"modified":"2019-04-25T17:03:22","modified_gmt":"2019-04-25T17:03:22","slug":"investimentos-em-responsabilidade-social-podem-alavancar-negocios","status":"publish","type":"post","link":"https:\/\/seconci.com.br\/site\/2019\/04\/25\/investimentos-em-responsabilidade-social-podem-alavancar-negocios\/","title":{"rendered":"Investimentos em responsabilidade social podem alavancar neg\u00f3cios"},"content":{"rendered":"<p style=\"text-align: justify;\">| Ag\u00eancia Cbic |<\/p>\n<p style=\"text-align: justify;\">A import\u00e2ncia do investimento em responsabilidade social na cadeia de valor da ind\u00fastria da constru\u00e7\u00e3o no Brasil \u00e9 o principal foco do semin\u00e1rio <strong><em>O Futuro da Constru\u00e7\u00e3o e o avan\u00e7o da agenda da sustentabilidade na vis\u00e3o do Consumidor, Investidor e Empreendedor<\/em><\/strong> que a C\u00e2mara Brasileira da Ind\u00fastria da Constru\u00e7\u00e3o (CBIC) realizar\u00e1 no pr\u00f3ximo dia 6 de maio, em S\u00e3o Paulo.<\/p>\n<p style=\"text-align: justify;\">A iniciativa, resultado do projeto de Boas Pr\u00e1ticas na Constru\u00e7\u00e3o da Comiss\u00e3o de Responsabilidade Social (CRS) da CBIC, com a correaliza\u00e7\u00e3o do Sesi Nacional, apoiar\u00e1 as empresas na compreens\u00e3o e implanta\u00e7\u00e3o de a\u00e7\u00f5es concretas a favor do alcance das metas estabelecidas para os 17 Objetivos do Desenvolvimento Sustent\u00e1vel (ODS) ou Objetivos Globais.<\/p>\n<p style=\"text-align: justify;\">\u201cA programa\u00e7\u00e3o foi constru\u00edda para apresentar as ferramentas e o conhecimentos necess\u00e1rios que colocam a sustentabilidade no centro da estrat\u00e9gia empresarial\u201d, ressalta a vice-presidente de \u00c1rea da CBIC e presidente da CRS, Ana Claudia Gomes.<\/p>\n<p style=\"text-align: justify;\">\u201cOs ODS representam um grande desafio e uma excelente oportunidade de alavancar os neg\u00f3cios\u201d, menciona Ana Fl\u00e1via Godoi, especialista em desenvolvimento institucional do Seconci-Rio.<\/p>\n<p style=\"text-align: justify;\">O evento reunir\u00e1 especialistas e representantes de institui\u00e7\u00f5es dedicadas \u00e0s tem\u00e1ticas de sustentabilidade, responsabilidade social e investimento social privado, al\u00e9m de investidores e empres\u00e1rios do setor, com o objetivo de debater como implantar a Agenda 2030 (plano de a\u00e7\u00e3o global para o Desenvolvimento Sustent\u00e1vel para mudar o mundo at\u00e9 2030)<\/p>\n<p style=\"text-align: justify;\">\u201cVamos apresentar a Pesquisa de Boas Pr\u00e1ticas j\u00e1 realizadas por empresas e entidades do setor da constru\u00e7\u00e3o, alguns <em>cases <\/em>que fazem a diferen\u00e7a para os neg\u00f3cios e como as parcerias intrassetoriais podem acelerar o processo de cumprimento das metas estabelecidas\u201d, aponta Ana Cl\u00e1udia. \u201c\u00c9 importante sinalizar o papel fundamental que as empresas desempenham e como elas podem estar \u00e0 frente desse processo de colocar o mundo numa trajet\u00f3ria sustent\u00e1vel\u201d, completa.<\/p>\n<p style=\"text-align: justify;\">\n<h3 style=\"text-align: justify;\"><strong>O Futuro da Constru\u00e7\u00e3o e o avan\u00e7o da agenda da sustentabilidade na vis\u00e3o do Consumidor, Investidor e Empreendedor<\/strong><\/h3>\n<p style=\"text-align: justify;\"><strong>Confira a Programa\u00e7\u00e3o<\/strong><\/p>\n<p style=\"text-align: justify;\"><strong>8h30 \u2013 <\/strong>Credenciamento<\/p>\n<p style=\"text-align: justify;\"><strong>9h \u00e0s 10h \u2013 Painel Investidores \u2013 Como funcionam os investimentos em sustentabilidade e o retorno para o neg\u00f3cio<\/strong><\/p>\n<ul style=\"text-align: justify;\">\n<li>Hauro Ishikawa \u2013 Presidente do Seconci-SP e vice-presidente de Rela\u00e7\u00f5es Capital Trabalho e Responsabilidade Social do SindusCon-SP<\/li>\n<li>Ana Cl\u00e1udia Gomes \u2013 Vice-presidente da \u00e1rea de Responsabilidade Social da CBIC<\/li>\n<li>Aron Belinky \u2013 Coordenador Executivo do \u00cdndice de Sustentabilidade Empresarial ISE\/B3<\/li>\n<\/ul>\n<p style=\"text-align: justify;\"><strong>10h \u00e0s 10h30 \u2013 Painel 1: A import\u00e2ncia dos ODS e Pacto Global para a economia brasileira<\/strong><\/p>\n<ul style=\"text-align: justify;\">\n<li>Ana Carolina Paci \u2013 Assessora da Rede Brasileira do Pacto Global<\/li>\n<\/ul>\n<p style=\"text-align: justify;\"><strong>10h30 as 10h50 \u2013 Apresenta\u00e7\u00e3o de case: ODS na Cadeia de Valor da Constru\u00e7\u00e3o Civil<\/strong><\/p>\n<ul style=\"text-align: justify;\">\n<li>Thais Morais \u2013 Especialista em Sustentabilidade da MRV Engenharia<\/li>\n<\/ul>\n<p style=\"text-align: justify;\"><strong>10h50 \u00e0s 11h20 \u2013 Painel 2: ODS 11 \u2013 Cidade e Comunidades Sustent\u00e1veis<\/strong><\/p>\n<ul style=\"text-align: justify;\">\n<li>Fernanda Toledo de Oliveira \u2013 Diretora da Funda\u00e7\u00e3o Alphaville e Coordenadora do Bloco Brasil da Rede Am\u00e9rica<\/li>\n<\/ul>\n<p style=\"text-align: justify;\"><strong>11h20 \u00e0s 12h \u2013 Apresenta\u00e7\u00e3o de <em>cases<\/em>: Desenvolvimento Comunit\u00e1rio como estrat\u00e9gia empresarial<\/strong><\/p>\n<ul style=\"text-align: justify;\">\n<li>Kalil Antonio Farran \u2013 Diretor Executivo do Instituto Camargo Correia<\/li>\n<li>Ana Flavia Godoi \u2013 Especialista em Desenvolvimento Institucional do Seconci-Rio<\/li>\n<\/ul>\n<p style=\"text-align: justify;\"><strong>12h as 13h \u2013 Almo\u00e7o<\/strong><\/p>\n<p style=\"text-align: justify;\"><strong>13h \u00e0s 16h \u2013 Apresenta\u00e7\u00e3o da pesquisa Boas Pr\u00e1ticas na Constru\u00e7\u00e3o x ODS<\/strong><\/p>\n<ul style=\"text-align: justify;\">\n<li>Rafael Tello \u2013 NHK Sustentabilidade<\/li>\n<\/ul>\n<p style=\"text-align: justify;\"><strong>Apresenta\u00e7\u00e3o de cinco <em>cases<\/em> empresarias<\/strong><\/p>\n<ul style=\"text-align: justify;\">\n<li>Racional Engenharia, Lavitta Engenharia, Reta Engenharia, NewInc Construtora e Sinduscon Cear\u00e1<\/li>\n<\/ul>\n<p style=\"text-align: justify;\"><strong>\u00a016h \u2013 Encerramento<\/strong><\/p>\n<p style=\"text-align: justify;\"><strong>\u00a0<\/strong><\/p>\n<p style=\"text-align: justify;\"><strong><u>Servi\u00e7o<\/u><\/strong><\/p>\n<p style=\"text-align: justify;\"><strong>O Futuro da Constru\u00e7\u00e3o e o avan\u00e7o da agenda da sustentabilidade na vis\u00e3o do Consumidor, Investidor e Empreendedor<\/strong><\/p>\n<p style=\"text-align: justify;\">Data: 6 de maio (segunda-feira)<\/p>\n<p style=\"text-align: justify;\">Hor\u00e1rio: 9h \u00e0s 17h<\/p>\n<p style=\"text-align: justify;\">Local: Secovi S\u00e3o Paulo\/SP (Rua Dr. Bacelar, 1043 \u2013 Vila Mariana)<\/p>\n<p style=\"text-align: justify;\">P\u00fablico Alvo: Empresas e organiza\u00e7\u00f5es do setor da constru\u00e7\u00e3o.<\/p>\n","protected":false},"excerpt":{"rendered":"<p>| Ag\u00eancia Cbic | A import\u00e2ncia do investimento em responsabilidade social na cadeia de valor da ind\u00fastria da constru\u00e7\u00e3o no Brasil \u00e9 o principal foco do semin\u00e1rio O Futuro da Constru\u00e7\u00e3o e o avan\u00e7o da agenda da sustentabilidade na vis\u00e3o do Consumidor, Investidor e Empreendedor que a C\u00e2mara Brasileira da Ind\u00fastria da Constru\u00e7\u00e3o (CBIC) realizar\u00e1 [&hellip;]<\/p>\n","protected":false},"author":3,"featured_media":8320,"comment_status":"closed","ping_status":"closed","sticky":false,"template":"","format":"standard","meta":{"footnotes":""},"categories":[92],"tags":[],"class_list":["post-8319","post","type-post","status-publish","format-standard","has-post-thumbnail","hentry","category-seconci-brasil"],"yoast_head":"<!-- This site is optimized with the Yoast SEO plugin v26.9 - https:\/\/yoast.com\/product\/yoast-seo-wordpress\/ -->\n<title>Investimentos em responsabilidade social podem alavancar neg\u00f3cios - Seconci Brasil<\/title>\n<meta name=\"robots\" content=\"index, follow, max-snippet:-1, max-image-preview:large, max-video-preview:-1\" \/>\n<link rel=\"canonical\" href=\"https:\/\/seconci.com.br\/site\/2019\/04\/25\/investimentos-em-responsabilidade-social-podem-alavancar-negocios\/\" \/>\n<meta property=\"og:locale\" content=\"pt_PT\" \/>\n<meta property=\"og:type\" content=\"article\" \/>\n<meta property=\"og:title\" content=\"Investimentos em responsabilidade social podem alavancar neg\u00f3cios - Seconci Brasil\" \/>\n<meta property=\"og:description\" content=\"| Ag\u00eancia Cbic | A import\u00e2ncia do investimento em responsabilidade social na cadeia de valor da ind\u00fastria da constru\u00e7\u00e3o no Brasil \u00e9 o principal foco do semin\u00e1rio O Futuro da Constru\u00e7\u00e3o e o avan\u00e7o da agenda da sustentabilidade na vis\u00e3o do Consumidor, Investidor e Empreendedor que a C\u00e2mara Brasileira da Ind\u00fastria da Constru\u00e7\u00e3o (CBIC) realizar\u00e1 [&hellip;]\" \/>\n<meta property=\"og:url\" content=\"https:\/\/seconci.com.br\/site\/2019\/04\/25\/investimentos-em-responsabilidade-social-podem-alavancar-negocios\/\" \/>\n<meta property=\"og:site_name\" content=\"Seconci Brasil\" \/>\n<meta property=\"article:published_time\" content=\"2019-04-25T17:03:22+00:00\" \/>\n<meta property=\"og:image\" content=\"https:\/\/seconci.com.br\/site\/wp-content\/uploads\/2019\/04\/O_Futuro_da_Constru\u00e7\u00e3o.jpg\" \/>\n\t<meta property=\"og:image:width\" content=\"798\" \/>\n\t<meta property=\"og:image:height\" content=\"1280\" \/>\n\t<meta property=\"og:image:type\" content=\"image\/jpeg\" \/>\n<meta name=\"author\" content=\"Sidney Rocha\" \/>\n<meta name=\"twitter:card\" content=\"summary_large_image\" \/>\n<meta name=\"twitter:label1\" content=\"Escrito por\" \/>\n\t<meta name=\"twitter:data1\" content=\"Sidney Rocha\" \/>\n\t<meta name=\"twitter:label2\" content=\"Tempo estimado de leitura\" \/>\n\t<meta name=\"twitter:data2\" content=\"3 minutos\" \/>\n<script type=\"application\/ld+json\" class=\"yoast-schema-graph\">{\"@context\":\"https:\/\/schema.org\",\"@graph\":[{\"@type\":\"Article\",\"@id\":\"https:\/\/seconci.com.br\/site\/2019\/04\/25\/investimentos-em-responsabilidade-social-podem-alavancar-negocios\/#article\",\"isPartOf\":{\"@id\":\"https:\/\/seconci.com.br\/site\/2019\/04\/25\/investimentos-em-responsabilidade-social-podem-alavancar-negocios\/\"},\"author\":{\"name\":\"Sidney Rocha\",\"@id\":\"https:\/\/seconci.com.br\/site\/#\/schema\/person\/1d79afd97ddc8f2c68c1e88e298aa8e2\"},\"headline\":\"Investimentos em responsabilidade social podem alavancar neg\u00f3cios\",\"datePublished\":\"2019-04-25T17:03:22+00:00\",\"mainEntityOfPage\":{\"@id\":\"https:\/\/seconci.com.br\/site\/2019\/04\/25\/investimentos-em-responsabilidade-social-podem-alavancar-negocios\/\"},\"wordCount\":627,\"publisher\":{\"@id\":\"https:\/\/seconci.com.br\/site\/#organization\"},\"image\":{\"@id\":\"https:\/\/seconci.com.br\/site\/2019\/04\/25\/investimentos-em-responsabilidade-social-podem-alavancar-negocios\/#primaryimage\"},\"thumbnailUrl\":\"https:\/\/seconci.com.br\/site\/wp-content\/uploads\/2019\/04\/O_Futuro_da_Constru\u00e7\u00e3o.jpg\",\"articleSection\":[\"Seconci Brasil\"],\"inLanguage\":\"pt-PT\"},{\"@type\":\"WebPage\",\"@id\":\"https:\/\/seconci.com.br\/site\/2019\/04\/25\/investimentos-em-responsabilidade-social-podem-alavancar-negocios\/\",\"url\":\"https:\/\/seconci.com.br\/site\/2019\/04\/25\/investimentos-em-responsabilidade-social-podem-alavancar-negocios\/\",\"name\":\"Investimentos em responsabilidade social podem alavancar neg\u00f3cios - Seconci Brasil\",\"isPartOf\":{\"@id\":\"https:\/\/seconci.com.br\/site\/#website\"},\"primaryImageOfPage\":{\"@id\":\"https:\/\/seconci.com.br\/site\/2019\/04\/25\/investimentos-em-responsabilidade-social-podem-alavancar-negocios\/#primaryimage\"},\"image\":{\"@id\":\"https:\/\/seconci.com.br\/site\/2019\/04\/25\/investimentos-em-responsabilidade-social-podem-alavancar-negocios\/#primaryimage\"},\"thumbnailUrl\":\"https:\/\/seconci.com.br\/site\/wp-content\/uploads\/2019\/04\/O_Futuro_da_Constru\u00e7\u00e3o.jpg\",\"datePublished\":\"2019-04-25T17:03:22+00:00\",\"breadcrumb\":{\"@id\":\"https:\/\/seconci.com.br\/site\/2019\/04\/25\/investimentos-em-responsabilidade-social-podem-alavancar-negocios\/#breadcrumb\"},\"inLanguage\":\"pt-PT\",\"potentialAction\":[{\"@type\":\"ReadAction\",\"target\":[\"https:\/\/seconci.com.br\/site\/2019\/04\/25\/investimentos-em-responsabilidade-social-podem-alavancar-negocios\/\"]}]},{\"@type\":\"ImageObject\",\"inLanguage\":\"pt-PT\",\"@id\":\"https:\/\/seconci.com.br\/site\/2019\/04\/25\/investimentos-em-responsabilidade-social-podem-alavancar-negocios\/#primaryimage\",\"url\":\"https:\/\/seconci.com.br\/site\/wp-content\/uploads\/2019\/04\/O_Futuro_da_Constru\u00e7\u00e3o.jpg\",\"contentUrl\":\"https:\/\/seconci.com.br\/site\/wp-content\/uploads\/2019\/04\/O_Futuro_da_Constru\u00e7\u00e3o.jpg\",\"width\":798,\"height\":1280},{\"@type\":\"BreadcrumbList\",\"@id\":\"https:\/\/seconci.com.br\/site\/2019\/04\/25\/investimentos-em-responsabilidade-social-podem-alavancar-negocios\/#breadcrumb\",\"itemListElement\":[{\"@type\":\"ListItem\",\"position\":1,\"name\":\"In\u00edcio\",\"item\":\"https:\/\/seconci.com.br\/site\/\"},{\"@type\":\"ListItem\",\"position\":2,\"name\":\"Investimentos em responsabilidade social podem alavancar neg\u00f3cios\"}]},{\"@type\":\"WebSite\",\"@id\":\"https:\/\/seconci.com.br\/site\/#website\",\"url\":\"https:\/\/seconci.com.br\/site\/\",\"name\":\"Seconci Brasil\",\"description\":\"\",\"publisher\":{\"@id\":\"https:\/\/seconci.com.br\/site\/#organization\"},\"potentialAction\":[{\"@type\":\"SearchAction\",\"target\":{\"@type\":\"EntryPoint\",\"urlTemplate\":\"https:\/\/seconci.com.br\/site\/?s={search_term_string}\"},\"query-input\":{\"@type\":\"PropertyValueSpecification\",\"valueRequired\":true,\"valueName\":\"search_term_string\"}}],\"inLanguage\":\"pt-PT\"},{\"@type\":\"Organization\",\"@id\":\"https:\/\/seconci.com.br\/site\/#organization\",\"name\":\"Seconci Brasil\",\"url\":\"https:\/\/seconci.com.br\/site\/\",\"logo\":{\"@type\":\"ImageObject\",\"inLanguage\":\"pt-PT\",\"@id\":\"https:\/\/seconci.com.br\/site\/#\/schema\/logo\/image\/\",\"url\":\"https:\/\/seconci.com.br\/site\/wp-content\/uploads\/2024\/08\/Logo-Seconci-Brasil-branca-2.png\",\"contentUrl\":\"https:\/\/seconci.com.br\/site\/wp-content\/uploads\/2024\/08\/Logo-Seconci-Brasil-branca-2.png\",\"width\":1315,\"height\":598,\"caption\":\"Seconci Brasil\"},\"image\":{\"@id\":\"https:\/\/seconci.com.br\/site\/#\/schema\/logo\/image\/\"}},{\"@type\":\"Person\",\"@id\":\"https:\/\/seconci.com.br\/site\/#\/schema\/person\/1d79afd97ddc8f2c68c1e88e298aa8e2\",\"name\":\"Sidney Rocha\",\"description\":\"Comunicador e estagi\u00e1rio do Seconci Brasil.\",\"url\":\"https:\/\/seconci.com.br\/site\/author\/sidney-rocha\/\"}]}<\/script>\n<!-- \/ Yoast SEO plugin. -->","yoast_head_json":{"title":"Investimentos em responsabilidade social podem alavancar neg\u00f3cios - Seconci Brasil","robots":{"index":"index","follow":"follow","max-snippet":"max-snippet:-1","max-image-preview":"max-image-preview:large","max-video-preview":"max-video-preview:-1"},"canonical":"https:\/\/seconci.com.br\/site\/2019\/04\/25\/investimentos-em-responsabilidade-social-podem-alavancar-negocios\/","og_locale":"pt_PT","og_type":"article","og_title":"Investimentos em responsabilidade social podem alavancar neg\u00f3cios - Seconci Brasil","og_description":"| Ag\u00eancia Cbic | A import\u00e2ncia do investimento em responsabilidade social na cadeia de valor da ind\u00fastria da constru\u00e7\u00e3o no Brasil \u00e9 o principal foco do semin\u00e1rio O Futuro da Constru\u00e7\u00e3o e o avan\u00e7o da agenda da sustentabilidade na vis\u00e3o do Consumidor, Investidor e Empreendedor que a C\u00e2mara Brasileira da Ind\u00fastria da Constru\u00e7\u00e3o (CBIC) realizar\u00e1 [&hellip;]","og_url":"https:\/\/seconci.com.br\/site\/2019\/04\/25\/investimentos-em-responsabilidade-social-podem-alavancar-negocios\/","og_site_name":"Seconci Brasil","article_published_time":"2019-04-25T17:03:22+00:00","og_image":[{"width":798,"height":1280,"url":"https:\/\/seconci.com.br\/site\/wp-content\/uploads\/2019\/04\/O_Futuro_da_Constru\u00e7\u00e3o.jpg","type":"image\/jpeg"}],"author":"Sidney Rocha","twitter_card":"summary_large_image","twitter_misc":{"Escrito por":"Sidney Rocha","Tempo estimado de leitura":"3 minutos"},"schema":{"@context":"https:\/\/schema.org","@graph":[{"@type":"Article","@id":"https:\/\/seconci.com.br\/site\/2019\/04\/25\/investimentos-em-responsabilidade-social-podem-alavancar-negocios\/#article","isPartOf":{"@id":"https:\/\/seconci.com.br\/site\/2019\/04\/25\/investimentos-em-responsabilidade-social-podem-alavancar-negocios\/"},"author":{"name":"Sidney Rocha","@id":"https:\/\/seconci.com.br\/site\/#\/schema\/person\/1d79afd97ddc8f2c68c1e88e298aa8e2"},"headline":"Investimentos em responsabilidade social podem alavancar neg\u00f3cios","datePublished":"2019-04-25T17:03:22+00:00","mainEntityOfPage":{"@id":"https:\/\/seconci.com.br\/site\/2019\/04\/25\/investimentos-em-responsabilidade-social-podem-alavancar-negocios\/"},"wordCount":627,"publisher":{"@id":"https:\/\/seconci.com.br\/site\/#organization"},"image":{"@id":"https:\/\/seconci.com.br\/site\/2019\/04\/25\/investimentos-em-responsabilidade-social-podem-alavancar-negocios\/#primaryimage"},"thumbnailUrl":"https:\/\/seconci.com.br\/site\/wp-content\/uploads\/2019\/04\/O_Futuro_da_Constru\u00e7\u00e3o.jpg","articleSection":["Seconci Brasil"],"inLanguage":"pt-PT"},{"@type":"WebPage","@id":"https:\/\/seconci.com.br\/site\/2019\/04\/25\/investimentos-em-responsabilidade-social-podem-alavancar-negocios\/","url":"https:\/\/seconci.com.br\/site\/2019\/04\/25\/investimentos-em-responsabilidade-social-podem-alavancar-negocios\/","name":"Investimentos em responsabilidade social podem alavancar neg\u00f3cios - Seconci Brasil","isPartOf":{"@id":"https:\/\/seconci.com.br\/site\/#website"},"primaryImageOfPage":{"@id":"https:\/\/seconci.com.br\/site\/2019\/04\/25\/investimentos-em-responsabilidade-social-podem-alavancar-negocios\/#primaryimage"},"image":{"@id":"https:\/\/seconci.com.br\/site\/2019\/04\/25\/investimentos-em-responsabilidade-social-podem-alavancar-negocios\/#primaryimage"},"thumbnailUrl":"https:\/\/seconci.com.br\/site\/wp-content\/uploads\/2019\/04\/O_Futuro_da_Constru\u00e7\u00e3o.jpg","datePublished":"2019-04-25T17:03:22+00:00","breadcrumb":{"@id":"https:\/\/seconci.com.br\/site\/2019\/04\/25\/investimentos-em-responsabilidade-social-podem-alavancar-negocios\/#breadcrumb"},"inLanguage":"pt-PT","potentialAction":[{"@type":"ReadAction","target":["https:\/\/seconci.com.br\/site\/2019\/04\/25\/investimentos-em-responsabilidade-social-podem-alavancar-negocios\/"]}]},{"@type":"ImageObject","inLanguage":"pt-PT","@id":"https:\/\/seconci.com.br\/site\/2019\/04\/25\/investimentos-em-responsabilidade-social-podem-alavancar-negocios\/#primaryimage","url":"https:\/\/seconci.com.br\/site\/wp-content\/uploads\/2019\/04\/O_Futuro_da_Constru\u00e7\u00e3o.jpg","contentUrl":"https:\/\/seconci.com.br\/site\/wp-content\/uploads\/2019\/04\/O_Futuro_da_Constru\u00e7\u00e3o.jpg","width":798,"height":1280},{"@type":"BreadcrumbList","@id":"https:\/\/seconci.com.br\/site\/2019\/04\/25\/investimentos-em-responsabilidade-social-podem-alavancar-negocios\/#breadcrumb","itemListElement":[{"@type":"ListItem","position":1,"name":"In\u00edcio","item":"https:\/\/seconci.com.br\/site\/"},{"@type":"ListItem","position":2,"name":"Investimentos em responsabilidade social podem alavancar neg\u00f3cios"}]},{"@type":"WebSite","@id":"https:\/\/seconci.com.br\/site\/#website","url":"https:\/\/seconci.com.br\/site\/","name":"Seconci Brasil","description":"","publisher":{"@id":"https:\/\/seconci.com.br\/site\/#organization"},"potentialAction":[{"@type":"SearchAction","target":{"@type":"EntryPoint","urlTemplate":"https:\/\/seconci.com.br\/site\/?s={search_term_string}"},"query-input":{"@type":"PropertyValueSpecification","valueRequired":true,"valueName":"search_term_string"}}],"inLanguage":"pt-PT"},{"@type":"Organization","@id":"https:\/\/seconci.com.br\/site\/#organization","name":"Seconci Brasil","url":"https:\/\/seconci.com.br\/site\/","logo":{"@type":"ImageObject","inLanguage":"pt-PT","@id":"https:\/\/seconci.com.br\/site\/#\/schema\/logo\/image\/","url":"https:\/\/seconci.com.br\/site\/wp-content\/uploads\/2024\/08\/Logo-Seconci-Brasil-branca-2.png","contentUrl":"https:\/\/seconci.com.br\/site\/wp-content\/uploads\/2024\/08\/Logo-Seconci-Brasil-branca-2.png","width":1315,"height":598,"caption":"Seconci Brasil"},"image":{"@id":"https:\/\/seconci.com.br\/site\/#\/schema\/logo\/image\/"}},{"@type":"Person","@id":"https:\/\/seconci.com.br\/site\/#\/schema\/person\/1d79afd97ddc8f2c68c1e88e298aa8e2","name":"Sidney Rocha","description":"Comunicador e estagi\u00e1rio do Seconci Brasil.","url":"https:\/\/seconci.com.br\/site\/author\/sidney-rocha\/"}]}},"_links":{"self":[{"href":"https:\/\/seconci.com.br\/site\/wp-json\/wp\/v2\/posts\/8319","targetHints":{"allow":["GET"]}}],"collection":[{"href":"https:\/\/seconci.com.br\/site\/wp-json\/wp\/v2\/posts"}],"about":[{"href":"https:\/\/seconci.com.br\/site\/wp-json\/wp\/v2\/types\/post"}],"author":[{"embeddable":true,"href":"https:\/\/seconci.com.br\/site\/wp-json\/wp\/v2\/users\/3"}],"replies":[{"embeddable":true,"href":"https:\/\/seconci.com.br\/site\/wp-json\/wp\/v2\/comments?post=8319"}],"version-history":[{"count":0,"href":"https:\/\/seconci.com.br\/site\/wp-json\/wp\/v2\/posts\/8319\/revisions"}],"wp:featuredmedia":[{"embeddable":true,"href":"https:\/\/seconci.com.br\/site\/wp-json\/wp\/v2\/media\/8320"}],"wp:attachment":[{"href":"https:\/\/seconci.com.br\/site\/wp-json\/wp\/v2\/media?parent=8319"}],"wp:term":[{"taxonomy":"category","embeddable":true,"href":"https:\/\/seconci.com.br\/site\/wp-json\/wp\/v2\/categories?post=8319"},{"taxonomy":"post_tag","embeddable":true,"href":"https:\/\/seconci.com.br\/site\/wp-json\/wp\/v2\/tags?post=8319"}],"curies":[{"name":"wp","href":"https:\/\/api.w.org\/{rel}","templated":true}]}}