{"id":8322,"date":"2019-04-29T12:27:03","date_gmt":"2019-04-29T12:27:03","guid":{"rendered":"https:\/\/seconci.com.br\/site\/?p=8322"},"modified":"2019-04-29T12:29:10","modified_gmt":"2019-04-29T12:29:10","slug":"setor-da-construcao-celebra-dia-mundial-da-seguranca-e-saude-no-trabalho","status":"publish","type":"post","link":"https:\/\/seconci.com.br\/site\/2019\/04\/29\/setor-da-construcao-celebra-dia-mundial-da-seguranca-e-saude-no-trabalho\/","title":{"rendered":"Setor da constru\u00e7\u00e3o celebra Dia Mundial da Seguran\u00e7a e Sa\u00fade no Trabalho"},"content":{"rendered":"<p style=\"text-align: justify;\">| <strong>Ag\u00eancia Cbic<\/strong> |<\/p>\n<p style=\"text-align: justify;\">Ao celebrar neste domingo, 28 de abril, o\u00a0<strong>Dia Mundial de Seguran\u00e7a e Sa\u00fade no Trabalho<\/strong>, a \u00c1rea de Rela\u00e7\u00f5es Trabalhistas da C\u00e2mara Brasileira da Ind\u00fastria da Constru\u00e7\u00e3o (CBIC) refor\u00e7a a import\u00e2ncia da ado\u00e7\u00e3o da cultura de preven\u00e7\u00e3o de acidentes no trabalho e doen\u00e7as ocupacionais, j\u00e1 amplamente praticada na ind\u00fastria da constru\u00e7\u00e3o e a\u00e7\u00e3o estrat\u00e9gica da entidade.<\/p>\n<p style=\"text-align: justify;\">A data foi institu\u00edda pela Organiza\u00e7\u00e3o Internacional do Trabalho (OIT), segundo a qual o Brasil ocupa o 4\u00ba lugar no ranking mundial de acidentes fatais de trabalho.<\/p>\n<p style=\"text-align: justify;\">\u201cInvestir em Seguran\u00e7a e Sa\u00fade no Trabalho (SST) na Ind\u00fastria da Constru\u00e7\u00e3o n\u00e3o \u00e9 custo, mas investimento\u201d, aponta o vice-presidente de \u00c1rea da CBIC e presidente da Comiss\u00e3o de Pol\u00edtica de Rela\u00e7\u00f5es Trabalhistas (CPRT) da CBIC, Fernando Guedes Ferreira Filho. A m\u00e1xima vem sendo difundida em todas as reuni\u00f5es t\u00e9cnicas e encontros do setor relacionados ao tema, al\u00e9m de praticada por meio de iniciativas que visam melhorar cada vez mais o ambiente de trabalho nos canteiros de obras para prevenir acidentes e promover a sa\u00fade do trabalhador. \u201cO trabalhador \u00e9 o nosso maior patrim\u00f4nio\u201d, diz.<\/p>\n<h2 style=\"text-align: left;\">Constru\u00e7\u00e3o civil amplia a\u00e7\u00f5es em prol da sa\u00fade e seguran\u00e7a do trabalhador<\/h2>\n<p style=\"text-align: justify;\">A CPRT\/CBIC, com a correaliza\u00e7\u00e3o do Sesi Nacional, vem desenvolvendo diversas iniciativas em prol da sa\u00fade e seguran\u00e7a do seu trabalhador, como a realiza\u00e7\u00e3o do Encontro Nacional de Seguran\u00e7a e Sa\u00fade no Trabalho, da Campanha Nacional de Preven\u00e7\u00e3o de Acidentes na Ind\u00fastria da Constru\u00e7\u00e3o (Canpat Constru\u00e7\u00e3o), de estudos, guias e v\u00eddeos direcionados ao tema, que mencionam a import\u00e2ncia de se adotar medidas preventivas de SST na constru\u00e7\u00e3o, al\u00e9m de a\u00e7\u00f5es para estimular a gest\u00e3o da seguran\u00e7a e sa\u00fade no trabalho nas pequenas e m\u00e9dias empresas do setor. Al\u00e9m disso, est\u00e1 em execu\u00e7\u00e3o estudo que indicar\u00e1 sistemas construtivos que podem reduzir efetivamente o n\u00famero de acidentes.<\/p>\n<p style=\"text-align: justify;\">\u201cNa celebra\u00e7\u00e3o do dia 28 de abril, a CBIC mostra todas as suas a\u00e7\u00f5es em rela\u00e7\u00e3o \u00e0 cultura de preven\u00e7\u00e3o de acidentes, com vistas a induzir ainda maior redu\u00e7\u00e3o na incid\u00eancia de acidentes na ind\u00fastria da constru\u00e7\u00e3o e tornar o ambiente de trabalho cada vez mais produtivo e seguro\u201d, destaca Fernando Guedes.<\/p>\n<p style=\"text-align: justify;\">Dentre as iniciativas do setor da constru\u00e7\u00e3o em prol dos trabalhadores do setor, destacamos:<\/p>\n<p style=\"text-align: justify;\"><a href=\"https:\/\/cbic.org.br\/canpatconstrucao\/\">Campanha Nacional de Preven\u00e7\u00e3o de Acidentes na Ind\u00fastria da Constru\u00e7\u00e3o (Canpat Constru\u00e7\u00e3o)<\/a><\/p>\n<p style=\"text-align: justify;\"><a href=\"http:\/\/patrocinados.estadao.com.br\/cbic\/\">Encontro Nacional de Seguran\u00e7a e Sa\u00fade no Trabalho na Ind\u00fastria da Constru\u00e7\u00e3o<\/a><\/p>\n<p style=\"text-align: justify;\"><a href=\"https:\/\/cbic.org.br\/construindosegurancaesaude\/\">Construindo Seguran\u00e7a e Sa\u00fade<\/a><\/p>\n<p style=\"text-align: justify;\"><a href=\"https:\/\/cbic.org.br\/wp-content\/uploads\/2019\/04\/SEGURANCA_E_SAUDE_NA_INDUSTRIA_DA_CONSTRUCAO_Prevencao_e_Inovacao_v2.pdf\">Seguran\u00e7a e Sa\u00fade na Ind\u00fastria da Constru\u00e7\u00e3o \u2013 Preven\u00e7\u00e3o e Inova\u00e7\u00e3o<\/a><\/p>\n<p style=\"text-align: justify;\"><a href=\"https:\/\/cbic.org.br\/wp-content\/uploads\/2017\/11\/Guia_para_gestao_seguranca_nos_canteiros_de_obras_2017.pdf\">Guia para Gest\u00e3o de Seguran\u00e7a nos Canteiros de Obras \u2013 Orienta\u00e7\u00f5es para Preven\u00e7\u00e3o dos Acidentes e para o cumprimento das Normas de SST<\/a><\/p>\n<p style=\"text-align: justify;\"><a href=\"https:\/\/cbic.org.br\/wp-content\/uploads\/2017\/11\/Guia_Orientativo_de_Seguranc%CC%A7a_2015.pdf\">Guia Orientativo de Seguran\u00e7a \u2013 Guia B\u00e1sico para Implanta\u00e7\u00e3o de Seguran\u00e7a e Sa\u00fade nos Canteiros de Obra<\/a><\/p>\n<p style=\"text-align: justify;\"><a href=\"https:\/\/cbic.org.br\/wp-content\/uploads\/2017\/11\/Guia_Orientativo_de_Incentivo_a_Formalidade_2016.pdf\">Guia Orientativo de Incentivo \u00e0 Formalidade \u2013 Guia B\u00e1sico de Exig\u00eancias Trabalhistas, de Seguran\u00e7a, Previdenci\u00e1rias e T\u00e9cnicas na Constru\u00e7\u00e3o de Obras<\/a><\/p>\n<p style=\"text-align: justify;\"><a href=\"https:\/\/cbic.org.br\/wp-content\/uploads\/2017\/11\/Guia_Orientativo_Area_de_Vivencias_2015.pdf\">Guia Orientativo \u00c1reas de Viv\u00eancia \u2013 Guia para Implanta\u00e7\u00e3o de \u00c1reas de Viv\u00eancia nos Canteiros de Obra<\/a><\/p>\n<p style=\"text-align: justify;\"><a href=\"https:\/\/cbic.org.br\/wp-content\/uploads\/2017\/11\/Guia_Contrate_Certo_2014.pdf\">Guia Contrate Certo \u2013 Guia para a Contrata\u00e7\u00e3o de Empreiteiros e Subempreiteiros na Constru\u00e7\u00e3o Civil\u00a0<\/a><\/p>\n<p style=\"text-align: justify;\"><strong>V\u00eddeos<\/strong><\/p>\n<p style=\"text-align: justify;\"><a href=\"https:\/\/cbic.org.br\/relacoestrabalhistas\/cbic-seguranca-no-trabalho-choque-eletrico\/\">CBIC \u2013 Seguran\u00e7a no Trabalho: Choque El\u00e9trico<\/a><\/p>\n<p style=\"text-align: justify;\"><a href=\"https:\/\/cbic.org.br\/relacoestrabalhistas\/cbic-seguranca-no-trabalho-soterramento\/\">CBIC \u2013 Seguran\u00e7a no Trabalho: Soterramento<\/a><\/p>\n<p style=\"text-align: justify;\"><a href=\"https:\/\/cbic.org.br\/relacoestrabalhistas\/cbic-seguranca-no-trabalho-quedas\/\">CBIC \u2013 Seguran\u00e7a no Trabalho: Quedas<\/a><\/p>\n<p style=\"text-align: justify;\"><a href=\"http:\/\/www.portaldaindustria.com.br\/sesi\/canais\/seguranca-e-saude-no-trabalho-sesi\/videos-100-seguro\/\">V\u00eddeos 100% Seguro<\/a><\/p>\n<p style=\"text-align: justify;\">Veja mais sobre as iniciativas da CPRT\/CBIC, com correaliza\u00e7\u00e3o do Sesi Nacional, no\u00a0<a href=\"https:\/\/cbic.org.br\/relacoestrabalhistas\/\">site da \u00c1rea de Rela\u00e7\u00f5es Trabalhistas da entidade<\/a>.<\/p>\n<h2><\/h2>\n<h2 style=\"text-align: left;\">Servi\u00e7o Social da Ind\u00fastria contribui com a\u00e7\u00f5es sociais e de seguran\u00e7a e sa\u00fade do trabalho<\/h2>\n<p style=\"text-align: justify;\">O setor da constru\u00e7\u00e3o tamb\u00e9m conta com o apoio de 16 Servi\u00e7os Sociais da Ind\u00fastria da Constru\u00e7\u00e3o (Seconcis) espalhados pelo pa\u00eds, que nada mais \u00e9 do que as empresas de constru\u00e7\u00e3o realizando a\u00e7\u00f5es sociais e de seguran\u00e7a e sa\u00fade do trabalho em prol dos seus trabalhadores.<\/p>\n<p style=\"text-align: justify;\">Em conjunto com a CBIC, Sinduscons, Sesi e Sicepot, o Seconci Brasil tamb\u00e9m desenvolve o Programa Nacional de Seguran\u00e7a e Sa\u00fade no Trabalho (PNSST) com a\u00e7\u00f5es conjuntas em sa\u00fade e seguran\u00e7a do trabalho.<\/p>\n<p style=\"text-align: justify;\"><img fetchpriority=\"high\" decoding=\"async\" class=\"aligncenter wp-image-35485 size-full\" src=\"https:\/\/cbic.org.br\/wp-content\/uploads\/2019\/04\/Mapa_Seconci.png\" sizes=\"(max-width: 672px) 100vw, 672px\" srcset=\"https:\/\/cbic.org.br\/wp-content\/uploads\/2019\/04\/Mapa_Seconci.png 672w, https:\/\/cbic.org.br\/wp-content\/uploads\/2019\/04\/Mapa_Seconci-300x225.png 300w, https:\/\/cbic.org.br\/wp-content\/uploads\/2019\/04\/Mapa_Seconci-74x55.png 74w, https:\/\/cbic.org.br\/wp-content\/uploads\/2019\/04\/Mapa_Seconci-111x83.png 111w, https:\/\/cbic.org.br\/wp-content\/uploads\/2019\/04\/Mapa_Seconci-215x161.png 215w, https:\/\/cbic.org.br\/wp-content\/uploads\/2019\/04\/Mapa_Seconci-400x300.png 400w\" alt=\"\" width=\"672\" height=\"504\" \/><\/p>\n<p style=\"text-align: justify;\">No balan\u00e7o de 2018, os 16 Seconcis, presentes em nove estados e no Distrito Federal, atuaram em 30 cidades e tiveram um investimento anual das empresas de R$ 100 milh\u00f5es, realizando:<\/p>\n<ul style=\"text-align: justify;\">\n<li>\u2022 Consultas m\u00e9dicas assistenciai \u2013 215.003<br \/>\n\u2022 Consultas m\u00e9dicas ocupacionais \u2013 172.571<br \/>\n\u2022 Consultas odontol\u00f3gicas \u2013 191.871<br \/>\n\u2022 Exames complementares \u2013 1.172.141<br \/>\n\u2022 Quantidade de vacinas aplicadas -27.422<br \/>\n\u2022 Atendimentos Fisioterapia e Pilates \u2013 38.251<br \/>\n\u2022 \u00d3culos e pr\u00f3teses fornecidos \u2013 4.332<br \/>\n\u2022 Empresas atingidas com o PCMSO \u2013 2.864<br \/>\n\u2022 Trabalhadores cobertos pelo PCMSO \u2013 133.846<br \/>\n\u2022 Empresas atingidas com PPRA ou PCMAT \u2013 4.542<br \/>\n\u2022 Trabalhadores em treinamentos de SST \u2013 18.386<\/li>\n<\/ul>\n<h2 style=\"text-align: left;\">Futuro do trabalho est\u00e1 ligado \u00e0 inova\u00e7\u00e3o e o tema ser\u00e1 amplamente debatido durante o 91\u00ba Enic<\/h2>\n<p style=\"text-align: justify;\">As mudan\u00e7as que a inova\u00e7\u00e3o proporcionar\u00e1 ao novo ambiente de trabalho tamb\u00e9m est\u00e1 no radar da CPRT\/CBIC. \u201cO uso de novas tecnologias n\u00e3o pode ser ignorado e tem de servir como ferramenta importante para que as empresas deem um salto em sua gest\u00e3o de SST\u201d, ressalta Fernando Guedes, destacando que o tema, de impacto direto em SST, bem como outros tamb\u00e9m de grande import\u00e2ncia \u00e0 \u00e1rea ser\u00e3o debatidos durante o 91\u00ba Encontro Nacional da Ind\u00fastria da Constru\u00e7\u00e3o (Enic), maior encontro nacional do setor, que ser\u00e1 realizado de 15 a 17 de maio, no Windsor Expo Convention Center, na Barra da Tijuca. Confira!\u00a0<a href=\"https:\/\/www.sistemabi.com.br\/MetodoEventos\/SistemaCliente\/Cliente.aspx?acesso=ENIC34DR6E@2DS&amp;tipoAcaoFormID=1\">Inscri\u00e7\u00f5es no site<\/a>.<\/p>\n","protected":false},"excerpt":{"rendered":"<p>| Ag\u00eancia Cbic | Ao celebrar neste domingo, 28 de abril, o\u00a0Dia Mundial de Seguran\u00e7a e Sa\u00fade no Trabalho, a \u00c1rea de Rela\u00e7\u00f5es Trabalhistas da C\u00e2mara Brasileira da Ind\u00fastria da Constru\u00e7\u00e3o (CBIC) refor\u00e7a a import\u00e2ncia da ado\u00e7\u00e3o da cultura de preven\u00e7\u00e3o de acidentes no trabalho e doen\u00e7as ocupacionais, j\u00e1 amplamente praticada na ind\u00fastria da constru\u00e7\u00e3o [&hellip;]<\/p>\n","protected":false},"author":3,"featured_media":8323,"comment_status":"closed","ping_status":"closed","sticky":false,"template":"","format":"standard","meta":{"footnotes":""},"categories":[92],"tags":[],"class_list":["post-8322","post","type-post","status-publish","format-standard","has-post-thumbnail","hentry","category-seconci-brasil"],"yoast_head":"<!-- This site is optimized with the Yoast SEO plugin v26.9 - https:\/\/yoast.com\/product\/yoast-seo-wordpress\/ -->\n<title>Setor da constru\u00e7\u00e3o celebra Dia Mundial da Seguran\u00e7a e Sa\u00fade no Trabalho - Seconci Brasil<\/title>\n<meta name=\"robots\" content=\"index, follow, max-snippet:-1, max-image-preview:large, max-video-preview:-1\" \/>\n<link rel=\"canonical\" href=\"https:\/\/seconci.com.br\/site\/2019\/04\/29\/setor-da-construcao-celebra-dia-mundial-da-seguranca-e-saude-no-trabalho\/\" \/>\n<meta property=\"og:locale\" content=\"pt_PT\" \/>\n<meta property=\"og:type\" content=\"article\" \/>\n<meta property=\"og:title\" content=\"Setor da constru\u00e7\u00e3o celebra Dia Mundial da Seguran\u00e7a e Sa\u00fade no Trabalho - Seconci Brasil\" \/>\n<meta property=\"og:description\" content=\"| Ag\u00eancia Cbic | Ao celebrar neste domingo, 28 de abril, o\u00a0Dia Mundial de Seguran\u00e7a e Sa\u00fade no Trabalho, a \u00c1rea de Rela\u00e7\u00f5es Trabalhistas da C\u00e2mara Brasileira da Ind\u00fastria da Constru\u00e7\u00e3o (CBIC) refor\u00e7a a import\u00e2ncia da ado\u00e7\u00e3o da cultura de preven\u00e7\u00e3o de acidentes no trabalho e doen\u00e7as ocupacionais, j\u00e1 amplamente praticada na ind\u00fastria da constru\u00e7\u00e3o [&hellip;]\" \/>\n<meta property=\"og:url\" content=\"https:\/\/seconci.com.br\/site\/2019\/04\/29\/setor-da-construcao-celebra-dia-mundial-da-seguranca-e-saude-no-trabalho\/\" \/>\n<meta property=\"og:site_name\" content=\"Seconci Brasil\" \/>\n<meta property=\"article:published_time\" content=\"2019-04-29T12:27:03+00:00\" \/>\n<meta property=\"article:modified_time\" content=\"2019-04-29T12:29:10+00:00\" \/>\n<meta property=\"og:image\" content=\"https:\/\/seconci.com.br\/site\/wp-content\/uploads\/2019\/04\/WhatsApp-Image-2019-04-26-at-19.09.34-1.jpeg\" \/>\n\t<meta property=\"og:image:width\" content=\"1280\" \/>\n\t<meta property=\"og:image:height\" content=\"851\" \/>\n\t<meta property=\"og:image:type\" content=\"image\/jpeg\" \/>\n<meta name=\"author\" content=\"Sidney Rocha\" \/>\n<meta name=\"twitter:card\" content=\"summary_large_image\" \/>\n<meta name=\"twitter:label1\" content=\"Escrito por\" \/>\n\t<meta name=\"twitter:data1\" content=\"Sidney Rocha\" \/>\n\t<meta name=\"twitter:label2\" content=\"Tempo estimado de leitura\" \/>\n\t<meta name=\"twitter:data2\" content=\"5 minutos\" \/>\n<script type=\"application\/ld+json\" class=\"yoast-schema-graph\">{\"@context\":\"https:\/\/schema.org\",\"@graph\":[{\"@type\":\"Article\",\"@id\":\"https:\/\/seconci.com.br\/site\/2019\/04\/29\/setor-da-construcao-celebra-dia-mundial-da-seguranca-e-saude-no-trabalho\/#article\",\"isPartOf\":{\"@id\":\"https:\/\/seconci.com.br\/site\/2019\/04\/29\/setor-da-construcao-celebra-dia-mundial-da-seguranca-e-saude-no-trabalho\/\"},\"author\":{\"name\":\"Sidney Rocha\",\"@id\":\"https:\/\/seconci.com.br\/site\/#\/schema\/person\/1d79afd97ddc8f2c68c1e88e298aa8e2\"},\"headline\":\"Setor da constru\u00e7\u00e3o celebra Dia Mundial da Seguran\u00e7a e Sa\u00fade no Trabalho\",\"datePublished\":\"2019-04-29T12:27:03+00:00\",\"dateModified\":\"2019-04-29T12:29:10+00:00\",\"mainEntityOfPage\":{\"@id\":\"https:\/\/seconci.com.br\/site\/2019\/04\/29\/setor-da-construcao-celebra-dia-mundial-da-seguranca-e-saude-no-trabalho\/\"},\"wordCount\":969,\"publisher\":{\"@id\":\"https:\/\/seconci.com.br\/site\/#organization\"},\"image\":{\"@id\":\"https:\/\/seconci.com.br\/site\/2019\/04\/29\/setor-da-construcao-celebra-dia-mundial-da-seguranca-e-saude-no-trabalho\/#primaryimage\"},\"thumbnailUrl\":\"https:\/\/seconci.com.br\/site\/wp-content\/uploads\/2019\/04\/WhatsApp-Image-2019-04-26-at-19.09.34-1.jpeg\",\"articleSection\":[\"Seconci Brasil\"],\"inLanguage\":\"pt-PT\"},{\"@type\":\"WebPage\",\"@id\":\"https:\/\/seconci.com.br\/site\/2019\/04\/29\/setor-da-construcao-celebra-dia-mundial-da-seguranca-e-saude-no-trabalho\/\",\"url\":\"https:\/\/seconci.com.br\/site\/2019\/04\/29\/setor-da-construcao-celebra-dia-mundial-da-seguranca-e-saude-no-trabalho\/\",\"name\":\"Setor da constru\u00e7\u00e3o celebra Dia Mundial da Seguran\u00e7a e Sa\u00fade no Trabalho - Seconci Brasil\",\"isPartOf\":{\"@id\":\"https:\/\/seconci.com.br\/site\/#website\"},\"primaryImageOfPage\":{\"@id\":\"https:\/\/seconci.com.br\/site\/2019\/04\/29\/setor-da-construcao-celebra-dia-mundial-da-seguranca-e-saude-no-trabalho\/#primaryimage\"},\"image\":{\"@id\":\"https:\/\/seconci.com.br\/site\/2019\/04\/29\/setor-da-construcao-celebra-dia-mundial-da-seguranca-e-saude-no-trabalho\/#primaryimage\"},\"thumbnailUrl\":\"https:\/\/seconci.com.br\/site\/wp-content\/uploads\/2019\/04\/WhatsApp-Image-2019-04-26-at-19.09.34-1.jpeg\",\"datePublished\":\"2019-04-29T12:27:03+00:00\",\"dateModified\":\"2019-04-29T12:29:10+00:00\",\"breadcrumb\":{\"@id\":\"https:\/\/seconci.com.br\/site\/2019\/04\/29\/setor-da-construcao-celebra-dia-mundial-da-seguranca-e-saude-no-trabalho\/#breadcrumb\"},\"inLanguage\":\"pt-PT\",\"potentialAction\":[{\"@type\":\"ReadAction\",\"target\":[\"https:\/\/seconci.com.br\/site\/2019\/04\/29\/setor-da-construcao-celebra-dia-mundial-da-seguranca-e-saude-no-trabalho\/\"]}]},{\"@type\":\"ImageObject\",\"inLanguage\":\"pt-PT\",\"@id\":\"https:\/\/seconci.com.br\/site\/2019\/04\/29\/setor-da-construcao-celebra-dia-mundial-da-seguranca-e-saude-no-trabalho\/#primaryimage\",\"url\":\"https:\/\/seconci.com.br\/site\/wp-content\/uploads\/2019\/04\/WhatsApp-Image-2019-04-26-at-19.09.34-1.jpeg\",\"contentUrl\":\"https:\/\/seconci.com.br\/site\/wp-content\/uploads\/2019\/04\/WhatsApp-Image-2019-04-26-at-19.09.34-1.jpeg\",\"width\":1280,\"height\":851},{\"@type\":\"BreadcrumbList\",\"@id\":\"https:\/\/seconci.com.br\/site\/2019\/04\/29\/setor-da-construcao-celebra-dia-mundial-da-seguranca-e-saude-no-trabalho\/#breadcrumb\",\"itemListElement\":[{\"@type\":\"ListItem\",\"position\":1,\"name\":\"In\u00edcio\",\"item\":\"https:\/\/seconci.com.br\/site\/\"},{\"@type\":\"ListItem\",\"position\":2,\"name\":\"Setor da constru\u00e7\u00e3o celebra Dia Mundial da Seguran\u00e7a e Sa\u00fade no Trabalho\"}]},{\"@type\":\"WebSite\",\"@id\":\"https:\/\/seconci.com.br\/site\/#website\",\"url\":\"https:\/\/seconci.com.br\/site\/\",\"name\":\"Seconci Brasil\",\"description\":\"\",\"publisher\":{\"@id\":\"https:\/\/seconci.com.br\/site\/#organization\"},\"potentialAction\":[{\"@type\":\"SearchAction\",\"target\":{\"@type\":\"EntryPoint\",\"urlTemplate\":\"https:\/\/seconci.com.br\/site\/?s={search_term_string}\"},\"query-input\":{\"@type\":\"PropertyValueSpecification\",\"valueRequired\":true,\"valueName\":\"search_term_string\"}}],\"inLanguage\":\"pt-PT\"},{\"@type\":\"Organization\",\"@id\":\"https:\/\/seconci.com.br\/site\/#organization\",\"name\":\"Seconci Brasil\",\"url\":\"https:\/\/seconci.com.br\/site\/\",\"logo\":{\"@type\":\"ImageObject\",\"inLanguage\":\"pt-PT\",\"@id\":\"https:\/\/seconci.com.br\/site\/#\/schema\/logo\/image\/\",\"url\":\"https:\/\/seconci.com.br\/site\/wp-content\/uploads\/2024\/08\/Logo-Seconci-Brasil-branca-2.png\",\"contentUrl\":\"https:\/\/seconci.com.br\/site\/wp-content\/uploads\/2024\/08\/Logo-Seconci-Brasil-branca-2.png\",\"width\":1315,\"height\":598,\"caption\":\"Seconci Brasil\"},\"image\":{\"@id\":\"https:\/\/seconci.com.br\/site\/#\/schema\/logo\/image\/\"}},{\"@type\":\"Person\",\"@id\":\"https:\/\/seconci.com.br\/site\/#\/schema\/person\/1d79afd97ddc8f2c68c1e88e298aa8e2\",\"name\":\"Sidney Rocha\",\"description\":\"Comunicador e estagi\u00e1rio do Seconci Brasil.\",\"url\":\"https:\/\/seconci.com.br\/site\/author\/sidney-rocha\/\"}]}<\/script>\n<!-- \/ Yoast SEO plugin. -->","yoast_head_json":{"title":"Setor da constru\u00e7\u00e3o celebra Dia Mundial da Seguran\u00e7a e Sa\u00fade no Trabalho - Seconci Brasil","robots":{"index":"index","follow":"follow","max-snippet":"max-snippet:-1","max-image-preview":"max-image-preview:large","max-video-preview":"max-video-preview:-1"},"canonical":"https:\/\/seconci.com.br\/site\/2019\/04\/29\/setor-da-construcao-celebra-dia-mundial-da-seguranca-e-saude-no-trabalho\/","og_locale":"pt_PT","og_type":"article","og_title":"Setor da constru\u00e7\u00e3o celebra Dia Mundial da Seguran\u00e7a e Sa\u00fade no Trabalho - Seconci Brasil","og_description":"| Ag\u00eancia Cbic | Ao celebrar neste domingo, 28 de abril, o\u00a0Dia Mundial de Seguran\u00e7a e Sa\u00fade no Trabalho, a \u00c1rea de Rela\u00e7\u00f5es Trabalhistas da C\u00e2mara Brasileira da Ind\u00fastria da Constru\u00e7\u00e3o (CBIC) refor\u00e7a a import\u00e2ncia da ado\u00e7\u00e3o da cultura de preven\u00e7\u00e3o de acidentes no trabalho e doen\u00e7as ocupacionais, j\u00e1 amplamente praticada na ind\u00fastria da constru\u00e7\u00e3o [&hellip;]","og_url":"https:\/\/seconci.com.br\/site\/2019\/04\/29\/setor-da-construcao-celebra-dia-mundial-da-seguranca-e-saude-no-trabalho\/","og_site_name":"Seconci Brasil","article_published_time":"2019-04-29T12:27:03+00:00","article_modified_time":"2019-04-29T12:29:10+00:00","og_image":[{"width":1280,"height":851,"url":"https:\/\/seconci.com.br\/site\/wp-content\/uploads\/2019\/04\/WhatsApp-Image-2019-04-26-at-19.09.34-1.jpeg","type":"image\/jpeg"}],"author":"Sidney Rocha","twitter_card":"summary_large_image","twitter_misc":{"Escrito por":"Sidney Rocha","Tempo estimado de leitura":"5 minutos"},"schema":{"@context":"https:\/\/schema.org","@graph":[{"@type":"Article","@id":"https:\/\/seconci.com.br\/site\/2019\/04\/29\/setor-da-construcao-celebra-dia-mundial-da-seguranca-e-saude-no-trabalho\/#article","isPartOf":{"@id":"https:\/\/seconci.com.br\/site\/2019\/04\/29\/setor-da-construcao-celebra-dia-mundial-da-seguranca-e-saude-no-trabalho\/"},"author":{"name":"Sidney Rocha","@id":"https:\/\/seconci.com.br\/site\/#\/schema\/person\/1d79afd97ddc8f2c68c1e88e298aa8e2"},"headline":"Setor da constru\u00e7\u00e3o celebra Dia Mundial da Seguran\u00e7a e Sa\u00fade no Trabalho","datePublished":"2019-04-29T12:27:03+00:00","dateModified":"2019-04-29T12:29:10+00:00","mainEntityOfPage":{"@id":"https:\/\/seconci.com.br\/site\/2019\/04\/29\/setor-da-construcao-celebra-dia-mundial-da-seguranca-e-saude-no-trabalho\/"},"wordCount":969,"publisher":{"@id":"https:\/\/seconci.com.br\/site\/#organization"},"image":{"@id":"https:\/\/seconci.com.br\/site\/2019\/04\/29\/setor-da-construcao-celebra-dia-mundial-da-seguranca-e-saude-no-trabalho\/#primaryimage"},"thumbnailUrl":"https:\/\/seconci.com.br\/site\/wp-content\/uploads\/2019\/04\/WhatsApp-Image-2019-04-26-at-19.09.34-1.jpeg","articleSection":["Seconci Brasil"],"inLanguage":"pt-PT"},{"@type":"WebPage","@id":"https:\/\/seconci.com.br\/site\/2019\/04\/29\/setor-da-construcao-celebra-dia-mundial-da-seguranca-e-saude-no-trabalho\/","url":"https:\/\/seconci.com.br\/site\/2019\/04\/29\/setor-da-construcao-celebra-dia-mundial-da-seguranca-e-saude-no-trabalho\/","name":"Setor da constru\u00e7\u00e3o celebra Dia Mundial da Seguran\u00e7a e Sa\u00fade no Trabalho - Seconci Brasil","isPartOf":{"@id":"https:\/\/seconci.com.br\/site\/#website"},"primaryImageOfPage":{"@id":"https:\/\/seconci.com.br\/site\/2019\/04\/29\/setor-da-construcao-celebra-dia-mundial-da-seguranca-e-saude-no-trabalho\/#primaryimage"},"image":{"@id":"https:\/\/seconci.com.br\/site\/2019\/04\/29\/setor-da-construcao-celebra-dia-mundial-da-seguranca-e-saude-no-trabalho\/#primaryimage"},"thumbnailUrl":"https:\/\/seconci.com.br\/site\/wp-content\/uploads\/2019\/04\/WhatsApp-Image-2019-04-26-at-19.09.34-1.jpeg","datePublished":"2019-04-29T12:27:03+00:00","dateModified":"2019-04-29T12:29:10+00:00","breadcrumb":{"@id":"https:\/\/seconci.com.br\/site\/2019\/04\/29\/setor-da-construcao-celebra-dia-mundial-da-seguranca-e-saude-no-trabalho\/#breadcrumb"},"inLanguage":"pt-PT","potentialAction":[{"@type":"ReadAction","target":["https:\/\/seconci.com.br\/site\/2019\/04\/29\/setor-da-construcao-celebra-dia-mundial-da-seguranca-e-saude-no-trabalho\/"]}]},{"@type":"ImageObject","inLanguage":"pt-PT","@id":"https:\/\/seconci.com.br\/site\/2019\/04\/29\/setor-da-construcao-celebra-dia-mundial-da-seguranca-e-saude-no-trabalho\/#primaryimage","url":"https:\/\/seconci.com.br\/site\/wp-content\/uploads\/2019\/04\/WhatsApp-Image-2019-04-26-at-19.09.34-1.jpeg","contentUrl":"https:\/\/seconci.com.br\/site\/wp-content\/uploads\/2019\/04\/WhatsApp-Image-2019-04-26-at-19.09.34-1.jpeg","width":1280,"height":851},{"@type":"BreadcrumbList","@id":"https:\/\/seconci.com.br\/site\/2019\/04\/29\/setor-da-construcao-celebra-dia-mundial-da-seguranca-e-saude-no-trabalho\/#breadcrumb","itemListElement":[{"@type":"ListItem","position":1,"name":"In\u00edcio","item":"https:\/\/seconci.com.br\/site\/"},{"@type":"ListItem","position":2,"name":"Setor da constru\u00e7\u00e3o celebra Dia Mundial da Seguran\u00e7a e Sa\u00fade no Trabalho"}]},{"@type":"WebSite","@id":"https:\/\/seconci.com.br\/site\/#website","url":"https:\/\/seconci.com.br\/site\/","name":"Seconci Brasil","description":"","publisher":{"@id":"https:\/\/seconci.com.br\/site\/#organization"},"potentialAction":[{"@type":"SearchAction","target":{"@type":"EntryPoint","urlTemplate":"https:\/\/seconci.com.br\/site\/?s={search_term_string}"},"query-input":{"@type":"PropertyValueSpecification","valueRequired":true,"valueName":"search_term_string"}}],"inLanguage":"pt-PT"},{"@type":"Organization","@id":"https:\/\/seconci.com.br\/site\/#organization","name":"Seconci Brasil","url":"https:\/\/seconci.com.br\/site\/","logo":{"@type":"ImageObject","inLanguage":"pt-PT","@id":"https:\/\/seconci.com.br\/site\/#\/schema\/logo\/image\/","url":"https:\/\/seconci.com.br\/site\/wp-content\/uploads\/2024\/08\/Logo-Seconci-Brasil-branca-2.png","contentUrl":"https:\/\/seconci.com.br\/site\/wp-content\/uploads\/2024\/08\/Logo-Seconci-Brasil-branca-2.png","width":1315,"height":598,"caption":"Seconci Brasil"},"image":{"@id":"https:\/\/seconci.com.br\/site\/#\/schema\/logo\/image\/"}},{"@type":"Person","@id":"https:\/\/seconci.com.br\/site\/#\/schema\/person\/1d79afd97ddc8f2c68c1e88e298aa8e2","name":"Sidney Rocha","description":"Comunicador e estagi\u00e1rio do Seconci Brasil.","url":"https:\/\/seconci.com.br\/site\/author\/sidney-rocha\/"}]}},"_links":{"self":[{"href":"https:\/\/seconci.com.br\/site\/wp-json\/wp\/v2\/posts\/8322","targetHints":{"allow":["GET"]}}],"collection":[{"href":"https:\/\/seconci.com.br\/site\/wp-json\/wp\/v2\/posts"}],"about":[{"href":"https:\/\/seconci.com.br\/site\/wp-json\/wp\/v2\/types\/post"}],"author":[{"embeddable":true,"href":"https:\/\/seconci.com.br\/site\/wp-json\/wp\/v2\/users\/3"}],"replies":[{"embeddable":true,"href":"https:\/\/seconci.com.br\/site\/wp-json\/wp\/v2\/comments?post=8322"}],"version-history":[{"count":0,"href":"https:\/\/seconci.com.br\/site\/wp-json\/wp\/v2\/posts\/8322\/revisions"}],"wp:featuredmedia":[{"embeddable":true,"href":"https:\/\/seconci.com.br\/site\/wp-json\/wp\/v2\/media\/8323"}],"wp:attachment":[{"href":"https:\/\/seconci.com.br\/site\/wp-json\/wp\/v2\/media?parent=8322"}],"wp:term":[{"taxonomy":"category","embeddable":true,"href":"https:\/\/seconci.com.br\/site\/wp-json\/wp\/v2\/categories?post=8322"},{"taxonomy":"post_tag","embeddable":true,"href":"https:\/\/seconci.com.br\/site\/wp-json\/wp\/v2\/tags?post=8322"}],"curies":[{"name":"wp","href":"https:\/\/api.w.org\/{rel}","templated":true}]}}