{"id":8334,"date":"2019-05-03T11:18:29","date_gmt":"2019-05-03T11:18:29","guid":{"rendered":"https:\/\/seconci.com.br\/site\/?p=8334"},"modified":"2019-05-03T11:18:29","modified_gmt":"2019-05-03T11:18:29","slug":"participe-do-premio-seconci-sp-de-sst","status":"publish","type":"post","link":"https:\/\/seconci.com.br\/site\/2019\/05\/03\/participe-do-premio-seconci-sp-de-sst\/","title":{"rendered":"Participe do Pr\u00eamio Seconci-SP de SST"},"content":{"rendered":"<p style=\"text-align: justify;\"><em>Inscri\u00e7\u00f5es podem ser feitas at\u00e9 14 de junho; premia\u00e7\u00e3o ser\u00e1 em 6 de novembro<\/em><\/p>\n<p style=\"text-align: justify;\">Por Reda\u00e7\u00e3o SindusCon-SP<\/p>\n<p style=\"text-align: justify;\">Seguem abertas as inscri\u00e7\u00f5es para o 6\u00ba Pr\u00eamio Seconci-SP de Sa\u00fade e Seguran\u00e7a do Trabalho (SST). Realizada pelo Seconci-SP em parceria com o SindusCon-SP, a premia\u00e7\u00e3o destina-se a reconhecer e divulgar as melhores pr\u00e1ticas inovadoras em SST nos canteiros de obras no Estado de S\u00e3o Paulo.<\/p>\n<p style=\"text-align: justify;\">As inscri\u00e7\u00f5es para o pr\u00eamio v\u00e3o at\u00e9 14 de junho, pelo site www.premioseconci-sp.com.br , onde tamb\u00e9m est\u00e1 o regulamento do certame.<\/p>\n<p style=\"text-align: justify;\">Para se inscrever, \u00e9 preciso que a empresa tenha canteiros de obra localizados no Estado de S\u00e3o Paulo, entre edifica\u00e7\u00f5es (residenciais, comerciais, industriais, esportivas, portu\u00e1rias, aeroportu\u00e1rias, educacionais e hospitalares) e obras de arte (pontes e viadutos).<\/p>\n<p style=\"text-align: justify;\">A premia\u00e7\u00e3o \u00e9 dividida em tr\u00eas categorias: Controle de Riscos no Canteiro (trabalhos em prol da seguran\u00e7a dos trabalhadores); Controle da Sa\u00fade no Canteiro (pr\u00e1ticas exemplares de manuten\u00e7\u00e3o da sa\u00fade coletiva dos trabalhadores); e Gerenciamento Ambiental do Entorno da Obra (a\u00e7\u00f5es para minimizar os transtornos causados na vizinhan\u00e7a e que tem como objetivo diminuir o impacto no meio ambiente).<\/p>\n<p style=\"text-align: justify;\">Visando incentivar a participa\u00e7\u00e3o de empresas de todos os portes, o Estado foi dividido em 7 regi\u00f5es. Assim,os cases inscritos concorrer\u00e3o somente com projetos de sua regi\u00e3o.<\/p>\n<p style=\"text-align: justify;\">Al\u00e9m disso, o Comit\u00ea Organizador conceder\u00e1 dois pr\u00eamios especiais: Trabalhador ou Trabalhadora Modelo, que vai escolher o profissional mais comprometido com a sa\u00fade e seguran\u00e7a do trabalho e exemplo para os demais, e Personalidade do Ano, destinado a uma pessoa com grande representatividade no setor da Sa\u00fade e Seguran\u00e7a do Trabalho.<\/p>\n<p style=\"text-align: justify;\">Informa\u00e7\u00f5es: premio@premioseconci-sp.com.br.<\/p>\n","protected":false},"excerpt":{"rendered":"<p>Inscri\u00e7\u00f5es podem ser feitas at\u00e9 14 de junho; premia\u00e7\u00e3o ser\u00e1 em 6 de novembro Por Reda\u00e7\u00e3o SindusCon-SP Seguem abertas as inscri\u00e7\u00f5es para o 6\u00ba Pr\u00eamio Seconci-SP de Sa\u00fade e Seguran\u00e7a do Trabalho (SST). Realizada pelo Seconci-SP em parceria com o SindusCon-SP, a premia\u00e7\u00e3o destina-se a reconhecer e divulgar as melhores pr\u00e1ticas inovadoras em SST nos [&hellip;]<\/p>\n","protected":false},"author":3,"featured_media":7805,"comment_status":"closed","ping_status":"closed","sticky":false,"template":"","format":"standard","meta":{"footnotes":""},"categories":[87],"tags":[],"class_list":["post-8334","post","type-post","status-publish","format-standard","has-post-thumbnail","hentry","category-seconci-sao-paulo"],"yoast_head":"<!-- This site is optimized with the Yoast SEO plugin v26.9 - https:\/\/yoast.com\/product\/yoast-seo-wordpress\/ -->\n<title>Participe do Pr\u00eamio Seconci-SP de SST - Seconci Brasil<\/title>\n<meta name=\"robots\" content=\"index, follow, max-snippet:-1, max-image-preview:large, max-video-preview:-1\" \/>\n<link rel=\"canonical\" href=\"https:\/\/seconci.com.br\/site\/2019\/05\/03\/participe-do-premio-seconci-sp-de-sst\/\" \/>\n<meta property=\"og:locale\" content=\"pt_PT\" \/>\n<meta property=\"og:type\" content=\"article\" \/>\n<meta property=\"og:title\" content=\"Participe do Pr\u00eamio Seconci-SP de SST - Seconci Brasil\" \/>\n<meta property=\"og:description\" content=\"Inscri\u00e7\u00f5es podem ser feitas at\u00e9 14 de junho; premia\u00e7\u00e3o ser\u00e1 em 6 de novembro Por Reda\u00e7\u00e3o SindusCon-SP Seguem abertas as inscri\u00e7\u00f5es para o 6\u00ba Pr\u00eamio Seconci-SP de Sa\u00fade e Seguran\u00e7a do Trabalho (SST). Realizada pelo Seconci-SP em parceria com o SindusCon-SP, a premia\u00e7\u00e3o destina-se a reconhecer e divulgar as melhores pr\u00e1ticas inovadoras em SST nos [&hellip;]\" \/>\n<meta property=\"og:url\" content=\"https:\/\/seconci.com.br\/site\/2019\/05\/03\/participe-do-premio-seconci-sp-de-sst\/\" \/>\n<meta property=\"og:site_name\" content=\"Seconci Brasil\" \/>\n<meta property=\"article:published_time\" content=\"2019-05-03T11:18:29+00:00\" \/>\n<meta property=\"og:image\" content=\"https:\/\/seconci.com.br\/site\/wp-content\/uploads\/2018\/10\/seconcisp.png\" \/>\n\t<meta property=\"og:image:width\" content=\"856\" \/>\n\t<meta property=\"og:image:height\" content=\"483\" \/>\n\t<meta property=\"og:image:type\" content=\"image\/png\" \/>\n<meta name=\"author\" content=\"Sidney Rocha\" \/>\n<meta name=\"twitter:card\" content=\"summary_large_image\" \/>\n<meta name=\"twitter:label1\" content=\"Escrito por\" \/>\n\t<meta name=\"twitter:data1\" content=\"Sidney Rocha\" \/>\n\t<meta name=\"twitter:label2\" content=\"Tempo estimado de leitura\" \/>\n\t<meta name=\"twitter:data2\" content=\"1 minuto\" \/>\n<script type=\"application\/ld+json\" class=\"yoast-schema-graph\">{\"@context\":\"https:\/\/schema.org\",\"@graph\":[{\"@type\":\"Article\",\"@id\":\"https:\/\/seconci.com.br\/site\/2019\/05\/03\/participe-do-premio-seconci-sp-de-sst\/#article\",\"isPartOf\":{\"@id\":\"https:\/\/seconci.com.br\/site\/2019\/05\/03\/participe-do-premio-seconci-sp-de-sst\/\"},\"author\":{\"name\":\"Sidney Rocha\",\"@id\":\"https:\/\/seconci.com.br\/site\/#\/schema\/person\/1d79afd97ddc8f2c68c1e88e298aa8e2\"},\"headline\":\"Participe do Pr\u00eamio Seconci-SP de SST\",\"datePublished\":\"2019-05-03T11:18:29+00:00\",\"mainEntityOfPage\":{\"@id\":\"https:\/\/seconci.com.br\/site\/2019\/05\/03\/participe-do-premio-seconci-sp-de-sst\/\"},\"wordCount\":303,\"publisher\":{\"@id\":\"https:\/\/seconci.com.br\/site\/#organization\"},\"image\":{\"@id\":\"https:\/\/seconci.com.br\/site\/2019\/05\/03\/participe-do-premio-seconci-sp-de-sst\/#primaryimage\"},\"thumbnailUrl\":\"https:\/\/seconci.com.br\/site\/wp-content\/uploads\/2018\/10\/seconcisp.png\",\"articleSection\":[\"Seconci S\u00e3o Paulo\"],\"inLanguage\":\"pt-PT\"},{\"@type\":\"WebPage\",\"@id\":\"https:\/\/seconci.com.br\/site\/2019\/05\/03\/participe-do-premio-seconci-sp-de-sst\/\",\"url\":\"https:\/\/seconci.com.br\/site\/2019\/05\/03\/participe-do-premio-seconci-sp-de-sst\/\",\"name\":\"Participe do Pr\u00eamio Seconci-SP de SST - Seconci Brasil\",\"isPartOf\":{\"@id\":\"https:\/\/seconci.com.br\/site\/#website\"},\"primaryImageOfPage\":{\"@id\":\"https:\/\/seconci.com.br\/site\/2019\/05\/03\/participe-do-premio-seconci-sp-de-sst\/#primaryimage\"},\"image\":{\"@id\":\"https:\/\/seconci.com.br\/site\/2019\/05\/03\/participe-do-premio-seconci-sp-de-sst\/#primaryimage\"},\"thumbnailUrl\":\"https:\/\/seconci.com.br\/site\/wp-content\/uploads\/2018\/10\/seconcisp.png\",\"datePublished\":\"2019-05-03T11:18:29+00:00\",\"breadcrumb\":{\"@id\":\"https:\/\/seconci.com.br\/site\/2019\/05\/03\/participe-do-premio-seconci-sp-de-sst\/#breadcrumb\"},\"inLanguage\":\"pt-PT\",\"potentialAction\":[{\"@type\":\"ReadAction\",\"target\":[\"https:\/\/seconci.com.br\/site\/2019\/05\/03\/participe-do-premio-seconci-sp-de-sst\/\"]}]},{\"@type\":\"ImageObject\",\"inLanguage\":\"pt-PT\",\"@id\":\"https:\/\/seconci.com.br\/site\/2019\/05\/03\/participe-do-premio-seconci-sp-de-sst\/#primaryimage\",\"url\":\"https:\/\/seconci.com.br\/site\/wp-content\/uploads\/2018\/10\/seconcisp.png\",\"contentUrl\":\"https:\/\/seconci.com.br\/site\/wp-content\/uploads\/2018\/10\/seconcisp.png\",\"width\":856,\"height\":483},{\"@type\":\"BreadcrumbList\",\"@id\":\"https:\/\/seconci.com.br\/site\/2019\/05\/03\/participe-do-premio-seconci-sp-de-sst\/#breadcrumb\",\"itemListElement\":[{\"@type\":\"ListItem\",\"position\":1,\"name\":\"In\u00edcio\",\"item\":\"https:\/\/seconci.com.br\/site\/\"},{\"@type\":\"ListItem\",\"position\":2,\"name\":\"Participe do Pr\u00eamio Seconci-SP de SST\"}]},{\"@type\":\"WebSite\",\"@id\":\"https:\/\/seconci.com.br\/site\/#website\",\"url\":\"https:\/\/seconci.com.br\/site\/\",\"name\":\"Seconci Brasil\",\"description\":\"\",\"publisher\":{\"@id\":\"https:\/\/seconci.com.br\/site\/#organization\"},\"potentialAction\":[{\"@type\":\"SearchAction\",\"target\":{\"@type\":\"EntryPoint\",\"urlTemplate\":\"https:\/\/seconci.com.br\/site\/?s={search_term_string}\"},\"query-input\":{\"@type\":\"PropertyValueSpecification\",\"valueRequired\":true,\"valueName\":\"search_term_string\"}}],\"inLanguage\":\"pt-PT\"},{\"@type\":\"Organization\",\"@id\":\"https:\/\/seconci.com.br\/site\/#organization\",\"name\":\"Seconci Brasil\",\"url\":\"https:\/\/seconci.com.br\/site\/\",\"logo\":{\"@type\":\"ImageObject\",\"inLanguage\":\"pt-PT\",\"@id\":\"https:\/\/seconci.com.br\/site\/#\/schema\/logo\/image\/\",\"url\":\"https:\/\/seconci.com.br\/site\/wp-content\/uploads\/2024\/08\/Logo-Seconci-Brasil-branca-2.png\",\"contentUrl\":\"https:\/\/seconci.com.br\/site\/wp-content\/uploads\/2024\/08\/Logo-Seconci-Brasil-branca-2.png\",\"width\":1315,\"height\":598,\"caption\":\"Seconci Brasil\"},\"image\":{\"@id\":\"https:\/\/seconci.com.br\/site\/#\/schema\/logo\/image\/\"}},{\"@type\":\"Person\",\"@id\":\"https:\/\/seconci.com.br\/site\/#\/schema\/person\/1d79afd97ddc8f2c68c1e88e298aa8e2\",\"name\":\"Sidney Rocha\",\"description\":\"Comunicador e estagi\u00e1rio do Seconci Brasil.\",\"url\":\"https:\/\/seconci.com.br\/site\/author\/sidney-rocha\/\"}]}<\/script>\n<!-- \/ Yoast SEO plugin. -->","yoast_head_json":{"title":"Participe do Pr\u00eamio Seconci-SP de SST - Seconci Brasil","robots":{"index":"index","follow":"follow","max-snippet":"max-snippet:-1","max-image-preview":"max-image-preview:large","max-video-preview":"max-video-preview:-1"},"canonical":"https:\/\/seconci.com.br\/site\/2019\/05\/03\/participe-do-premio-seconci-sp-de-sst\/","og_locale":"pt_PT","og_type":"article","og_title":"Participe do Pr\u00eamio Seconci-SP de SST - Seconci Brasil","og_description":"Inscri\u00e7\u00f5es podem ser feitas at\u00e9 14 de junho; premia\u00e7\u00e3o ser\u00e1 em 6 de novembro Por Reda\u00e7\u00e3o SindusCon-SP Seguem abertas as inscri\u00e7\u00f5es para o 6\u00ba Pr\u00eamio Seconci-SP de Sa\u00fade e Seguran\u00e7a do Trabalho (SST). Realizada pelo Seconci-SP em parceria com o SindusCon-SP, a premia\u00e7\u00e3o destina-se a reconhecer e divulgar as melhores pr\u00e1ticas inovadoras em SST nos [&hellip;]","og_url":"https:\/\/seconci.com.br\/site\/2019\/05\/03\/participe-do-premio-seconci-sp-de-sst\/","og_site_name":"Seconci Brasil","article_published_time":"2019-05-03T11:18:29+00:00","og_image":[{"width":856,"height":483,"url":"https:\/\/seconci.com.br\/site\/wp-content\/uploads\/2018\/10\/seconcisp.png","type":"image\/png"}],"author":"Sidney Rocha","twitter_card":"summary_large_image","twitter_misc":{"Escrito por":"Sidney Rocha","Tempo estimado de leitura":"1 minuto"},"schema":{"@context":"https:\/\/schema.org","@graph":[{"@type":"Article","@id":"https:\/\/seconci.com.br\/site\/2019\/05\/03\/participe-do-premio-seconci-sp-de-sst\/#article","isPartOf":{"@id":"https:\/\/seconci.com.br\/site\/2019\/05\/03\/participe-do-premio-seconci-sp-de-sst\/"},"author":{"name":"Sidney Rocha","@id":"https:\/\/seconci.com.br\/site\/#\/schema\/person\/1d79afd97ddc8f2c68c1e88e298aa8e2"},"headline":"Participe do Pr\u00eamio Seconci-SP de SST","datePublished":"2019-05-03T11:18:29+00:00","mainEntityOfPage":{"@id":"https:\/\/seconci.com.br\/site\/2019\/05\/03\/participe-do-premio-seconci-sp-de-sst\/"},"wordCount":303,"publisher":{"@id":"https:\/\/seconci.com.br\/site\/#organization"},"image":{"@id":"https:\/\/seconci.com.br\/site\/2019\/05\/03\/participe-do-premio-seconci-sp-de-sst\/#primaryimage"},"thumbnailUrl":"https:\/\/seconci.com.br\/site\/wp-content\/uploads\/2018\/10\/seconcisp.png","articleSection":["Seconci S\u00e3o Paulo"],"inLanguage":"pt-PT"},{"@type":"WebPage","@id":"https:\/\/seconci.com.br\/site\/2019\/05\/03\/participe-do-premio-seconci-sp-de-sst\/","url":"https:\/\/seconci.com.br\/site\/2019\/05\/03\/participe-do-premio-seconci-sp-de-sst\/","name":"Participe do Pr\u00eamio Seconci-SP de SST - Seconci Brasil","isPartOf":{"@id":"https:\/\/seconci.com.br\/site\/#website"},"primaryImageOfPage":{"@id":"https:\/\/seconci.com.br\/site\/2019\/05\/03\/participe-do-premio-seconci-sp-de-sst\/#primaryimage"},"image":{"@id":"https:\/\/seconci.com.br\/site\/2019\/05\/03\/participe-do-premio-seconci-sp-de-sst\/#primaryimage"},"thumbnailUrl":"https:\/\/seconci.com.br\/site\/wp-content\/uploads\/2018\/10\/seconcisp.png","datePublished":"2019-05-03T11:18:29+00:00","breadcrumb":{"@id":"https:\/\/seconci.com.br\/site\/2019\/05\/03\/participe-do-premio-seconci-sp-de-sst\/#breadcrumb"},"inLanguage":"pt-PT","potentialAction":[{"@type":"ReadAction","target":["https:\/\/seconci.com.br\/site\/2019\/05\/03\/participe-do-premio-seconci-sp-de-sst\/"]}]},{"@type":"ImageObject","inLanguage":"pt-PT","@id":"https:\/\/seconci.com.br\/site\/2019\/05\/03\/participe-do-premio-seconci-sp-de-sst\/#primaryimage","url":"https:\/\/seconci.com.br\/site\/wp-content\/uploads\/2018\/10\/seconcisp.png","contentUrl":"https:\/\/seconci.com.br\/site\/wp-content\/uploads\/2018\/10\/seconcisp.png","width":856,"height":483},{"@type":"BreadcrumbList","@id":"https:\/\/seconci.com.br\/site\/2019\/05\/03\/participe-do-premio-seconci-sp-de-sst\/#breadcrumb","itemListElement":[{"@type":"ListItem","position":1,"name":"In\u00edcio","item":"https:\/\/seconci.com.br\/site\/"},{"@type":"ListItem","position":2,"name":"Participe do Pr\u00eamio Seconci-SP de SST"}]},{"@type":"WebSite","@id":"https:\/\/seconci.com.br\/site\/#website","url":"https:\/\/seconci.com.br\/site\/","name":"Seconci Brasil","description":"","publisher":{"@id":"https:\/\/seconci.com.br\/site\/#organization"},"potentialAction":[{"@type":"SearchAction","target":{"@type":"EntryPoint","urlTemplate":"https:\/\/seconci.com.br\/site\/?s={search_term_string}"},"query-input":{"@type":"PropertyValueSpecification","valueRequired":true,"valueName":"search_term_string"}}],"inLanguage":"pt-PT"},{"@type":"Organization","@id":"https:\/\/seconci.com.br\/site\/#organization","name":"Seconci Brasil","url":"https:\/\/seconci.com.br\/site\/","logo":{"@type":"ImageObject","inLanguage":"pt-PT","@id":"https:\/\/seconci.com.br\/site\/#\/schema\/logo\/image\/","url":"https:\/\/seconci.com.br\/site\/wp-content\/uploads\/2024\/08\/Logo-Seconci-Brasil-branca-2.png","contentUrl":"https:\/\/seconci.com.br\/site\/wp-content\/uploads\/2024\/08\/Logo-Seconci-Brasil-branca-2.png","width":1315,"height":598,"caption":"Seconci Brasil"},"image":{"@id":"https:\/\/seconci.com.br\/site\/#\/schema\/logo\/image\/"}},{"@type":"Person","@id":"https:\/\/seconci.com.br\/site\/#\/schema\/person\/1d79afd97ddc8f2c68c1e88e298aa8e2","name":"Sidney Rocha","description":"Comunicador e estagi\u00e1rio do Seconci Brasil.","url":"https:\/\/seconci.com.br\/site\/author\/sidney-rocha\/"}]}},"_links":{"self":[{"href":"https:\/\/seconci.com.br\/site\/wp-json\/wp\/v2\/posts\/8334","targetHints":{"allow":["GET"]}}],"collection":[{"href":"https:\/\/seconci.com.br\/site\/wp-json\/wp\/v2\/posts"}],"about":[{"href":"https:\/\/seconci.com.br\/site\/wp-json\/wp\/v2\/types\/post"}],"author":[{"embeddable":true,"href":"https:\/\/seconci.com.br\/site\/wp-json\/wp\/v2\/users\/3"}],"replies":[{"embeddable":true,"href":"https:\/\/seconci.com.br\/site\/wp-json\/wp\/v2\/comments?post=8334"}],"version-history":[{"count":0,"href":"https:\/\/seconci.com.br\/site\/wp-json\/wp\/v2\/posts\/8334\/revisions"}],"wp:featuredmedia":[{"embeddable":true,"href":"https:\/\/seconci.com.br\/site\/wp-json\/wp\/v2\/media\/7805"}],"wp:attachment":[{"href":"https:\/\/seconci.com.br\/site\/wp-json\/wp\/v2\/media?parent=8334"}],"wp:term":[{"taxonomy":"category","embeddable":true,"href":"https:\/\/seconci.com.br\/site\/wp-json\/wp\/v2\/categories?post=8334"},{"taxonomy":"post_tag","embeddable":true,"href":"https:\/\/seconci.com.br\/site\/wp-json\/wp\/v2\/tags?post=8334"}],"curies":[{"name":"wp","href":"https:\/\/api.w.org\/{rel}","templated":true}]}}