{"id":8336,"date":"2019-05-03T11:36:13","date_gmt":"2019-05-03T11:36:13","guid":{"rendered":"https:\/\/seconci.com.br\/site\/?p=8336"},"modified":"2019-05-03T11:36:13","modified_gmt":"2019-05-03T11:36:13","slug":"seconci-sp-construser-reune-mais-de-20-mil","status":"publish","type":"post","link":"https:\/\/seconci.com.br\/site\/2019\/05\/03\/seconci-sp-construser-reune-mais-de-20-mil\/","title":{"rendered":"| Seconci-SP | ConstruSer re\u00fane mais de 20 mil"},"content":{"rendered":"<p style=\"text-align: justify;\"><em>Organizadores e volunt\u00e1rios do evento, tendo ao centro Ramalho, Senra, Ishikawa, Zaidan, Weber e Ribeiro, em Osasco<\/em><\/p>\n<p style=\"text-align: justify;\">| <strong>Assessoria de Comunica\u00e7\u00e3o Social do Seconci-SP<\/strong> |<\/p>\n<p style=\"text-align: justify;\">O 12\u00ba ConstruSer (Encontro Estadual da Constru\u00e7\u00e3o Civil em Fam\u00edlia), maior evento anual de responsabilidade social da constru\u00e7\u00e3o paulista, reuniu mais de 20 mil participantes, entre trabalhadores do setor, familiares e volunt\u00e1rios, em 27 de abril, em dez munic\u00edpios do Estado de S\u00e3o Paulo. O Seconci-SP ficou respons\u00e1vel pelo Circuito Sa\u00fade, realizando exames m\u00e9dicos em todos os locais e triagem odontol\u00f3gica em tr\u00eas deles.<\/p>\n<p style=\"text-align: justify;\">O evento foi realizado pelo Seconci-SP, Sinduscon-SP, Fiesp, Sesi-SP e Senai-SP, com a parceria do Sintracon-SP e outras institui\u00e7\u00f5es. O presidente do Seconci-SP, Haruo Ishikawa, agradeceu o apoio de todos e ressaltou a import\u00e2ncia de eventos dessa grandeza, &#8220;que refor\u00e7am o compromisso de responsabilidade social que a constru\u00e7\u00e3o tem com seus trabalhadores e a comunidade&#8221;.<\/p>\n<p style=\"text-align: justify;\">Al\u00e9m do presidente do Seconci-SP, da cerim\u00f4nia de abertura no Sesi de Osasco participaram, entre outros, os presidentes do Sinduscon-SP, Odair Garcia Senra; do Sintracon-SP, Antonio de Sousa Ramalho, e do Sintesp, Marcos Antonio Ribeiro; o vice-presidente do Sinduscon-SP, Eduardo Zaidan; o diretor da Escola Senai, Ab\u00edlio Weber, e o superintendente geral do Seconci-SP, Fernando Costa.<\/p>\n<p style=\"text-align: justify;\">Na sequ\u00eancia, Ishikawa, Senra, Zaidan e Costa encontraram-se com a vice-presidente do Seconci-SP, Maristela Honda, no ConstruSer em Votorantim, que reuniu cerca de 4 mil pessoas da regi\u00e3o de Sorocaba.<\/p>\n","protected":false},"excerpt":{"rendered":"<p>Organizadores e volunt\u00e1rios do evento, tendo ao centro Ramalho, Senra, Ishikawa, Zaidan, Weber e Ribeiro, em Osasco | Assessoria de Comunica\u00e7\u00e3o Social do Seconci-SP | O 12\u00ba ConstruSer (Encontro Estadual da Constru\u00e7\u00e3o Civil em Fam\u00edlia), maior evento anual de responsabilidade social da constru\u00e7\u00e3o paulista, reuniu mais de 20 mil participantes, entre trabalhadores do setor, familiares [&hellip;]<\/p>\n","protected":false},"author":3,"featured_media":8337,"comment_status":"closed","ping_status":"closed","sticky":false,"template":"","format":"standard","meta":{"footnotes":""},"categories":[87],"tags":[],"class_list":["post-8336","post","type-post","status-publish","format-standard","has-post-thumbnail","hentry","category-seconci-sao-paulo"],"yoast_head":"<!-- This site is optimized with the Yoast SEO plugin v26.9 - https:\/\/yoast.com\/product\/yoast-seo-wordpress\/ -->\n<title>| Seconci-SP | ConstruSer re\u00fane mais de 20 mil - Seconci Brasil<\/title>\n<meta name=\"robots\" content=\"index, follow, max-snippet:-1, max-image-preview:large, max-video-preview:-1\" \/>\n<link rel=\"canonical\" href=\"https:\/\/seconci.com.br\/site\/2019\/05\/03\/seconci-sp-construser-reune-mais-de-20-mil\/\" \/>\n<meta property=\"og:locale\" content=\"pt_PT\" \/>\n<meta property=\"og:type\" content=\"article\" \/>\n<meta property=\"og:title\" content=\"| Seconci-SP | ConstruSer re\u00fane mais de 20 mil - Seconci Brasil\" \/>\n<meta property=\"og:description\" content=\"Organizadores e volunt\u00e1rios do evento, tendo ao centro Ramalho, Senra, Ishikawa, Zaidan, Weber e Ribeiro, em Osasco | Assessoria de Comunica\u00e7\u00e3o Social do Seconci-SP | O 12\u00ba ConstruSer (Encontro Estadual da Constru\u00e7\u00e3o Civil em Fam\u00edlia), maior evento anual de responsabilidade social da constru\u00e7\u00e3o paulista, reuniu mais de 20 mil participantes, entre trabalhadores do setor, familiares [&hellip;]\" \/>\n<meta property=\"og:url\" content=\"https:\/\/seconci.com.br\/site\/2019\/05\/03\/seconci-sp-construser-reune-mais-de-20-mil\/\" \/>\n<meta property=\"og:site_name\" content=\"Seconci Brasil\" \/>\n<meta property=\"article:published_time\" content=\"2019-05-03T11:36:13+00:00\" \/>\n<meta property=\"og:image\" content=\"https:\/\/seconci.com.br\/site\/wp-content\/uploads\/2019\/05\/construser.png\" \/>\n\t<meta property=\"og:image:width\" content=\"620\" \/>\n\t<meta property=\"og:image:height\" content=\"304\" \/>\n\t<meta property=\"og:image:type\" content=\"image\/png\" \/>\n<meta name=\"author\" content=\"Sidney Rocha\" \/>\n<meta name=\"twitter:card\" content=\"summary_large_image\" \/>\n<meta name=\"twitter:label1\" content=\"Escrito por\" \/>\n\t<meta name=\"twitter:data1\" content=\"Sidney Rocha\" \/>\n\t<meta name=\"twitter:label2\" content=\"Tempo estimado de leitura\" \/>\n\t<meta name=\"twitter:data2\" content=\"1 minuto\" \/>\n<script type=\"application\/ld+json\" class=\"yoast-schema-graph\">{\"@context\":\"https:\/\/schema.org\",\"@graph\":[{\"@type\":\"Article\",\"@id\":\"https:\/\/seconci.com.br\/site\/2019\/05\/03\/seconci-sp-construser-reune-mais-de-20-mil\/#article\",\"isPartOf\":{\"@id\":\"https:\/\/seconci.com.br\/site\/2019\/05\/03\/seconci-sp-construser-reune-mais-de-20-mil\/\"},\"author\":{\"name\":\"Sidney Rocha\",\"@id\":\"https:\/\/seconci.com.br\/site\/#\/schema\/person\/1d79afd97ddc8f2c68c1e88e298aa8e2\"},\"headline\":\"| Seconci-SP | ConstruSer re\u00fane mais de 20 mil\",\"datePublished\":\"2019-05-03T11:36:13+00:00\",\"mainEntityOfPage\":{\"@id\":\"https:\/\/seconci.com.br\/site\/2019\/05\/03\/seconci-sp-construser-reune-mais-de-20-mil\/\"},\"wordCount\":253,\"publisher\":{\"@id\":\"https:\/\/seconci.com.br\/site\/#organization\"},\"image\":{\"@id\":\"https:\/\/seconci.com.br\/site\/2019\/05\/03\/seconci-sp-construser-reune-mais-de-20-mil\/#primaryimage\"},\"thumbnailUrl\":\"https:\/\/seconci.com.br\/site\/wp-content\/uploads\/2019\/05\/construser.png\",\"articleSection\":[\"Seconci S\u00e3o Paulo\"],\"inLanguage\":\"pt-PT\"},{\"@type\":\"WebPage\",\"@id\":\"https:\/\/seconci.com.br\/site\/2019\/05\/03\/seconci-sp-construser-reune-mais-de-20-mil\/\",\"url\":\"https:\/\/seconci.com.br\/site\/2019\/05\/03\/seconci-sp-construser-reune-mais-de-20-mil\/\",\"name\":\"| Seconci-SP | ConstruSer re\u00fane mais de 20 mil - Seconci Brasil\",\"isPartOf\":{\"@id\":\"https:\/\/seconci.com.br\/site\/#website\"},\"primaryImageOfPage\":{\"@id\":\"https:\/\/seconci.com.br\/site\/2019\/05\/03\/seconci-sp-construser-reune-mais-de-20-mil\/#primaryimage\"},\"image\":{\"@id\":\"https:\/\/seconci.com.br\/site\/2019\/05\/03\/seconci-sp-construser-reune-mais-de-20-mil\/#primaryimage\"},\"thumbnailUrl\":\"https:\/\/seconci.com.br\/site\/wp-content\/uploads\/2019\/05\/construser.png\",\"datePublished\":\"2019-05-03T11:36:13+00:00\",\"breadcrumb\":{\"@id\":\"https:\/\/seconci.com.br\/site\/2019\/05\/03\/seconci-sp-construser-reune-mais-de-20-mil\/#breadcrumb\"},\"inLanguage\":\"pt-PT\",\"potentialAction\":[{\"@type\":\"ReadAction\",\"target\":[\"https:\/\/seconci.com.br\/site\/2019\/05\/03\/seconci-sp-construser-reune-mais-de-20-mil\/\"]}]},{\"@type\":\"ImageObject\",\"inLanguage\":\"pt-PT\",\"@id\":\"https:\/\/seconci.com.br\/site\/2019\/05\/03\/seconci-sp-construser-reune-mais-de-20-mil\/#primaryimage\",\"url\":\"https:\/\/seconci.com.br\/site\/wp-content\/uploads\/2019\/05\/construser.png\",\"contentUrl\":\"https:\/\/seconci.com.br\/site\/wp-content\/uploads\/2019\/05\/construser.png\",\"width\":620,\"height\":304},{\"@type\":\"BreadcrumbList\",\"@id\":\"https:\/\/seconci.com.br\/site\/2019\/05\/03\/seconci-sp-construser-reune-mais-de-20-mil\/#breadcrumb\",\"itemListElement\":[{\"@type\":\"ListItem\",\"position\":1,\"name\":\"In\u00edcio\",\"item\":\"https:\/\/seconci.com.br\/site\/\"},{\"@type\":\"ListItem\",\"position\":2,\"name\":\"| Seconci-SP | ConstruSer re\u00fane mais de 20 mil\"}]},{\"@type\":\"WebSite\",\"@id\":\"https:\/\/seconci.com.br\/site\/#website\",\"url\":\"https:\/\/seconci.com.br\/site\/\",\"name\":\"Seconci Brasil\",\"description\":\"\",\"publisher\":{\"@id\":\"https:\/\/seconci.com.br\/site\/#organization\"},\"potentialAction\":[{\"@type\":\"SearchAction\",\"target\":{\"@type\":\"EntryPoint\",\"urlTemplate\":\"https:\/\/seconci.com.br\/site\/?s={search_term_string}\"},\"query-input\":{\"@type\":\"PropertyValueSpecification\",\"valueRequired\":true,\"valueName\":\"search_term_string\"}}],\"inLanguage\":\"pt-PT\"},{\"@type\":\"Organization\",\"@id\":\"https:\/\/seconci.com.br\/site\/#organization\",\"name\":\"Seconci Brasil\",\"url\":\"https:\/\/seconci.com.br\/site\/\",\"logo\":{\"@type\":\"ImageObject\",\"inLanguage\":\"pt-PT\",\"@id\":\"https:\/\/seconci.com.br\/site\/#\/schema\/logo\/image\/\",\"url\":\"https:\/\/seconci.com.br\/site\/wp-content\/uploads\/2024\/08\/Logo-Seconci-Brasil-branca-2.png\",\"contentUrl\":\"https:\/\/seconci.com.br\/site\/wp-content\/uploads\/2024\/08\/Logo-Seconci-Brasil-branca-2.png\",\"width\":1315,\"height\":598,\"caption\":\"Seconci Brasil\"},\"image\":{\"@id\":\"https:\/\/seconci.com.br\/site\/#\/schema\/logo\/image\/\"}},{\"@type\":\"Person\",\"@id\":\"https:\/\/seconci.com.br\/site\/#\/schema\/person\/1d79afd97ddc8f2c68c1e88e298aa8e2\",\"name\":\"Sidney Rocha\",\"description\":\"Comunicador e estagi\u00e1rio do Seconci Brasil.\",\"url\":\"https:\/\/seconci.com.br\/site\/author\/sidney-rocha\/\"}]}<\/script>\n<!-- \/ Yoast SEO plugin. -->","yoast_head_json":{"title":"| Seconci-SP | ConstruSer re\u00fane mais de 20 mil - Seconci Brasil","robots":{"index":"index","follow":"follow","max-snippet":"max-snippet:-1","max-image-preview":"max-image-preview:large","max-video-preview":"max-video-preview:-1"},"canonical":"https:\/\/seconci.com.br\/site\/2019\/05\/03\/seconci-sp-construser-reune-mais-de-20-mil\/","og_locale":"pt_PT","og_type":"article","og_title":"| Seconci-SP | ConstruSer re\u00fane mais de 20 mil - Seconci Brasil","og_description":"Organizadores e volunt\u00e1rios do evento, tendo ao centro Ramalho, Senra, Ishikawa, Zaidan, Weber e Ribeiro, em Osasco | Assessoria de Comunica\u00e7\u00e3o Social do Seconci-SP | O 12\u00ba ConstruSer (Encontro Estadual da Constru\u00e7\u00e3o Civil em Fam\u00edlia), maior evento anual de responsabilidade social da constru\u00e7\u00e3o paulista, reuniu mais de 20 mil participantes, entre trabalhadores do setor, familiares [&hellip;]","og_url":"https:\/\/seconci.com.br\/site\/2019\/05\/03\/seconci-sp-construser-reune-mais-de-20-mil\/","og_site_name":"Seconci Brasil","article_published_time":"2019-05-03T11:36:13+00:00","og_image":[{"width":620,"height":304,"url":"https:\/\/seconci.com.br\/site\/wp-content\/uploads\/2019\/05\/construser.png","type":"image\/png"}],"author":"Sidney Rocha","twitter_card":"summary_large_image","twitter_misc":{"Escrito por":"Sidney Rocha","Tempo estimado de leitura":"1 minuto"},"schema":{"@context":"https:\/\/schema.org","@graph":[{"@type":"Article","@id":"https:\/\/seconci.com.br\/site\/2019\/05\/03\/seconci-sp-construser-reune-mais-de-20-mil\/#article","isPartOf":{"@id":"https:\/\/seconci.com.br\/site\/2019\/05\/03\/seconci-sp-construser-reune-mais-de-20-mil\/"},"author":{"name":"Sidney Rocha","@id":"https:\/\/seconci.com.br\/site\/#\/schema\/person\/1d79afd97ddc8f2c68c1e88e298aa8e2"},"headline":"| Seconci-SP | ConstruSer re\u00fane mais de 20 mil","datePublished":"2019-05-03T11:36:13+00:00","mainEntityOfPage":{"@id":"https:\/\/seconci.com.br\/site\/2019\/05\/03\/seconci-sp-construser-reune-mais-de-20-mil\/"},"wordCount":253,"publisher":{"@id":"https:\/\/seconci.com.br\/site\/#organization"},"image":{"@id":"https:\/\/seconci.com.br\/site\/2019\/05\/03\/seconci-sp-construser-reune-mais-de-20-mil\/#primaryimage"},"thumbnailUrl":"https:\/\/seconci.com.br\/site\/wp-content\/uploads\/2019\/05\/construser.png","articleSection":["Seconci S\u00e3o Paulo"],"inLanguage":"pt-PT"},{"@type":"WebPage","@id":"https:\/\/seconci.com.br\/site\/2019\/05\/03\/seconci-sp-construser-reune-mais-de-20-mil\/","url":"https:\/\/seconci.com.br\/site\/2019\/05\/03\/seconci-sp-construser-reune-mais-de-20-mil\/","name":"| Seconci-SP | ConstruSer re\u00fane mais de 20 mil - Seconci Brasil","isPartOf":{"@id":"https:\/\/seconci.com.br\/site\/#website"},"primaryImageOfPage":{"@id":"https:\/\/seconci.com.br\/site\/2019\/05\/03\/seconci-sp-construser-reune-mais-de-20-mil\/#primaryimage"},"image":{"@id":"https:\/\/seconci.com.br\/site\/2019\/05\/03\/seconci-sp-construser-reune-mais-de-20-mil\/#primaryimage"},"thumbnailUrl":"https:\/\/seconci.com.br\/site\/wp-content\/uploads\/2019\/05\/construser.png","datePublished":"2019-05-03T11:36:13+00:00","breadcrumb":{"@id":"https:\/\/seconci.com.br\/site\/2019\/05\/03\/seconci-sp-construser-reune-mais-de-20-mil\/#breadcrumb"},"inLanguage":"pt-PT","potentialAction":[{"@type":"ReadAction","target":["https:\/\/seconci.com.br\/site\/2019\/05\/03\/seconci-sp-construser-reune-mais-de-20-mil\/"]}]},{"@type":"ImageObject","inLanguage":"pt-PT","@id":"https:\/\/seconci.com.br\/site\/2019\/05\/03\/seconci-sp-construser-reune-mais-de-20-mil\/#primaryimage","url":"https:\/\/seconci.com.br\/site\/wp-content\/uploads\/2019\/05\/construser.png","contentUrl":"https:\/\/seconci.com.br\/site\/wp-content\/uploads\/2019\/05\/construser.png","width":620,"height":304},{"@type":"BreadcrumbList","@id":"https:\/\/seconci.com.br\/site\/2019\/05\/03\/seconci-sp-construser-reune-mais-de-20-mil\/#breadcrumb","itemListElement":[{"@type":"ListItem","position":1,"name":"In\u00edcio","item":"https:\/\/seconci.com.br\/site\/"},{"@type":"ListItem","position":2,"name":"| Seconci-SP | ConstruSer re\u00fane mais de 20 mil"}]},{"@type":"WebSite","@id":"https:\/\/seconci.com.br\/site\/#website","url":"https:\/\/seconci.com.br\/site\/","name":"Seconci Brasil","description":"","publisher":{"@id":"https:\/\/seconci.com.br\/site\/#organization"},"potentialAction":[{"@type":"SearchAction","target":{"@type":"EntryPoint","urlTemplate":"https:\/\/seconci.com.br\/site\/?s={search_term_string}"},"query-input":{"@type":"PropertyValueSpecification","valueRequired":true,"valueName":"search_term_string"}}],"inLanguage":"pt-PT"},{"@type":"Organization","@id":"https:\/\/seconci.com.br\/site\/#organization","name":"Seconci Brasil","url":"https:\/\/seconci.com.br\/site\/","logo":{"@type":"ImageObject","inLanguage":"pt-PT","@id":"https:\/\/seconci.com.br\/site\/#\/schema\/logo\/image\/","url":"https:\/\/seconci.com.br\/site\/wp-content\/uploads\/2024\/08\/Logo-Seconci-Brasil-branca-2.png","contentUrl":"https:\/\/seconci.com.br\/site\/wp-content\/uploads\/2024\/08\/Logo-Seconci-Brasil-branca-2.png","width":1315,"height":598,"caption":"Seconci Brasil"},"image":{"@id":"https:\/\/seconci.com.br\/site\/#\/schema\/logo\/image\/"}},{"@type":"Person","@id":"https:\/\/seconci.com.br\/site\/#\/schema\/person\/1d79afd97ddc8f2c68c1e88e298aa8e2","name":"Sidney Rocha","description":"Comunicador e estagi\u00e1rio do Seconci Brasil.","url":"https:\/\/seconci.com.br\/site\/author\/sidney-rocha\/"}]}},"_links":{"self":[{"href":"https:\/\/seconci.com.br\/site\/wp-json\/wp\/v2\/posts\/8336","targetHints":{"allow":["GET"]}}],"collection":[{"href":"https:\/\/seconci.com.br\/site\/wp-json\/wp\/v2\/posts"}],"about":[{"href":"https:\/\/seconci.com.br\/site\/wp-json\/wp\/v2\/types\/post"}],"author":[{"embeddable":true,"href":"https:\/\/seconci.com.br\/site\/wp-json\/wp\/v2\/users\/3"}],"replies":[{"embeddable":true,"href":"https:\/\/seconci.com.br\/site\/wp-json\/wp\/v2\/comments?post=8336"}],"version-history":[{"count":0,"href":"https:\/\/seconci.com.br\/site\/wp-json\/wp\/v2\/posts\/8336\/revisions"}],"wp:featuredmedia":[{"embeddable":true,"href":"https:\/\/seconci.com.br\/site\/wp-json\/wp\/v2\/media\/8337"}],"wp:attachment":[{"href":"https:\/\/seconci.com.br\/site\/wp-json\/wp\/v2\/media?parent=8336"}],"wp:term":[{"taxonomy":"category","embeddable":true,"href":"https:\/\/seconci.com.br\/site\/wp-json\/wp\/v2\/categories?post=8336"},{"taxonomy":"post_tag","embeddable":true,"href":"https:\/\/seconci.com.br\/site\/wp-json\/wp\/v2\/tags?post=8336"}],"curies":[{"name":"wp","href":"https:\/\/api.w.org\/{rel}","templated":true}]}}