{"id":8340,"date":"2019-05-06T11:30:37","date_gmt":"2019-05-06T11:30:37","guid":{"rendered":"https:\/\/seconci.com.br\/site\/?p=8340"},"modified":"2019-05-06T11:30:37","modified_gmt":"2019-05-06T11:30:37","slug":"inscricoes-abertas-para-o-21o-premio-sinduscon-mg-e-seconci-mg-de-seguranca-do-trabalho","status":"publish","type":"post","link":"https:\/\/seconci.com.br\/site\/2019\/05\/06\/inscricoes-abertas-para-o-21o-premio-sinduscon-mg-e-seconci-mg-de-seguranca-do-trabalho\/","title":{"rendered":"Inscri\u00e7\u00f5es abertas para o 21\u00ba Pr\u00eamio Sinduscon-MG e Seconci-MG de Seguran\u00e7a do Trabalho"},"content":{"rendered":"<p>A boa\u00a0<strong>gest\u00e3o da seguran\u00e7a<\/strong>\u00a0em suas\u00a0<strong>obras<\/strong>\u00a0merece destaque! O Sinduscon-MG e seu bra\u00e7o social, Seconci-MG, buscam dar visibilidade \u00e0s boas pr\u00e1ticas da seguran\u00e7a do trabalho no setor, e, por isso, criaram o\u00a0<strong>Pr\u00eamio Seguran\u00e7a do Trabalho Sinduscon-MG e Seconci-MG<\/strong>, j\u00e1 em sua 21\u00aa edi\u00e7\u00e3o. Compartilhe suas solu\u00e7\u00f5es e inova\u00e7\u00f5es nesta \u00e1rea e participe da edi\u00e7\u00e3o 2019!<\/p>\n<p>A iniciativa premiar\u00e1 empresas que se destacarem nas seguintes categorias:<\/p>\n<ul>\n<li>Empresa Prevencionista<\/li>\n<li>Oper\u00e1rio Destaque na Seguran\u00e7a do Trabalho<\/li>\n<li>Empresa Destaque na \u00c1rea de Viv\u00eancia<\/li>\n<\/ul>\n<p>As \u00e1reas objetivam compreender a seguran\u00e7a do trabalho como um todo, abrangendo n\u00e3o apenas as pr\u00e1ticas adotadas, mas tamb\u00e9m o envolvimento dos funcion\u00e1rios, gestores e a pr\u00f3pria estrutura da empresa.<\/p>\n<p><strong>Como as empresas inscritas ser\u00e3o avaliadas?<\/strong><\/p>\n<p>As obras ser\u00e3o avaliadas com a ajuda do\u00a0<strong>Segcon<\/strong>, software de gest\u00e3o em seguran\u00e7a do trabalho desenvolvido pelo Seconci-MG, que tamb\u00e9m pode ser utilizado pelas empresas associadas \u00e0 entidade em seu dia-a-dia.<\/p>\n<p><strong>Como participar?<\/strong><\/p>\n<p>Per\u00edodo de inscri\u00e7\u00e3o: 06 a\u00a028\/06\/2019.<\/p>\n<p><strong>Regulamento do\u00a021\u00ba Pr\u00eamio Sinduscon-MG e Seconci-MG de Seguran\u00e7a do Trabalho:<\/strong><\/p>\n<p><strong><a href=\"http:\/\/www.sinduscon-mg.org.br\/wp-content\/uploads\/2019\/05\/Regulamento-do-21%C2%BA-Pr%C3%AAmio-de-Seguran%C3%A7a-do-Trabalho-2019.doc\" target=\"_blank\" rel=\"noopener\">Acesse aqui o regulamento<\/a><\/strong>\u00a0 , conhe\u00e7a as categorias e veja como participar.<\/p>\n<p>&nbsp;<\/p>\n<p><strong>Fonte: Sinduscon-MG<\/strong><\/p>\n","protected":false},"excerpt":{"rendered":"<p>A boa\u00a0gest\u00e3o da seguran\u00e7a\u00a0em suas\u00a0obras\u00a0merece destaque! O Sinduscon-MG e seu bra\u00e7o social, Seconci-MG, buscam dar visibilidade \u00e0s boas pr\u00e1ticas da seguran\u00e7a do trabalho no setor, e, por isso, criaram o\u00a0Pr\u00eamio Seguran\u00e7a do Trabalho Sinduscon-MG e Seconci-MG, j\u00e1 em sua 21\u00aa edi\u00e7\u00e3o. Compartilhe suas solu\u00e7\u00f5es e inova\u00e7\u00f5es nesta \u00e1rea e participe da edi\u00e7\u00e3o 2019! A iniciativa [&hellip;]<\/p>\n","protected":false},"author":3,"featured_media":8341,"comment_status":"closed","ping_status":"closed","sticky":false,"template":"","format":"standard","meta":{"footnotes":""},"categories":[74],"tags":[],"class_list":["post-8340","post","type-post","status-publish","format-standard","has-post-thumbnail","hentry","category-seconci-minas-gerais"],"yoast_head":"<!-- This site is optimized with the Yoast SEO plugin v26.9 - https:\/\/yoast.com\/product\/yoast-seo-wordpress\/ -->\n<title>Inscri\u00e7\u00f5es abertas para o 21\u00ba Pr\u00eamio Sinduscon-MG e Seconci-MG de Seguran\u00e7a do Trabalho - Seconci Brasil<\/title>\n<meta name=\"robots\" content=\"index, follow, max-snippet:-1, max-image-preview:large, max-video-preview:-1\" \/>\n<link rel=\"canonical\" href=\"https:\/\/seconci.com.br\/site\/2019\/05\/06\/inscricoes-abertas-para-o-21o-premio-sinduscon-mg-e-seconci-mg-de-seguranca-do-trabalho\/\" \/>\n<meta property=\"og:locale\" content=\"pt_PT\" \/>\n<meta property=\"og:type\" content=\"article\" \/>\n<meta property=\"og:title\" content=\"Inscri\u00e7\u00f5es abertas para o 21\u00ba Pr\u00eamio Sinduscon-MG e Seconci-MG de Seguran\u00e7a do Trabalho - Seconci Brasil\" \/>\n<meta property=\"og:description\" content=\"A boa\u00a0gest\u00e3o da seguran\u00e7a\u00a0em suas\u00a0obras\u00a0merece destaque! O Sinduscon-MG e seu bra\u00e7o social, Seconci-MG, buscam dar visibilidade \u00e0s boas pr\u00e1ticas da seguran\u00e7a do trabalho no setor, e, por isso, criaram o\u00a0Pr\u00eamio Seguran\u00e7a do Trabalho Sinduscon-MG e Seconci-MG, j\u00e1 em sua 21\u00aa edi\u00e7\u00e3o. Compartilhe suas solu\u00e7\u00f5es e inova\u00e7\u00f5es nesta \u00e1rea e participe da edi\u00e7\u00e3o 2019! A iniciativa [&hellip;]\" \/>\n<meta property=\"og:url\" content=\"https:\/\/seconci.com.br\/site\/2019\/05\/06\/inscricoes-abertas-para-o-21o-premio-sinduscon-mg-e-seconci-mg-de-seguranca-do-trabalho\/\" \/>\n<meta property=\"og:site_name\" content=\"Seconci Brasil\" \/>\n<meta property=\"article:published_time\" content=\"2019-05-06T11:30:37+00:00\" \/>\n<meta property=\"og:image\" content=\"https:\/\/seconci.com.br\/site\/wp-content\/uploads\/2019\/05\/premio-mg.png\" \/>\n\t<meta property=\"og:image:width\" content=\"772\" \/>\n\t<meta property=\"og:image:height\" content=\"424\" \/>\n\t<meta property=\"og:image:type\" content=\"image\/png\" \/>\n<meta name=\"author\" content=\"Sidney Rocha\" \/>\n<meta name=\"twitter:card\" content=\"summary_large_image\" \/>\n<meta name=\"twitter:label1\" content=\"Escrito por\" \/>\n\t<meta name=\"twitter:data1\" content=\"Sidney Rocha\" \/>\n\t<meta name=\"twitter:label2\" content=\"Tempo estimado de leitura\" \/>\n\t<meta name=\"twitter:data2\" content=\"1 minuto\" \/>\n<script type=\"application\/ld+json\" class=\"yoast-schema-graph\">{\"@context\":\"https:\/\/schema.org\",\"@graph\":[{\"@type\":\"Article\",\"@id\":\"https:\/\/seconci.com.br\/site\/2019\/05\/06\/inscricoes-abertas-para-o-21o-premio-sinduscon-mg-e-seconci-mg-de-seguranca-do-trabalho\/#article\",\"isPartOf\":{\"@id\":\"https:\/\/seconci.com.br\/site\/2019\/05\/06\/inscricoes-abertas-para-o-21o-premio-sinduscon-mg-e-seconci-mg-de-seguranca-do-trabalho\/\"},\"author\":{\"name\":\"Sidney Rocha\",\"@id\":\"https:\/\/seconci.com.br\/site\/#\/schema\/person\/1d79afd97ddc8f2c68c1e88e298aa8e2\"},\"headline\":\"Inscri\u00e7\u00f5es abertas para o 21\u00ba Pr\u00eamio Sinduscon-MG e Seconci-MG de Seguran\u00e7a do Trabalho\",\"datePublished\":\"2019-05-06T11:30:37+00:00\",\"mainEntityOfPage\":{\"@id\":\"https:\/\/seconci.com.br\/site\/2019\/05\/06\/inscricoes-abertas-para-o-21o-premio-sinduscon-mg-e-seconci-mg-de-seguranca-do-trabalho\/\"},\"wordCount\":222,\"publisher\":{\"@id\":\"https:\/\/seconci.com.br\/site\/#organization\"},\"image\":{\"@id\":\"https:\/\/seconci.com.br\/site\/2019\/05\/06\/inscricoes-abertas-para-o-21o-premio-sinduscon-mg-e-seconci-mg-de-seguranca-do-trabalho\/#primaryimage\"},\"thumbnailUrl\":\"https:\/\/seconci.com.br\/site\/wp-content\/uploads\/2019\/05\/premio-mg.png\",\"articleSection\":[\"Seconci Minas Gerais\"],\"inLanguage\":\"pt-PT\"},{\"@type\":\"WebPage\",\"@id\":\"https:\/\/seconci.com.br\/site\/2019\/05\/06\/inscricoes-abertas-para-o-21o-premio-sinduscon-mg-e-seconci-mg-de-seguranca-do-trabalho\/\",\"url\":\"https:\/\/seconci.com.br\/site\/2019\/05\/06\/inscricoes-abertas-para-o-21o-premio-sinduscon-mg-e-seconci-mg-de-seguranca-do-trabalho\/\",\"name\":\"Inscri\u00e7\u00f5es abertas para o 21\u00ba Pr\u00eamio Sinduscon-MG e Seconci-MG de Seguran\u00e7a do Trabalho - Seconci Brasil\",\"isPartOf\":{\"@id\":\"https:\/\/seconci.com.br\/site\/#website\"},\"primaryImageOfPage\":{\"@id\":\"https:\/\/seconci.com.br\/site\/2019\/05\/06\/inscricoes-abertas-para-o-21o-premio-sinduscon-mg-e-seconci-mg-de-seguranca-do-trabalho\/#primaryimage\"},\"image\":{\"@id\":\"https:\/\/seconci.com.br\/site\/2019\/05\/06\/inscricoes-abertas-para-o-21o-premio-sinduscon-mg-e-seconci-mg-de-seguranca-do-trabalho\/#primaryimage\"},\"thumbnailUrl\":\"https:\/\/seconci.com.br\/site\/wp-content\/uploads\/2019\/05\/premio-mg.png\",\"datePublished\":\"2019-05-06T11:30:37+00:00\",\"breadcrumb\":{\"@id\":\"https:\/\/seconci.com.br\/site\/2019\/05\/06\/inscricoes-abertas-para-o-21o-premio-sinduscon-mg-e-seconci-mg-de-seguranca-do-trabalho\/#breadcrumb\"},\"inLanguage\":\"pt-PT\",\"potentialAction\":[{\"@type\":\"ReadAction\",\"target\":[\"https:\/\/seconci.com.br\/site\/2019\/05\/06\/inscricoes-abertas-para-o-21o-premio-sinduscon-mg-e-seconci-mg-de-seguranca-do-trabalho\/\"]}]},{\"@type\":\"ImageObject\",\"inLanguage\":\"pt-PT\",\"@id\":\"https:\/\/seconci.com.br\/site\/2019\/05\/06\/inscricoes-abertas-para-o-21o-premio-sinduscon-mg-e-seconci-mg-de-seguranca-do-trabalho\/#primaryimage\",\"url\":\"https:\/\/seconci.com.br\/site\/wp-content\/uploads\/2019\/05\/premio-mg.png\",\"contentUrl\":\"https:\/\/seconci.com.br\/site\/wp-content\/uploads\/2019\/05\/premio-mg.png\",\"width\":772,\"height\":424},{\"@type\":\"BreadcrumbList\",\"@id\":\"https:\/\/seconci.com.br\/site\/2019\/05\/06\/inscricoes-abertas-para-o-21o-premio-sinduscon-mg-e-seconci-mg-de-seguranca-do-trabalho\/#breadcrumb\",\"itemListElement\":[{\"@type\":\"ListItem\",\"position\":1,\"name\":\"In\u00edcio\",\"item\":\"https:\/\/seconci.com.br\/site\/\"},{\"@type\":\"ListItem\",\"position\":2,\"name\":\"Inscri\u00e7\u00f5es abertas para o 21\u00ba Pr\u00eamio Sinduscon-MG e Seconci-MG de Seguran\u00e7a do Trabalho\"}]},{\"@type\":\"WebSite\",\"@id\":\"https:\/\/seconci.com.br\/site\/#website\",\"url\":\"https:\/\/seconci.com.br\/site\/\",\"name\":\"Seconci Brasil\",\"description\":\"\",\"publisher\":{\"@id\":\"https:\/\/seconci.com.br\/site\/#organization\"},\"potentialAction\":[{\"@type\":\"SearchAction\",\"target\":{\"@type\":\"EntryPoint\",\"urlTemplate\":\"https:\/\/seconci.com.br\/site\/?s={search_term_string}\"},\"query-input\":{\"@type\":\"PropertyValueSpecification\",\"valueRequired\":true,\"valueName\":\"search_term_string\"}}],\"inLanguage\":\"pt-PT\"},{\"@type\":\"Organization\",\"@id\":\"https:\/\/seconci.com.br\/site\/#organization\",\"name\":\"Seconci Brasil\",\"url\":\"https:\/\/seconci.com.br\/site\/\",\"logo\":{\"@type\":\"ImageObject\",\"inLanguage\":\"pt-PT\",\"@id\":\"https:\/\/seconci.com.br\/site\/#\/schema\/logo\/image\/\",\"url\":\"https:\/\/seconci.com.br\/site\/wp-content\/uploads\/2024\/08\/Logo-Seconci-Brasil-branca-2.png\",\"contentUrl\":\"https:\/\/seconci.com.br\/site\/wp-content\/uploads\/2024\/08\/Logo-Seconci-Brasil-branca-2.png\",\"width\":1315,\"height\":598,\"caption\":\"Seconci Brasil\"},\"image\":{\"@id\":\"https:\/\/seconci.com.br\/site\/#\/schema\/logo\/image\/\"}},{\"@type\":\"Person\",\"@id\":\"https:\/\/seconci.com.br\/site\/#\/schema\/person\/1d79afd97ddc8f2c68c1e88e298aa8e2\",\"name\":\"Sidney Rocha\",\"description\":\"Comunicador e estagi\u00e1rio do Seconci Brasil.\",\"url\":\"https:\/\/seconci.com.br\/site\/author\/sidney-rocha\/\"}]}<\/script>\n<!-- \/ Yoast SEO plugin. -->","yoast_head_json":{"title":"Inscri\u00e7\u00f5es abertas para o 21\u00ba Pr\u00eamio Sinduscon-MG e Seconci-MG de Seguran\u00e7a do Trabalho - Seconci Brasil","robots":{"index":"index","follow":"follow","max-snippet":"max-snippet:-1","max-image-preview":"max-image-preview:large","max-video-preview":"max-video-preview:-1"},"canonical":"https:\/\/seconci.com.br\/site\/2019\/05\/06\/inscricoes-abertas-para-o-21o-premio-sinduscon-mg-e-seconci-mg-de-seguranca-do-trabalho\/","og_locale":"pt_PT","og_type":"article","og_title":"Inscri\u00e7\u00f5es abertas para o 21\u00ba Pr\u00eamio Sinduscon-MG e Seconci-MG de Seguran\u00e7a do Trabalho - Seconci Brasil","og_description":"A boa\u00a0gest\u00e3o da seguran\u00e7a\u00a0em suas\u00a0obras\u00a0merece destaque! O Sinduscon-MG e seu bra\u00e7o social, Seconci-MG, buscam dar visibilidade \u00e0s boas pr\u00e1ticas da seguran\u00e7a do trabalho no setor, e, por isso, criaram o\u00a0Pr\u00eamio Seguran\u00e7a do Trabalho Sinduscon-MG e Seconci-MG, j\u00e1 em sua 21\u00aa edi\u00e7\u00e3o. Compartilhe suas solu\u00e7\u00f5es e inova\u00e7\u00f5es nesta \u00e1rea e participe da edi\u00e7\u00e3o 2019! A iniciativa [&hellip;]","og_url":"https:\/\/seconci.com.br\/site\/2019\/05\/06\/inscricoes-abertas-para-o-21o-premio-sinduscon-mg-e-seconci-mg-de-seguranca-do-trabalho\/","og_site_name":"Seconci Brasil","article_published_time":"2019-05-06T11:30:37+00:00","og_image":[{"width":772,"height":424,"url":"https:\/\/seconci.com.br\/site\/wp-content\/uploads\/2019\/05\/premio-mg.png","type":"image\/png"}],"author":"Sidney Rocha","twitter_card":"summary_large_image","twitter_misc":{"Escrito por":"Sidney Rocha","Tempo estimado de leitura":"1 minuto"},"schema":{"@context":"https:\/\/schema.org","@graph":[{"@type":"Article","@id":"https:\/\/seconci.com.br\/site\/2019\/05\/06\/inscricoes-abertas-para-o-21o-premio-sinduscon-mg-e-seconci-mg-de-seguranca-do-trabalho\/#article","isPartOf":{"@id":"https:\/\/seconci.com.br\/site\/2019\/05\/06\/inscricoes-abertas-para-o-21o-premio-sinduscon-mg-e-seconci-mg-de-seguranca-do-trabalho\/"},"author":{"name":"Sidney Rocha","@id":"https:\/\/seconci.com.br\/site\/#\/schema\/person\/1d79afd97ddc8f2c68c1e88e298aa8e2"},"headline":"Inscri\u00e7\u00f5es abertas para o 21\u00ba Pr\u00eamio Sinduscon-MG e Seconci-MG de Seguran\u00e7a do Trabalho","datePublished":"2019-05-06T11:30:37+00:00","mainEntityOfPage":{"@id":"https:\/\/seconci.com.br\/site\/2019\/05\/06\/inscricoes-abertas-para-o-21o-premio-sinduscon-mg-e-seconci-mg-de-seguranca-do-trabalho\/"},"wordCount":222,"publisher":{"@id":"https:\/\/seconci.com.br\/site\/#organization"},"image":{"@id":"https:\/\/seconci.com.br\/site\/2019\/05\/06\/inscricoes-abertas-para-o-21o-premio-sinduscon-mg-e-seconci-mg-de-seguranca-do-trabalho\/#primaryimage"},"thumbnailUrl":"https:\/\/seconci.com.br\/site\/wp-content\/uploads\/2019\/05\/premio-mg.png","articleSection":["Seconci Minas Gerais"],"inLanguage":"pt-PT"},{"@type":"WebPage","@id":"https:\/\/seconci.com.br\/site\/2019\/05\/06\/inscricoes-abertas-para-o-21o-premio-sinduscon-mg-e-seconci-mg-de-seguranca-do-trabalho\/","url":"https:\/\/seconci.com.br\/site\/2019\/05\/06\/inscricoes-abertas-para-o-21o-premio-sinduscon-mg-e-seconci-mg-de-seguranca-do-trabalho\/","name":"Inscri\u00e7\u00f5es abertas para o 21\u00ba Pr\u00eamio Sinduscon-MG e Seconci-MG de Seguran\u00e7a do Trabalho - Seconci Brasil","isPartOf":{"@id":"https:\/\/seconci.com.br\/site\/#website"},"primaryImageOfPage":{"@id":"https:\/\/seconci.com.br\/site\/2019\/05\/06\/inscricoes-abertas-para-o-21o-premio-sinduscon-mg-e-seconci-mg-de-seguranca-do-trabalho\/#primaryimage"},"image":{"@id":"https:\/\/seconci.com.br\/site\/2019\/05\/06\/inscricoes-abertas-para-o-21o-premio-sinduscon-mg-e-seconci-mg-de-seguranca-do-trabalho\/#primaryimage"},"thumbnailUrl":"https:\/\/seconci.com.br\/site\/wp-content\/uploads\/2019\/05\/premio-mg.png","datePublished":"2019-05-06T11:30:37+00:00","breadcrumb":{"@id":"https:\/\/seconci.com.br\/site\/2019\/05\/06\/inscricoes-abertas-para-o-21o-premio-sinduscon-mg-e-seconci-mg-de-seguranca-do-trabalho\/#breadcrumb"},"inLanguage":"pt-PT","potentialAction":[{"@type":"ReadAction","target":["https:\/\/seconci.com.br\/site\/2019\/05\/06\/inscricoes-abertas-para-o-21o-premio-sinduscon-mg-e-seconci-mg-de-seguranca-do-trabalho\/"]}]},{"@type":"ImageObject","inLanguage":"pt-PT","@id":"https:\/\/seconci.com.br\/site\/2019\/05\/06\/inscricoes-abertas-para-o-21o-premio-sinduscon-mg-e-seconci-mg-de-seguranca-do-trabalho\/#primaryimage","url":"https:\/\/seconci.com.br\/site\/wp-content\/uploads\/2019\/05\/premio-mg.png","contentUrl":"https:\/\/seconci.com.br\/site\/wp-content\/uploads\/2019\/05\/premio-mg.png","width":772,"height":424},{"@type":"BreadcrumbList","@id":"https:\/\/seconci.com.br\/site\/2019\/05\/06\/inscricoes-abertas-para-o-21o-premio-sinduscon-mg-e-seconci-mg-de-seguranca-do-trabalho\/#breadcrumb","itemListElement":[{"@type":"ListItem","position":1,"name":"In\u00edcio","item":"https:\/\/seconci.com.br\/site\/"},{"@type":"ListItem","position":2,"name":"Inscri\u00e7\u00f5es abertas para o 21\u00ba Pr\u00eamio Sinduscon-MG e Seconci-MG de Seguran\u00e7a do Trabalho"}]},{"@type":"WebSite","@id":"https:\/\/seconci.com.br\/site\/#website","url":"https:\/\/seconci.com.br\/site\/","name":"Seconci Brasil","description":"","publisher":{"@id":"https:\/\/seconci.com.br\/site\/#organization"},"potentialAction":[{"@type":"SearchAction","target":{"@type":"EntryPoint","urlTemplate":"https:\/\/seconci.com.br\/site\/?s={search_term_string}"},"query-input":{"@type":"PropertyValueSpecification","valueRequired":true,"valueName":"search_term_string"}}],"inLanguage":"pt-PT"},{"@type":"Organization","@id":"https:\/\/seconci.com.br\/site\/#organization","name":"Seconci Brasil","url":"https:\/\/seconci.com.br\/site\/","logo":{"@type":"ImageObject","inLanguage":"pt-PT","@id":"https:\/\/seconci.com.br\/site\/#\/schema\/logo\/image\/","url":"https:\/\/seconci.com.br\/site\/wp-content\/uploads\/2024\/08\/Logo-Seconci-Brasil-branca-2.png","contentUrl":"https:\/\/seconci.com.br\/site\/wp-content\/uploads\/2024\/08\/Logo-Seconci-Brasil-branca-2.png","width":1315,"height":598,"caption":"Seconci Brasil"},"image":{"@id":"https:\/\/seconci.com.br\/site\/#\/schema\/logo\/image\/"}},{"@type":"Person","@id":"https:\/\/seconci.com.br\/site\/#\/schema\/person\/1d79afd97ddc8f2c68c1e88e298aa8e2","name":"Sidney Rocha","description":"Comunicador e estagi\u00e1rio do Seconci Brasil.","url":"https:\/\/seconci.com.br\/site\/author\/sidney-rocha\/"}]}},"_links":{"self":[{"href":"https:\/\/seconci.com.br\/site\/wp-json\/wp\/v2\/posts\/8340","targetHints":{"allow":["GET"]}}],"collection":[{"href":"https:\/\/seconci.com.br\/site\/wp-json\/wp\/v2\/posts"}],"about":[{"href":"https:\/\/seconci.com.br\/site\/wp-json\/wp\/v2\/types\/post"}],"author":[{"embeddable":true,"href":"https:\/\/seconci.com.br\/site\/wp-json\/wp\/v2\/users\/3"}],"replies":[{"embeddable":true,"href":"https:\/\/seconci.com.br\/site\/wp-json\/wp\/v2\/comments?post=8340"}],"version-history":[{"count":0,"href":"https:\/\/seconci.com.br\/site\/wp-json\/wp\/v2\/posts\/8340\/revisions"}],"wp:featuredmedia":[{"embeddable":true,"href":"https:\/\/seconci.com.br\/site\/wp-json\/wp\/v2\/media\/8341"}],"wp:attachment":[{"href":"https:\/\/seconci.com.br\/site\/wp-json\/wp\/v2\/media?parent=8340"}],"wp:term":[{"taxonomy":"category","embeddable":true,"href":"https:\/\/seconci.com.br\/site\/wp-json\/wp\/v2\/categories?post=8340"},{"taxonomy":"post_tag","embeddable":true,"href":"https:\/\/seconci.com.br\/site\/wp-json\/wp\/v2\/tags?post=8340"}],"curies":[{"name":"wp","href":"https:\/\/api.w.org\/{rel}","templated":true}]}}