{"id":8343,"date":"2019-05-06T11:33:47","date_gmt":"2019-05-06T11:33:47","guid":{"rendered":"https:\/\/seconci.com.br\/site\/?p=8343"},"modified":"2019-05-06T11:33:47","modified_gmt":"2019-05-06T11:33:47","slug":"ler-e-dort-sao-as-doencas-que-mais-acometem-os-trabalhadores","status":"publish","type":"post","link":"https:\/\/seconci.com.br\/site\/2019\/05\/06\/ler-e-dort-sao-as-doencas-que-mais-acometem-os-trabalhadores\/","title":{"rendered":"LER e Dort s\u00e3o as doen\u00e7as que mais acometem os trabalhadores"},"content":{"rendered":"<p style=\"text-align: justify;\"><em>Estudo foi realizado pelo Minist\u00e9rio da Sa\u00fade em um per\u00edodo de dez anos<\/em><\/p>\n<p style=\"text-align: justify;\">Um levantamento realizado pelo Minist\u00e9rio da Sa\u00fade em um per\u00edodo de dez anos indica que as Les\u00f5es por Esfor\u00e7os Repetitivos (LER) e os Dist\u00farbios Osteomusculares Relacionados ao Trabalho (Dort) s\u00e3o as doen\u00e7as que mais afetam os trabalhadores brasileiros.<\/p>\n<p style=\"text-align: justify;\">A constata\u00e7\u00e3o \u00e9 do estudo Sa\u00fade Brasil 2018, do Minist\u00e9rio da Sa\u00fade, que utilizou dados do Sistema de Informa\u00e7\u00e3o de Agravos de Notifica\u00e7\u00e3o (Sinan). Segundo o levantamento, entre 2007 e 2016, 67.599 casos de LER\/Dort foram notificados. Somente durante o per\u00edodo, os registros cresceram 184%, passando de 3.212 casos, em 2007, para 9.122 em 2016. Tanto o volume quanto o aumento nos casos nesse per\u00edodo sinalizam alerta em rela\u00e7\u00e3o \u00e0 sa\u00fade dos trabalhadores.<\/p>\n<p style=\"text-align: justify;\">Os dados indicam aumento na exposi\u00e7\u00e3o de trabalhadores a fatores de risco, que podem ocasionar incapacidade funcional. O estudo apontou, tamb\u00e9m, que esses problemas foram mais recorrentes em trabalhadores do sexo feminino (51,7%), entre 40 e 49 anos (33,6%), e em indiv\u00edduos com ensino m\u00e9dio completo (32,7%). A regi\u00e3o que registrou o maior n\u00famero de casos foi o Sudeste, com 58,4% do total de notifica\u00e7\u00f5es do pa\u00eds no per\u00edodo. Em 2016, os estados que apresentaram os maiores coeficientes de incid\u00eancia foram Mato Grosso do Sul, S\u00e3o Paulo e Amazonas.<\/p>\n<p style=\"text-align: justify;\">Quanto a ocupa\u00e7\u00e3o, a ocorr\u00eancia de LER e Dort foi maior em profissionais que atuam nos setores da ind\u00fastria, com\u00e9rcio, alimenta\u00e7\u00e3o, transporte e servi\u00e7os dom\u00e9sticos\/limpeza. Nas profiss\u00f5es, os faxineiros, operadores de m\u00e1quinas fixas, os alimentadores de linhas de produ\u00e7\u00e3o e os cozinheiros foram os mais atingidos com algum desses problemas de sa\u00fade no trabalho.<\/p>\n<p style=\"text-align: justify;\"><strong>LER e Dort<\/strong><\/p>\n<p style=\"text-align: justify;\">As duas doen\u00e7as caracterizam de danos relacionados \u00e0 utiliza\u00e7\u00e3o excessiva do sistema que movimenta o esqueleto e da falta de tempo para recupera\u00e7\u00e3o. Ambas ocasionam v\u00e1rios sintomas &#8211; que aparecem quase sempre em est\u00e1gio avan\u00e7ado, e geralmente nos membros superiores-, como dor, sensa\u00e7\u00e3o de peso e fadiga. Algumas das principais relacionadas ao trabalho s\u00e3o as les\u00f5es no ombro e as inflama\u00e7\u00f5es em articula\u00e7\u00f5es e nos tecidos que cobrem os tend\u00f5es.<\/p>\n<p style=\"text-align: justify;\">Essas doen\u00e7as podem prejudicar a produtividade laboral, a participa\u00e7\u00e3o na for\u00e7a de trabalho e o comprometimento financeiro e da posi\u00e7\u00e3o alcan\u00e7ada pelo trabalhador. Al\u00e9m disso, s\u00e3o respons\u00e1veis pela maior parte dos afastamentos do trabalho e representam custos com pagamentos de indeniza\u00e7\u00f5es, tratamentos e processos de reintegra\u00e7\u00e3o \u00e0 ocupa\u00e7\u00e3o.<\/p>\n<p style=\"text-align: justify;\"><strong>Preven\u00e7\u00e3o<\/strong><\/p>\n<p style=\"text-align: justify;\">O Minist\u00e9rio da Sa\u00fade recomenda aos empregadores, para prevenir as doen\u00e7as, o atendimento \u00e0 Norma Regulamentadora 17, que estabelece par\u00e2metros de adapta\u00e7\u00e3o das condi\u00e7\u00f5es de trabalho \u00e0s caracter\u00edsticas psicofisiol\u00f3gicas dos trabalhadores.<\/p>\n<p style=\"text-align: justify;\">O \u00f3rg\u00e3o tamb\u00e9m recomenda que os empregadores promovam a\u00e7\u00f5es de educa\u00e7\u00e3o em sa\u00fade aos funcion\u00e1rios em conjunto com os Centros de Refer\u00eancia em Sa\u00fade do Trabalhador (Cerest) de cada regi\u00e3o. Al\u00e9m disso, indica tamb\u00e9m par a preven\u00e7\u00e3o destas e outras doen\u00e7as: a promo\u00e7\u00e3o de gin\u00e1stica laboral no local de trabalho; a cria\u00e7\u00e3o de h\u00e1bitos de pausas regulares durante o expediente; a realiza\u00e7\u00e3o regular dos movimentos corporais; evitar horas extras e sobrecarga mental; e a utiliza\u00e7\u00e3o de mobili\u00e1rios ergon\u00f4micos.<\/p>\n<p style=\"text-align: justify;\">\nA qualquer sinal de dores, o trabalhador deve procurar um m\u00e9dico especialista.<\/p>\n<p>&nbsp;<\/p>\n<p><a href=\"http:\/\/d.costanorte.com.br\/geral\/31316\/ler-e-dort-sao-as-doencas-que-mais-acometem-os-trabalhadores\">Fonte: Portal Costa Norte Comunica\u00e7\u00e3o<\/a><\/p>\n","protected":false},"excerpt":{"rendered":"<p>Estudo foi realizado pelo Minist\u00e9rio da Sa\u00fade em um per\u00edodo de dez anos Um levantamento realizado pelo Minist\u00e9rio da Sa\u00fade em um per\u00edodo de dez anos indica que as Les\u00f5es por Esfor\u00e7os Repetitivos (LER) e os Dist\u00farbios Osteomusculares Relacionados ao Trabalho (Dort) s\u00e3o as doen\u00e7as que mais afetam os trabalhadores brasileiros. A constata\u00e7\u00e3o \u00e9 do [&hellip;]<\/p>\n","protected":false},"author":3,"featured_media":8344,"comment_status":"closed","ping_status":"closed","sticky":false,"template":"","format":"standard","meta":{"footnotes":""},"categories":[92],"tags":[],"class_list":["post-8343","post","type-post","status-publish","format-standard","has-post-thumbnail","hentry","category-seconci-brasil"],"yoast_head":"<!-- This site is optimized with the Yoast SEO plugin v26.9 - https:\/\/yoast.com\/product\/yoast-seo-wordpress\/ -->\n<title>LER e Dort s\u00e3o as doen\u00e7as que mais acometem os trabalhadores - Seconci Brasil<\/title>\n<meta name=\"robots\" content=\"index, follow, max-snippet:-1, max-image-preview:large, max-video-preview:-1\" \/>\n<link rel=\"canonical\" href=\"https:\/\/seconci.com.br\/site\/2019\/05\/06\/ler-e-dort-sao-as-doencas-que-mais-acometem-os-trabalhadores\/\" \/>\n<meta property=\"og:locale\" content=\"pt_PT\" \/>\n<meta property=\"og:type\" content=\"article\" \/>\n<meta property=\"og:title\" content=\"LER e Dort s\u00e3o as doen\u00e7as que mais acometem os trabalhadores - Seconci Brasil\" \/>\n<meta property=\"og:description\" content=\"Estudo foi realizado pelo Minist\u00e9rio da Sa\u00fade em um per\u00edodo de dez anos Um levantamento realizado pelo Minist\u00e9rio da Sa\u00fade em um per\u00edodo de dez anos indica que as Les\u00f5es por Esfor\u00e7os Repetitivos (LER) e os Dist\u00farbios Osteomusculares Relacionados ao Trabalho (Dort) s\u00e3o as doen\u00e7as que mais afetam os trabalhadores brasileiros. A constata\u00e7\u00e3o \u00e9 do [&hellip;]\" \/>\n<meta property=\"og:url\" content=\"https:\/\/seconci.com.br\/site\/2019\/05\/06\/ler-e-dort-sao-as-doencas-que-mais-acometem-os-trabalhadores\/\" \/>\n<meta property=\"og:site_name\" content=\"Seconci Brasil\" \/>\n<meta property=\"article:published_time\" content=\"2019-05-06T11:33:47+00:00\" \/>\n<meta property=\"og:image\" content=\"https:\/\/seconci.com.br\/site\/wp-content\/uploads\/2019\/05\/LER.jpg\" \/>\n\t<meta property=\"og:image:width\" content=\"750\" \/>\n\t<meta property=\"og:image:height\" content=\"400\" \/>\n\t<meta property=\"og:image:type\" content=\"image\/jpeg\" \/>\n<meta name=\"author\" content=\"Sidney Rocha\" \/>\n<meta name=\"twitter:card\" content=\"summary_large_image\" \/>\n<meta name=\"twitter:label1\" content=\"Escrito por\" \/>\n\t<meta name=\"twitter:data1\" content=\"Sidney Rocha\" \/>\n\t<meta name=\"twitter:label2\" content=\"Tempo estimado de leitura\" \/>\n\t<meta name=\"twitter:data2\" content=\"3 minutos\" \/>\n<script type=\"application\/ld+json\" class=\"yoast-schema-graph\">{\"@context\":\"https:\/\/schema.org\",\"@graph\":[{\"@type\":\"Article\",\"@id\":\"https:\/\/seconci.com.br\/site\/2019\/05\/06\/ler-e-dort-sao-as-doencas-que-mais-acometem-os-trabalhadores\/#article\",\"isPartOf\":{\"@id\":\"https:\/\/seconci.com.br\/site\/2019\/05\/06\/ler-e-dort-sao-as-doencas-que-mais-acometem-os-trabalhadores\/\"},\"author\":{\"name\":\"Sidney Rocha\",\"@id\":\"https:\/\/seconci.com.br\/site\/#\/schema\/person\/1d79afd97ddc8f2c68c1e88e298aa8e2\"},\"headline\":\"LER e Dort s\u00e3o as doen\u00e7as que mais acometem os trabalhadores\",\"datePublished\":\"2019-05-06T11:33:47+00:00\",\"mainEntityOfPage\":{\"@id\":\"https:\/\/seconci.com.br\/site\/2019\/05\/06\/ler-e-dort-sao-as-doencas-que-mais-acometem-os-trabalhadores\/\"},\"wordCount\":607,\"publisher\":{\"@id\":\"https:\/\/seconci.com.br\/site\/#organization\"},\"image\":{\"@id\":\"https:\/\/seconci.com.br\/site\/2019\/05\/06\/ler-e-dort-sao-as-doencas-que-mais-acometem-os-trabalhadores\/#primaryimage\"},\"thumbnailUrl\":\"https:\/\/seconci.com.br\/site\/wp-content\/uploads\/2019\/05\/LER.jpg\",\"articleSection\":[\"Seconci Brasil\"],\"inLanguage\":\"pt-PT\"},{\"@type\":\"WebPage\",\"@id\":\"https:\/\/seconci.com.br\/site\/2019\/05\/06\/ler-e-dort-sao-as-doencas-que-mais-acometem-os-trabalhadores\/\",\"url\":\"https:\/\/seconci.com.br\/site\/2019\/05\/06\/ler-e-dort-sao-as-doencas-que-mais-acometem-os-trabalhadores\/\",\"name\":\"LER e Dort s\u00e3o as doen\u00e7as que mais acometem os trabalhadores - Seconci Brasil\",\"isPartOf\":{\"@id\":\"https:\/\/seconci.com.br\/site\/#website\"},\"primaryImageOfPage\":{\"@id\":\"https:\/\/seconci.com.br\/site\/2019\/05\/06\/ler-e-dort-sao-as-doencas-que-mais-acometem-os-trabalhadores\/#primaryimage\"},\"image\":{\"@id\":\"https:\/\/seconci.com.br\/site\/2019\/05\/06\/ler-e-dort-sao-as-doencas-que-mais-acometem-os-trabalhadores\/#primaryimage\"},\"thumbnailUrl\":\"https:\/\/seconci.com.br\/site\/wp-content\/uploads\/2019\/05\/LER.jpg\",\"datePublished\":\"2019-05-06T11:33:47+00:00\",\"breadcrumb\":{\"@id\":\"https:\/\/seconci.com.br\/site\/2019\/05\/06\/ler-e-dort-sao-as-doencas-que-mais-acometem-os-trabalhadores\/#breadcrumb\"},\"inLanguage\":\"pt-PT\",\"potentialAction\":[{\"@type\":\"ReadAction\",\"target\":[\"https:\/\/seconci.com.br\/site\/2019\/05\/06\/ler-e-dort-sao-as-doencas-que-mais-acometem-os-trabalhadores\/\"]}]},{\"@type\":\"ImageObject\",\"inLanguage\":\"pt-PT\",\"@id\":\"https:\/\/seconci.com.br\/site\/2019\/05\/06\/ler-e-dort-sao-as-doencas-que-mais-acometem-os-trabalhadores\/#primaryimage\",\"url\":\"https:\/\/seconci.com.br\/site\/wp-content\/uploads\/2019\/05\/LER.jpg\",\"contentUrl\":\"https:\/\/seconci.com.br\/site\/wp-content\/uploads\/2019\/05\/LER.jpg\",\"width\":750,\"height\":400},{\"@type\":\"BreadcrumbList\",\"@id\":\"https:\/\/seconci.com.br\/site\/2019\/05\/06\/ler-e-dort-sao-as-doencas-que-mais-acometem-os-trabalhadores\/#breadcrumb\",\"itemListElement\":[{\"@type\":\"ListItem\",\"position\":1,\"name\":\"In\u00edcio\",\"item\":\"https:\/\/seconci.com.br\/site\/\"},{\"@type\":\"ListItem\",\"position\":2,\"name\":\"LER e Dort s\u00e3o as doen\u00e7as que mais acometem os trabalhadores\"}]},{\"@type\":\"WebSite\",\"@id\":\"https:\/\/seconci.com.br\/site\/#website\",\"url\":\"https:\/\/seconci.com.br\/site\/\",\"name\":\"Seconci Brasil\",\"description\":\"\",\"publisher\":{\"@id\":\"https:\/\/seconci.com.br\/site\/#organization\"},\"potentialAction\":[{\"@type\":\"SearchAction\",\"target\":{\"@type\":\"EntryPoint\",\"urlTemplate\":\"https:\/\/seconci.com.br\/site\/?s={search_term_string}\"},\"query-input\":{\"@type\":\"PropertyValueSpecification\",\"valueRequired\":true,\"valueName\":\"search_term_string\"}}],\"inLanguage\":\"pt-PT\"},{\"@type\":\"Organization\",\"@id\":\"https:\/\/seconci.com.br\/site\/#organization\",\"name\":\"Seconci Brasil\",\"url\":\"https:\/\/seconci.com.br\/site\/\",\"logo\":{\"@type\":\"ImageObject\",\"inLanguage\":\"pt-PT\",\"@id\":\"https:\/\/seconci.com.br\/site\/#\/schema\/logo\/image\/\",\"url\":\"https:\/\/seconci.com.br\/site\/wp-content\/uploads\/2024\/08\/Logo-Seconci-Brasil-branca-2.png\",\"contentUrl\":\"https:\/\/seconci.com.br\/site\/wp-content\/uploads\/2024\/08\/Logo-Seconci-Brasil-branca-2.png\",\"width\":1315,\"height\":598,\"caption\":\"Seconci Brasil\"},\"image\":{\"@id\":\"https:\/\/seconci.com.br\/site\/#\/schema\/logo\/image\/\"}},{\"@type\":\"Person\",\"@id\":\"https:\/\/seconci.com.br\/site\/#\/schema\/person\/1d79afd97ddc8f2c68c1e88e298aa8e2\",\"name\":\"Sidney Rocha\",\"description\":\"Comunicador e estagi\u00e1rio do Seconci Brasil.\",\"url\":\"https:\/\/seconci.com.br\/site\/author\/sidney-rocha\/\"}]}<\/script>\n<!-- \/ Yoast SEO plugin. -->","yoast_head_json":{"title":"LER e Dort s\u00e3o as doen\u00e7as que mais acometem os trabalhadores - Seconci Brasil","robots":{"index":"index","follow":"follow","max-snippet":"max-snippet:-1","max-image-preview":"max-image-preview:large","max-video-preview":"max-video-preview:-1"},"canonical":"https:\/\/seconci.com.br\/site\/2019\/05\/06\/ler-e-dort-sao-as-doencas-que-mais-acometem-os-trabalhadores\/","og_locale":"pt_PT","og_type":"article","og_title":"LER e Dort s\u00e3o as doen\u00e7as que mais acometem os trabalhadores - Seconci Brasil","og_description":"Estudo foi realizado pelo Minist\u00e9rio da Sa\u00fade em um per\u00edodo de dez anos Um levantamento realizado pelo Minist\u00e9rio da Sa\u00fade em um per\u00edodo de dez anos indica que as Les\u00f5es por Esfor\u00e7os Repetitivos (LER) e os Dist\u00farbios Osteomusculares Relacionados ao Trabalho (Dort) s\u00e3o as doen\u00e7as que mais afetam os trabalhadores brasileiros. A constata\u00e7\u00e3o \u00e9 do [&hellip;]","og_url":"https:\/\/seconci.com.br\/site\/2019\/05\/06\/ler-e-dort-sao-as-doencas-que-mais-acometem-os-trabalhadores\/","og_site_name":"Seconci Brasil","article_published_time":"2019-05-06T11:33:47+00:00","og_image":[{"width":750,"height":400,"url":"https:\/\/seconci.com.br\/site\/wp-content\/uploads\/2019\/05\/LER.jpg","type":"image\/jpeg"}],"author":"Sidney Rocha","twitter_card":"summary_large_image","twitter_misc":{"Escrito por":"Sidney Rocha","Tempo estimado de leitura":"3 minutos"},"schema":{"@context":"https:\/\/schema.org","@graph":[{"@type":"Article","@id":"https:\/\/seconci.com.br\/site\/2019\/05\/06\/ler-e-dort-sao-as-doencas-que-mais-acometem-os-trabalhadores\/#article","isPartOf":{"@id":"https:\/\/seconci.com.br\/site\/2019\/05\/06\/ler-e-dort-sao-as-doencas-que-mais-acometem-os-trabalhadores\/"},"author":{"name":"Sidney Rocha","@id":"https:\/\/seconci.com.br\/site\/#\/schema\/person\/1d79afd97ddc8f2c68c1e88e298aa8e2"},"headline":"LER e Dort s\u00e3o as doen\u00e7as que mais acometem os trabalhadores","datePublished":"2019-05-06T11:33:47+00:00","mainEntityOfPage":{"@id":"https:\/\/seconci.com.br\/site\/2019\/05\/06\/ler-e-dort-sao-as-doencas-que-mais-acometem-os-trabalhadores\/"},"wordCount":607,"publisher":{"@id":"https:\/\/seconci.com.br\/site\/#organization"},"image":{"@id":"https:\/\/seconci.com.br\/site\/2019\/05\/06\/ler-e-dort-sao-as-doencas-que-mais-acometem-os-trabalhadores\/#primaryimage"},"thumbnailUrl":"https:\/\/seconci.com.br\/site\/wp-content\/uploads\/2019\/05\/LER.jpg","articleSection":["Seconci Brasil"],"inLanguage":"pt-PT"},{"@type":"WebPage","@id":"https:\/\/seconci.com.br\/site\/2019\/05\/06\/ler-e-dort-sao-as-doencas-que-mais-acometem-os-trabalhadores\/","url":"https:\/\/seconci.com.br\/site\/2019\/05\/06\/ler-e-dort-sao-as-doencas-que-mais-acometem-os-trabalhadores\/","name":"LER e Dort s\u00e3o as doen\u00e7as que mais acometem os trabalhadores - Seconci Brasil","isPartOf":{"@id":"https:\/\/seconci.com.br\/site\/#website"},"primaryImageOfPage":{"@id":"https:\/\/seconci.com.br\/site\/2019\/05\/06\/ler-e-dort-sao-as-doencas-que-mais-acometem-os-trabalhadores\/#primaryimage"},"image":{"@id":"https:\/\/seconci.com.br\/site\/2019\/05\/06\/ler-e-dort-sao-as-doencas-que-mais-acometem-os-trabalhadores\/#primaryimage"},"thumbnailUrl":"https:\/\/seconci.com.br\/site\/wp-content\/uploads\/2019\/05\/LER.jpg","datePublished":"2019-05-06T11:33:47+00:00","breadcrumb":{"@id":"https:\/\/seconci.com.br\/site\/2019\/05\/06\/ler-e-dort-sao-as-doencas-que-mais-acometem-os-trabalhadores\/#breadcrumb"},"inLanguage":"pt-PT","potentialAction":[{"@type":"ReadAction","target":["https:\/\/seconci.com.br\/site\/2019\/05\/06\/ler-e-dort-sao-as-doencas-que-mais-acometem-os-trabalhadores\/"]}]},{"@type":"ImageObject","inLanguage":"pt-PT","@id":"https:\/\/seconci.com.br\/site\/2019\/05\/06\/ler-e-dort-sao-as-doencas-que-mais-acometem-os-trabalhadores\/#primaryimage","url":"https:\/\/seconci.com.br\/site\/wp-content\/uploads\/2019\/05\/LER.jpg","contentUrl":"https:\/\/seconci.com.br\/site\/wp-content\/uploads\/2019\/05\/LER.jpg","width":750,"height":400},{"@type":"BreadcrumbList","@id":"https:\/\/seconci.com.br\/site\/2019\/05\/06\/ler-e-dort-sao-as-doencas-que-mais-acometem-os-trabalhadores\/#breadcrumb","itemListElement":[{"@type":"ListItem","position":1,"name":"In\u00edcio","item":"https:\/\/seconci.com.br\/site\/"},{"@type":"ListItem","position":2,"name":"LER e Dort s\u00e3o as doen\u00e7as que mais acometem os trabalhadores"}]},{"@type":"WebSite","@id":"https:\/\/seconci.com.br\/site\/#website","url":"https:\/\/seconci.com.br\/site\/","name":"Seconci Brasil","description":"","publisher":{"@id":"https:\/\/seconci.com.br\/site\/#organization"},"potentialAction":[{"@type":"SearchAction","target":{"@type":"EntryPoint","urlTemplate":"https:\/\/seconci.com.br\/site\/?s={search_term_string}"},"query-input":{"@type":"PropertyValueSpecification","valueRequired":true,"valueName":"search_term_string"}}],"inLanguage":"pt-PT"},{"@type":"Organization","@id":"https:\/\/seconci.com.br\/site\/#organization","name":"Seconci Brasil","url":"https:\/\/seconci.com.br\/site\/","logo":{"@type":"ImageObject","inLanguage":"pt-PT","@id":"https:\/\/seconci.com.br\/site\/#\/schema\/logo\/image\/","url":"https:\/\/seconci.com.br\/site\/wp-content\/uploads\/2024\/08\/Logo-Seconci-Brasil-branca-2.png","contentUrl":"https:\/\/seconci.com.br\/site\/wp-content\/uploads\/2024\/08\/Logo-Seconci-Brasil-branca-2.png","width":1315,"height":598,"caption":"Seconci Brasil"},"image":{"@id":"https:\/\/seconci.com.br\/site\/#\/schema\/logo\/image\/"}},{"@type":"Person","@id":"https:\/\/seconci.com.br\/site\/#\/schema\/person\/1d79afd97ddc8f2c68c1e88e298aa8e2","name":"Sidney Rocha","description":"Comunicador e estagi\u00e1rio do Seconci Brasil.","url":"https:\/\/seconci.com.br\/site\/author\/sidney-rocha\/"}]}},"_links":{"self":[{"href":"https:\/\/seconci.com.br\/site\/wp-json\/wp\/v2\/posts\/8343","targetHints":{"allow":["GET"]}}],"collection":[{"href":"https:\/\/seconci.com.br\/site\/wp-json\/wp\/v2\/posts"}],"about":[{"href":"https:\/\/seconci.com.br\/site\/wp-json\/wp\/v2\/types\/post"}],"author":[{"embeddable":true,"href":"https:\/\/seconci.com.br\/site\/wp-json\/wp\/v2\/users\/3"}],"replies":[{"embeddable":true,"href":"https:\/\/seconci.com.br\/site\/wp-json\/wp\/v2\/comments?post=8343"}],"version-history":[{"count":0,"href":"https:\/\/seconci.com.br\/site\/wp-json\/wp\/v2\/posts\/8343\/revisions"}],"wp:featuredmedia":[{"embeddable":true,"href":"https:\/\/seconci.com.br\/site\/wp-json\/wp\/v2\/media\/8344"}],"wp:attachment":[{"href":"https:\/\/seconci.com.br\/site\/wp-json\/wp\/v2\/media?parent=8343"}],"wp:term":[{"taxonomy":"category","embeddable":true,"href":"https:\/\/seconci.com.br\/site\/wp-json\/wp\/v2\/categories?post=8343"},{"taxonomy":"post_tag","embeddable":true,"href":"https:\/\/seconci.com.br\/site\/wp-json\/wp\/v2\/tags?post=8343"}],"curies":[{"name":"wp","href":"https:\/\/api.w.org\/{rel}","templated":true}]}}