{"id":8385,"date":"2019-05-23T14:39:33","date_gmt":"2019-05-23T14:39:33","guid":{"rendered":"https:\/\/seconci.com.br\/site\/?p=8385"},"modified":"2019-05-23T14:39:33","modified_gmt":"2019-05-23T14:39:33","slug":"perda-de-audicao-seconci-sp-alerta-para-a-importancia-da-prevencao-no-ambiente-de-trabalho","status":"publish","type":"post","link":"https:\/\/seconci.com.br\/site\/2019\/05\/23\/perda-de-audicao-seconci-sp-alerta-para-a-importancia-da-prevencao-no-ambiente-de-trabalho\/","title":{"rendered":"Perda de audi\u00e7\u00e3o: Seconci-SP alerta para a import\u00e2ncia da preven\u00e7\u00e3o no ambiente de trabalho"},"content":{"rendered":"<p style=\"text-align: center;\"><em>Implementa\u00e7\u00e3o do Programa de Conserva\u00e7\u00e3o Auditiva reduz a incid\u00eancia do problema entre trabalhadores<\/em><\/p>\n<p style=\"text-align: justify;\">| <strong>Assessoria de Comunica\u00e7\u00e3o Social do Seconci-SP<\/strong> |<\/p>\n<p style=\"text-align: justify;\">Estimativas da Organiza\u00e7\u00e3o Mundial da Sa\u00fade (OMS) apontam que at\u00e9 2030, cerca de 630 milh\u00f5es pessoas poder\u00e3o ter surdez. O n\u00famero chama a aten\u00e7\u00e3o para a import\u00e2ncia dos programas de preven\u00e7\u00e3o. Nesse sentido, o Seconci-SP (Servi\u00e7o Social da Constru\u00e7\u00e3o) alerta para o problema, principalmente nos canteiros de obras, onde os trabalhadores est\u00e3o expostos a ru\u00eddos por tempos prolongados.<\/p>\n<p style=\"text-align: justify;\">O dr. Danilo Machado de Araujo Sarti, gerente de Medicina Ocupacional da entidade, explica que a perda auditiva, na maioria dos casos, n\u00e3o \u00e9 percebida pelas pessoas, sendo diagnosticada geralmente quando o trabalhador j\u00e1 est\u00e1 com uma importante parte da audi\u00e7\u00e3o comprometida. \u201cPor isso, \u00e9 recomend\u00e1vel que todas as empresas tenham iniciativas que acompanhem e avaliem a sa\u00fade auditiva dos colaboradores\u201d, destaca.<\/p>\n<p style=\"text-align: justify;\">Sarti comenta que a perda da audi\u00e7\u00e3o nos canteiros de obra pode ser causada por exposi\u00e7\u00f5es a: ru\u00eddos, calor, vibra\u00e7\u00f5es e agentes qu\u00edmicos. Assim, torna-se necess\u00e1rio que as construtoras contem com um programa que foque tanto na preven\u00e7\u00e3o (identifica\u00e7\u00e3o de agentes causadores de surdez), quanto no acompanhamento dos trabalhadores durante toda a obra.<\/p>\n<p style=\"text-align: justify;\">O gerente de Medicina Ocupacional explica que o Seconci-SP conta hoje com um Programa de Conserva\u00e7\u00e3o Auditiva (PCA) que traz exatamente estes focos. \u201cOs trabalhadores s\u00e3o acompanhados por fonoaudi\u00f3logo onde, al\u00e9m dos exames audiom\u00e9tricos peri\u00f3dicos, tamb\u00e9m s\u00e3o realizadas verifica\u00e7\u00f5es regulares para a detec\u00e7\u00e3o de novos casos e evolu\u00e7\u00e3o dos funcion\u00e1rios diagnosticados\u201d, explica.<\/p>\n<p style=\"text-align: justify;\">O PCA \u00e9 elaborado com base nas an\u00e1lises do Programa de Preven\u00e7\u00e3o de Riscos Ambientais (PPRA), o documento que aponta os riscos f\u00edsicos, qu\u00edmicos e biol\u00f3gicos presentes no local de trabalho, para estabelecer metodologias que garantam a preven\u00e7\u00e3o da sa\u00fade e integridade dos trabalhadores.<\/p>\n<p style=\"text-align: justify;\">O m\u00e9dico salienta ser nesta hora que muitas empresas falham, porque o PPRA determina a medi\u00e7\u00e3o de ru\u00eddo no local onde ser\u00e1 exercida a atividade laboral, por\u00e9m essa emiss\u00e3o de ru\u00eddo e demais agentes podem variar ao longo do dia.<\/p>\n<p style=\"text-align: justify;\">No PPRA elaborado pelo Seconci-SP esta avalia\u00e7\u00e3o \u00e9 realizada por meio de sistema de dosimetria onde o trabalhador fica com um aparelho de aferi\u00e7\u00e3o durante todo o dia. \u201cIsso \u00e9 um diferencial relevante, pois \u00e9 poss\u00edvel a elabora\u00e7\u00e3o de um PCA mais preciso, garantindo que o trabalhador tenha os equipamentos de prote\u00e7\u00e3o adequados e ado\u00e7\u00e3o de medidas que mitiguem a emiss\u00e3o de ru\u00eddos prejudiciais\u201d, finaliza.<\/p>\n<p style=\"text-align: justify;\">As empresas que desejarem obter mais informa\u00e7\u00f5es sobre o Programa de Conserva\u00e7\u00e3o Auditiva oferecido pela entidade podem contatar o Seconci-SP atrav\u00e9s da \u00e1rea de Rela\u00e7\u00f5es Empresariais, pelo e-mail relacoesempresariais@seconci-sp.org.br ou pelo telefone (11) 3664-5844.<\/p>\n","protected":false},"excerpt":{"rendered":"<p>Implementa\u00e7\u00e3o do Programa de Conserva\u00e7\u00e3o Auditiva reduz a incid\u00eancia do problema entre trabalhadores | Assessoria de Comunica\u00e7\u00e3o Social do Seconci-SP | Estimativas da Organiza\u00e7\u00e3o Mundial da Sa\u00fade (OMS) apontam que at\u00e9 2030, cerca de 630 milh\u00f5es pessoas poder\u00e3o ter surdez. O n\u00famero chama a aten\u00e7\u00e3o para a import\u00e2ncia dos programas de preven\u00e7\u00e3o. Nesse sentido, o [&hellip;]<\/p>\n","protected":false},"author":3,"featured_media":8087,"comment_status":"closed","ping_status":"closed","sticky":false,"template":"","format":"standard","meta":{"footnotes":""},"categories":[87],"tags":[],"class_list":["post-8385","post","type-post","status-publish","format-standard","has-post-thumbnail","hentry","category-seconci-sao-paulo"],"yoast_head":"<!-- This site is optimized with the Yoast SEO plugin v26.9 - https:\/\/yoast.com\/product\/yoast-seo-wordpress\/ -->\n<title>Perda de audi\u00e7\u00e3o: Seconci-SP alerta para a import\u00e2ncia da preven\u00e7\u00e3o no ambiente de trabalho - Seconci Brasil<\/title>\n<meta name=\"robots\" content=\"index, follow, max-snippet:-1, max-image-preview:large, max-video-preview:-1\" \/>\n<link rel=\"canonical\" href=\"https:\/\/seconci.com.br\/site\/2019\/05\/23\/perda-de-audicao-seconci-sp-alerta-para-a-importancia-da-prevencao-no-ambiente-de-trabalho\/\" \/>\n<meta property=\"og:locale\" content=\"pt_PT\" \/>\n<meta property=\"og:type\" content=\"article\" \/>\n<meta property=\"og:title\" content=\"Perda de audi\u00e7\u00e3o: Seconci-SP alerta para a import\u00e2ncia da preven\u00e7\u00e3o no ambiente de trabalho - Seconci Brasil\" \/>\n<meta property=\"og:description\" content=\"Implementa\u00e7\u00e3o do Programa de Conserva\u00e7\u00e3o Auditiva reduz a incid\u00eancia do problema entre trabalhadores | Assessoria de Comunica\u00e7\u00e3o Social do Seconci-SP | Estimativas da Organiza\u00e7\u00e3o Mundial da Sa\u00fade (OMS) apontam que at\u00e9 2030, cerca de 630 milh\u00f5es pessoas poder\u00e3o ter surdez. O n\u00famero chama a aten\u00e7\u00e3o para a import\u00e2ncia dos programas de preven\u00e7\u00e3o. Nesse sentido, o [&hellip;]\" \/>\n<meta property=\"og:url\" content=\"https:\/\/seconci.com.br\/site\/2019\/05\/23\/perda-de-audicao-seconci-sp-alerta-para-a-importancia-da-prevencao-no-ambiente-de-trabalho\/\" \/>\n<meta property=\"og:site_name\" content=\"Seconci Brasil\" \/>\n<meta property=\"article:published_time\" content=\"2019-05-23T14:39:33+00:00\" \/>\n<meta property=\"og:image\" content=\"https:\/\/seconci.com.br\/site\/wp-content\/uploads\/2019\/02\/download.jpg\" \/>\n\t<meta property=\"og:image:width\" content=\"299\" \/>\n\t<meta property=\"og:image:height\" content=\"169\" \/>\n\t<meta property=\"og:image:type\" content=\"image\/jpeg\" \/>\n<meta name=\"author\" content=\"Sidney Rocha\" \/>\n<meta name=\"twitter:card\" content=\"summary_large_image\" \/>\n<meta name=\"twitter:label1\" content=\"Escrito por\" \/>\n\t<meta name=\"twitter:data1\" content=\"Sidney Rocha\" \/>\n\t<meta name=\"twitter:label2\" content=\"Tempo estimado de leitura\" \/>\n\t<meta name=\"twitter:data2\" content=\"2 minutos\" \/>\n<script type=\"application\/ld+json\" class=\"yoast-schema-graph\">{\"@context\":\"https:\/\/schema.org\",\"@graph\":[{\"@type\":\"Article\",\"@id\":\"https:\/\/seconci.com.br\/site\/2019\/05\/23\/perda-de-audicao-seconci-sp-alerta-para-a-importancia-da-prevencao-no-ambiente-de-trabalho\/#article\",\"isPartOf\":{\"@id\":\"https:\/\/seconci.com.br\/site\/2019\/05\/23\/perda-de-audicao-seconci-sp-alerta-para-a-importancia-da-prevencao-no-ambiente-de-trabalho\/\"},\"author\":{\"name\":\"Sidney Rocha\",\"@id\":\"https:\/\/seconci.com.br\/site\/#\/schema\/person\/1d79afd97ddc8f2c68c1e88e298aa8e2\"},\"headline\":\"Perda de audi\u00e7\u00e3o: Seconci-SP alerta para a import\u00e2ncia da preven\u00e7\u00e3o no ambiente de trabalho\",\"datePublished\":\"2019-05-23T14:39:33+00:00\",\"mainEntityOfPage\":{\"@id\":\"https:\/\/seconci.com.br\/site\/2019\/05\/23\/perda-de-audicao-seconci-sp-alerta-para-a-importancia-da-prevencao-no-ambiente-de-trabalho\/\"},\"wordCount\":503,\"publisher\":{\"@id\":\"https:\/\/seconci.com.br\/site\/#organization\"},\"image\":{\"@id\":\"https:\/\/seconci.com.br\/site\/2019\/05\/23\/perda-de-audicao-seconci-sp-alerta-para-a-importancia-da-prevencao-no-ambiente-de-trabalho\/#primaryimage\"},\"thumbnailUrl\":\"https:\/\/seconci.com.br\/site\/wp-content\/uploads\/2019\/02\/download.jpg\",\"articleSection\":[\"Seconci S\u00e3o Paulo\"],\"inLanguage\":\"pt-PT\"},{\"@type\":\"WebPage\",\"@id\":\"https:\/\/seconci.com.br\/site\/2019\/05\/23\/perda-de-audicao-seconci-sp-alerta-para-a-importancia-da-prevencao-no-ambiente-de-trabalho\/\",\"url\":\"https:\/\/seconci.com.br\/site\/2019\/05\/23\/perda-de-audicao-seconci-sp-alerta-para-a-importancia-da-prevencao-no-ambiente-de-trabalho\/\",\"name\":\"Perda de audi\u00e7\u00e3o: Seconci-SP alerta para a import\u00e2ncia da preven\u00e7\u00e3o no ambiente de trabalho - Seconci Brasil\",\"isPartOf\":{\"@id\":\"https:\/\/seconci.com.br\/site\/#website\"},\"primaryImageOfPage\":{\"@id\":\"https:\/\/seconci.com.br\/site\/2019\/05\/23\/perda-de-audicao-seconci-sp-alerta-para-a-importancia-da-prevencao-no-ambiente-de-trabalho\/#primaryimage\"},\"image\":{\"@id\":\"https:\/\/seconci.com.br\/site\/2019\/05\/23\/perda-de-audicao-seconci-sp-alerta-para-a-importancia-da-prevencao-no-ambiente-de-trabalho\/#primaryimage\"},\"thumbnailUrl\":\"https:\/\/seconci.com.br\/site\/wp-content\/uploads\/2019\/02\/download.jpg\",\"datePublished\":\"2019-05-23T14:39:33+00:00\",\"breadcrumb\":{\"@id\":\"https:\/\/seconci.com.br\/site\/2019\/05\/23\/perda-de-audicao-seconci-sp-alerta-para-a-importancia-da-prevencao-no-ambiente-de-trabalho\/#breadcrumb\"},\"inLanguage\":\"pt-PT\",\"potentialAction\":[{\"@type\":\"ReadAction\",\"target\":[\"https:\/\/seconci.com.br\/site\/2019\/05\/23\/perda-de-audicao-seconci-sp-alerta-para-a-importancia-da-prevencao-no-ambiente-de-trabalho\/\"]}]},{\"@type\":\"ImageObject\",\"inLanguage\":\"pt-PT\",\"@id\":\"https:\/\/seconci.com.br\/site\/2019\/05\/23\/perda-de-audicao-seconci-sp-alerta-para-a-importancia-da-prevencao-no-ambiente-de-trabalho\/#primaryimage\",\"url\":\"https:\/\/seconci.com.br\/site\/wp-content\/uploads\/2019\/02\/download.jpg\",\"contentUrl\":\"https:\/\/seconci.com.br\/site\/wp-content\/uploads\/2019\/02\/download.jpg\",\"width\":299,\"height\":169},{\"@type\":\"BreadcrumbList\",\"@id\":\"https:\/\/seconci.com.br\/site\/2019\/05\/23\/perda-de-audicao-seconci-sp-alerta-para-a-importancia-da-prevencao-no-ambiente-de-trabalho\/#breadcrumb\",\"itemListElement\":[{\"@type\":\"ListItem\",\"position\":1,\"name\":\"In\u00edcio\",\"item\":\"https:\/\/seconci.com.br\/site\/\"},{\"@type\":\"ListItem\",\"position\":2,\"name\":\"Perda de audi\u00e7\u00e3o: Seconci-SP alerta para a import\u00e2ncia da preven\u00e7\u00e3o no ambiente de trabalho\"}]},{\"@type\":\"WebSite\",\"@id\":\"https:\/\/seconci.com.br\/site\/#website\",\"url\":\"https:\/\/seconci.com.br\/site\/\",\"name\":\"Seconci Brasil\",\"description\":\"\",\"publisher\":{\"@id\":\"https:\/\/seconci.com.br\/site\/#organization\"},\"potentialAction\":[{\"@type\":\"SearchAction\",\"target\":{\"@type\":\"EntryPoint\",\"urlTemplate\":\"https:\/\/seconci.com.br\/site\/?s={search_term_string}\"},\"query-input\":{\"@type\":\"PropertyValueSpecification\",\"valueRequired\":true,\"valueName\":\"search_term_string\"}}],\"inLanguage\":\"pt-PT\"},{\"@type\":\"Organization\",\"@id\":\"https:\/\/seconci.com.br\/site\/#organization\",\"name\":\"Seconci Brasil\",\"url\":\"https:\/\/seconci.com.br\/site\/\",\"logo\":{\"@type\":\"ImageObject\",\"inLanguage\":\"pt-PT\",\"@id\":\"https:\/\/seconci.com.br\/site\/#\/schema\/logo\/image\/\",\"url\":\"https:\/\/seconci.com.br\/site\/wp-content\/uploads\/2024\/08\/Logo-Seconci-Brasil-branca-2.png\",\"contentUrl\":\"https:\/\/seconci.com.br\/site\/wp-content\/uploads\/2024\/08\/Logo-Seconci-Brasil-branca-2.png\",\"width\":1315,\"height\":598,\"caption\":\"Seconci Brasil\"},\"image\":{\"@id\":\"https:\/\/seconci.com.br\/site\/#\/schema\/logo\/image\/\"}},{\"@type\":\"Person\",\"@id\":\"https:\/\/seconci.com.br\/site\/#\/schema\/person\/1d79afd97ddc8f2c68c1e88e298aa8e2\",\"name\":\"Sidney Rocha\",\"description\":\"Comunicador e estagi\u00e1rio do Seconci Brasil.\",\"url\":\"https:\/\/seconci.com.br\/site\/author\/sidney-rocha\/\"}]}<\/script>\n<!-- \/ Yoast SEO plugin. -->","yoast_head_json":{"title":"Perda de audi\u00e7\u00e3o: Seconci-SP alerta para a import\u00e2ncia da preven\u00e7\u00e3o no ambiente de trabalho - Seconci Brasil","robots":{"index":"index","follow":"follow","max-snippet":"max-snippet:-1","max-image-preview":"max-image-preview:large","max-video-preview":"max-video-preview:-1"},"canonical":"https:\/\/seconci.com.br\/site\/2019\/05\/23\/perda-de-audicao-seconci-sp-alerta-para-a-importancia-da-prevencao-no-ambiente-de-trabalho\/","og_locale":"pt_PT","og_type":"article","og_title":"Perda de audi\u00e7\u00e3o: Seconci-SP alerta para a import\u00e2ncia da preven\u00e7\u00e3o no ambiente de trabalho - Seconci Brasil","og_description":"Implementa\u00e7\u00e3o do Programa de Conserva\u00e7\u00e3o Auditiva reduz a incid\u00eancia do problema entre trabalhadores | Assessoria de Comunica\u00e7\u00e3o Social do Seconci-SP | Estimativas da Organiza\u00e7\u00e3o Mundial da Sa\u00fade (OMS) apontam que at\u00e9 2030, cerca de 630 milh\u00f5es pessoas poder\u00e3o ter surdez. O n\u00famero chama a aten\u00e7\u00e3o para a import\u00e2ncia dos programas de preven\u00e7\u00e3o. Nesse sentido, o [&hellip;]","og_url":"https:\/\/seconci.com.br\/site\/2019\/05\/23\/perda-de-audicao-seconci-sp-alerta-para-a-importancia-da-prevencao-no-ambiente-de-trabalho\/","og_site_name":"Seconci Brasil","article_published_time":"2019-05-23T14:39:33+00:00","og_image":[{"width":299,"height":169,"url":"https:\/\/seconci.com.br\/site\/wp-content\/uploads\/2019\/02\/download.jpg","type":"image\/jpeg"}],"author":"Sidney Rocha","twitter_card":"summary_large_image","twitter_misc":{"Escrito por":"Sidney Rocha","Tempo estimado de leitura":"2 minutos"},"schema":{"@context":"https:\/\/schema.org","@graph":[{"@type":"Article","@id":"https:\/\/seconci.com.br\/site\/2019\/05\/23\/perda-de-audicao-seconci-sp-alerta-para-a-importancia-da-prevencao-no-ambiente-de-trabalho\/#article","isPartOf":{"@id":"https:\/\/seconci.com.br\/site\/2019\/05\/23\/perda-de-audicao-seconci-sp-alerta-para-a-importancia-da-prevencao-no-ambiente-de-trabalho\/"},"author":{"name":"Sidney Rocha","@id":"https:\/\/seconci.com.br\/site\/#\/schema\/person\/1d79afd97ddc8f2c68c1e88e298aa8e2"},"headline":"Perda de audi\u00e7\u00e3o: Seconci-SP alerta para a import\u00e2ncia da preven\u00e7\u00e3o no ambiente de trabalho","datePublished":"2019-05-23T14:39:33+00:00","mainEntityOfPage":{"@id":"https:\/\/seconci.com.br\/site\/2019\/05\/23\/perda-de-audicao-seconci-sp-alerta-para-a-importancia-da-prevencao-no-ambiente-de-trabalho\/"},"wordCount":503,"publisher":{"@id":"https:\/\/seconci.com.br\/site\/#organization"},"image":{"@id":"https:\/\/seconci.com.br\/site\/2019\/05\/23\/perda-de-audicao-seconci-sp-alerta-para-a-importancia-da-prevencao-no-ambiente-de-trabalho\/#primaryimage"},"thumbnailUrl":"https:\/\/seconci.com.br\/site\/wp-content\/uploads\/2019\/02\/download.jpg","articleSection":["Seconci S\u00e3o Paulo"],"inLanguage":"pt-PT"},{"@type":"WebPage","@id":"https:\/\/seconci.com.br\/site\/2019\/05\/23\/perda-de-audicao-seconci-sp-alerta-para-a-importancia-da-prevencao-no-ambiente-de-trabalho\/","url":"https:\/\/seconci.com.br\/site\/2019\/05\/23\/perda-de-audicao-seconci-sp-alerta-para-a-importancia-da-prevencao-no-ambiente-de-trabalho\/","name":"Perda de audi\u00e7\u00e3o: Seconci-SP alerta para a import\u00e2ncia da preven\u00e7\u00e3o no ambiente de trabalho - Seconci Brasil","isPartOf":{"@id":"https:\/\/seconci.com.br\/site\/#website"},"primaryImageOfPage":{"@id":"https:\/\/seconci.com.br\/site\/2019\/05\/23\/perda-de-audicao-seconci-sp-alerta-para-a-importancia-da-prevencao-no-ambiente-de-trabalho\/#primaryimage"},"image":{"@id":"https:\/\/seconci.com.br\/site\/2019\/05\/23\/perda-de-audicao-seconci-sp-alerta-para-a-importancia-da-prevencao-no-ambiente-de-trabalho\/#primaryimage"},"thumbnailUrl":"https:\/\/seconci.com.br\/site\/wp-content\/uploads\/2019\/02\/download.jpg","datePublished":"2019-05-23T14:39:33+00:00","breadcrumb":{"@id":"https:\/\/seconci.com.br\/site\/2019\/05\/23\/perda-de-audicao-seconci-sp-alerta-para-a-importancia-da-prevencao-no-ambiente-de-trabalho\/#breadcrumb"},"inLanguage":"pt-PT","potentialAction":[{"@type":"ReadAction","target":["https:\/\/seconci.com.br\/site\/2019\/05\/23\/perda-de-audicao-seconci-sp-alerta-para-a-importancia-da-prevencao-no-ambiente-de-trabalho\/"]}]},{"@type":"ImageObject","inLanguage":"pt-PT","@id":"https:\/\/seconci.com.br\/site\/2019\/05\/23\/perda-de-audicao-seconci-sp-alerta-para-a-importancia-da-prevencao-no-ambiente-de-trabalho\/#primaryimage","url":"https:\/\/seconci.com.br\/site\/wp-content\/uploads\/2019\/02\/download.jpg","contentUrl":"https:\/\/seconci.com.br\/site\/wp-content\/uploads\/2019\/02\/download.jpg","width":299,"height":169},{"@type":"BreadcrumbList","@id":"https:\/\/seconci.com.br\/site\/2019\/05\/23\/perda-de-audicao-seconci-sp-alerta-para-a-importancia-da-prevencao-no-ambiente-de-trabalho\/#breadcrumb","itemListElement":[{"@type":"ListItem","position":1,"name":"In\u00edcio","item":"https:\/\/seconci.com.br\/site\/"},{"@type":"ListItem","position":2,"name":"Perda de audi\u00e7\u00e3o: Seconci-SP alerta para a import\u00e2ncia da preven\u00e7\u00e3o no ambiente de trabalho"}]},{"@type":"WebSite","@id":"https:\/\/seconci.com.br\/site\/#website","url":"https:\/\/seconci.com.br\/site\/","name":"Seconci Brasil","description":"","publisher":{"@id":"https:\/\/seconci.com.br\/site\/#organization"},"potentialAction":[{"@type":"SearchAction","target":{"@type":"EntryPoint","urlTemplate":"https:\/\/seconci.com.br\/site\/?s={search_term_string}"},"query-input":{"@type":"PropertyValueSpecification","valueRequired":true,"valueName":"search_term_string"}}],"inLanguage":"pt-PT"},{"@type":"Organization","@id":"https:\/\/seconci.com.br\/site\/#organization","name":"Seconci Brasil","url":"https:\/\/seconci.com.br\/site\/","logo":{"@type":"ImageObject","inLanguage":"pt-PT","@id":"https:\/\/seconci.com.br\/site\/#\/schema\/logo\/image\/","url":"https:\/\/seconci.com.br\/site\/wp-content\/uploads\/2024\/08\/Logo-Seconci-Brasil-branca-2.png","contentUrl":"https:\/\/seconci.com.br\/site\/wp-content\/uploads\/2024\/08\/Logo-Seconci-Brasil-branca-2.png","width":1315,"height":598,"caption":"Seconci Brasil"},"image":{"@id":"https:\/\/seconci.com.br\/site\/#\/schema\/logo\/image\/"}},{"@type":"Person","@id":"https:\/\/seconci.com.br\/site\/#\/schema\/person\/1d79afd97ddc8f2c68c1e88e298aa8e2","name":"Sidney Rocha","description":"Comunicador e estagi\u00e1rio do Seconci Brasil.","url":"https:\/\/seconci.com.br\/site\/author\/sidney-rocha\/"}]}},"_links":{"self":[{"href":"https:\/\/seconci.com.br\/site\/wp-json\/wp\/v2\/posts\/8385","targetHints":{"allow":["GET"]}}],"collection":[{"href":"https:\/\/seconci.com.br\/site\/wp-json\/wp\/v2\/posts"}],"about":[{"href":"https:\/\/seconci.com.br\/site\/wp-json\/wp\/v2\/types\/post"}],"author":[{"embeddable":true,"href":"https:\/\/seconci.com.br\/site\/wp-json\/wp\/v2\/users\/3"}],"replies":[{"embeddable":true,"href":"https:\/\/seconci.com.br\/site\/wp-json\/wp\/v2\/comments?post=8385"}],"version-history":[{"count":0,"href":"https:\/\/seconci.com.br\/site\/wp-json\/wp\/v2\/posts\/8385\/revisions"}],"wp:featuredmedia":[{"embeddable":true,"href":"https:\/\/seconci.com.br\/site\/wp-json\/wp\/v2\/media\/8087"}],"wp:attachment":[{"href":"https:\/\/seconci.com.br\/site\/wp-json\/wp\/v2\/media?parent=8385"}],"wp:term":[{"taxonomy":"category","embeddable":true,"href":"https:\/\/seconci.com.br\/site\/wp-json\/wp\/v2\/categories?post=8385"},{"taxonomy":"post_tag","embeddable":true,"href":"https:\/\/seconci.com.br\/site\/wp-json\/wp\/v2\/tags?post=8385"}],"curies":[{"name":"wp","href":"https:\/\/api.w.org\/{rel}","templated":true}]}}