{"id":8429,"date":"2019-06-13T12:15:21","date_gmt":"2019-06-13T12:15:21","guid":{"rendered":"https:\/\/seconci.com.br\/site\/?p=8429"},"modified":"2019-06-13T12:15:21","modified_gmt":"2019-06-13T12:15:21","slug":"governo-federal-revisa-normas-de-seguranca-e-saude-no-trabalho","status":"publish","type":"post","link":"https:\/\/seconci.com.br\/site\/2019\/06\/13\/governo-federal-revisa-normas-de-seguranca-e-saude-no-trabalho\/","title":{"rendered":"Governo federal revisa normas de seguran\u00e7a e sa\u00fade no trabalho"},"content":{"rendered":"<p>| Ag\u00eancia Cbic |<\/p>\n<p>O governo federal anunciou que est\u00e1 trabalhando na revis\u00e3o das\u00a0<b>Normas Regulamentadoras<\/b>\u00a0de seguran\u00e7a e sa\u00fade no trabalho (NR\u2019s). O objetivo \u00e9 a moderniza\u00e7\u00e3o desses instrumentos por meio da desregulamenta\u00e7\u00e3o, simplifica\u00e7\u00e3o e desburocratiza\u00e7\u00e3o, visando \u00e0 melhoria na produtividade das empresas e \u00e0 gera\u00e7\u00e3o de empregos.<\/p>\n<p>Para 2019, o cronograma do Minist\u00e9rio da Economia prev\u00ea discuss\u00f5es com foco na flexibiliza\u00e7\u00e3o de 14 destas normas:<\/p>\n<ul>\n<li><a href=\"https:\/\/enit.trabalho.gov.br\/portal\/images\/Arquivos_SST\/SST_NR\/NR-04.pdf\">NR-4<\/a>\u00a0\u2013 Servi\u00e7os especializados em engenharia de seguran\u00e7a e em medicina do trabalho (SESMT);<\/li>\n<li><a href=\"https:\/\/enit.trabalho.gov.br\/portal\/images\/Arquivos_SST\/SST_NR\/NR-05.pdf\">NR-5<\/a>\u00a0\u2013\u00a0<b>Comiss\u00e3o interna de preven\u00e7\u00e3o de acidentes<\/b>\u00a0(CIPA);<\/li>\n<li><a href=\"https:\/\/enit.trabalho.gov.br\/portal\/images\/Arquivos_SST\/SST_NR\/NR-07.pdf\">NR-7<\/a>\u00a0\u2013 Programa de controle m\u00e9dico de sa\u00fade ocupacional (PCMSO);<\/li>\n<li><a href=\"https:\/\/enit.trabalho.gov.br\/portal\/images\/Arquivos_SST\/SST_NR\/NR-09.pdf\">NR-9<\/a>\u00a0\u2013\u00a0<b>Programa de preven\u00e7\u00e3o de riscos ambientais<\/b>\u00a0(PPRA);<\/li>\n<li><a href=\"https:\/\/enit.trabalho.gov.br\/portal\/images\/Arquivos_SST\/SST_NR\/NR-10.pdf\">NR-10<\/a>\u00a0\u2013\u00a0<b>Seguran\u00e7a em instala\u00e7\u00f5es e servi\u00e7os em eletricidade<\/b>;<\/li>\n<li><a href=\"https:\/\/enit.trabalho.gov.br\/portal\/images\/Arquivos_SST\/SST_NR\/NR-15.pdf\">NR-15<\/a>\u00a0\u2013 Atividades e opera\u00e7\u00f5es insalubres;\n<ul>\n<li>NR-15 \u2013<a href=\"https:\/\/enit.trabalho.gov.br\/portal\/images\/Arquivos_SST\/SST_NR\/NR-15-Anexo-01.pdf\">\u00a0Anexo 1<\/a>\u00a0\u2013\u00a0<b>Limites de toler\u00e2ncia para ru\u00eddo cont\u00ednuo ou intermitente<\/b>;<\/li>\n<li>NR-15 \u2013<a href=\"https:\/\/enit.trabalho.gov.br\/portal\/images\/Arquivos_SST\/SST_NR\/NR-15-Anexo-02.pdf\">\u00a0Anexo 2<\/a>\u00a0\u2013\u00a0<b>Limites de toler\u00e2ncia para ru\u00eddos de impacto<\/b>;<\/li>\n<li>NR-15 \u2013<a href=\"https:\/\/enit.trabalho.gov.br\/portal\/images\/Arquivos_SST\/SST_NR\/NR-15-Anexo-13A.pdf\">\u00a0Anexo 13a<\/a>\u00a0\u2013 Benzeno + cancer\u00edgenos;<\/li>\n<\/ul>\n<\/li>\n<li><a href=\"https:\/\/enit.trabalho.gov.br\/portal\/images\/Arquivos_SST\/SST_NR\/NR-17.pdf\">NR-17<\/a>\u00a0\u2013 Ergonomia;<\/li>\n<li><a href=\"https:\/\/enit.trabalho.gov.br\/portal\/images\/Arquivos_SST\/SST_NR\/NR-18.pdf\">NR-18<\/a>\u00a0\u2013\u00a0<b>Condi\u00e7\u00f5es e meio ambiente de trabalho na ind\u00fastria da constru\u00e7\u00e3o<\/b>;<\/li>\n<li><a href=\"https:\/\/enit.trabalho.gov.br\/portal\/images\/Arquivos_SST\/SST_NR\/NR-20.pdf\">NR-20<\/a>\u00a0\u2013 Seguran\u00e7a e sa\u00fade no trabalho com inflam\u00e1veis e combust\u00edveis;<\/li>\n<li><a href=\"https:\/\/enit.trabalho.gov.br\/portal\/images\/Arquivos_SST\/SST_NR\/NR-24.pdf\">NR-24<\/a>\u00a0\u2013 Condi\u00e7\u00f5es sanit\u00e1rias e de conforto nos locais de trabalho;<\/li>\n<li><a href=\"https:\/\/enit.trabalho.gov.br\/portal\/images\/Arquivos_SST\/SST_NR\/NR-29.pdf\">NR-29<\/a>\u00a0\u2013 Norma regulamentadora de seguran\u00e7a e sa\u00fade no trabalho portu\u00e1rio;<\/li>\n<li><a href=\"https:\/\/enit.trabalho.gov.br\/portal\/images\/Arquivos_SST\/SST_NR\/NR-30.pdf\">NR-30<\/a>\u00a0\u2013 Seguran\u00e7a e sa\u00fade no trabalho aquavi\u00e1rio;<\/li>\n<li><a href=\"https:\/\/enit.trabalho.gov.br\/portal\/images\/Arquivos_SST\/SST_NR\/NR-31.pdf\">NR-31<\/a>\u00a0\u2013 Seguran\u00e7a e sa\u00fade no trabalho na agricultura, pecu\u00e1ria silvicultura, explora\u00e7\u00e3o florestal e aquicultura;<\/li>\n<li><a href=\"https:\/\/enit.trabalho.gov.br\/portal\/images\/Arquivos_SST\/SST_NR\/NR-32.pdf\">NR-32<\/a>\u00a0\u2013 Seguran\u00e7a e sa\u00fade no trabalho em servi\u00e7os de sa\u00fade.<\/li>\n<\/ul>\n<p>H\u00e1 ainda a expectativa de que a<a href=\"https:\/\/enit.trabalho.gov.br\/portal\/images\/Arquivos_SST\/SST_NR\/NR-01.pdf\">\u00a0NR-1<\/a>\u00a0(<i>Geral<\/i>) e<a href=\"https:\/\/enit.trabalho.gov.br\/portal\/images\/Arquivos_SST\/SST_NR\/NR-12.pdf\">\u00a0NR-12<\/a>\u00a0(<i>Seguran\u00e7a no trabalho em m\u00e1quinas e equipamentos<\/i>) possam ser inclu\u00eddas no rol de normas rediscutidas neste ano.<\/p>\n<p>O processo de atualiza\u00e7\u00e3o inclui a realiza\u00e7\u00e3o de consultas p\u00fablicas para a apresenta\u00e7\u00e3o de sugest\u00f5es pela sociedade, reuni\u00f5es de grupos tripartites para discutir as propostas de altera\u00e7\u00f5es feitas nas consultas, e, por fim, aprova\u00e7\u00e3o do texto final na CTPP.<\/p>\n<p>No quadro abaixo est\u00e3o listadas as NR\u2019s e o m\u00eas em que ser\u00e3o colocadas em Consulta P\u00fablica. Logo abaixo, no segundo quadro, est\u00e3o \u00e0s datas em que a CTPP se reunir\u00e1 para deliberar sobre as revis\u00f5es das NR\u2019s.<\/p>\n<p>&nbsp;<\/p>\n<table>\n<tbody>\n<tr>\n<td><b>Consulta P\u00fablica<\/b><\/td>\n<td><b>Norma Regulamentadora (NR)<\/b><\/td>\n<\/tr>\n<tr>\n<td rowspan=\"3\">Jul\/2019<\/td>\n<td>NR4 \u2013 SESMT<\/td>\n<\/tr>\n<tr>\n<td>NR5 \u2013 CIPA<\/td>\n<\/tr>\n<tr>\n<td>NR18 \u2013 Constru\u00e7\u00e3o Civil<\/td>\n<\/tr>\n<tr>\n<td rowspan=\"3\">Ago\/2019<\/td>\n<td>NR7 \u2013 PCMSO<\/td>\n<\/tr>\n<tr>\n<td>NR9 \u2013 PPRA<\/td>\n<\/tr>\n<tr>\n<td>NR17 \u2013 Ergonomia<\/td>\n<\/tr>\n<tr>\n<td rowspan=\"2\">Out\/2019<\/td>\n<td>NR10 \u2013 Instala\u00e7\u00f5es El\u00e9tricas<\/td>\n<\/tr>\n<tr>\n<td>NR31 \u2013 Rural<\/td>\n<\/tr>\n<tr>\n<td rowspan=\"3\">Nov\/2019<\/td>\n<td>NR29 \u2013 Portu\u00e1rio<\/td>\n<\/tr>\n<tr>\n<td>NR30 \u2013 Aquavi\u00e1rio<\/td>\n<\/tr>\n<tr>\n<td>NR32 \u2013 Servi\u00e7os de Sa\u00fade<\/td>\n<\/tr>\n<\/tbody>\n<\/table>\n<table>\n<tbody>\n<tr>\n<td><b>Data da Reuni\u00e3o da CTPP<\/b><\/td>\n<td><b>NR\u2019s Pautadas<\/b><\/td>\n<\/tr>\n<tr>\n<td>24\/07\/2019<\/td>\n<td>NR24 \u2013 Condi\u00e7\u00f5es de higiene e conforto<\/td>\n<\/tr>\n<tr>\n<td rowspan=\"2\">17 e 18\/09\/2019<\/td>\n<td>NR15 \u2013 Anexo 3 (Calor)<\/td>\n<\/tr>\n<tr>\n<td>NR20 \u2013 Inflam\u00e1veis e combust\u00edveis<\/td>\n<\/tr>\n<tr>\n<td rowspan=\"2\">15 e 16\/10\/2019<\/td>\n<td>NR4 \u2013 SESMT<\/td>\n<\/tr>\n<tr>\n<td>NR5 \u2013 CIPA<\/td>\n<\/tr>\n<tr>\n<td rowspan=\"4\">21 e 22\/11\/2019<\/td>\n<td>NR7 \u2013 PCMSO<\/td>\n<\/tr>\n<tr>\n<td>NR9 \u2013 PPRA<\/td>\n<\/tr>\n<tr>\n<td>NR17 \u2013 Ergonomia<\/td>\n<\/tr>\n<tr>\n<td>NR15 \u2013 Anexo 13a (Benzeno + Cancer\u00edgenos)<\/td>\n<\/tr>\n<tr>\n<td rowspan=\"2\">10 e 11\/12\/2019<\/td>\n<td>NR18 \u2013 Constru\u00e7\u00e3o Civil<\/td>\n<\/tr>\n<tr>\n<td>NR15 \u2013 Anexos 1 e 2 (Ru\u00eddo)<\/td>\n<\/tr>\n<\/tbody>\n<\/table>\n<p>Outras\u00a0<b>11 normas regulamentadoras<\/b>\u00a0ser\u00e3o alteradas ano que vem e, at\u00e9 2021, pretende-se que\u00a0<b>todas<\/b>\u00a0<b>as 37 em vigor passem por mudan\u00e7as<\/b>, conforme cronograma aprovado semana passada pela Comiss\u00e3o Tripartite Parit\u00e1ria Permanente (CTPP). A Comiss\u00e3o \u00e9 formada por representantes de governo, empregadores e trabalhadores, com assessoria da Funda\u00e7\u00e3o Jorge Duprat Figueiredo de Seguran\u00e7a e Medicina do Trabalho (Fundacentro).<\/p>\n","protected":false},"excerpt":{"rendered":"<p>| Ag\u00eancia Cbic | O governo federal anunciou que est\u00e1 trabalhando na revis\u00e3o das\u00a0Normas Regulamentadoras\u00a0de seguran\u00e7a e sa\u00fade no trabalho (NR\u2019s). O objetivo \u00e9 a moderniza\u00e7\u00e3o desses instrumentos por meio da desregulamenta\u00e7\u00e3o, simplifica\u00e7\u00e3o e desburocratiza\u00e7\u00e3o, visando \u00e0 melhoria na produtividade das empresas e \u00e0 gera\u00e7\u00e3o de empregos. Para 2019, o cronograma do Minist\u00e9rio da Economia [&hellip;]<\/p>\n","protected":false},"author":3,"featured_media":8430,"comment_status":"closed","ping_status":"closed","sticky":false,"template":"","format":"standard","meta":{"footnotes":""},"categories":[92],"tags":[],"class_list":["post-8429","post","type-post","status-publish","format-standard","has-post-thumbnail","hentry","category-seconci-brasil"],"yoast_head":"<!-- This site is optimized with the Yoast SEO plugin v26.9 - https:\/\/yoast.com\/product\/yoast-seo-wordpress\/ -->\n<title>Governo federal revisa normas de seguran\u00e7a e sa\u00fade no trabalho - Seconci Brasil<\/title>\n<meta name=\"robots\" content=\"index, follow, max-snippet:-1, max-image-preview:large, max-video-preview:-1\" \/>\n<link rel=\"canonical\" href=\"https:\/\/seconci.com.br\/site\/2019\/06\/13\/governo-federal-revisa-normas-de-seguranca-e-saude-no-trabalho\/\" \/>\n<meta property=\"og:locale\" content=\"pt_PT\" \/>\n<meta property=\"og:type\" content=\"article\" \/>\n<meta property=\"og:title\" content=\"Governo federal revisa normas de seguran\u00e7a e sa\u00fade no trabalho - Seconci Brasil\" \/>\n<meta property=\"og:description\" content=\"| Ag\u00eancia Cbic | O governo federal anunciou que est\u00e1 trabalhando na revis\u00e3o das\u00a0Normas Regulamentadoras\u00a0de seguran\u00e7a e sa\u00fade no trabalho (NR\u2019s). O objetivo \u00e9 a moderniza\u00e7\u00e3o desses instrumentos por meio da desregulamenta\u00e7\u00e3o, simplifica\u00e7\u00e3o e desburocratiza\u00e7\u00e3o, visando \u00e0 melhoria na produtividade das empresas e \u00e0 gera\u00e7\u00e3o de empregos. Para 2019, o cronograma do Minist\u00e9rio da Economia [&hellip;]\" \/>\n<meta property=\"og:url\" content=\"https:\/\/seconci.com.br\/site\/2019\/06\/13\/governo-federal-revisa-normas-de-seguranca-e-saude-no-trabalho\/\" \/>\n<meta property=\"og:site_name\" content=\"Seconci Brasil\" \/>\n<meta property=\"article:published_time\" content=\"2019-06-13T12:15:21+00:00\" \/>\n<meta property=\"og:image\" content=\"https:\/\/seconci.com.br\/site\/wp-content\/uploads\/2019\/06\/NRs.jpg\" \/>\n\t<meta property=\"og:image:width\" content=\"768\" \/>\n\t<meta property=\"og:image:height\" content=\"557\" \/>\n\t<meta property=\"og:image:type\" content=\"image\/jpeg\" \/>\n<meta name=\"author\" content=\"Sidney Rocha\" \/>\n<meta name=\"twitter:card\" content=\"summary_large_image\" \/>\n<meta name=\"twitter:label1\" content=\"Escrito por\" \/>\n\t<meta name=\"twitter:data1\" content=\"Sidney Rocha\" \/>\n\t<meta name=\"twitter:label2\" content=\"Tempo estimado de leitura\" \/>\n\t<meta name=\"twitter:data2\" content=\"3 minutos\" \/>\n<script type=\"application\/ld+json\" class=\"yoast-schema-graph\">{\"@context\":\"https:\/\/schema.org\",\"@graph\":[{\"@type\":\"Article\",\"@id\":\"https:\/\/seconci.com.br\/site\/2019\/06\/13\/governo-federal-revisa-normas-de-seguranca-e-saude-no-trabalho\/#article\",\"isPartOf\":{\"@id\":\"https:\/\/seconci.com.br\/site\/2019\/06\/13\/governo-federal-revisa-normas-de-seguranca-e-saude-no-trabalho\/\"},\"author\":{\"name\":\"Sidney Rocha\",\"@id\":\"https:\/\/seconci.com.br\/site\/#\/schema\/person\/1d79afd97ddc8f2c68c1e88e298aa8e2\"},\"headline\":\"Governo federal revisa normas de seguran\u00e7a e sa\u00fade no trabalho\",\"datePublished\":\"2019-06-13T12:15:21+00:00\",\"mainEntityOfPage\":{\"@id\":\"https:\/\/seconci.com.br\/site\/2019\/06\/13\/governo-federal-revisa-normas-de-seguranca-e-saude-no-trabalho\/\"},\"wordCount\":557,\"publisher\":{\"@id\":\"https:\/\/seconci.com.br\/site\/#organization\"},\"image\":{\"@id\":\"https:\/\/seconci.com.br\/site\/2019\/06\/13\/governo-federal-revisa-normas-de-seguranca-e-saude-no-trabalho\/#primaryimage\"},\"thumbnailUrl\":\"https:\/\/seconci.com.br\/site\/wp-content\/uploads\/2019\/06\/NRs.jpg\",\"articleSection\":[\"Seconci Brasil\"],\"inLanguage\":\"pt-PT\"},{\"@type\":\"WebPage\",\"@id\":\"https:\/\/seconci.com.br\/site\/2019\/06\/13\/governo-federal-revisa-normas-de-seguranca-e-saude-no-trabalho\/\",\"url\":\"https:\/\/seconci.com.br\/site\/2019\/06\/13\/governo-federal-revisa-normas-de-seguranca-e-saude-no-trabalho\/\",\"name\":\"Governo federal revisa normas de seguran\u00e7a e sa\u00fade no trabalho - Seconci Brasil\",\"isPartOf\":{\"@id\":\"https:\/\/seconci.com.br\/site\/#website\"},\"primaryImageOfPage\":{\"@id\":\"https:\/\/seconci.com.br\/site\/2019\/06\/13\/governo-federal-revisa-normas-de-seguranca-e-saude-no-trabalho\/#primaryimage\"},\"image\":{\"@id\":\"https:\/\/seconci.com.br\/site\/2019\/06\/13\/governo-federal-revisa-normas-de-seguranca-e-saude-no-trabalho\/#primaryimage\"},\"thumbnailUrl\":\"https:\/\/seconci.com.br\/site\/wp-content\/uploads\/2019\/06\/NRs.jpg\",\"datePublished\":\"2019-06-13T12:15:21+00:00\",\"breadcrumb\":{\"@id\":\"https:\/\/seconci.com.br\/site\/2019\/06\/13\/governo-federal-revisa-normas-de-seguranca-e-saude-no-trabalho\/#breadcrumb\"},\"inLanguage\":\"pt-PT\",\"potentialAction\":[{\"@type\":\"ReadAction\",\"target\":[\"https:\/\/seconci.com.br\/site\/2019\/06\/13\/governo-federal-revisa-normas-de-seguranca-e-saude-no-trabalho\/\"]}]},{\"@type\":\"ImageObject\",\"inLanguage\":\"pt-PT\",\"@id\":\"https:\/\/seconci.com.br\/site\/2019\/06\/13\/governo-federal-revisa-normas-de-seguranca-e-saude-no-trabalho\/#primaryimage\",\"url\":\"https:\/\/seconci.com.br\/site\/wp-content\/uploads\/2019\/06\/NRs.jpg\",\"contentUrl\":\"https:\/\/seconci.com.br\/site\/wp-content\/uploads\/2019\/06\/NRs.jpg\",\"width\":768,\"height\":557},{\"@type\":\"BreadcrumbList\",\"@id\":\"https:\/\/seconci.com.br\/site\/2019\/06\/13\/governo-federal-revisa-normas-de-seguranca-e-saude-no-trabalho\/#breadcrumb\",\"itemListElement\":[{\"@type\":\"ListItem\",\"position\":1,\"name\":\"In\u00edcio\",\"item\":\"https:\/\/seconci.com.br\/site\/\"},{\"@type\":\"ListItem\",\"position\":2,\"name\":\"Governo federal revisa normas de seguran\u00e7a e sa\u00fade no trabalho\"}]},{\"@type\":\"WebSite\",\"@id\":\"https:\/\/seconci.com.br\/site\/#website\",\"url\":\"https:\/\/seconci.com.br\/site\/\",\"name\":\"Seconci Brasil\",\"description\":\"\",\"publisher\":{\"@id\":\"https:\/\/seconci.com.br\/site\/#organization\"},\"potentialAction\":[{\"@type\":\"SearchAction\",\"target\":{\"@type\":\"EntryPoint\",\"urlTemplate\":\"https:\/\/seconci.com.br\/site\/?s={search_term_string}\"},\"query-input\":{\"@type\":\"PropertyValueSpecification\",\"valueRequired\":true,\"valueName\":\"search_term_string\"}}],\"inLanguage\":\"pt-PT\"},{\"@type\":\"Organization\",\"@id\":\"https:\/\/seconci.com.br\/site\/#organization\",\"name\":\"Seconci Brasil\",\"url\":\"https:\/\/seconci.com.br\/site\/\",\"logo\":{\"@type\":\"ImageObject\",\"inLanguage\":\"pt-PT\",\"@id\":\"https:\/\/seconci.com.br\/site\/#\/schema\/logo\/image\/\",\"url\":\"https:\/\/seconci.com.br\/site\/wp-content\/uploads\/2024\/08\/Logo-Seconci-Brasil-branca-2.png\",\"contentUrl\":\"https:\/\/seconci.com.br\/site\/wp-content\/uploads\/2024\/08\/Logo-Seconci-Brasil-branca-2.png\",\"width\":1315,\"height\":598,\"caption\":\"Seconci Brasil\"},\"image\":{\"@id\":\"https:\/\/seconci.com.br\/site\/#\/schema\/logo\/image\/\"}},{\"@type\":\"Person\",\"@id\":\"https:\/\/seconci.com.br\/site\/#\/schema\/person\/1d79afd97ddc8f2c68c1e88e298aa8e2\",\"name\":\"Sidney Rocha\",\"description\":\"Comunicador e estagi\u00e1rio do Seconci Brasil.\",\"url\":\"https:\/\/seconci.com.br\/site\/author\/sidney-rocha\/\"}]}<\/script>\n<!-- \/ Yoast SEO plugin. -->","yoast_head_json":{"title":"Governo federal revisa normas de seguran\u00e7a e sa\u00fade no trabalho - Seconci Brasil","robots":{"index":"index","follow":"follow","max-snippet":"max-snippet:-1","max-image-preview":"max-image-preview:large","max-video-preview":"max-video-preview:-1"},"canonical":"https:\/\/seconci.com.br\/site\/2019\/06\/13\/governo-federal-revisa-normas-de-seguranca-e-saude-no-trabalho\/","og_locale":"pt_PT","og_type":"article","og_title":"Governo federal revisa normas de seguran\u00e7a e sa\u00fade no trabalho - Seconci Brasil","og_description":"| Ag\u00eancia Cbic | O governo federal anunciou que est\u00e1 trabalhando na revis\u00e3o das\u00a0Normas Regulamentadoras\u00a0de seguran\u00e7a e sa\u00fade no trabalho (NR\u2019s). O objetivo \u00e9 a moderniza\u00e7\u00e3o desses instrumentos por meio da desregulamenta\u00e7\u00e3o, simplifica\u00e7\u00e3o e desburocratiza\u00e7\u00e3o, visando \u00e0 melhoria na produtividade das empresas e \u00e0 gera\u00e7\u00e3o de empregos. Para 2019, o cronograma do Minist\u00e9rio da Economia [&hellip;]","og_url":"https:\/\/seconci.com.br\/site\/2019\/06\/13\/governo-federal-revisa-normas-de-seguranca-e-saude-no-trabalho\/","og_site_name":"Seconci Brasil","article_published_time":"2019-06-13T12:15:21+00:00","og_image":[{"width":768,"height":557,"url":"https:\/\/seconci.com.br\/site\/wp-content\/uploads\/2019\/06\/NRs.jpg","type":"image\/jpeg"}],"author":"Sidney Rocha","twitter_card":"summary_large_image","twitter_misc":{"Escrito por":"Sidney Rocha","Tempo estimado de leitura":"3 minutos"},"schema":{"@context":"https:\/\/schema.org","@graph":[{"@type":"Article","@id":"https:\/\/seconci.com.br\/site\/2019\/06\/13\/governo-federal-revisa-normas-de-seguranca-e-saude-no-trabalho\/#article","isPartOf":{"@id":"https:\/\/seconci.com.br\/site\/2019\/06\/13\/governo-federal-revisa-normas-de-seguranca-e-saude-no-trabalho\/"},"author":{"name":"Sidney Rocha","@id":"https:\/\/seconci.com.br\/site\/#\/schema\/person\/1d79afd97ddc8f2c68c1e88e298aa8e2"},"headline":"Governo federal revisa normas de seguran\u00e7a e sa\u00fade no trabalho","datePublished":"2019-06-13T12:15:21+00:00","mainEntityOfPage":{"@id":"https:\/\/seconci.com.br\/site\/2019\/06\/13\/governo-federal-revisa-normas-de-seguranca-e-saude-no-trabalho\/"},"wordCount":557,"publisher":{"@id":"https:\/\/seconci.com.br\/site\/#organization"},"image":{"@id":"https:\/\/seconci.com.br\/site\/2019\/06\/13\/governo-federal-revisa-normas-de-seguranca-e-saude-no-trabalho\/#primaryimage"},"thumbnailUrl":"https:\/\/seconci.com.br\/site\/wp-content\/uploads\/2019\/06\/NRs.jpg","articleSection":["Seconci Brasil"],"inLanguage":"pt-PT"},{"@type":"WebPage","@id":"https:\/\/seconci.com.br\/site\/2019\/06\/13\/governo-federal-revisa-normas-de-seguranca-e-saude-no-trabalho\/","url":"https:\/\/seconci.com.br\/site\/2019\/06\/13\/governo-federal-revisa-normas-de-seguranca-e-saude-no-trabalho\/","name":"Governo federal revisa normas de seguran\u00e7a e sa\u00fade no trabalho - Seconci Brasil","isPartOf":{"@id":"https:\/\/seconci.com.br\/site\/#website"},"primaryImageOfPage":{"@id":"https:\/\/seconci.com.br\/site\/2019\/06\/13\/governo-federal-revisa-normas-de-seguranca-e-saude-no-trabalho\/#primaryimage"},"image":{"@id":"https:\/\/seconci.com.br\/site\/2019\/06\/13\/governo-federal-revisa-normas-de-seguranca-e-saude-no-trabalho\/#primaryimage"},"thumbnailUrl":"https:\/\/seconci.com.br\/site\/wp-content\/uploads\/2019\/06\/NRs.jpg","datePublished":"2019-06-13T12:15:21+00:00","breadcrumb":{"@id":"https:\/\/seconci.com.br\/site\/2019\/06\/13\/governo-federal-revisa-normas-de-seguranca-e-saude-no-trabalho\/#breadcrumb"},"inLanguage":"pt-PT","potentialAction":[{"@type":"ReadAction","target":["https:\/\/seconci.com.br\/site\/2019\/06\/13\/governo-federal-revisa-normas-de-seguranca-e-saude-no-trabalho\/"]}]},{"@type":"ImageObject","inLanguage":"pt-PT","@id":"https:\/\/seconci.com.br\/site\/2019\/06\/13\/governo-federal-revisa-normas-de-seguranca-e-saude-no-trabalho\/#primaryimage","url":"https:\/\/seconci.com.br\/site\/wp-content\/uploads\/2019\/06\/NRs.jpg","contentUrl":"https:\/\/seconci.com.br\/site\/wp-content\/uploads\/2019\/06\/NRs.jpg","width":768,"height":557},{"@type":"BreadcrumbList","@id":"https:\/\/seconci.com.br\/site\/2019\/06\/13\/governo-federal-revisa-normas-de-seguranca-e-saude-no-trabalho\/#breadcrumb","itemListElement":[{"@type":"ListItem","position":1,"name":"In\u00edcio","item":"https:\/\/seconci.com.br\/site\/"},{"@type":"ListItem","position":2,"name":"Governo federal revisa normas de seguran\u00e7a e sa\u00fade no trabalho"}]},{"@type":"WebSite","@id":"https:\/\/seconci.com.br\/site\/#website","url":"https:\/\/seconci.com.br\/site\/","name":"Seconci Brasil","description":"","publisher":{"@id":"https:\/\/seconci.com.br\/site\/#organization"},"potentialAction":[{"@type":"SearchAction","target":{"@type":"EntryPoint","urlTemplate":"https:\/\/seconci.com.br\/site\/?s={search_term_string}"},"query-input":{"@type":"PropertyValueSpecification","valueRequired":true,"valueName":"search_term_string"}}],"inLanguage":"pt-PT"},{"@type":"Organization","@id":"https:\/\/seconci.com.br\/site\/#organization","name":"Seconci Brasil","url":"https:\/\/seconci.com.br\/site\/","logo":{"@type":"ImageObject","inLanguage":"pt-PT","@id":"https:\/\/seconci.com.br\/site\/#\/schema\/logo\/image\/","url":"https:\/\/seconci.com.br\/site\/wp-content\/uploads\/2024\/08\/Logo-Seconci-Brasil-branca-2.png","contentUrl":"https:\/\/seconci.com.br\/site\/wp-content\/uploads\/2024\/08\/Logo-Seconci-Brasil-branca-2.png","width":1315,"height":598,"caption":"Seconci Brasil"},"image":{"@id":"https:\/\/seconci.com.br\/site\/#\/schema\/logo\/image\/"}},{"@type":"Person","@id":"https:\/\/seconci.com.br\/site\/#\/schema\/person\/1d79afd97ddc8f2c68c1e88e298aa8e2","name":"Sidney Rocha","description":"Comunicador e estagi\u00e1rio do Seconci Brasil.","url":"https:\/\/seconci.com.br\/site\/author\/sidney-rocha\/"}]}},"_links":{"self":[{"href":"https:\/\/seconci.com.br\/site\/wp-json\/wp\/v2\/posts\/8429","targetHints":{"allow":["GET"]}}],"collection":[{"href":"https:\/\/seconci.com.br\/site\/wp-json\/wp\/v2\/posts"}],"about":[{"href":"https:\/\/seconci.com.br\/site\/wp-json\/wp\/v2\/types\/post"}],"author":[{"embeddable":true,"href":"https:\/\/seconci.com.br\/site\/wp-json\/wp\/v2\/users\/3"}],"replies":[{"embeddable":true,"href":"https:\/\/seconci.com.br\/site\/wp-json\/wp\/v2\/comments?post=8429"}],"version-history":[{"count":0,"href":"https:\/\/seconci.com.br\/site\/wp-json\/wp\/v2\/posts\/8429\/revisions"}],"wp:featuredmedia":[{"embeddable":true,"href":"https:\/\/seconci.com.br\/site\/wp-json\/wp\/v2\/media\/8430"}],"wp:attachment":[{"href":"https:\/\/seconci.com.br\/site\/wp-json\/wp\/v2\/media?parent=8429"}],"wp:term":[{"taxonomy":"category","embeddable":true,"href":"https:\/\/seconci.com.br\/site\/wp-json\/wp\/v2\/categories?post=8429"},{"taxonomy":"post_tag","embeddable":true,"href":"https:\/\/seconci.com.br\/site\/wp-json\/wp\/v2\/tags?post=8429"}],"curies":[{"name":"wp","href":"https:\/\/api.w.org\/{rel}","templated":true}]}}