{"id":8432,"date":"2019-06-13T12:29:56","date_gmt":"2019-06-13T12:29:56","guid":{"rendered":"https:\/\/seconci.com.br\/site\/?p=8432"},"modified":"2019-06-13T12:29:56","modified_gmt":"2019-06-13T12:29:56","slug":"28-cidades-aderem-ao-dia-nacional-da-construcao-social-de-2019","status":"publish","type":"post","link":"https:\/\/seconci.com.br\/site\/2019\/06\/13\/28-cidades-aderem-ao-dia-nacional-da-construcao-social-de-2019\/","title":{"rendered":"28 cidades aderem ao Dia Nacional da Constru\u00e7\u00e3o Social de 2019"},"content":{"rendered":"<p style=\"text-align: justify;\">| Ag\u00eancia Cbic |<\/p>\n<p style=\"text-align: justify;\">Mais uma edi\u00e7\u00e3o do Dia Nacional da Constru\u00e7\u00e3o Social (DNCS) est\u00e1 prestes a ocorrer no pr\u00f3ximo dia 17 de agosto em 28 localidades do pa\u00eds. Promovida pela C\u00e2mara Brasileira da Ind\u00fastria da Constru\u00e7\u00e3o (CBIC), por meio da Comiss\u00e3o de Responsabilidade Social (CRS), e pelo Sesi Nacional, com apoio especial do Seconci Brasil, a a\u00e7\u00e3o voltada \u00e0 execu\u00e7\u00e3o da responsabilidade empresarial mais uma vez reunir\u00e1 empresas, entidades, l\u00edderes setoriais, trabalhadores e seus familiares em um grande evento que promove a qualidade de vida por meio de a\u00e7\u00f5es em sa\u00fade, educa\u00e7\u00e3o, lazer e cidadania.<\/p>\n<p style=\"text-align: justify;\">De 2007 a 2018, o evento j\u00e1 alcan\u00e7ou n\u00fameros expressivos: mais de 4 milh\u00f5es de atendimentos a mais de 800 mil pessoas. A expectativa deste ano \u00e9 ampliar o alcance das a\u00e7\u00f5es, que tem como tema da campanha \u201cO mundo est\u00e1 mudando. E voc\u00ea?\u201d<\/p>\n<p style=\"text-align: justify;\">Aderiram \u00e0 iniciativa deste ano: Rio Branco (AC), Macei\u00f3 (AL), Manaus (AM), Macap\u00e1 (AP), An\u00e1polis (GO), Goi\u00e2nia (GO), S\u00e3o Lu\u00eds (MA), Belo Horizonte (MG), Cuiab\u00e1 (MT), Bel\u00e9m (PA), Campina Grande (PB), Jo\u00e3o Pessoa (PB), Teresina (PI), Cascavel (PR), Curitiba (PR), Londrina (PR), Maring\u00e1 (PR), Rio de Janeiro (RJ), Mossor\u00f3 (RN), Natal (RN), Boa Vista (RR), Pelotas (RS), Santa Rosa (RS), Blumenau (SC), Brusque (SC), Chapec\u00f3 (SC), Florian\u00f3polis (SC) e Joinville (SC).<\/p>\n<p style=\"text-align: justify;\">Para dar andamento \u00e0 organiza\u00e7\u00e3o do DNCS nas localidades, nos pr\u00f3ximos dias a CRS\/CBIC entrar\u00e1 em contado com os coordenadores locais. Em fun\u00e7\u00e3o disso, se faz necess\u00e1ria a atualiza\u00e7\u00e3o urgente das informa\u00e7\u00f5es solicitadas na Circular 038\/2019, enviada nesta quarta-feira (12\/06), pelo e-mail dncs@cbic.org.br, com c\u00f3pia para\u00a0<a href=\"https:\/\/cbic.org.br\/28-cidades-aderem-ao-dia-nacional-da-construcao-social-de-2019\/secretaria.comissoes@cbic.org.br\">secretaria.comissoes@cbic.org.br<\/a>.<\/p>\n<p style=\"text-align: justify;\"><a href=\"http:\/\/www.cbic.org.br\/dianacional\">Conhe\u00e7a mais sobre o Dia Nacional da Constru\u00e7\u00e3o Social.<\/a><\/p>\n","protected":false},"excerpt":{"rendered":"<p>| Ag\u00eancia Cbic | Mais uma edi\u00e7\u00e3o do Dia Nacional da Constru\u00e7\u00e3o Social (DNCS) est\u00e1 prestes a ocorrer no pr\u00f3ximo dia 17 de agosto em 28 localidades do pa\u00eds. Promovida pela C\u00e2mara Brasileira da Ind\u00fastria da Constru\u00e7\u00e3o (CBIC), por meio da Comiss\u00e3o de Responsabilidade Social (CRS), e pelo Sesi Nacional, com apoio especial do Seconci [&hellip;]<\/p>\n","protected":false},"author":3,"featured_media":8398,"comment_status":"closed","ping_status":"closed","sticky":false,"template":"","format":"standard","meta":{"footnotes":""},"categories":[92],"tags":[],"class_list":["post-8432","post","type-post","status-publish","format-standard","has-post-thumbnail","hentry","category-seconci-brasil"],"yoast_head":"<!-- This site is optimized with the Yoast SEO plugin v26.9 - https:\/\/yoast.com\/product\/yoast-seo-wordpress\/ -->\n<title>28 cidades aderem ao Dia Nacional da Constru\u00e7\u00e3o Social de 2019 - Seconci Brasil<\/title>\n<meta name=\"robots\" content=\"index, follow, max-snippet:-1, max-image-preview:large, max-video-preview:-1\" \/>\n<link rel=\"canonical\" href=\"https:\/\/seconci.com.br\/site\/2019\/06\/13\/28-cidades-aderem-ao-dia-nacional-da-construcao-social-de-2019\/\" \/>\n<meta property=\"og:locale\" content=\"pt_PT\" \/>\n<meta property=\"og:type\" content=\"article\" \/>\n<meta property=\"og:title\" content=\"28 cidades aderem ao Dia Nacional da Constru\u00e7\u00e3o Social de 2019 - Seconci Brasil\" \/>\n<meta property=\"og:description\" content=\"| Ag\u00eancia Cbic | Mais uma edi\u00e7\u00e3o do Dia Nacional da Constru\u00e7\u00e3o Social (DNCS) est\u00e1 prestes a ocorrer no pr\u00f3ximo dia 17 de agosto em 28 localidades do pa\u00eds. Promovida pela C\u00e2mara Brasileira da Ind\u00fastria da Constru\u00e7\u00e3o (CBIC), por meio da Comiss\u00e3o de Responsabilidade Social (CRS), e pelo Sesi Nacional, com apoio especial do Seconci [&hellip;]\" \/>\n<meta property=\"og:url\" content=\"https:\/\/seconci.com.br\/site\/2019\/06\/13\/28-cidades-aderem-ao-dia-nacional-da-construcao-social-de-2019\/\" \/>\n<meta property=\"og:site_name\" content=\"Seconci Brasil\" \/>\n<meta property=\"article:published_time\" content=\"2019-06-13T12:29:56+00:00\" \/>\n<meta property=\"og:image\" content=\"https:\/\/seconci.com.br\/site\/wp-content\/uploads\/2019\/05\/banner-campanha-dncs.png\" \/>\n\t<meta property=\"og:image:width\" content=\"1341\" \/>\n\t<meta property=\"og:image:height\" content=\"517\" \/>\n\t<meta property=\"og:image:type\" content=\"image\/png\" \/>\n<meta name=\"author\" content=\"Sidney Rocha\" \/>\n<meta name=\"twitter:card\" content=\"summary_large_image\" \/>\n<meta name=\"twitter:label1\" content=\"Escrito por\" \/>\n\t<meta name=\"twitter:data1\" content=\"Sidney Rocha\" \/>\n\t<meta name=\"twitter:label2\" content=\"Tempo estimado de leitura\" \/>\n\t<meta name=\"twitter:data2\" content=\"1 minuto\" \/>\n<script type=\"application\/ld+json\" class=\"yoast-schema-graph\">{\"@context\":\"https:\/\/schema.org\",\"@graph\":[{\"@type\":\"Article\",\"@id\":\"https:\/\/seconci.com.br\/site\/2019\/06\/13\/28-cidades-aderem-ao-dia-nacional-da-construcao-social-de-2019\/#article\",\"isPartOf\":{\"@id\":\"https:\/\/seconci.com.br\/site\/2019\/06\/13\/28-cidades-aderem-ao-dia-nacional-da-construcao-social-de-2019\/\"},\"author\":{\"name\":\"Sidney Rocha\",\"@id\":\"https:\/\/seconci.com.br\/site\/#\/schema\/person\/1d79afd97ddc8f2c68c1e88e298aa8e2\"},\"headline\":\"28 cidades aderem ao Dia Nacional da Constru\u00e7\u00e3o Social de 2019\",\"datePublished\":\"2019-06-13T12:29:56+00:00\",\"mainEntityOfPage\":{\"@id\":\"https:\/\/seconci.com.br\/site\/2019\/06\/13\/28-cidades-aderem-ao-dia-nacional-da-construcao-social-de-2019\/\"},\"wordCount\":306,\"publisher\":{\"@id\":\"https:\/\/seconci.com.br\/site\/#organization\"},\"image\":{\"@id\":\"https:\/\/seconci.com.br\/site\/2019\/06\/13\/28-cidades-aderem-ao-dia-nacional-da-construcao-social-de-2019\/#primaryimage\"},\"thumbnailUrl\":\"https:\/\/seconci.com.br\/site\/wp-content\/uploads\/2019\/05\/banner-campanha-dncs.png\",\"articleSection\":[\"Seconci Brasil\"],\"inLanguage\":\"pt-PT\"},{\"@type\":\"WebPage\",\"@id\":\"https:\/\/seconci.com.br\/site\/2019\/06\/13\/28-cidades-aderem-ao-dia-nacional-da-construcao-social-de-2019\/\",\"url\":\"https:\/\/seconci.com.br\/site\/2019\/06\/13\/28-cidades-aderem-ao-dia-nacional-da-construcao-social-de-2019\/\",\"name\":\"28 cidades aderem ao Dia Nacional da Constru\u00e7\u00e3o Social de 2019 - Seconci Brasil\",\"isPartOf\":{\"@id\":\"https:\/\/seconci.com.br\/site\/#website\"},\"primaryImageOfPage\":{\"@id\":\"https:\/\/seconci.com.br\/site\/2019\/06\/13\/28-cidades-aderem-ao-dia-nacional-da-construcao-social-de-2019\/#primaryimage\"},\"image\":{\"@id\":\"https:\/\/seconci.com.br\/site\/2019\/06\/13\/28-cidades-aderem-ao-dia-nacional-da-construcao-social-de-2019\/#primaryimage\"},\"thumbnailUrl\":\"https:\/\/seconci.com.br\/site\/wp-content\/uploads\/2019\/05\/banner-campanha-dncs.png\",\"datePublished\":\"2019-06-13T12:29:56+00:00\",\"breadcrumb\":{\"@id\":\"https:\/\/seconci.com.br\/site\/2019\/06\/13\/28-cidades-aderem-ao-dia-nacional-da-construcao-social-de-2019\/#breadcrumb\"},\"inLanguage\":\"pt-PT\",\"potentialAction\":[{\"@type\":\"ReadAction\",\"target\":[\"https:\/\/seconci.com.br\/site\/2019\/06\/13\/28-cidades-aderem-ao-dia-nacional-da-construcao-social-de-2019\/\"]}]},{\"@type\":\"ImageObject\",\"inLanguage\":\"pt-PT\",\"@id\":\"https:\/\/seconci.com.br\/site\/2019\/06\/13\/28-cidades-aderem-ao-dia-nacional-da-construcao-social-de-2019\/#primaryimage\",\"url\":\"https:\/\/seconci.com.br\/site\/wp-content\/uploads\/2019\/05\/banner-campanha-dncs.png\",\"contentUrl\":\"https:\/\/seconci.com.br\/site\/wp-content\/uploads\/2019\/05\/banner-campanha-dncs.png\",\"width\":1341,\"height\":517},{\"@type\":\"BreadcrumbList\",\"@id\":\"https:\/\/seconci.com.br\/site\/2019\/06\/13\/28-cidades-aderem-ao-dia-nacional-da-construcao-social-de-2019\/#breadcrumb\",\"itemListElement\":[{\"@type\":\"ListItem\",\"position\":1,\"name\":\"In\u00edcio\",\"item\":\"https:\/\/seconci.com.br\/site\/\"},{\"@type\":\"ListItem\",\"position\":2,\"name\":\"28 cidades aderem ao Dia Nacional da Constru\u00e7\u00e3o Social de 2019\"}]},{\"@type\":\"WebSite\",\"@id\":\"https:\/\/seconci.com.br\/site\/#website\",\"url\":\"https:\/\/seconci.com.br\/site\/\",\"name\":\"Seconci Brasil\",\"description\":\"\",\"publisher\":{\"@id\":\"https:\/\/seconci.com.br\/site\/#organization\"},\"potentialAction\":[{\"@type\":\"SearchAction\",\"target\":{\"@type\":\"EntryPoint\",\"urlTemplate\":\"https:\/\/seconci.com.br\/site\/?s={search_term_string}\"},\"query-input\":{\"@type\":\"PropertyValueSpecification\",\"valueRequired\":true,\"valueName\":\"search_term_string\"}}],\"inLanguage\":\"pt-PT\"},{\"@type\":\"Organization\",\"@id\":\"https:\/\/seconci.com.br\/site\/#organization\",\"name\":\"Seconci Brasil\",\"url\":\"https:\/\/seconci.com.br\/site\/\",\"logo\":{\"@type\":\"ImageObject\",\"inLanguage\":\"pt-PT\",\"@id\":\"https:\/\/seconci.com.br\/site\/#\/schema\/logo\/image\/\",\"url\":\"https:\/\/seconci.com.br\/site\/wp-content\/uploads\/2024\/08\/Logo-Seconci-Brasil-branca-2.png\",\"contentUrl\":\"https:\/\/seconci.com.br\/site\/wp-content\/uploads\/2024\/08\/Logo-Seconci-Brasil-branca-2.png\",\"width\":1315,\"height\":598,\"caption\":\"Seconci Brasil\"},\"image\":{\"@id\":\"https:\/\/seconci.com.br\/site\/#\/schema\/logo\/image\/\"}},{\"@type\":\"Person\",\"@id\":\"https:\/\/seconci.com.br\/site\/#\/schema\/person\/1d79afd97ddc8f2c68c1e88e298aa8e2\",\"name\":\"Sidney Rocha\",\"description\":\"Comunicador e estagi\u00e1rio do Seconci Brasil.\",\"url\":\"https:\/\/seconci.com.br\/site\/author\/sidney-rocha\/\"}]}<\/script>\n<!-- \/ Yoast SEO plugin. -->","yoast_head_json":{"title":"28 cidades aderem ao Dia Nacional da Constru\u00e7\u00e3o Social de 2019 - Seconci Brasil","robots":{"index":"index","follow":"follow","max-snippet":"max-snippet:-1","max-image-preview":"max-image-preview:large","max-video-preview":"max-video-preview:-1"},"canonical":"https:\/\/seconci.com.br\/site\/2019\/06\/13\/28-cidades-aderem-ao-dia-nacional-da-construcao-social-de-2019\/","og_locale":"pt_PT","og_type":"article","og_title":"28 cidades aderem ao Dia Nacional da Constru\u00e7\u00e3o Social de 2019 - Seconci Brasil","og_description":"| Ag\u00eancia Cbic | Mais uma edi\u00e7\u00e3o do Dia Nacional da Constru\u00e7\u00e3o Social (DNCS) est\u00e1 prestes a ocorrer no pr\u00f3ximo dia 17 de agosto em 28 localidades do pa\u00eds. Promovida pela C\u00e2mara Brasileira da Ind\u00fastria da Constru\u00e7\u00e3o (CBIC), por meio da Comiss\u00e3o de Responsabilidade Social (CRS), e pelo Sesi Nacional, com apoio especial do Seconci [&hellip;]","og_url":"https:\/\/seconci.com.br\/site\/2019\/06\/13\/28-cidades-aderem-ao-dia-nacional-da-construcao-social-de-2019\/","og_site_name":"Seconci Brasil","article_published_time":"2019-06-13T12:29:56+00:00","og_image":[{"width":1341,"height":517,"url":"https:\/\/seconci.com.br\/site\/wp-content\/uploads\/2019\/05\/banner-campanha-dncs.png","type":"image\/png"}],"author":"Sidney Rocha","twitter_card":"summary_large_image","twitter_misc":{"Escrito por":"Sidney Rocha","Tempo estimado de leitura":"1 minuto"},"schema":{"@context":"https:\/\/schema.org","@graph":[{"@type":"Article","@id":"https:\/\/seconci.com.br\/site\/2019\/06\/13\/28-cidades-aderem-ao-dia-nacional-da-construcao-social-de-2019\/#article","isPartOf":{"@id":"https:\/\/seconci.com.br\/site\/2019\/06\/13\/28-cidades-aderem-ao-dia-nacional-da-construcao-social-de-2019\/"},"author":{"name":"Sidney Rocha","@id":"https:\/\/seconci.com.br\/site\/#\/schema\/person\/1d79afd97ddc8f2c68c1e88e298aa8e2"},"headline":"28 cidades aderem ao Dia Nacional da Constru\u00e7\u00e3o Social de 2019","datePublished":"2019-06-13T12:29:56+00:00","mainEntityOfPage":{"@id":"https:\/\/seconci.com.br\/site\/2019\/06\/13\/28-cidades-aderem-ao-dia-nacional-da-construcao-social-de-2019\/"},"wordCount":306,"publisher":{"@id":"https:\/\/seconci.com.br\/site\/#organization"},"image":{"@id":"https:\/\/seconci.com.br\/site\/2019\/06\/13\/28-cidades-aderem-ao-dia-nacional-da-construcao-social-de-2019\/#primaryimage"},"thumbnailUrl":"https:\/\/seconci.com.br\/site\/wp-content\/uploads\/2019\/05\/banner-campanha-dncs.png","articleSection":["Seconci Brasil"],"inLanguage":"pt-PT"},{"@type":"WebPage","@id":"https:\/\/seconci.com.br\/site\/2019\/06\/13\/28-cidades-aderem-ao-dia-nacional-da-construcao-social-de-2019\/","url":"https:\/\/seconci.com.br\/site\/2019\/06\/13\/28-cidades-aderem-ao-dia-nacional-da-construcao-social-de-2019\/","name":"28 cidades aderem ao Dia Nacional da Constru\u00e7\u00e3o Social de 2019 - Seconci Brasil","isPartOf":{"@id":"https:\/\/seconci.com.br\/site\/#website"},"primaryImageOfPage":{"@id":"https:\/\/seconci.com.br\/site\/2019\/06\/13\/28-cidades-aderem-ao-dia-nacional-da-construcao-social-de-2019\/#primaryimage"},"image":{"@id":"https:\/\/seconci.com.br\/site\/2019\/06\/13\/28-cidades-aderem-ao-dia-nacional-da-construcao-social-de-2019\/#primaryimage"},"thumbnailUrl":"https:\/\/seconci.com.br\/site\/wp-content\/uploads\/2019\/05\/banner-campanha-dncs.png","datePublished":"2019-06-13T12:29:56+00:00","breadcrumb":{"@id":"https:\/\/seconci.com.br\/site\/2019\/06\/13\/28-cidades-aderem-ao-dia-nacional-da-construcao-social-de-2019\/#breadcrumb"},"inLanguage":"pt-PT","potentialAction":[{"@type":"ReadAction","target":["https:\/\/seconci.com.br\/site\/2019\/06\/13\/28-cidades-aderem-ao-dia-nacional-da-construcao-social-de-2019\/"]}]},{"@type":"ImageObject","inLanguage":"pt-PT","@id":"https:\/\/seconci.com.br\/site\/2019\/06\/13\/28-cidades-aderem-ao-dia-nacional-da-construcao-social-de-2019\/#primaryimage","url":"https:\/\/seconci.com.br\/site\/wp-content\/uploads\/2019\/05\/banner-campanha-dncs.png","contentUrl":"https:\/\/seconci.com.br\/site\/wp-content\/uploads\/2019\/05\/banner-campanha-dncs.png","width":1341,"height":517},{"@type":"BreadcrumbList","@id":"https:\/\/seconci.com.br\/site\/2019\/06\/13\/28-cidades-aderem-ao-dia-nacional-da-construcao-social-de-2019\/#breadcrumb","itemListElement":[{"@type":"ListItem","position":1,"name":"In\u00edcio","item":"https:\/\/seconci.com.br\/site\/"},{"@type":"ListItem","position":2,"name":"28 cidades aderem ao Dia Nacional da Constru\u00e7\u00e3o Social de 2019"}]},{"@type":"WebSite","@id":"https:\/\/seconci.com.br\/site\/#website","url":"https:\/\/seconci.com.br\/site\/","name":"Seconci Brasil","description":"","publisher":{"@id":"https:\/\/seconci.com.br\/site\/#organization"},"potentialAction":[{"@type":"SearchAction","target":{"@type":"EntryPoint","urlTemplate":"https:\/\/seconci.com.br\/site\/?s={search_term_string}"},"query-input":{"@type":"PropertyValueSpecification","valueRequired":true,"valueName":"search_term_string"}}],"inLanguage":"pt-PT"},{"@type":"Organization","@id":"https:\/\/seconci.com.br\/site\/#organization","name":"Seconci Brasil","url":"https:\/\/seconci.com.br\/site\/","logo":{"@type":"ImageObject","inLanguage":"pt-PT","@id":"https:\/\/seconci.com.br\/site\/#\/schema\/logo\/image\/","url":"https:\/\/seconci.com.br\/site\/wp-content\/uploads\/2024\/08\/Logo-Seconci-Brasil-branca-2.png","contentUrl":"https:\/\/seconci.com.br\/site\/wp-content\/uploads\/2024\/08\/Logo-Seconci-Brasil-branca-2.png","width":1315,"height":598,"caption":"Seconci Brasil"},"image":{"@id":"https:\/\/seconci.com.br\/site\/#\/schema\/logo\/image\/"}},{"@type":"Person","@id":"https:\/\/seconci.com.br\/site\/#\/schema\/person\/1d79afd97ddc8f2c68c1e88e298aa8e2","name":"Sidney Rocha","description":"Comunicador e estagi\u00e1rio do Seconci Brasil.","url":"https:\/\/seconci.com.br\/site\/author\/sidney-rocha\/"}]}},"_links":{"self":[{"href":"https:\/\/seconci.com.br\/site\/wp-json\/wp\/v2\/posts\/8432","targetHints":{"allow":["GET"]}}],"collection":[{"href":"https:\/\/seconci.com.br\/site\/wp-json\/wp\/v2\/posts"}],"about":[{"href":"https:\/\/seconci.com.br\/site\/wp-json\/wp\/v2\/types\/post"}],"author":[{"embeddable":true,"href":"https:\/\/seconci.com.br\/site\/wp-json\/wp\/v2\/users\/3"}],"replies":[{"embeddable":true,"href":"https:\/\/seconci.com.br\/site\/wp-json\/wp\/v2\/comments?post=8432"}],"version-history":[{"count":0,"href":"https:\/\/seconci.com.br\/site\/wp-json\/wp\/v2\/posts\/8432\/revisions"}],"wp:featuredmedia":[{"embeddable":true,"href":"https:\/\/seconci.com.br\/site\/wp-json\/wp\/v2\/media\/8398"}],"wp:attachment":[{"href":"https:\/\/seconci.com.br\/site\/wp-json\/wp\/v2\/media?parent=8432"}],"wp:term":[{"taxonomy":"category","embeddable":true,"href":"https:\/\/seconci.com.br\/site\/wp-json\/wp\/v2\/categories?post=8432"},{"taxonomy":"post_tag","embeddable":true,"href":"https:\/\/seconci.com.br\/site\/wp-json\/wp\/v2\/tags?post=8432"}],"curies":[{"name":"wp","href":"https:\/\/api.w.org\/{rel}","templated":true}]}}