{"id":8434,"date":"2019-06-14T12:01:34","date_gmt":"2019-06-14T12:01:34","guid":{"rendered":"https:\/\/seconci.com.br\/site\/?p=8434"},"modified":"2019-06-14T12:01:34","modified_gmt":"2019-06-14T12:01:34","slug":"inscricoes-abertas-para-a-realizacao-da-canpat-construcao-nos-estados","status":"publish","type":"post","link":"https:\/\/seconci.com.br\/site\/2019\/06\/14\/inscricoes-abertas-para-a-realizacao-da-canpat-construcao-nos-estados\/","title":{"rendered":"Inscri\u00e7\u00f5es abertas para a realiza\u00e7\u00e3o da CANPAT Constru\u00e7\u00e3o nos estados"},"content":{"rendered":"<p style=\"text-align: justify;\">| Ag\u00eancia Cbic |<\/p>\n<p style=\"text-align: justify;\">No segundo semestre deste ano, a C\u00e2mara Brasileira da Ind\u00fastria da Constru\u00e7\u00e3o (CBIC), por meio da sua Comiss\u00e3o de Pol\u00edtica de Rela\u00e7\u00f5es Trabalhistas (CPRT), dar\u00e1 in\u00edcio ao novo ciclo da\u00a0<strong>Campanha Nacional de Preven\u00e7\u00e3o de Acidentes na Ind\u00fastria da Constru\u00e7\u00e3o \u2013 CANPAT Constru\u00e7\u00e3o<\/strong>. Se a sua empresa se importa com a seguran\u00e7a e a sa\u00fade do trabalhador e tamb\u00e9m \u00e9 uma entusiasta da meta de zerar acidentes na ind\u00fastria da constru\u00e7\u00e3o, este \u00e9 o momento de fazer a diferen\u00e7a. Participe!<\/p>\n<p style=\"text-align: justify;\">Desencadeada na capital federal em 2017, a iniciativa da CBIC combina esfor\u00e7os com os principais atores da Seguran\u00e7a e Sa\u00fade do Trabalho: Sesi, Servi\u00e7os Sociais da Ind\u00fastria da Constru\u00e7\u00e3o (Seconcis) e a Inspe\u00e7\u00e3o do Trabalho. A a\u00e7\u00e3o conjunta dessas entidades busca induzir maior redu\u00e7\u00e3o na incid\u00eancia de acidentes na ind\u00fastria da constru\u00e7\u00e3o e tornar o ambiente de trabalho cada vez mais produtivo e seguro.<\/p>\n<p style=\"text-align: justify;\">Disseminada por todo o pa\u00eds, a campanha nacional realiza eventos regionais de mobiliza\u00e7\u00e3o para avan\u00e7ar na conscientiza\u00e7\u00e3o de empres\u00e1rios e estimular o di\u00e1logo com integrantes do poder p\u00fablico. \u00a0J\u00e1 receberam a CANPAT Constru\u00e7\u00e3o as localidades de:<\/p>\n<ul style=\"text-align: justify;\">\n<li>Ribeir\u00e3o Preto \u2013 SP<\/li>\n<li>Bel\u00e9m \u2013 PA<\/li>\n<li>Goi\u00e2nia \u2013 GO<\/li>\n<li>Vit\u00f3ria \u2013 ES<\/li>\n<li>Porto Alegre \u2013 RS<\/li>\n<li>S\u00e3o Lu\u00eds \u2013 MA<\/li>\n<li>Belo Horizonte \u2013 MG<\/li>\n<li>Curitiba \u2013 PR<\/li>\n<li>Campo Grande \u2013 MS<\/li>\n<li>Salvador \u2013 BA<\/li>\n<\/ul>\n<p style=\"text-align: justify;\">As inscri\u00e7\u00f5es para o novo ciclo da CANPAT Constru\u00e7\u00e3o est\u00e3o abertas!<\/p>\n<p style=\"text-align: justify;\">Para obter mais informa\u00e7\u00f5es sobre como receber a campanha, as entidades associadas \u00e0 CBIC devem entrar em contato o mais breve poss\u00edvel com a CPRT da entidade, pelo e-mail\u00a0<a href=\"mailto:cprt@cbic.org.br\">cprt@cbic.org.br<\/a>\u00a0ou telefone (61) 3327-1013.<\/p>\n<p style=\"text-align: justify;\">Junte-se voc\u00ea tamb\u00e9m aos atores dessa ideia e envolva-se nessa importante causa que visa resultados expressivos para todo o setor da constru\u00e7\u00e3o.<\/p>\n<p style=\"text-align: justify;\">\n<p style=\"text-align: justify;\"><a href=\"https:\/\/cbic.org.br\/canpatconstrucao\/\">Veja mais sobre a CANPAT Constru\u00e7\u00e3o<\/a><\/p>\n","protected":false},"excerpt":{"rendered":"<p>| Ag\u00eancia Cbic | No segundo semestre deste ano, a C\u00e2mara Brasileira da Ind\u00fastria da Constru\u00e7\u00e3o (CBIC), por meio da sua Comiss\u00e3o de Pol\u00edtica de Rela\u00e7\u00f5es Trabalhistas (CPRT), dar\u00e1 in\u00edcio ao novo ciclo da\u00a0Campanha Nacional de Preven\u00e7\u00e3o de Acidentes na Ind\u00fastria da Constru\u00e7\u00e3o \u2013 CANPAT Constru\u00e7\u00e3o. Se a sua empresa se importa com a seguran\u00e7a [&hellip;]<\/p>\n","protected":false},"author":3,"featured_media":8435,"comment_status":"closed","ping_status":"closed","sticky":false,"template":"","format":"standard","meta":{"footnotes":""},"categories":[92],"tags":[],"class_list":["post-8434","post","type-post","status-publish","format-standard","has-post-thumbnail","hentry","category-seconci-brasil"],"yoast_head":"<!-- This site is optimized with the Yoast SEO plugin v26.9 - https:\/\/yoast.com\/product\/yoast-seo-wordpress\/ -->\n<title>Inscri\u00e7\u00f5es abertas para a realiza\u00e7\u00e3o da CANPAT Constru\u00e7\u00e3o nos estados - Seconci Brasil<\/title>\n<meta name=\"robots\" content=\"index, follow, max-snippet:-1, max-image-preview:large, max-video-preview:-1\" \/>\n<link rel=\"canonical\" href=\"https:\/\/seconci.com.br\/site\/2019\/06\/14\/inscricoes-abertas-para-a-realizacao-da-canpat-construcao-nos-estados\/\" \/>\n<meta property=\"og:locale\" content=\"pt_PT\" \/>\n<meta property=\"og:type\" content=\"article\" \/>\n<meta property=\"og:title\" content=\"Inscri\u00e7\u00f5es abertas para a realiza\u00e7\u00e3o da CANPAT Constru\u00e7\u00e3o nos estados - Seconci Brasil\" \/>\n<meta property=\"og:description\" content=\"| Ag\u00eancia Cbic | No segundo semestre deste ano, a C\u00e2mara Brasileira da Ind\u00fastria da Constru\u00e7\u00e3o (CBIC), por meio da sua Comiss\u00e3o de Pol\u00edtica de Rela\u00e7\u00f5es Trabalhistas (CPRT), dar\u00e1 in\u00edcio ao novo ciclo da\u00a0Campanha Nacional de Preven\u00e7\u00e3o de Acidentes na Ind\u00fastria da Constru\u00e7\u00e3o \u2013 CANPAT Constru\u00e7\u00e3o. Se a sua empresa se importa com a seguran\u00e7a [&hellip;]\" \/>\n<meta property=\"og:url\" content=\"https:\/\/seconci.com.br\/site\/2019\/06\/14\/inscricoes-abertas-para-a-realizacao-da-canpat-construcao-nos-estados\/\" \/>\n<meta property=\"og:site_name\" content=\"Seconci Brasil\" \/>\n<meta property=\"article:published_time\" content=\"2019-06-14T12:01:34+00:00\" \/>\n<meta property=\"og:image\" content=\"https:\/\/seconci.com.br\/site\/wp-content\/uploads\/2019\/06\/CANPAT1.jpg\" \/>\n\t<meta property=\"og:image:width\" content=\"1328\" \/>\n\t<meta property=\"og:image:height\" content=\"401\" \/>\n\t<meta property=\"og:image:type\" content=\"image\/jpeg\" \/>\n<meta name=\"author\" content=\"Sidney Rocha\" \/>\n<meta name=\"twitter:card\" content=\"summary_large_image\" \/>\n<meta name=\"twitter:label1\" content=\"Escrito por\" \/>\n\t<meta name=\"twitter:data1\" content=\"Sidney Rocha\" \/>\n\t<meta name=\"twitter:label2\" content=\"Tempo estimado de leitura\" \/>\n\t<meta name=\"twitter:data2\" content=\"2 minutos\" \/>\n<script type=\"application\/ld+json\" class=\"yoast-schema-graph\">{\"@context\":\"https:\/\/schema.org\",\"@graph\":[{\"@type\":\"Article\",\"@id\":\"https:\/\/seconci.com.br\/site\/2019\/06\/14\/inscricoes-abertas-para-a-realizacao-da-canpat-construcao-nos-estados\/#article\",\"isPartOf\":{\"@id\":\"https:\/\/seconci.com.br\/site\/2019\/06\/14\/inscricoes-abertas-para-a-realizacao-da-canpat-construcao-nos-estados\/\"},\"author\":{\"name\":\"Sidney Rocha\",\"@id\":\"https:\/\/seconci.com.br\/site\/#\/schema\/person\/1d79afd97ddc8f2c68c1e88e298aa8e2\"},\"headline\":\"Inscri\u00e7\u00f5es abertas para a realiza\u00e7\u00e3o da CANPAT Constru\u00e7\u00e3o nos estados\",\"datePublished\":\"2019-06-14T12:01:34+00:00\",\"mainEntityOfPage\":{\"@id\":\"https:\/\/seconci.com.br\/site\/2019\/06\/14\/inscricoes-abertas-para-a-realizacao-da-canpat-construcao-nos-estados\/\"},\"wordCount\":342,\"publisher\":{\"@id\":\"https:\/\/seconci.com.br\/site\/#organization\"},\"image\":{\"@id\":\"https:\/\/seconci.com.br\/site\/2019\/06\/14\/inscricoes-abertas-para-a-realizacao-da-canpat-construcao-nos-estados\/#primaryimage\"},\"thumbnailUrl\":\"https:\/\/seconci.com.br\/site\/wp-content\/uploads\/2019\/06\/CANPAT1.jpg\",\"articleSection\":[\"Seconci Brasil\"],\"inLanguage\":\"pt-PT\"},{\"@type\":\"WebPage\",\"@id\":\"https:\/\/seconci.com.br\/site\/2019\/06\/14\/inscricoes-abertas-para-a-realizacao-da-canpat-construcao-nos-estados\/\",\"url\":\"https:\/\/seconci.com.br\/site\/2019\/06\/14\/inscricoes-abertas-para-a-realizacao-da-canpat-construcao-nos-estados\/\",\"name\":\"Inscri\u00e7\u00f5es abertas para a realiza\u00e7\u00e3o da CANPAT Constru\u00e7\u00e3o nos estados - Seconci Brasil\",\"isPartOf\":{\"@id\":\"https:\/\/seconci.com.br\/site\/#website\"},\"primaryImageOfPage\":{\"@id\":\"https:\/\/seconci.com.br\/site\/2019\/06\/14\/inscricoes-abertas-para-a-realizacao-da-canpat-construcao-nos-estados\/#primaryimage\"},\"image\":{\"@id\":\"https:\/\/seconci.com.br\/site\/2019\/06\/14\/inscricoes-abertas-para-a-realizacao-da-canpat-construcao-nos-estados\/#primaryimage\"},\"thumbnailUrl\":\"https:\/\/seconci.com.br\/site\/wp-content\/uploads\/2019\/06\/CANPAT1.jpg\",\"datePublished\":\"2019-06-14T12:01:34+00:00\",\"breadcrumb\":{\"@id\":\"https:\/\/seconci.com.br\/site\/2019\/06\/14\/inscricoes-abertas-para-a-realizacao-da-canpat-construcao-nos-estados\/#breadcrumb\"},\"inLanguage\":\"pt-PT\",\"potentialAction\":[{\"@type\":\"ReadAction\",\"target\":[\"https:\/\/seconci.com.br\/site\/2019\/06\/14\/inscricoes-abertas-para-a-realizacao-da-canpat-construcao-nos-estados\/\"]}]},{\"@type\":\"ImageObject\",\"inLanguage\":\"pt-PT\",\"@id\":\"https:\/\/seconci.com.br\/site\/2019\/06\/14\/inscricoes-abertas-para-a-realizacao-da-canpat-construcao-nos-estados\/#primaryimage\",\"url\":\"https:\/\/seconci.com.br\/site\/wp-content\/uploads\/2019\/06\/CANPAT1.jpg\",\"contentUrl\":\"https:\/\/seconci.com.br\/site\/wp-content\/uploads\/2019\/06\/CANPAT1.jpg\",\"width\":1328,\"height\":401},{\"@type\":\"BreadcrumbList\",\"@id\":\"https:\/\/seconci.com.br\/site\/2019\/06\/14\/inscricoes-abertas-para-a-realizacao-da-canpat-construcao-nos-estados\/#breadcrumb\",\"itemListElement\":[{\"@type\":\"ListItem\",\"position\":1,\"name\":\"In\u00edcio\",\"item\":\"https:\/\/seconci.com.br\/site\/\"},{\"@type\":\"ListItem\",\"position\":2,\"name\":\"Inscri\u00e7\u00f5es abertas para a realiza\u00e7\u00e3o da CANPAT Constru\u00e7\u00e3o nos estados\"}]},{\"@type\":\"WebSite\",\"@id\":\"https:\/\/seconci.com.br\/site\/#website\",\"url\":\"https:\/\/seconci.com.br\/site\/\",\"name\":\"Seconci Brasil\",\"description\":\"\",\"publisher\":{\"@id\":\"https:\/\/seconci.com.br\/site\/#organization\"},\"potentialAction\":[{\"@type\":\"SearchAction\",\"target\":{\"@type\":\"EntryPoint\",\"urlTemplate\":\"https:\/\/seconci.com.br\/site\/?s={search_term_string}\"},\"query-input\":{\"@type\":\"PropertyValueSpecification\",\"valueRequired\":true,\"valueName\":\"search_term_string\"}}],\"inLanguage\":\"pt-PT\"},{\"@type\":\"Organization\",\"@id\":\"https:\/\/seconci.com.br\/site\/#organization\",\"name\":\"Seconci Brasil\",\"url\":\"https:\/\/seconci.com.br\/site\/\",\"logo\":{\"@type\":\"ImageObject\",\"inLanguage\":\"pt-PT\",\"@id\":\"https:\/\/seconci.com.br\/site\/#\/schema\/logo\/image\/\",\"url\":\"https:\/\/seconci.com.br\/site\/wp-content\/uploads\/2024\/08\/Logo-Seconci-Brasil-branca-2.png\",\"contentUrl\":\"https:\/\/seconci.com.br\/site\/wp-content\/uploads\/2024\/08\/Logo-Seconci-Brasil-branca-2.png\",\"width\":1315,\"height\":598,\"caption\":\"Seconci Brasil\"},\"image\":{\"@id\":\"https:\/\/seconci.com.br\/site\/#\/schema\/logo\/image\/\"}},{\"@type\":\"Person\",\"@id\":\"https:\/\/seconci.com.br\/site\/#\/schema\/person\/1d79afd97ddc8f2c68c1e88e298aa8e2\",\"name\":\"Sidney Rocha\",\"description\":\"Comunicador e estagi\u00e1rio do Seconci Brasil.\",\"url\":\"https:\/\/seconci.com.br\/site\/author\/sidney-rocha\/\"}]}<\/script>\n<!-- \/ Yoast SEO plugin. -->","yoast_head_json":{"title":"Inscri\u00e7\u00f5es abertas para a realiza\u00e7\u00e3o da CANPAT Constru\u00e7\u00e3o nos estados - Seconci Brasil","robots":{"index":"index","follow":"follow","max-snippet":"max-snippet:-1","max-image-preview":"max-image-preview:large","max-video-preview":"max-video-preview:-1"},"canonical":"https:\/\/seconci.com.br\/site\/2019\/06\/14\/inscricoes-abertas-para-a-realizacao-da-canpat-construcao-nos-estados\/","og_locale":"pt_PT","og_type":"article","og_title":"Inscri\u00e7\u00f5es abertas para a realiza\u00e7\u00e3o da CANPAT Constru\u00e7\u00e3o nos estados - Seconci Brasil","og_description":"| Ag\u00eancia Cbic | No segundo semestre deste ano, a C\u00e2mara Brasileira da Ind\u00fastria da Constru\u00e7\u00e3o (CBIC), por meio da sua Comiss\u00e3o de Pol\u00edtica de Rela\u00e7\u00f5es Trabalhistas (CPRT), dar\u00e1 in\u00edcio ao novo ciclo da\u00a0Campanha Nacional de Preven\u00e7\u00e3o de Acidentes na Ind\u00fastria da Constru\u00e7\u00e3o \u2013 CANPAT Constru\u00e7\u00e3o. Se a sua empresa se importa com a seguran\u00e7a [&hellip;]","og_url":"https:\/\/seconci.com.br\/site\/2019\/06\/14\/inscricoes-abertas-para-a-realizacao-da-canpat-construcao-nos-estados\/","og_site_name":"Seconci Brasil","article_published_time":"2019-06-14T12:01:34+00:00","og_image":[{"width":1328,"height":401,"url":"https:\/\/seconci.com.br\/site\/wp-content\/uploads\/2019\/06\/CANPAT1.jpg","type":"image\/jpeg"}],"author":"Sidney Rocha","twitter_card":"summary_large_image","twitter_misc":{"Escrito por":"Sidney Rocha","Tempo estimado de leitura":"2 minutos"},"schema":{"@context":"https:\/\/schema.org","@graph":[{"@type":"Article","@id":"https:\/\/seconci.com.br\/site\/2019\/06\/14\/inscricoes-abertas-para-a-realizacao-da-canpat-construcao-nos-estados\/#article","isPartOf":{"@id":"https:\/\/seconci.com.br\/site\/2019\/06\/14\/inscricoes-abertas-para-a-realizacao-da-canpat-construcao-nos-estados\/"},"author":{"name":"Sidney Rocha","@id":"https:\/\/seconci.com.br\/site\/#\/schema\/person\/1d79afd97ddc8f2c68c1e88e298aa8e2"},"headline":"Inscri\u00e7\u00f5es abertas para a realiza\u00e7\u00e3o da CANPAT Constru\u00e7\u00e3o nos estados","datePublished":"2019-06-14T12:01:34+00:00","mainEntityOfPage":{"@id":"https:\/\/seconci.com.br\/site\/2019\/06\/14\/inscricoes-abertas-para-a-realizacao-da-canpat-construcao-nos-estados\/"},"wordCount":342,"publisher":{"@id":"https:\/\/seconci.com.br\/site\/#organization"},"image":{"@id":"https:\/\/seconci.com.br\/site\/2019\/06\/14\/inscricoes-abertas-para-a-realizacao-da-canpat-construcao-nos-estados\/#primaryimage"},"thumbnailUrl":"https:\/\/seconci.com.br\/site\/wp-content\/uploads\/2019\/06\/CANPAT1.jpg","articleSection":["Seconci Brasil"],"inLanguage":"pt-PT"},{"@type":"WebPage","@id":"https:\/\/seconci.com.br\/site\/2019\/06\/14\/inscricoes-abertas-para-a-realizacao-da-canpat-construcao-nos-estados\/","url":"https:\/\/seconci.com.br\/site\/2019\/06\/14\/inscricoes-abertas-para-a-realizacao-da-canpat-construcao-nos-estados\/","name":"Inscri\u00e7\u00f5es abertas para a realiza\u00e7\u00e3o da CANPAT Constru\u00e7\u00e3o nos estados - Seconci Brasil","isPartOf":{"@id":"https:\/\/seconci.com.br\/site\/#website"},"primaryImageOfPage":{"@id":"https:\/\/seconci.com.br\/site\/2019\/06\/14\/inscricoes-abertas-para-a-realizacao-da-canpat-construcao-nos-estados\/#primaryimage"},"image":{"@id":"https:\/\/seconci.com.br\/site\/2019\/06\/14\/inscricoes-abertas-para-a-realizacao-da-canpat-construcao-nos-estados\/#primaryimage"},"thumbnailUrl":"https:\/\/seconci.com.br\/site\/wp-content\/uploads\/2019\/06\/CANPAT1.jpg","datePublished":"2019-06-14T12:01:34+00:00","breadcrumb":{"@id":"https:\/\/seconci.com.br\/site\/2019\/06\/14\/inscricoes-abertas-para-a-realizacao-da-canpat-construcao-nos-estados\/#breadcrumb"},"inLanguage":"pt-PT","potentialAction":[{"@type":"ReadAction","target":["https:\/\/seconci.com.br\/site\/2019\/06\/14\/inscricoes-abertas-para-a-realizacao-da-canpat-construcao-nos-estados\/"]}]},{"@type":"ImageObject","inLanguage":"pt-PT","@id":"https:\/\/seconci.com.br\/site\/2019\/06\/14\/inscricoes-abertas-para-a-realizacao-da-canpat-construcao-nos-estados\/#primaryimage","url":"https:\/\/seconci.com.br\/site\/wp-content\/uploads\/2019\/06\/CANPAT1.jpg","contentUrl":"https:\/\/seconci.com.br\/site\/wp-content\/uploads\/2019\/06\/CANPAT1.jpg","width":1328,"height":401},{"@type":"BreadcrumbList","@id":"https:\/\/seconci.com.br\/site\/2019\/06\/14\/inscricoes-abertas-para-a-realizacao-da-canpat-construcao-nos-estados\/#breadcrumb","itemListElement":[{"@type":"ListItem","position":1,"name":"In\u00edcio","item":"https:\/\/seconci.com.br\/site\/"},{"@type":"ListItem","position":2,"name":"Inscri\u00e7\u00f5es abertas para a realiza\u00e7\u00e3o da CANPAT Constru\u00e7\u00e3o nos estados"}]},{"@type":"WebSite","@id":"https:\/\/seconci.com.br\/site\/#website","url":"https:\/\/seconci.com.br\/site\/","name":"Seconci Brasil","description":"","publisher":{"@id":"https:\/\/seconci.com.br\/site\/#organization"},"potentialAction":[{"@type":"SearchAction","target":{"@type":"EntryPoint","urlTemplate":"https:\/\/seconci.com.br\/site\/?s={search_term_string}"},"query-input":{"@type":"PropertyValueSpecification","valueRequired":true,"valueName":"search_term_string"}}],"inLanguage":"pt-PT"},{"@type":"Organization","@id":"https:\/\/seconci.com.br\/site\/#organization","name":"Seconci Brasil","url":"https:\/\/seconci.com.br\/site\/","logo":{"@type":"ImageObject","inLanguage":"pt-PT","@id":"https:\/\/seconci.com.br\/site\/#\/schema\/logo\/image\/","url":"https:\/\/seconci.com.br\/site\/wp-content\/uploads\/2024\/08\/Logo-Seconci-Brasil-branca-2.png","contentUrl":"https:\/\/seconci.com.br\/site\/wp-content\/uploads\/2024\/08\/Logo-Seconci-Brasil-branca-2.png","width":1315,"height":598,"caption":"Seconci Brasil"},"image":{"@id":"https:\/\/seconci.com.br\/site\/#\/schema\/logo\/image\/"}},{"@type":"Person","@id":"https:\/\/seconci.com.br\/site\/#\/schema\/person\/1d79afd97ddc8f2c68c1e88e298aa8e2","name":"Sidney Rocha","description":"Comunicador e estagi\u00e1rio do Seconci Brasil.","url":"https:\/\/seconci.com.br\/site\/author\/sidney-rocha\/"}]}},"_links":{"self":[{"href":"https:\/\/seconci.com.br\/site\/wp-json\/wp\/v2\/posts\/8434","targetHints":{"allow":["GET"]}}],"collection":[{"href":"https:\/\/seconci.com.br\/site\/wp-json\/wp\/v2\/posts"}],"about":[{"href":"https:\/\/seconci.com.br\/site\/wp-json\/wp\/v2\/types\/post"}],"author":[{"embeddable":true,"href":"https:\/\/seconci.com.br\/site\/wp-json\/wp\/v2\/users\/3"}],"replies":[{"embeddable":true,"href":"https:\/\/seconci.com.br\/site\/wp-json\/wp\/v2\/comments?post=8434"}],"version-history":[{"count":0,"href":"https:\/\/seconci.com.br\/site\/wp-json\/wp\/v2\/posts\/8434\/revisions"}],"wp:featuredmedia":[{"embeddable":true,"href":"https:\/\/seconci.com.br\/site\/wp-json\/wp\/v2\/media\/8435"}],"wp:attachment":[{"href":"https:\/\/seconci.com.br\/site\/wp-json\/wp\/v2\/media?parent=8434"}],"wp:term":[{"taxonomy":"category","embeddable":true,"href":"https:\/\/seconci.com.br\/site\/wp-json\/wp\/v2\/categories?post=8434"},{"taxonomy":"post_tag","embeddable":true,"href":"https:\/\/seconci.com.br\/site\/wp-json\/wp\/v2\/tags?post=8434"}],"curies":[{"name":"wp","href":"https:\/\/api.w.org\/{rel}","templated":true}]}}