{"id":8437,"date":"2019-06-14T12:18:42","date_gmt":"2019-06-14T12:18:42","guid":{"rendered":"https:\/\/seconci.com.br\/site\/?p=8437"},"modified":"2019-06-14T12:18:42","modified_gmt":"2019-06-14T12:18:42","slug":"seconci-sp-promove-palestras-de-conscientizacao-para-o-dia-mundial-do-doador-de-sangue","status":"publish","type":"post","link":"https:\/\/seconci.com.br\/site\/2019\/06\/14\/seconci-sp-promove-palestras-de-conscientizacao-para-o-dia-mundial-do-doador-de-sangue\/","title":{"rendered":"Seconci-SP promove palestras de conscientiza\u00e7\u00e3o para o Dia Mundial do Doador de Sangue"},"content":{"rendered":"<p style=\"text-align: justify;\">Em comemora\u00e7\u00e3o ao Dia Mundial do Doador de Sangue, celebrado em 14 de junho, a Regional Sorocaba do Seconci-SP (Servi\u00e7o Social da Constru\u00e7\u00e3o Civil do Estado de S\u00e3o Paulo) est\u00e1 promovendo uma s\u00e9rie de palestras de conscientiza\u00e7\u00e3o nos canteiros de obras atrav\u00e9s de uma parceria com o Hemon\u00facleo.<\/p>\n<p style=\"text-align: justify;\">A a\u00e7\u00e3o visa ressaltar a import\u00e2ncia de se desenvolver entre os trabalhadores da constru\u00e7\u00e3o civil o h\u00e1bito de doar sangue e esclarecer sobre os procedimentos de doa\u00e7\u00e3o. Al\u00e9m disso, os palestrantes tamb\u00e9m ressaltam sobre a doa\u00e7\u00e3o de medula \u00f3ssea com o objetivo de desmistificar a complexidade dos procedimentos.<\/p>\n<p style=\"text-align: justify;\">Segundo a gerente da Regional Sorocaba do Seconci-SP, Ester Gon\u00e7alves, a parceria com o Colsan traz diversos benef\u00edcios e refor\u00e7a a conscientiza\u00e7\u00e3o para o aumento da doa\u00e7\u00e3o. \u201cDurante a 12\u00aa edi\u00e7\u00e3o ConstruSer, realizado em abril deste ano, o Hemon\u00facleo participou promovendo orienta\u00e7\u00f5es e distribui\u00e7\u00e3o de folders aos funcion\u00e1rios e seus familiares que estiveram no SESI de Votorantim naquela ocasi\u00e3o\u201d, afirma.<\/p>\n<p style=\"text-align: justify;\">Essas a\u00e7\u00f5es proporcionam conscientiza\u00e7\u00e3o, j\u00e1 que transfus\u00f5es de sangue fazem a diferen\u00e7a entre a vida e a morte para centenas de pacientes todos os dias. \u201c\u00c9 comum que as pessoas doem sangue apenas quando existe um familiar internado e conscientizar a popula\u00e7\u00e3o por meio de a\u00e7\u00f5es \u00e9 de suma import\u00e2ncia \u201d explica Ana Maria Cruz, respons\u00e1vel pela capta\u00e7\u00e3o de sangue na Colsan.<\/p>\n<p style=\"text-align: justify;\">Para doa\u00e7\u00e3o de sangue \u00e9 necess\u00e1rio estar em boas condi\u00e7\u00f5es de sa\u00fade e descanso, pesar no m\u00ednimo 50 kg, n\u00e3o estar resfriado ou com gripe, n\u00e3o ter feito tatuagem ou colocado piercing nos \u00faltimos 12 meses, al\u00e9m de apresentar documento oficial de identidade com foto. Para saber mais, os interessados podem acessar o portal www.colsan.org.br.<\/p>\n<p style=\"text-align: justify;\">Empresas interessadas em receber as palestras podem entrar em contato atrav\u00e9s do telefone (15) 4062-9137. O Seconci-SP fica na Avenida General Os\u00f3rio, 391 \u2013 Trujilo.<\/p>\n<p style=\"text-align: justify;\">Sobre o Seconci-SP<\/p>\n<p style=\"text-align: justify;\">O Seconci-SP (Servi\u00e7o Social da Constru\u00e7\u00e3o Civil do Estado de S\u00e3o Paulo) tem como miss\u00e3o promover a\u00e7\u00f5es de sa\u00fade e assist\u00eancia social, garantindo qualidade de vida aos trabalhadores e seus dependentes. A Unidade de Sorocaba atende colaboradores de mais de 150 empresas contribuintes e disp\u00f5e de um corpo cl\u00ednico especializado em: cardiologia, cl\u00ednica m\u00e9dica, dermatologia, ginecologia, nutri\u00e7\u00e3o, oftalmologia, ortopedia, odontologia, otorrinolaringologia e pediatria.<\/p>\n<p style=\"text-align: justify;\">Al\u00e9m disso, os trabalhadores e seus familiares podem realizar exames cl\u00ednicos, audiometria, eletrocardiograma, eletroencefalograma, radiologia e ultrassonografia, tudo no mesmo espa\u00e7o. A Unidade conta ainda com assessoria em medicina ocupacional e engenharia de seguran\u00e7a, inclusive para empresas de outros setores da economia, com atendimento cl\u00ednico para emiss\u00e3o de atestados de sa\u00fade ocupacional e realiza\u00e7\u00e3o dos Programas de Sa\u00fade e Seguran\u00e7a do Trabalho, de acordo com a legisla\u00e7\u00e3o trabalhista.<\/p>\n<p style=\"text-align: justify;\">Servi\u00e7o:<\/p>\n<p style=\"text-align: justify;\">Dia Mundial do Doador de Sangue \u2013 Seconci-SP<\/p>\n<p style=\"text-align: justify;\">Data: 14 de junho<\/p>\n<p style=\"text-align: justify;\">Endere\u00e7o: Avenida General Os\u00f3rio, 391 \u2013 Trujillo \u2013 Sorocaba \/ SP<\/p>\n<p style=\"text-align: justify;\">Informa\u00e7\u00f5es: (15) 3042.1840 \/ sorocaba@seconci-sp.org.br<\/p>\n<p style=\"text-align: justify;\">Fonte: Vergili Press Office Comunica\u00e7\u00e3o Integrada<\/p>\n","protected":false},"excerpt":{"rendered":"<p>Em comemora\u00e7\u00e3o ao Dia Mundial do Doador de Sangue, celebrado em 14 de junho, a Regional Sorocaba do Seconci-SP (Servi\u00e7o Social da Constru\u00e7\u00e3o Civil do Estado de S\u00e3o Paulo) est\u00e1 promovendo uma s\u00e9rie de palestras de conscientiza\u00e7\u00e3o nos canteiros de obras atrav\u00e9s de uma parceria com o Hemon\u00facleo. A a\u00e7\u00e3o visa ressaltar a import\u00e2ncia de [&hellip;]<\/p>\n","protected":false},"author":3,"featured_media":7805,"comment_status":"closed","ping_status":"closed","sticky":false,"template":"","format":"standard","meta":{"footnotes":""},"categories":[87],"tags":[],"class_list":["post-8437","post","type-post","status-publish","format-standard","has-post-thumbnail","hentry","category-seconci-sao-paulo"],"yoast_head":"<!-- This site is optimized with the Yoast SEO plugin v26.9 - https:\/\/yoast.com\/product\/yoast-seo-wordpress\/ -->\n<title>Seconci-SP promove palestras de conscientiza\u00e7\u00e3o para o Dia Mundial do Doador de Sangue - Seconci Brasil<\/title>\n<meta name=\"robots\" content=\"index, follow, max-snippet:-1, max-image-preview:large, max-video-preview:-1\" \/>\n<link rel=\"canonical\" href=\"https:\/\/seconci.com.br\/site\/2019\/06\/14\/seconci-sp-promove-palestras-de-conscientizacao-para-o-dia-mundial-do-doador-de-sangue\/\" \/>\n<meta property=\"og:locale\" content=\"pt_PT\" \/>\n<meta property=\"og:type\" content=\"article\" \/>\n<meta property=\"og:title\" content=\"Seconci-SP promove palestras de conscientiza\u00e7\u00e3o para o Dia Mundial do Doador de Sangue - Seconci Brasil\" \/>\n<meta property=\"og:description\" content=\"Em comemora\u00e7\u00e3o ao Dia Mundial do Doador de Sangue, celebrado em 14 de junho, a Regional Sorocaba do Seconci-SP (Servi\u00e7o Social da Constru\u00e7\u00e3o Civil do Estado de S\u00e3o Paulo) est\u00e1 promovendo uma s\u00e9rie de palestras de conscientiza\u00e7\u00e3o nos canteiros de obras atrav\u00e9s de uma parceria com o Hemon\u00facleo. A a\u00e7\u00e3o visa ressaltar a import\u00e2ncia de [&hellip;]\" \/>\n<meta property=\"og:url\" content=\"https:\/\/seconci.com.br\/site\/2019\/06\/14\/seconci-sp-promove-palestras-de-conscientizacao-para-o-dia-mundial-do-doador-de-sangue\/\" \/>\n<meta property=\"og:site_name\" content=\"Seconci Brasil\" \/>\n<meta property=\"article:published_time\" content=\"2019-06-14T12:18:42+00:00\" \/>\n<meta property=\"og:image\" content=\"https:\/\/seconci.com.br\/site\/wp-content\/uploads\/2018\/10\/seconcisp.png\" \/>\n\t<meta property=\"og:image:width\" content=\"856\" \/>\n\t<meta property=\"og:image:height\" content=\"483\" \/>\n\t<meta property=\"og:image:type\" content=\"image\/png\" \/>\n<meta name=\"author\" content=\"Sidney Rocha\" \/>\n<meta name=\"twitter:card\" content=\"summary_large_image\" \/>\n<meta name=\"twitter:label1\" content=\"Escrito por\" \/>\n\t<meta name=\"twitter:data1\" content=\"Sidney Rocha\" \/>\n\t<meta name=\"twitter:label2\" content=\"Tempo estimado de leitura\" \/>\n\t<meta name=\"twitter:data2\" content=\"3 minutos\" \/>\n<script type=\"application\/ld+json\" class=\"yoast-schema-graph\">{\"@context\":\"https:\/\/schema.org\",\"@graph\":[{\"@type\":\"Article\",\"@id\":\"https:\/\/seconci.com.br\/site\/2019\/06\/14\/seconci-sp-promove-palestras-de-conscientizacao-para-o-dia-mundial-do-doador-de-sangue\/#article\",\"isPartOf\":{\"@id\":\"https:\/\/seconci.com.br\/site\/2019\/06\/14\/seconci-sp-promove-palestras-de-conscientizacao-para-o-dia-mundial-do-doador-de-sangue\/\"},\"author\":{\"name\":\"Sidney Rocha\",\"@id\":\"https:\/\/seconci.com.br\/site\/#\/schema\/person\/1d79afd97ddc8f2c68c1e88e298aa8e2\"},\"headline\":\"Seconci-SP promove palestras de conscientiza\u00e7\u00e3o para o Dia Mundial do Doador de Sangue\",\"datePublished\":\"2019-06-14T12:18:42+00:00\",\"mainEntityOfPage\":{\"@id\":\"https:\/\/seconci.com.br\/site\/2019\/06\/14\/seconci-sp-promove-palestras-de-conscientizacao-para-o-dia-mundial-do-doador-de-sangue\/\"},\"wordCount\":540,\"publisher\":{\"@id\":\"https:\/\/seconci.com.br\/site\/#organization\"},\"image\":{\"@id\":\"https:\/\/seconci.com.br\/site\/2019\/06\/14\/seconci-sp-promove-palestras-de-conscientizacao-para-o-dia-mundial-do-doador-de-sangue\/#primaryimage\"},\"thumbnailUrl\":\"https:\/\/seconci.com.br\/site\/wp-content\/uploads\/2018\/10\/seconcisp.png\",\"articleSection\":[\"Seconci S\u00e3o Paulo\"],\"inLanguage\":\"pt-PT\"},{\"@type\":\"WebPage\",\"@id\":\"https:\/\/seconci.com.br\/site\/2019\/06\/14\/seconci-sp-promove-palestras-de-conscientizacao-para-o-dia-mundial-do-doador-de-sangue\/\",\"url\":\"https:\/\/seconci.com.br\/site\/2019\/06\/14\/seconci-sp-promove-palestras-de-conscientizacao-para-o-dia-mundial-do-doador-de-sangue\/\",\"name\":\"Seconci-SP promove palestras de conscientiza\u00e7\u00e3o para o Dia Mundial do Doador de Sangue - Seconci Brasil\",\"isPartOf\":{\"@id\":\"https:\/\/seconci.com.br\/site\/#website\"},\"primaryImageOfPage\":{\"@id\":\"https:\/\/seconci.com.br\/site\/2019\/06\/14\/seconci-sp-promove-palestras-de-conscientizacao-para-o-dia-mundial-do-doador-de-sangue\/#primaryimage\"},\"image\":{\"@id\":\"https:\/\/seconci.com.br\/site\/2019\/06\/14\/seconci-sp-promove-palestras-de-conscientizacao-para-o-dia-mundial-do-doador-de-sangue\/#primaryimage\"},\"thumbnailUrl\":\"https:\/\/seconci.com.br\/site\/wp-content\/uploads\/2018\/10\/seconcisp.png\",\"datePublished\":\"2019-06-14T12:18:42+00:00\",\"breadcrumb\":{\"@id\":\"https:\/\/seconci.com.br\/site\/2019\/06\/14\/seconci-sp-promove-palestras-de-conscientizacao-para-o-dia-mundial-do-doador-de-sangue\/#breadcrumb\"},\"inLanguage\":\"pt-PT\",\"potentialAction\":[{\"@type\":\"ReadAction\",\"target\":[\"https:\/\/seconci.com.br\/site\/2019\/06\/14\/seconci-sp-promove-palestras-de-conscientizacao-para-o-dia-mundial-do-doador-de-sangue\/\"]}]},{\"@type\":\"ImageObject\",\"inLanguage\":\"pt-PT\",\"@id\":\"https:\/\/seconci.com.br\/site\/2019\/06\/14\/seconci-sp-promove-palestras-de-conscientizacao-para-o-dia-mundial-do-doador-de-sangue\/#primaryimage\",\"url\":\"https:\/\/seconci.com.br\/site\/wp-content\/uploads\/2018\/10\/seconcisp.png\",\"contentUrl\":\"https:\/\/seconci.com.br\/site\/wp-content\/uploads\/2018\/10\/seconcisp.png\",\"width\":856,\"height\":483},{\"@type\":\"BreadcrumbList\",\"@id\":\"https:\/\/seconci.com.br\/site\/2019\/06\/14\/seconci-sp-promove-palestras-de-conscientizacao-para-o-dia-mundial-do-doador-de-sangue\/#breadcrumb\",\"itemListElement\":[{\"@type\":\"ListItem\",\"position\":1,\"name\":\"In\u00edcio\",\"item\":\"https:\/\/seconci.com.br\/site\/\"},{\"@type\":\"ListItem\",\"position\":2,\"name\":\"Seconci-SP promove palestras de conscientiza\u00e7\u00e3o para o Dia Mundial do Doador de Sangue\"}]},{\"@type\":\"WebSite\",\"@id\":\"https:\/\/seconci.com.br\/site\/#website\",\"url\":\"https:\/\/seconci.com.br\/site\/\",\"name\":\"Seconci Brasil\",\"description\":\"\",\"publisher\":{\"@id\":\"https:\/\/seconci.com.br\/site\/#organization\"},\"potentialAction\":[{\"@type\":\"SearchAction\",\"target\":{\"@type\":\"EntryPoint\",\"urlTemplate\":\"https:\/\/seconci.com.br\/site\/?s={search_term_string}\"},\"query-input\":{\"@type\":\"PropertyValueSpecification\",\"valueRequired\":true,\"valueName\":\"search_term_string\"}}],\"inLanguage\":\"pt-PT\"},{\"@type\":\"Organization\",\"@id\":\"https:\/\/seconci.com.br\/site\/#organization\",\"name\":\"Seconci Brasil\",\"url\":\"https:\/\/seconci.com.br\/site\/\",\"logo\":{\"@type\":\"ImageObject\",\"inLanguage\":\"pt-PT\",\"@id\":\"https:\/\/seconci.com.br\/site\/#\/schema\/logo\/image\/\",\"url\":\"https:\/\/seconci.com.br\/site\/wp-content\/uploads\/2024\/08\/Logo-Seconci-Brasil-branca-2.png\",\"contentUrl\":\"https:\/\/seconci.com.br\/site\/wp-content\/uploads\/2024\/08\/Logo-Seconci-Brasil-branca-2.png\",\"width\":1315,\"height\":598,\"caption\":\"Seconci Brasil\"},\"image\":{\"@id\":\"https:\/\/seconci.com.br\/site\/#\/schema\/logo\/image\/\"}},{\"@type\":\"Person\",\"@id\":\"https:\/\/seconci.com.br\/site\/#\/schema\/person\/1d79afd97ddc8f2c68c1e88e298aa8e2\",\"name\":\"Sidney Rocha\",\"description\":\"Comunicador e estagi\u00e1rio do Seconci Brasil.\",\"url\":\"https:\/\/seconci.com.br\/site\/author\/sidney-rocha\/\"}]}<\/script>\n<!-- \/ Yoast SEO plugin. -->","yoast_head_json":{"title":"Seconci-SP promove palestras de conscientiza\u00e7\u00e3o para o Dia Mundial do Doador de Sangue - Seconci Brasil","robots":{"index":"index","follow":"follow","max-snippet":"max-snippet:-1","max-image-preview":"max-image-preview:large","max-video-preview":"max-video-preview:-1"},"canonical":"https:\/\/seconci.com.br\/site\/2019\/06\/14\/seconci-sp-promove-palestras-de-conscientizacao-para-o-dia-mundial-do-doador-de-sangue\/","og_locale":"pt_PT","og_type":"article","og_title":"Seconci-SP promove palestras de conscientiza\u00e7\u00e3o para o Dia Mundial do Doador de Sangue - Seconci Brasil","og_description":"Em comemora\u00e7\u00e3o ao Dia Mundial do Doador de Sangue, celebrado em 14 de junho, a Regional Sorocaba do Seconci-SP (Servi\u00e7o Social da Constru\u00e7\u00e3o Civil do Estado de S\u00e3o Paulo) est\u00e1 promovendo uma s\u00e9rie de palestras de conscientiza\u00e7\u00e3o nos canteiros de obras atrav\u00e9s de uma parceria com o Hemon\u00facleo. A a\u00e7\u00e3o visa ressaltar a import\u00e2ncia de [&hellip;]","og_url":"https:\/\/seconci.com.br\/site\/2019\/06\/14\/seconci-sp-promove-palestras-de-conscientizacao-para-o-dia-mundial-do-doador-de-sangue\/","og_site_name":"Seconci Brasil","article_published_time":"2019-06-14T12:18:42+00:00","og_image":[{"width":856,"height":483,"url":"https:\/\/seconci.com.br\/site\/wp-content\/uploads\/2018\/10\/seconcisp.png","type":"image\/png"}],"author":"Sidney Rocha","twitter_card":"summary_large_image","twitter_misc":{"Escrito por":"Sidney Rocha","Tempo estimado de leitura":"3 minutos"},"schema":{"@context":"https:\/\/schema.org","@graph":[{"@type":"Article","@id":"https:\/\/seconci.com.br\/site\/2019\/06\/14\/seconci-sp-promove-palestras-de-conscientizacao-para-o-dia-mundial-do-doador-de-sangue\/#article","isPartOf":{"@id":"https:\/\/seconci.com.br\/site\/2019\/06\/14\/seconci-sp-promove-palestras-de-conscientizacao-para-o-dia-mundial-do-doador-de-sangue\/"},"author":{"name":"Sidney Rocha","@id":"https:\/\/seconci.com.br\/site\/#\/schema\/person\/1d79afd97ddc8f2c68c1e88e298aa8e2"},"headline":"Seconci-SP promove palestras de conscientiza\u00e7\u00e3o para o Dia Mundial do Doador de Sangue","datePublished":"2019-06-14T12:18:42+00:00","mainEntityOfPage":{"@id":"https:\/\/seconci.com.br\/site\/2019\/06\/14\/seconci-sp-promove-palestras-de-conscientizacao-para-o-dia-mundial-do-doador-de-sangue\/"},"wordCount":540,"publisher":{"@id":"https:\/\/seconci.com.br\/site\/#organization"},"image":{"@id":"https:\/\/seconci.com.br\/site\/2019\/06\/14\/seconci-sp-promove-palestras-de-conscientizacao-para-o-dia-mundial-do-doador-de-sangue\/#primaryimage"},"thumbnailUrl":"https:\/\/seconci.com.br\/site\/wp-content\/uploads\/2018\/10\/seconcisp.png","articleSection":["Seconci S\u00e3o Paulo"],"inLanguage":"pt-PT"},{"@type":"WebPage","@id":"https:\/\/seconci.com.br\/site\/2019\/06\/14\/seconci-sp-promove-palestras-de-conscientizacao-para-o-dia-mundial-do-doador-de-sangue\/","url":"https:\/\/seconci.com.br\/site\/2019\/06\/14\/seconci-sp-promove-palestras-de-conscientizacao-para-o-dia-mundial-do-doador-de-sangue\/","name":"Seconci-SP promove palestras de conscientiza\u00e7\u00e3o para o Dia Mundial do Doador de Sangue - Seconci Brasil","isPartOf":{"@id":"https:\/\/seconci.com.br\/site\/#website"},"primaryImageOfPage":{"@id":"https:\/\/seconci.com.br\/site\/2019\/06\/14\/seconci-sp-promove-palestras-de-conscientizacao-para-o-dia-mundial-do-doador-de-sangue\/#primaryimage"},"image":{"@id":"https:\/\/seconci.com.br\/site\/2019\/06\/14\/seconci-sp-promove-palestras-de-conscientizacao-para-o-dia-mundial-do-doador-de-sangue\/#primaryimage"},"thumbnailUrl":"https:\/\/seconci.com.br\/site\/wp-content\/uploads\/2018\/10\/seconcisp.png","datePublished":"2019-06-14T12:18:42+00:00","breadcrumb":{"@id":"https:\/\/seconci.com.br\/site\/2019\/06\/14\/seconci-sp-promove-palestras-de-conscientizacao-para-o-dia-mundial-do-doador-de-sangue\/#breadcrumb"},"inLanguage":"pt-PT","potentialAction":[{"@type":"ReadAction","target":["https:\/\/seconci.com.br\/site\/2019\/06\/14\/seconci-sp-promove-palestras-de-conscientizacao-para-o-dia-mundial-do-doador-de-sangue\/"]}]},{"@type":"ImageObject","inLanguage":"pt-PT","@id":"https:\/\/seconci.com.br\/site\/2019\/06\/14\/seconci-sp-promove-palestras-de-conscientizacao-para-o-dia-mundial-do-doador-de-sangue\/#primaryimage","url":"https:\/\/seconci.com.br\/site\/wp-content\/uploads\/2018\/10\/seconcisp.png","contentUrl":"https:\/\/seconci.com.br\/site\/wp-content\/uploads\/2018\/10\/seconcisp.png","width":856,"height":483},{"@type":"BreadcrumbList","@id":"https:\/\/seconci.com.br\/site\/2019\/06\/14\/seconci-sp-promove-palestras-de-conscientizacao-para-o-dia-mundial-do-doador-de-sangue\/#breadcrumb","itemListElement":[{"@type":"ListItem","position":1,"name":"In\u00edcio","item":"https:\/\/seconci.com.br\/site\/"},{"@type":"ListItem","position":2,"name":"Seconci-SP promove palestras de conscientiza\u00e7\u00e3o para o Dia Mundial do Doador de Sangue"}]},{"@type":"WebSite","@id":"https:\/\/seconci.com.br\/site\/#website","url":"https:\/\/seconci.com.br\/site\/","name":"Seconci Brasil","description":"","publisher":{"@id":"https:\/\/seconci.com.br\/site\/#organization"},"potentialAction":[{"@type":"SearchAction","target":{"@type":"EntryPoint","urlTemplate":"https:\/\/seconci.com.br\/site\/?s={search_term_string}"},"query-input":{"@type":"PropertyValueSpecification","valueRequired":true,"valueName":"search_term_string"}}],"inLanguage":"pt-PT"},{"@type":"Organization","@id":"https:\/\/seconci.com.br\/site\/#organization","name":"Seconci Brasil","url":"https:\/\/seconci.com.br\/site\/","logo":{"@type":"ImageObject","inLanguage":"pt-PT","@id":"https:\/\/seconci.com.br\/site\/#\/schema\/logo\/image\/","url":"https:\/\/seconci.com.br\/site\/wp-content\/uploads\/2024\/08\/Logo-Seconci-Brasil-branca-2.png","contentUrl":"https:\/\/seconci.com.br\/site\/wp-content\/uploads\/2024\/08\/Logo-Seconci-Brasil-branca-2.png","width":1315,"height":598,"caption":"Seconci Brasil"},"image":{"@id":"https:\/\/seconci.com.br\/site\/#\/schema\/logo\/image\/"}},{"@type":"Person","@id":"https:\/\/seconci.com.br\/site\/#\/schema\/person\/1d79afd97ddc8f2c68c1e88e298aa8e2","name":"Sidney Rocha","description":"Comunicador e estagi\u00e1rio do Seconci Brasil.","url":"https:\/\/seconci.com.br\/site\/author\/sidney-rocha\/"}]}},"_links":{"self":[{"href":"https:\/\/seconci.com.br\/site\/wp-json\/wp\/v2\/posts\/8437","targetHints":{"allow":["GET"]}}],"collection":[{"href":"https:\/\/seconci.com.br\/site\/wp-json\/wp\/v2\/posts"}],"about":[{"href":"https:\/\/seconci.com.br\/site\/wp-json\/wp\/v2\/types\/post"}],"author":[{"embeddable":true,"href":"https:\/\/seconci.com.br\/site\/wp-json\/wp\/v2\/users\/3"}],"replies":[{"embeddable":true,"href":"https:\/\/seconci.com.br\/site\/wp-json\/wp\/v2\/comments?post=8437"}],"version-history":[{"count":0,"href":"https:\/\/seconci.com.br\/site\/wp-json\/wp\/v2\/posts\/8437\/revisions"}],"wp:featuredmedia":[{"embeddable":true,"href":"https:\/\/seconci.com.br\/site\/wp-json\/wp\/v2\/media\/7805"}],"wp:attachment":[{"href":"https:\/\/seconci.com.br\/site\/wp-json\/wp\/v2\/media?parent=8437"}],"wp:term":[{"taxonomy":"category","embeddable":true,"href":"https:\/\/seconci.com.br\/site\/wp-json\/wp\/v2\/categories?post=8437"},{"taxonomy":"post_tag","embeddable":true,"href":"https:\/\/seconci.com.br\/site\/wp-json\/wp\/v2\/tags?post=8437"}],"curies":[{"name":"wp","href":"https:\/\/api.w.org\/{rel}","templated":true}]}}