{"id":8472,"date":"2019-06-27T16:39:14","date_gmt":"2019-06-27T16:39:14","guid":{"rendered":"https:\/\/seconci.com.br\/site\/?p=8472"},"modified":"2019-06-27T16:39:14","modified_gmt":"2019-06-27T16:39:14","slug":"seconci-piracicaba-participa-da-7a-megacampanha","status":"publish","type":"post","link":"https:\/\/seconci.com.br\/site\/2019\/06\/27\/seconci-piracicaba-participa-da-7a-megacampanha\/","title":{"rendered":"Seconci Piracicaba participa da 7\u00aa Megacampanha"},"content":{"rendered":"<p>Cr\u00e9dito: Adriano Rizzo<\/p>\n<p><em>Equipe solid\u00e1ria. Ricardo Monteiro e funcion\u00e1rios do Seconci Piracicaba<\/em><\/p>\n<p>| <strong>Gazeta de Piracicaba\/SP<\/strong> |<\/p>\n<p style=\"text-align: justify;\">Pelo quinto ano consecutivo, o Servi\u00e7o Social da Constru\u00e7\u00e3o (Seconci-SP), de Piracicaba, participa da Megacampanha do Agasalho, iniciativa organizada pelo Fundo Social de Solidariedade de Piracicaba (Fussp) e pela Gazeta de Piracicaba. A entidade atua como parceira e ponto de coleta de roupas e outros itens de vestu\u00e1rio que ser\u00e3o doados \u00e0 popula\u00e7\u00e3o carente do munic\u00edpio. O Seconci-SP \u00e9 uma entidade que oferece atendimentos m\u00e9dico e odontol\u00f3gico a trabalhadores da Constru\u00e7\u00e3o Civil, comentou o gerente-regional da Unidade.<\/p>\n<p style=\"text-align: justify;\">\nRicardo Monteiro explicou sobre a ades\u00e3o \u00e0 7\u00aa Megacampanha. \u201cA ess\u00eancia do Seconci \u00e9 a presta\u00e7\u00e3o de servi\u00e7o assistencial, prioritariamente aos trabalhadores da Constru\u00e7\u00e3o Civil. Por\u00e9m, temos a nossa responsabilidade social com toda a comunidade e fazemos isso com muito carinho e de forma humanizada&#8221;, declarou.<\/p>\n<p style=\"text-align: justify;\">\nMonteiro contou que h\u00e1 duas caixas para o recebimento de donativos no Seconci Piracicaba. \u201cDivulgamos a Campanha para todos os nossos clientes e parceiros. Temos, atualmente, 247 empresas (associadas) e quase quatro mil usu\u00e1rios dos diversos atendimentos. Nossa localiza\u00e7\u00e3o \u00e9 privilegiada e as coletas est\u00e3o em andamento, esperamos arrecadar mais agasalhos do que nos anos anteriores\u201d, disse o gerente-regional.<\/p>\n<p style=\"text-align: justify;\">\nA 7\u00aa Megacampanha do Agasalho foi iniciada no dia 19 de abril e prosseguir\u00e1 at\u00e9 esta sexta-feira (28). Ainda d\u00e1 tempo de fazer doa\u00e7\u00f5es nos mais de 30 pontos de coleta da Campanha, instalados em Condom\u00ednios, empresas, escolas, clubes, lojas e outras Institui\u00e7\u00f5es engajadas.<\/p>\n<p style=\"text-align: justify;\">\nEm 2018, o volume de pe\u00e7as arrecadadas durante a 6\u00aa edi\u00e7\u00e3o da Megacampanha foi de 45,5 mil. Neste ano, a meta do Fussp &#8211; que refor\u00e7a o pedido para que a popula\u00e7\u00e3o doe pe\u00e7as em perfeitas condi\u00e7\u00f5es de uso &#8211; \u00e9 de igualar ou de bater esse n\u00famero.<\/p>\n","protected":false},"excerpt":{"rendered":"<p>Cr\u00e9dito: Adriano Rizzo Equipe solid\u00e1ria. Ricardo Monteiro e funcion\u00e1rios do Seconci Piracicaba | Gazeta de Piracicaba\/SP | Pelo quinto ano consecutivo, o Servi\u00e7o Social da Constru\u00e7\u00e3o (Seconci-SP), de Piracicaba, participa da Megacampanha do Agasalho, iniciativa organizada pelo Fundo Social de Solidariedade de Piracicaba (Fussp) e pela Gazeta de Piracicaba. A entidade atua como parceira e [&hellip;]<\/p>\n","protected":false},"author":3,"featured_media":8473,"comment_status":"closed","ping_status":"closed","sticky":false,"template":"","format":"standard","meta":{"footnotes":""},"categories":[87],"tags":[],"class_list":["post-8472","post","type-post","status-publish","format-standard","has-post-thumbnail","hentry","category-seconci-sao-paulo"],"yoast_head":"<!-- This site is optimized with the Yoast SEO plugin v26.9 - https:\/\/yoast.com\/product\/yoast-seo-wordpress\/ -->\n<title>Seconci Piracicaba participa da 7\u00aa Megacampanha - Seconci Brasil<\/title>\n<meta name=\"robots\" content=\"index, follow, max-snippet:-1, max-image-preview:large, max-video-preview:-1\" \/>\n<link rel=\"canonical\" href=\"https:\/\/seconci.com.br\/site\/2019\/06\/27\/seconci-piracicaba-participa-da-7a-megacampanha\/\" \/>\n<meta property=\"og:locale\" content=\"pt_PT\" \/>\n<meta property=\"og:type\" content=\"article\" \/>\n<meta property=\"og:title\" content=\"Seconci Piracicaba participa da 7\u00aa Megacampanha - Seconci Brasil\" \/>\n<meta property=\"og:description\" content=\"Cr\u00e9dito: Adriano Rizzo Equipe solid\u00e1ria. Ricardo Monteiro e funcion\u00e1rios do Seconci Piracicaba | Gazeta de Piracicaba\/SP | Pelo quinto ano consecutivo, o Servi\u00e7o Social da Constru\u00e7\u00e3o (Seconci-SP), de Piracicaba, participa da Megacampanha do Agasalho, iniciativa organizada pelo Fundo Social de Solidariedade de Piracicaba (Fussp) e pela Gazeta de Piracicaba. A entidade atua como parceira e [&hellip;]\" \/>\n<meta property=\"og:url\" content=\"https:\/\/seconci.com.br\/site\/2019\/06\/27\/seconci-piracicaba-participa-da-7a-megacampanha\/\" \/>\n<meta property=\"og:site_name\" content=\"Seconci Brasil\" \/>\n<meta property=\"article:published_time\" content=\"2019-06-27T16:39:14+00:00\" \/>\n<meta property=\"og:image\" content=\"https:\/\/seconci.com.br\/site\/wp-content\/uploads\/2019\/06\/megacampanhadoagasalho_seconci_03ar-9253759.jpg\" \/>\n\t<meta property=\"og:image:width\" content=\"1200\" \/>\n\t<meta property=\"og:image:height\" content=\"801\" \/>\n\t<meta property=\"og:image:type\" content=\"image\/jpeg\" \/>\n<meta name=\"author\" content=\"Sidney Rocha\" \/>\n<meta name=\"twitter:card\" content=\"summary_large_image\" \/>\n<meta name=\"twitter:label1\" content=\"Escrito por\" \/>\n\t<meta name=\"twitter:data1\" content=\"Sidney Rocha\" \/>\n\t<meta name=\"twitter:label2\" content=\"Tempo estimado de leitura\" \/>\n\t<meta name=\"twitter:data2\" content=\"2 minutos\" \/>\n<script type=\"application\/ld+json\" class=\"yoast-schema-graph\">{\"@context\":\"https:\/\/schema.org\",\"@graph\":[{\"@type\":\"Article\",\"@id\":\"https:\/\/seconci.com.br\/site\/2019\/06\/27\/seconci-piracicaba-participa-da-7a-megacampanha\/#article\",\"isPartOf\":{\"@id\":\"https:\/\/seconci.com.br\/site\/2019\/06\/27\/seconci-piracicaba-participa-da-7a-megacampanha\/\"},\"author\":{\"name\":\"Sidney Rocha\",\"@id\":\"https:\/\/seconci.com.br\/site\/#\/schema\/person\/1d79afd97ddc8f2c68c1e88e298aa8e2\"},\"headline\":\"Seconci Piracicaba participa da 7\u00aa Megacampanha\",\"datePublished\":\"2019-06-27T16:39:14+00:00\",\"mainEntityOfPage\":{\"@id\":\"https:\/\/seconci.com.br\/site\/2019\/06\/27\/seconci-piracicaba-participa-da-7a-megacampanha\/\"},\"wordCount\":311,\"publisher\":{\"@id\":\"https:\/\/seconci.com.br\/site\/#organization\"},\"image\":{\"@id\":\"https:\/\/seconci.com.br\/site\/2019\/06\/27\/seconci-piracicaba-participa-da-7a-megacampanha\/#primaryimage\"},\"thumbnailUrl\":\"https:\/\/seconci.com.br\/site\/wp-content\/uploads\/2019\/06\/megacampanhadoagasalho_seconci_03ar-9253759.jpg\",\"articleSection\":[\"Seconci S\u00e3o Paulo\"],\"inLanguage\":\"pt-PT\"},{\"@type\":\"WebPage\",\"@id\":\"https:\/\/seconci.com.br\/site\/2019\/06\/27\/seconci-piracicaba-participa-da-7a-megacampanha\/\",\"url\":\"https:\/\/seconci.com.br\/site\/2019\/06\/27\/seconci-piracicaba-participa-da-7a-megacampanha\/\",\"name\":\"Seconci Piracicaba participa da 7\u00aa Megacampanha - Seconci Brasil\",\"isPartOf\":{\"@id\":\"https:\/\/seconci.com.br\/site\/#website\"},\"primaryImageOfPage\":{\"@id\":\"https:\/\/seconci.com.br\/site\/2019\/06\/27\/seconci-piracicaba-participa-da-7a-megacampanha\/#primaryimage\"},\"image\":{\"@id\":\"https:\/\/seconci.com.br\/site\/2019\/06\/27\/seconci-piracicaba-participa-da-7a-megacampanha\/#primaryimage\"},\"thumbnailUrl\":\"https:\/\/seconci.com.br\/site\/wp-content\/uploads\/2019\/06\/megacampanhadoagasalho_seconci_03ar-9253759.jpg\",\"datePublished\":\"2019-06-27T16:39:14+00:00\",\"breadcrumb\":{\"@id\":\"https:\/\/seconci.com.br\/site\/2019\/06\/27\/seconci-piracicaba-participa-da-7a-megacampanha\/#breadcrumb\"},\"inLanguage\":\"pt-PT\",\"potentialAction\":[{\"@type\":\"ReadAction\",\"target\":[\"https:\/\/seconci.com.br\/site\/2019\/06\/27\/seconci-piracicaba-participa-da-7a-megacampanha\/\"]}]},{\"@type\":\"ImageObject\",\"inLanguage\":\"pt-PT\",\"@id\":\"https:\/\/seconci.com.br\/site\/2019\/06\/27\/seconci-piracicaba-participa-da-7a-megacampanha\/#primaryimage\",\"url\":\"https:\/\/seconci.com.br\/site\/wp-content\/uploads\/2019\/06\/megacampanhadoagasalho_seconci_03ar-9253759.jpg\",\"contentUrl\":\"https:\/\/seconci.com.br\/site\/wp-content\/uploads\/2019\/06\/megacampanhadoagasalho_seconci_03ar-9253759.jpg\",\"width\":1200,\"height\":801},{\"@type\":\"BreadcrumbList\",\"@id\":\"https:\/\/seconci.com.br\/site\/2019\/06\/27\/seconci-piracicaba-participa-da-7a-megacampanha\/#breadcrumb\",\"itemListElement\":[{\"@type\":\"ListItem\",\"position\":1,\"name\":\"In\u00edcio\",\"item\":\"https:\/\/seconci.com.br\/site\/\"},{\"@type\":\"ListItem\",\"position\":2,\"name\":\"Seconci Piracicaba participa da 7\u00aa Megacampanha\"}]},{\"@type\":\"WebSite\",\"@id\":\"https:\/\/seconci.com.br\/site\/#website\",\"url\":\"https:\/\/seconci.com.br\/site\/\",\"name\":\"Seconci Brasil\",\"description\":\"\",\"publisher\":{\"@id\":\"https:\/\/seconci.com.br\/site\/#organization\"},\"potentialAction\":[{\"@type\":\"SearchAction\",\"target\":{\"@type\":\"EntryPoint\",\"urlTemplate\":\"https:\/\/seconci.com.br\/site\/?s={search_term_string}\"},\"query-input\":{\"@type\":\"PropertyValueSpecification\",\"valueRequired\":true,\"valueName\":\"search_term_string\"}}],\"inLanguage\":\"pt-PT\"},{\"@type\":\"Organization\",\"@id\":\"https:\/\/seconci.com.br\/site\/#organization\",\"name\":\"Seconci Brasil\",\"url\":\"https:\/\/seconci.com.br\/site\/\",\"logo\":{\"@type\":\"ImageObject\",\"inLanguage\":\"pt-PT\",\"@id\":\"https:\/\/seconci.com.br\/site\/#\/schema\/logo\/image\/\",\"url\":\"https:\/\/seconci.com.br\/site\/wp-content\/uploads\/2024\/08\/Logo-Seconci-Brasil-branca-2.png\",\"contentUrl\":\"https:\/\/seconci.com.br\/site\/wp-content\/uploads\/2024\/08\/Logo-Seconci-Brasil-branca-2.png\",\"width\":1315,\"height\":598,\"caption\":\"Seconci Brasil\"},\"image\":{\"@id\":\"https:\/\/seconci.com.br\/site\/#\/schema\/logo\/image\/\"}},{\"@type\":\"Person\",\"@id\":\"https:\/\/seconci.com.br\/site\/#\/schema\/person\/1d79afd97ddc8f2c68c1e88e298aa8e2\",\"name\":\"Sidney Rocha\",\"description\":\"Comunicador e estagi\u00e1rio do Seconci Brasil.\",\"url\":\"https:\/\/seconci.com.br\/site\/author\/sidney-rocha\/\"}]}<\/script>\n<!-- \/ Yoast SEO plugin. -->","yoast_head_json":{"title":"Seconci Piracicaba participa da 7\u00aa Megacampanha - Seconci Brasil","robots":{"index":"index","follow":"follow","max-snippet":"max-snippet:-1","max-image-preview":"max-image-preview:large","max-video-preview":"max-video-preview:-1"},"canonical":"https:\/\/seconci.com.br\/site\/2019\/06\/27\/seconci-piracicaba-participa-da-7a-megacampanha\/","og_locale":"pt_PT","og_type":"article","og_title":"Seconci Piracicaba participa da 7\u00aa Megacampanha - Seconci Brasil","og_description":"Cr\u00e9dito: Adriano Rizzo Equipe solid\u00e1ria. Ricardo Monteiro e funcion\u00e1rios do Seconci Piracicaba | Gazeta de Piracicaba\/SP | Pelo quinto ano consecutivo, o Servi\u00e7o Social da Constru\u00e7\u00e3o (Seconci-SP), de Piracicaba, participa da Megacampanha do Agasalho, iniciativa organizada pelo Fundo Social de Solidariedade de Piracicaba (Fussp) e pela Gazeta de Piracicaba. A entidade atua como parceira e [&hellip;]","og_url":"https:\/\/seconci.com.br\/site\/2019\/06\/27\/seconci-piracicaba-participa-da-7a-megacampanha\/","og_site_name":"Seconci Brasil","article_published_time":"2019-06-27T16:39:14+00:00","og_image":[{"width":1200,"height":801,"url":"https:\/\/seconci.com.br\/site\/wp-content\/uploads\/2019\/06\/megacampanhadoagasalho_seconci_03ar-9253759.jpg","type":"image\/jpeg"}],"author":"Sidney Rocha","twitter_card":"summary_large_image","twitter_misc":{"Escrito por":"Sidney Rocha","Tempo estimado de leitura":"2 minutos"},"schema":{"@context":"https:\/\/schema.org","@graph":[{"@type":"Article","@id":"https:\/\/seconci.com.br\/site\/2019\/06\/27\/seconci-piracicaba-participa-da-7a-megacampanha\/#article","isPartOf":{"@id":"https:\/\/seconci.com.br\/site\/2019\/06\/27\/seconci-piracicaba-participa-da-7a-megacampanha\/"},"author":{"name":"Sidney Rocha","@id":"https:\/\/seconci.com.br\/site\/#\/schema\/person\/1d79afd97ddc8f2c68c1e88e298aa8e2"},"headline":"Seconci Piracicaba participa da 7\u00aa Megacampanha","datePublished":"2019-06-27T16:39:14+00:00","mainEntityOfPage":{"@id":"https:\/\/seconci.com.br\/site\/2019\/06\/27\/seconci-piracicaba-participa-da-7a-megacampanha\/"},"wordCount":311,"publisher":{"@id":"https:\/\/seconci.com.br\/site\/#organization"},"image":{"@id":"https:\/\/seconci.com.br\/site\/2019\/06\/27\/seconci-piracicaba-participa-da-7a-megacampanha\/#primaryimage"},"thumbnailUrl":"https:\/\/seconci.com.br\/site\/wp-content\/uploads\/2019\/06\/megacampanhadoagasalho_seconci_03ar-9253759.jpg","articleSection":["Seconci S\u00e3o Paulo"],"inLanguage":"pt-PT"},{"@type":"WebPage","@id":"https:\/\/seconci.com.br\/site\/2019\/06\/27\/seconci-piracicaba-participa-da-7a-megacampanha\/","url":"https:\/\/seconci.com.br\/site\/2019\/06\/27\/seconci-piracicaba-participa-da-7a-megacampanha\/","name":"Seconci Piracicaba participa da 7\u00aa Megacampanha - Seconci Brasil","isPartOf":{"@id":"https:\/\/seconci.com.br\/site\/#website"},"primaryImageOfPage":{"@id":"https:\/\/seconci.com.br\/site\/2019\/06\/27\/seconci-piracicaba-participa-da-7a-megacampanha\/#primaryimage"},"image":{"@id":"https:\/\/seconci.com.br\/site\/2019\/06\/27\/seconci-piracicaba-participa-da-7a-megacampanha\/#primaryimage"},"thumbnailUrl":"https:\/\/seconci.com.br\/site\/wp-content\/uploads\/2019\/06\/megacampanhadoagasalho_seconci_03ar-9253759.jpg","datePublished":"2019-06-27T16:39:14+00:00","breadcrumb":{"@id":"https:\/\/seconci.com.br\/site\/2019\/06\/27\/seconci-piracicaba-participa-da-7a-megacampanha\/#breadcrumb"},"inLanguage":"pt-PT","potentialAction":[{"@type":"ReadAction","target":["https:\/\/seconci.com.br\/site\/2019\/06\/27\/seconci-piracicaba-participa-da-7a-megacampanha\/"]}]},{"@type":"ImageObject","inLanguage":"pt-PT","@id":"https:\/\/seconci.com.br\/site\/2019\/06\/27\/seconci-piracicaba-participa-da-7a-megacampanha\/#primaryimage","url":"https:\/\/seconci.com.br\/site\/wp-content\/uploads\/2019\/06\/megacampanhadoagasalho_seconci_03ar-9253759.jpg","contentUrl":"https:\/\/seconci.com.br\/site\/wp-content\/uploads\/2019\/06\/megacampanhadoagasalho_seconci_03ar-9253759.jpg","width":1200,"height":801},{"@type":"BreadcrumbList","@id":"https:\/\/seconci.com.br\/site\/2019\/06\/27\/seconci-piracicaba-participa-da-7a-megacampanha\/#breadcrumb","itemListElement":[{"@type":"ListItem","position":1,"name":"In\u00edcio","item":"https:\/\/seconci.com.br\/site\/"},{"@type":"ListItem","position":2,"name":"Seconci Piracicaba participa da 7\u00aa Megacampanha"}]},{"@type":"WebSite","@id":"https:\/\/seconci.com.br\/site\/#website","url":"https:\/\/seconci.com.br\/site\/","name":"Seconci Brasil","description":"","publisher":{"@id":"https:\/\/seconci.com.br\/site\/#organization"},"potentialAction":[{"@type":"SearchAction","target":{"@type":"EntryPoint","urlTemplate":"https:\/\/seconci.com.br\/site\/?s={search_term_string}"},"query-input":{"@type":"PropertyValueSpecification","valueRequired":true,"valueName":"search_term_string"}}],"inLanguage":"pt-PT"},{"@type":"Organization","@id":"https:\/\/seconci.com.br\/site\/#organization","name":"Seconci Brasil","url":"https:\/\/seconci.com.br\/site\/","logo":{"@type":"ImageObject","inLanguage":"pt-PT","@id":"https:\/\/seconci.com.br\/site\/#\/schema\/logo\/image\/","url":"https:\/\/seconci.com.br\/site\/wp-content\/uploads\/2024\/08\/Logo-Seconci-Brasil-branca-2.png","contentUrl":"https:\/\/seconci.com.br\/site\/wp-content\/uploads\/2024\/08\/Logo-Seconci-Brasil-branca-2.png","width":1315,"height":598,"caption":"Seconci Brasil"},"image":{"@id":"https:\/\/seconci.com.br\/site\/#\/schema\/logo\/image\/"}},{"@type":"Person","@id":"https:\/\/seconci.com.br\/site\/#\/schema\/person\/1d79afd97ddc8f2c68c1e88e298aa8e2","name":"Sidney Rocha","description":"Comunicador e estagi\u00e1rio do Seconci Brasil.","url":"https:\/\/seconci.com.br\/site\/author\/sidney-rocha\/"}]}},"_links":{"self":[{"href":"https:\/\/seconci.com.br\/site\/wp-json\/wp\/v2\/posts\/8472","targetHints":{"allow":["GET"]}}],"collection":[{"href":"https:\/\/seconci.com.br\/site\/wp-json\/wp\/v2\/posts"}],"about":[{"href":"https:\/\/seconci.com.br\/site\/wp-json\/wp\/v2\/types\/post"}],"author":[{"embeddable":true,"href":"https:\/\/seconci.com.br\/site\/wp-json\/wp\/v2\/users\/3"}],"replies":[{"embeddable":true,"href":"https:\/\/seconci.com.br\/site\/wp-json\/wp\/v2\/comments?post=8472"}],"version-history":[{"count":0,"href":"https:\/\/seconci.com.br\/site\/wp-json\/wp\/v2\/posts\/8472\/revisions"}],"wp:featuredmedia":[{"embeddable":true,"href":"https:\/\/seconci.com.br\/site\/wp-json\/wp\/v2\/media\/8473"}],"wp:attachment":[{"href":"https:\/\/seconci.com.br\/site\/wp-json\/wp\/v2\/media?parent=8472"}],"wp:term":[{"taxonomy":"category","embeddable":true,"href":"https:\/\/seconci.com.br\/site\/wp-json\/wp\/v2\/categories?post=8472"},{"taxonomy":"post_tag","embeddable":true,"href":"https:\/\/seconci.com.br\/site\/wp-json\/wp\/v2\/tags?post=8472"}],"curies":[{"name":"wp","href":"https:\/\/api.w.org\/{rel}","templated":true}]}}