{"id":8489,"date":"2019-07-04T17:09:18","date_gmt":"2019-07-04T17:09:18","guid":{"rendered":"https:\/\/seconci.com.br\/site\/?p=8489"},"modified":"2019-07-04T17:09:18","modified_gmt":"2019-07-04T17:09:18","slug":"novo-esocial-deve-ser-lancado-ate-setembro","status":"publish","type":"post","link":"https:\/\/seconci.com.br\/site\/2019\/07\/04\/novo-esocial-deve-ser-lancado-ate-setembro\/","title":{"rendered":"Novo eSocial deve ser lan\u00e7ado at\u00e9 setembro"},"content":{"rendered":"<p>| <strong>Ag\u00eancia Cbic<\/strong> |<\/p>\n<p>Criticado por empres\u00e1rios por conta da burocracia, o governo deve lan\u00e7ar at\u00e9 o pr\u00f3ximo m\u00eas de setembro um novo\u00a0<strong>eSocial<\/strong>\u00a0\u2013 mais simplificado \u2013 para empresas e empregadores dom\u00e9sticos. A promessa foi feita depois de o relator da medida provis\u00f3ria da liberdade econ\u00f4mica, deputado Jer\u00f4nimo Georgen (PP-RS) cogitar incluir em seu relat\u00f3rio a extin\u00e7\u00e3o do programa.<\/p>\n<p>O eSocial \u00e9 uma ferramenta que re\u00fane os dados trabalhistas, fiscais e previdenci\u00e1rios das empresas em uma s\u00f3 plataforma. Ele substitui o preenchimento e a entrega de formul\u00e1rios e declara\u00e7\u00f5es que at\u00e9 ent\u00e3o eram enviados a \u00f3rg\u00e3os diferentes como a Previd\u00eancia, o Minist\u00e9rio do Trabalho e a Receita Federal.<\/p>\n<p>A forma como esse ponto entrar\u00e1 no relat\u00f3rio est\u00e1 em negocia\u00e7\u00e3o entre o parlamentar e o governo, que apoia mudan\u00e7as no programa, mas n\u00e3o gostaria que ele fosse totalmente extinto. Segundo o diretor de Desburocratiza\u00e7\u00e3o do Minist\u00e9rio da Economia, Geanluca Lorezon, a ideia \u00e9 lan\u00e7ar um novo eSocial, mais simples e com menos obriga\u00e7\u00f5es, at\u00e9 15 de setembro.<\/p>\n<p>Mas Georgen quer que o governo publique, j\u00e1 at\u00e9 a pr\u00f3xima semana, as diretrizes do novo eSocial para n\u00e3o incluir a previs\u00e3o da extin\u00e7\u00e3o do programa em seu relat\u00f3rio. \u201cS\u00f3 promessa eu n\u00e3o aceito\u201d, afirmou. Segundo ele, o governo n\u00e3o quer acabar com o eSocial, mas corrigi-lo. \u201cN\u00e3o tenho nenhum problema quanto a isso, mas do jeito que est\u00e1 n\u00e3o quero que fique\u201d, afirmou o deputado.<\/p>\n<p>O relat\u00f3rio de Georgen seria lido nesta quarta-feira (04\/07), mas a reuni\u00e3o foi cancelada e a leitura remarcada para o dia 9 de julho, para dar mais tempo para as negocia\u00e7\u00f5es. Uma vers\u00e3o preliminar do relat\u00f3rio, ainda em discuss\u00e3o, prev\u00ea a extin\u00e7\u00e3o de sistemas de escritura\u00e7\u00e3o digital federais, o que inclui o eSocial. O texto prev\u00ea que as obriga\u00e7\u00f5es cumpridas a partir desse sistema ficam suspensas at\u00e9 a entrada em vigor de um novo programa.<\/p>\n<p><em>(Com informa\u00e7\u00f5es do InfoMoney)<\/em><\/p>\n","protected":false},"excerpt":{"rendered":"<p>| Ag\u00eancia Cbic | Criticado por empres\u00e1rios por conta da burocracia, o governo deve lan\u00e7ar at\u00e9 o pr\u00f3ximo m\u00eas de setembro um novo\u00a0eSocial\u00a0\u2013 mais simplificado \u2013 para empresas e empregadores dom\u00e9sticos. A promessa foi feita depois de o relator da medida provis\u00f3ria da liberdade econ\u00f4mica, deputado Jer\u00f4nimo Georgen (PP-RS) cogitar incluir em seu relat\u00f3rio a [&hellip;]<\/p>\n","protected":false},"author":3,"featured_media":8012,"comment_status":"closed","ping_status":"closed","sticky":false,"template":"","format":"standard","meta":{"footnotes":""},"categories":[92],"tags":[],"class_list":["post-8489","post","type-post","status-publish","format-standard","has-post-thumbnail","hentry","category-seconci-brasil"],"yoast_head":"<!-- This site is optimized with the Yoast SEO plugin v26.9 - https:\/\/yoast.com\/product\/yoast-seo-wordpress\/ -->\n<title>Novo eSocial deve ser lan\u00e7ado at\u00e9 setembro - Seconci Brasil<\/title>\n<meta name=\"robots\" content=\"index, follow, max-snippet:-1, max-image-preview:large, max-video-preview:-1\" \/>\n<link rel=\"canonical\" href=\"https:\/\/seconci.com.br\/site\/2019\/07\/04\/novo-esocial-deve-ser-lancado-ate-setembro\/\" \/>\n<meta property=\"og:locale\" content=\"pt_PT\" \/>\n<meta property=\"og:type\" content=\"article\" \/>\n<meta property=\"og:title\" content=\"Novo eSocial deve ser lan\u00e7ado at\u00e9 setembro - Seconci Brasil\" \/>\n<meta property=\"og:description\" content=\"| Ag\u00eancia Cbic | Criticado por empres\u00e1rios por conta da burocracia, o governo deve lan\u00e7ar at\u00e9 o pr\u00f3ximo m\u00eas de setembro um novo\u00a0eSocial\u00a0\u2013 mais simplificado \u2013 para empresas e empregadores dom\u00e9sticos. A promessa foi feita depois de o relator da medida provis\u00f3ria da liberdade econ\u00f4mica, deputado Jer\u00f4nimo Georgen (PP-RS) cogitar incluir em seu relat\u00f3rio a [&hellip;]\" \/>\n<meta property=\"og:url\" content=\"https:\/\/seconci.com.br\/site\/2019\/07\/04\/novo-esocial-deve-ser-lancado-ate-setembro\/\" \/>\n<meta property=\"og:site_name\" content=\"Seconci Brasil\" \/>\n<meta property=\"article:published_time\" content=\"2019-07-04T17:09:18+00:00\" \/>\n<meta property=\"og:image\" content=\"https:\/\/seconci.com.br\/site\/wp-content\/uploads\/2019\/01\/eSocial-1024x245.jpeg\" \/>\n\t<meta property=\"og:image:width\" content=\"1024\" \/>\n\t<meta property=\"og:image:height\" content=\"245\" \/>\n\t<meta property=\"og:image:type\" content=\"image\/jpeg\" \/>\n<meta name=\"author\" content=\"Sidney Rocha\" \/>\n<meta name=\"twitter:card\" content=\"summary_large_image\" \/>\n<meta name=\"twitter:label1\" content=\"Escrito por\" \/>\n\t<meta name=\"twitter:data1\" content=\"Sidney Rocha\" \/>\n\t<meta name=\"twitter:label2\" content=\"Tempo estimado de leitura\" \/>\n\t<meta name=\"twitter:data2\" content=\"2 minutos\" \/>\n<script type=\"application\/ld+json\" class=\"yoast-schema-graph\">{\"@context\":\"https:\/\/schema.org\",\"@graph\":[{\"@type\":\"Article\",\"@id\":\"https:\/\/seconci.com.br\/site\/2019\/07\/04\/novo-esocial-deve-ser-lancado-ate-setembro\/#article\",\"isPartOf\":{\"@id\":\"https:\/\/seconci.com.br\/site\/2019\/07\/04\/novo-esocial-deve-ser-lancado-ate-setembro\/\"},\"author\":{\"name\":\"Sidney Rocha\",\"@id\":\"https:\/\/seconci.com.br\/site\/#\/schema\/person\/1d79afd97ddc8f2c68c1e88e298aa8e2\"},\"headline\":\"Novo eSocial deve ser lan\u00e7ado at\u00e9 setembro\",\"datePublished\":\"2019-07-04T17:09:18+00:00\",\"mainEntityOfPage\":{\"@id\":\"https:\/\/seconci.com.br\/site\/2019\/07\/04\/novo-esocial-deve-ser-lancado-ate-setembro\/\"},\"wordCount\":357,\"publisher\":{\"@id\":\"https:\/\/seconci.com.br\/site\/#organization\"},\"image\":{\"@id\":\"https:\/\/seconci.com.br\/site\/2019\/07\/04\/novo-esocial-deve-ser-lancado-ate-setembro\/#primaryimage\"},\"thumbnailUrl\":\"https:\/\/seconci.com.br\/site\/wp-content\/uploads\/2019\/01\/eSocial-1024x245.jpeg\",\"articleSection\":[\"Seconci Brasil\"],\"inLanguage\":\"pt-PT\"},{\"@type\":\"WebPage\",\"@id\":\"https:\/\/seconci.com.br\/site\/2019\/07\/04\/novo-esocial-deve-ser-lancado-ate-setembro\/\",\"url\":\"https:\/\/seconci.com.br\/site\/2019\/07\/04\/novo-esocial-deve-ser-lancado-ate-setembro\/\",\"name\":\"Novo eSocial deve ser lan\u00e7ado at\u00e9 setembro - Seconci Brasil\",\"isPartOf\":{\"@id\":\"https:\/\/seconci.com.br\/site\/#website\"},\"primaryImageOfPage\":{\"@id\":\"https:\/\/seconci.com.br\/site\/2019\/07\/04\/novo-esocial-deve-ser-lancado-ate-setembro\/#primaryimage\"},\"image\":{\"@id\":\"https:\/\/seconci.com.br\/site\/2019\/07\/04\/novo-esocial-deve-ser-lancado-ate-setembro\/#primaryimage\"},\"thumbnailUrl\":\"https:\/\/seconci.com.br\/site\/wp-content\/uploads\/2019\/01\/eSocial-1024x245.jpeg\",\"datePublished\":\"2019-07-04T17:09:18+00:00\",\"breadcrumb\":{\"@id\":\"https:\/\/seconci.com.br\/site\/2019\/07\/04\/novo-esocial-deve-ser-lancado-ate-setembro\/#breadcrumb\"},\"inLanguage\":\"pt-PT\",\"potentialAction\":[{\"@type\":\"ReadAction\",\"target\":[\"https:\/\/seconci.com.br\/site\/2019\/07\/04\/novo-esocial-deve-ser-lancado-ate-setembro\/\"]}]},{\"@type\":\"ImageObject\",\"inLanguage\":\"pt-PT\",\"@id\":\"https:\/\/seconci.com.br\/site\/2019\/07\/04\/novo-esocial-deve-ser-lancado-ate-setembro\/#primaryimage\",\"url\":\"https:\/\/seconci.com.br\/site\/wp-content\/uploads\/2019\/01\/eSocial-1024x245.jpeg\",\"contentUrl\":\"https:\/\/seconci.com.br\/site\/wp-content\/uploads\/2019\/01\/eSocial-1024x245.jpeg\",\"width\":1024,\"height\":245},{\"@type\":\"BreadcrumbList\",\"@id\":\"https:\/\/seconci.com.br\/site\/2019\/07\/04\/novo-esocial-deve-ser-lancado-ate-setembro\/#breadcrumb\",\"itemListElement\":[{\"@type\":\"ListItem\",\"position\":1,\"name\":\"In\u00edcio\",\"item\":\"https:\/\/seconci.com.br\/site\/\"},{\"@type\":\"ListItem\",\"position\":2,\"name\":\"Novo eSocial deve ser lan\u00e7ado at\u00e9 setembro\"}]},{\"@type\":\"WebSite\",\"@id\":\"https:\/\/seconci.com.br\/site\/#website\",\"url\":\"https:\/\/seconci.com.br\/site\/\",\"name\":\"Seconci Brasil\",\"description\":\"\",\"publisher\":{\"@id\":\"https:\/\/seconci.com.br\/site\/#organization\"},\"potentialAction\":[{\"@type\":\"SearchAction\",\"target\":{\"@type\":\"EntryPoint\",\"urlTemplate\":\"https:\/\/seconci.com.br\/site\/?s={search_term_string}\"},\"query-input\":{\"@type\":\"PropertyValueSpecification\",\"valueRequired\":true,\"valueName\":\"search_term_string\"}}],\"inLanguage\":\"pt-PT\"},{\"@type\":\"Organization\",\"@id\":\"https:\/\/seconci.com.br\/site\/#organization\",\"name\":\"Seconci Brasil\",\"url\":\"https:\/\/seconci.com.br\/site\/\",\"logo\":{\"@type\":\"ImageObject\",\"inLanguage\":\"pt-PT\",\"@id\":\"https:\/\/seconci.com.br\/site\/#\/schema\/logo\/image\/\",\"url\":\"https:\/\/seconci.com.br\/site\/wp-content\/uploads\/2024\/08\/Logo-Seconci-Brasil-branca-2.png\",\"contentUrl\":\"https:\/\/seconci.com.br\/site\/wp-content\/uploads\/2024\/08\/Logo-Seconci-Brasil-branca-2.png\",\"width\":1315,\"height\":598,\"caption\":\"Seconci Brasil\"},\"image\":{\"@id\":\"https:\/\/seconci.com.br\/site\/#\/schema\/logo\/image\/\"}},{\"@type\":\"Person\",\"@id\":\"https:\/\/seconci.com.br\/site\/#\/schema\/person\/1d79afd97ddc8f2c68c1e88e298aa8e2\",\"name\":\"Sidney Rocha\",\"description\":\"Comunicador e estagi\u00e1rio do Seconci Brasil.\",\"url\":\"https:\/\/seconci.com.br\/site\/author\/sidney-rocha\/\"}]}<\/script>\n<!-- \/ Yoast SEO plugin. -->","yoast_head_json":{"title":"Novo eSocial deve ser lan\u00e7ado at\u00e9 setembro - Seconci Brasil","robots":{"index":"index","follow":"follow","max-snippet":"max-snippet:-1","max-image-preview":"max-image-preview:large","max-video-preview":"max-video-preview:-1"},"canonical":"https:\/\/seconci.com.br\/site\/2019\/07\/04\/novo-esocial-deve-ser-lancado-ate-setembro\/","og_locale":"pt_PT","og_type":"article","og_title":"Novo eSocial deve ser lan\u00e7ado at\u00e9 setembro - Seconci Brasil","og_description":"| Ag\u00eancia Cbic | Criticado por empres\u00e1rios por conta da burocracia, o governo deve lan\u00e7ar at\u00e9 o pr\u00f3ximo m\u00eas de setembro um novo\u00a0eSocial\u00a0\u2013 mais simplificado \u2013 para empresas e empregadores dom\u00e9sticos. A promessa foi feita depois de o relator da medida provis\u00f3ria da liberdade econ\u00f4mica, deputado Jer\u00f4nimo Georgen (PP-RS) cogitar incluir em seu relat\u00f3rio a [&hellip;]","og_url":"https:\/\/seconci.com.br\/site\/2019\/07\/04\/novo-esocial-deve-ser-lancado-ate-setembro\/","og_site_name":"Seconci Brasil","article_published_time":"2019-07-04T17:09:18+00:00","og_image":[{"width":1024,"height":245,"url":"https:\/\/seconci.com.br\/site\/wp-content\/uploads\/2019\/01\/eSocial-1024x245.jpeg","type":"image\/jpeg"}],"author":"Sidney Rocha","twitter_card":"summary_large_image","twitter_misc":{"Escrito por":"Sidney Rocha","Tempo estimado de leitura":"2 minutos"},"schema":{"@context":"https:\/\/schema.org","@graph":[{"@type":"Article","@id":"https:\/\/seconci.com.br\/site\/2019\/07\/04\/novo-esocial-deve-ser-lancado-ate-setembro\/#article","isPartOf":{"@id":"https:\/\/seconci.com.br\/site\/2019\/07\/04\/novo-esocial-deve-ser-lancado-ate-setembro\/"},"author":{"name":"Sidney Rocha","@id":"https:\/\/seconci.com.br\/site\/#\/schema\/person\/1d79afd97ddc8f2c68c1e88e298aa8e2"},"headline":"Novo eSocial deve ser lan\u00e7ado at\u00e9 setembro","datePublished":"2019-07-04T17:09:18+00:00","mainEntityOfPage":{"@id":"https:\/\/seconci.com.br\/site\/2019\/07\/04\/novo-esocial-deve-ser-lancado-ate-setembro\/"},"wordCount":357,"publisher":{"@id":"https:\/\/seconci.com.br\/site\/#organization"},"image":{"@id":"https:\/\/seconci.com.br\/site\/2019\/07\/04\/novo-esocial-deve-ser-lancado-ate-setembro\/#primaryimage"},"thumbnailUrl":"https:\/\/seconci.com.br\/site\/wp-content\/uploads\/2019\/01\/eSocial-1024x245.jpeg","articleSection":["Seconci Brasil"],"inLanguage":"pt-PT"},{"@type":"WebPage","@id":"https:\/\/seconci.com.br\/site\/2019\/07\/04\/novo-esocial-deve-ser-lancado-ate-setembro\/","url":"https:\/\/seconci.com.br\/site\/2019\/07\/04\/novo-esocial-deve-ser-lancado-ate-setembro\/","name":"Novo eSocial deve ser lan\u00e7ado at\u00e9 setembro - Seconci Brasil","isPartOf":{"@id":"https:\/\/seconci.com.br\/site\/#website"},"primaryImageOfPage":{"@id":"https:\/\/seconci.com.br\/site\/2019\/07\/04\/novo-esocial-deve-ser-lancado-ate-setembro\/#primaryimage"},"image":{"@id":"https:\/\/seconci.com.br\/site\/2019\/07\/04\/novo-esocial-deve-ser-lancado-ate-setembro\/#primaryimage"},"thumbnailUrl":"https:\/\/seconci.com.br\/site\/wp-content\/uploads\/2019\/01\/eSocial-1024x245.jpeg","datePublished":"2019-07-04T17:09:18+00:00","breadcrumb":{"@id":"https:\/\/seconci.com.br\/site\/2019\/07\/04\/novo-esocial-deve-ser-lancado-ate-setembro\/#breadcrumb"},"inLanguage":"pt-PT","potentialAction":[{"@type":"ReadAction","target":["https:\/\/seconci.com.br\/site\/2019\/07\/04\/novo-esocial-deve-ser-lancado-ate-setembro\/"]}]},{"@type":"ImageObject","inLanguage":"pt-PT","@id":"https:\/\/seconci.com.br\/site\/2019\/07\/04\/novo-esocial-deve-ser-lancado-ate-setembro\/#primaryimage","url":"https:\/\/seconci.com.br\/site\/wp-content\/uploads\/2019\/01\/eSocial-1024x245.jpeg","contentUrl":"https:\/\/seconci.com.br\/site\/wp-content\/uploads\/2019\/01\/eSocial-1024x245.jpeg","width":1024,"height":245},{"@type":"BreadcrumbList","@id":"https:\/\/seconci.com.br\/site\/2019\/07\/04\/novo-esocial-deve-ser-lancado-ate-setembro\/#breadcrumb","itemListElement":[{"@type":"ListItem","position":1,"name":"In\u00edcio","item":"https:\/\/seconci.com.br\/site\/"},{"@type":"ListItem","position":2,"name":"Novo eSocial deve ser lan\u00e7ado at\u00e9 setembro"}]},{"@type":"WebSite","@id":"https:\/\/seconci.com.br\/site\/#website","url":"https:\/\/seconci.com.br\/site\/","name":"Seconci Brasil","description":"","publisher":{"@id":"https:\/\/seconci.com.br\/site\/#organization"},"potentialAction":[{"@type":"SearchAction","target":{"@type":"EntryPoint","urlTemplate":"https:\/\/seconci.com.br\/site\/?s={search_term_string}"},"query-input":{"@type":"PropertyValueSpecification","valueRequired":true,"valueName":"search_term_string"}}],"inLanguage":"pt-PT"},{"@type":"Organization","@id":"https:\/\/seconci.com.br\/site\/#organization","name":"Seconci Brasil","url":"https:\/\/seconci.com.br\/site\/","logo":{"@type":"ImageObject","inLanguage":"pt-PT","@id":"https:\/\/seconci.com.br\/site\/#\/schema\/logo\/image\/","url":"https:\/\/seconci.com.br\/site\/wp-content\/uploads\/2024\/08\/Logo-Seconci-Brasil-branca-2.png","contentUrl":"https:\/\/seconci.com.br\/site\/wp-content\/uploads\/2024\/08\/Logo-Seconci-Brasil-branca-2.png","width":1315,"height":598,"caption":"Seconci Brasil"},"image":{"@id":"https:\/\/seconci.com.br\/site\/#\/schema\/logo\/image\/"}},{"@type":"Person","@id":"https:\/\/seconci.com.br\/site\/#\/schema\/person\/1d79afd97ddc8f2c68c1e88e298aa8e2","name":"Sidney Rocha","description":"Comunicador e estagi\u00e1rio do Seconci Brasil.","url":"https:\/\/seconci.com.br\/site\/author\/sidney-rocha\/"}]}},"_links":{"self":[{"href":"https:\/\/seconci.com.br\/site\/wp-json\/wp\/v2\/posts\/8489","targetHints":{"allow":["GET"]}}],"collection":[{"href":"https:\/\/seconci.com.br\/site\/wp-json\/wp\/v2\/posts"}],"about":[{"href":"https:\/\/seconci.com.br\/site\/wp-json\/wp\/v2\/types\/post"}],"author":[{"embeddable":true,"href":"https:\/\/seconci.com.br\/site\/wp-json\/wp\/v2\/users\/3"}],"replies":[{"embeddable":true,"href":"https:\/\/seconci.com.br\/site\/wp-json\/wp\/v2\/comments?post=8489"}],"version-history":[{"count":0,"href":"https:\/\/seconci.com.br\/site\/wp-json\/wp\/v2\/posts\/8489\/revisions"}],"wp:featuredmedia":[{"embeddable":true,"href":"https:\/\/seconci.com.br\/site\/wp-json\/wp\/v2\/media\/8012"}],"wp:attachment":[{"href":"https:\/\/seconci.com.br\/site\/wp-json\/wp\/v2\/media?parent=8489"}],"wp:term":[{"taxonomy":"category","embeddable":true,"href":"https:\/\/seconci.com.br\/site\/wp-json\/wp\/v2\/categories?post=8489"},{"taxonomy":"post_tag","embeddable":true,"href":"https:\/\/seconci.com.br\/site\/wp-json\/wp\/v2\/tags?post=8489"}],"curies":[{"name":"wp","href":"https:\/\/api.w.org\/{rel}","templated":true}]}}