{"id":8504,"date":"2019-07-12T11:26:40","date_gmt":"2019-07-12T11:26:40","guid":{"rendered":"https:\/\/seconci.com.br\/site\/?p=8504"},"modified":"2019-07-12T11:31:11","modified_gmt":"2019-07-12T11:31:11","slug":"comissao-mista-altera-regras-trabalhistas-e-aprova-fim-do-esocial","status":"publish","type":"post","link":"https:\/\/seconci.com.br\/site\/2019\/07\/12\/comissao-mista-altera-regras-trabalhistas-e-aprova-fim-do-esocial\/","title":{"rendered":"Comiss\u00e3o Mista altera regras trabalhistas e aprova fim do eSocial"},"content":{"rendered":"<div id=\"carrosselFotos\" class=\"carousel-materia slide\">\n<div class=\"pgwSlideshow wide\" style=\"text-align: justify;\">| Ag\u00eancia Cbic |<\/div>\n<div><\/div>\n<div class=\"pgwSlideshow wide\" style=\"text-align: justify;\">A Comiss\u00e3o Mista que analisa\u00a0a<a href=\"https:\/\/www.congressonacional.leg.br\/materias\/medidas-provisorias\/-\/mpv\/136531\">\u00a0Medida Provis\u00f3ria (MP)\u00a0881\/2019, da \u201cLiberdade Econ\u00f4mica\u201d<\/a>,\u00a0 aprovou nesta quinta-feira (11\/07) o fim do Sistema de Escritura\u00e7\u00e3o Digital das Obriga\u00e7\u00f5es Fiscais, Previdenci\u00e1rias e Trabalhistas (eSocial) e alterou regras trabalhistas.\u00a0De acordo com o Poder Executivo, o texto da MP tem como objetivos recuperar a economia, garantir investimentos em educa\u00e7\u00e3o e tecnologia, possibilitar a desestatiza\u00e7\u00e3o e resolver quest\u00f5es concretas de seguran\u00e7a jur\u00eddica.<\/div>\n<\/div>\n<h1 style=\"text-align: justify;\">Fim do eSocial<\/h1>\n<p style=\"text-align: justify;\">A MP 881\/2019 recebeu 301 emendas. O relator da Medida Provis\u00f3ra, deputado Jeronimo Goergen, acolheu 126 delas, integral ou parcialmente. Um dos dispositivos inclu\u00eddos foi o para acabar com o eSocial . O sistema tem como objetivo unificar o pagamento de obriga\u00e7\u00f5es fiscais, previdenci\u00e1rias e trabalhistas.<br \/>\nPara Goergen, \u201cas empresas est\u00e3o sendo obrigadas a fazer um enorme investimento\u201d para atender ao eSocial. Mas n\u00e3o s\u00e3o dispensadas de outras obriga\u00e7\u00f5es como a Declara\u00e7\u00e3o do Imposto de Renda Retido na Fonte (Dirf), a Rela\u00e7\u00e3o Anual de Informa\u00e7\u00f5es Sociais (Rais), o Sistema Empresa de Recolhimento do FGTS e Informa\u00e7\u00f5es \u00e0 Previd\u00eancia Social (Sefip) e o Cadastro Geral de Empregados e Desempregados (Caged).<\/p>\n<p style=\"text-align: justify;\">O texto prev\u00ea ainda a preval\u00eancia do contrato sobre o direito empresarial em situa\u00e7\u00f5es de inseguran\u00e7a jur\u00eddica e formas alternativas de solu\u00e7\u00e3o de conflito em sociedades an\u00f4nimas. Em outra frente, o relator sugere a cria\u00e7\u00e3o dos chamados\u00a0sandboxes\u00a0\u2014 \u00e1reas sujeitas a regimes jur\u00eddicos diferenciados, como zonas francas n\u00e3o-tribut\u00e1rias definidas por estados e Distrito Federal<\/p>\n<h1 style=\"text-align: justify;\">Legisla\u00e7\u00e3o trabalhista<\/h1>\n<p style=\"text-align: justify;\">A MP 881\/2019 tamb\u00e9m altera diversos pontos da Consolida\u00e7\u00e3o das Leis do Trabalho (<a href=\"http:\/\/www.planalto.gov.br\/ccivil_03\/decreto-lei\/del5452.htm\">Decreto-Lei 5.452, de 1943<\/a>). O texto prev\u00ea, por exemplo, que a legisla\u00e7\u00e3o trabalhista s\u00f3 ser\u00e1 aplicada em benef\u00edcio de empregados que recebam at\u00e9 30 sal\u00e1rios m\u00ednimos. A medida provis\u00f3ria tamb\u00e9m prev\u00ea a ado\u00e7\u00e3o da carteira de trabalho digital e autoriza o trabalho aos domingos e feriados, sem necessidade de permiss\u00e3o pr\u00e9via do poder p\u00fablico. Por fim, a mat\u00e9ria acaba com a obrigatoriedade das Comiss\u00f5es Internas de Preven\u00e7\u00e3o de Acidentes (Cipas) em situa\u00e7\u00f5es espec\u00edficas.<\/p>\n<p style=\"text-align: justify;\">A medida provis\u00f3ria perde a validade no dia 10 de setembro, caso n\u00e3o seja votada pelas duas Casas do Congresso at\u00e9 essa data.<\/p>\n<p style=\"text-align: justify;\"><em>(Com informa\u00e7\u00f5es da Ag\u00eancia Senado)<\/em><\/p>\n","protected":false},"excerpt":{"rendered":"<p>| Ag\u00eancia Cbic | A Comiss\u00e3o Mista que analisa\u00a0a\u00a0Medida Provis\u00f3ria (MP)\u00a0881\/2019, da \u201cLiberdade Econ\u00f4mica\u201d,\u00a0 aprovou nesta quinta-feira (11\/07) o fim do Sistema de Escritura\u00e7\u00e3o Digital das Obriga\u00e7\u00f5es Fiscais, Previdenci\u00e1rias e Trabalhistas (eSocial) e alterou regras trabalhistas.\u00a0De acordo com o Poder Executivo, o texto da MP tem como objetivos recuperar a economia, garantir investimentos em educa\u00e7\u00e3o [&hellip;]<\/p>\n","protected":false},"author":3,"featured_media":8505,"comment_status":"closed","ping_status":"closed","sticky":false,"template":"","format":"standard","meta":{"footnotes":""},"categories":[92],"tags":[],"class_list":["post-8504","post","type-post","status-publish","format-standard","has-post-thumbnail","hentry","category-seconci-brasil"],"yoast_head":"<!-- This site is optimized with the Yoast SEO plugin v26.9 - https:\/\/yoast.com\/product\/yoast-seo-wordpress\/ -->\n<title>Comiss\u00e3o Mista altera regras trabalhistas e aprova fim do eSocial - Seconci Brasil<\/title>\n<meta name=\"robots\" content=\"index, follow, max-snippet:-1, max-image-preview:large, max-video-preview:-1\" \/>\n<link rel=\"canonical\" href=\"https:\/\/seconci.com.br\/site\/2019\/07\/12\/comissao-mista-altera-regras-trabalhistas-e-aprova-fim-do-esocial\/\" \/>\n<meta property=\"og:locale\" content=\"pt_PT\" \/>\n<meta property=\"og:type\" content=\"article\" \/>\n<meta property=\"og:title\" content=\"Comiss\u00e3o Mista altera regras trabalhistas e aprova fim do eSocial - Seconci Brasil\" \/>\n<meta property=\"og:description\" content=\"| Ag\u00eancia Cbic | A Comiss\u00e3o Mista que analisa\u00a0a\u00a0Medida Provis\u00f3ria (MP)\u00a0881\/2019, da \u201cLiberdade Econ\u00f4mica\u201d,\u00a0 aprovou nesta quinta-feira (11\/07) o fim do Sistema de Escritura\u00e7\u00e3o Digital das Obriga\u00e7\u00f5es Fiscais, Previdenci\u00e1rias e Trabalhistas (eSocial) e alterou regras trabalhistas.\u00a0De acordo com o Poder Executivo, o texto da MP tem como objetivos recuperar a economia, garantir investimentos em educa\u00e7\u00e3o [&hellip;]\" \/>\n<meta property=\"og:url\" content=\"https:\/\/seconci.com.br\/site\/2019\/07\/12\/comissao-mista-altera-regras-trabalhistas-e-aprova-fim-do-esocial\/\" \/>\n<meta property=\"og:site_name\" content=\"Seconci Brasil\" \/>\n<meta property=\"article:published_time\" content=\"2019-07-12T11:26:40+00:00\" \/>\n<meta property=\"article:modified_time\" content=\"2019-07-12T11:31:11+00:00\" \/>\n<meta property=\"og:image\" content=\"https:\/\/seconci.com.br\/site\/wp-content\/uploads\/2019\/07\/imagem_materia.jpg\" \/>\n\t<meta property=\"og:image:width\" content=\"860\" \/>\n\t<meta property=\"og:image:height\" content=\"570\" \/>\n\t<meta property=\"og:image:type\" content=\"image\/jpeg\" \/>\n<meta name=\"author\" content=\"Sidney Rocha\" \/>\n<meta name=\"twitter:card\" content=\"summary_large_image\" \/>\n<meta name=\"twitter:label1\" content=\"Escrito por\" \/>\n\t<meta name=\"twitter:data1\" content=\"Sidney Rocha\" \/>\n\t<meta name=\"twitter:label2\" content=\"Tempo estimado de leitura\" \/>\n\t<meta name=\"twitter:data2\" content=\"2 minutos\" \/>\n<script type=\"application\/ld+json\" class=\"yoast-schema-graph\">{\"@context\":\"https:\/\/schema.org\",\"@graph\":[{\"@type\":\"Article\",\"@id\":\"https:\/\/seconci.com.br\/site\/2019\/07\/12\/comissao-mista-altera-regras-trabalhistas-e-aprova-fim-do-esocial\/#article\",\"isPartOf\":{\"@id\":\"https:\/\/seconci.com.br\/site\/2019\/07\/12\/comissao-mista-altera-regras-trabalhistas-e-aprova-fim-do-esocial\/\"},\"author\":{\"name\":\"Sidney Rocha\",\"@id\":\"https:\/\/seconci.com.br\/site\/#\/schema\/person\/1d79afd97ddc8f2c68c1e88e298aa8e2\"},\"headline\":\"Comiss\u00e3o Mista altera regras trabalhistas e aprova fim do eSocial\",\"datePublished\":\"2019-07-12T11:26:40+00:00\",\"dateModified\":\"2019-07-12T11:31:11+00:00\",\"mainEntityOfPage\":{\"@id\":\"https:\/\/seconci.com.br\/site\/2019\/07\/12\/comissao-mista-altera-regras-trabalhistas-e-aprova-fim-do-esocial\/\"},\"wordCount\":407,\"publisher\":{\"@id\":\"https:\/\/seconci.com.br\/site\/#organization\"},\"image\":{\"@id\":\"https:\/\/seconci.com.br\/site\/2019\/07\/12\/comissao-mista-altera-regras-trabalhistas-e-aprova-fim-do-esocial\/#primaryimage\"},\"thumbnailUrl\":\"https:\/\/seconci.com.br\/site\/wp-content\/uploads\/2019\/07\/imagem_materia.jpg\",\"articleSection\":[\"Seconci Brasil\"],\"inLanguage\":\"pt-PT\"},{\"@type\":\"WebPage\",\"@id\":\"https:\/\/seconci.com.br\/site\/2019\/07\/12\/comissao-mista-altera-regras-trabalhistas-e-aprova-fim-do-esocial\/\",\"url\":\"https:\/\/seconci.com.br\/site\/2019\/07\/12\/comissao-mista-altera-regras-trabalhistas-e-aprova-fim-do-esocial\/\",\"name\":\"Comiss\u00e3o Mista altera regras trabalhistas e aprova fim do eSocial - Seconci Brasil\",\"isPartOf\":{\"@id\":\"https:\/\/seconci.com.br\/site\/#website\"},\"primaryImageOfPage\":{\"@id\":\"https:\/\/seconci.com.br\/site\/2019\/07\/12\/comissao-mista-altera-regras-trabalhistas-e-aprova-fim-do-esocial\/#primaryimage\"},\"image\":{\"@id\":\"https:\/\/seconci.com.br\/site\/2019\/07\/12\/comissao-mista-altera-regras-trabalhistas-e-aprova-fim-do-esocial\/#primaryimage\"},\"thumbnailUrl\":\"https:\/\/seconci.com.br\/site\/wp-content\/uploads\/2019\/07\/imagem_materia.jpg\",\"datePublished\":\"2019-07-12T11:26:40+00:00\",\"dateModified\":\"2019-07-12T11:31:11+00:00\",\"breadcrumb\":{\"@id\":\"https:\/\/seconci.com.br\/site\/2019\/07\/12\/comissao-mista-altera-regras-trabalhistas-e-aprova-fim-do-esocial\/#breadcrumb\"},\"inLanguage\":\"pt-PT\",\"potentialAction\":[{\"@type\":\"ReadAction\",\"target\":[\"https:\/\/seconci.com.br\/site\/2019\/07\/12\/comissao-mista-altera-regras-trabalhistas-e-aprova-fim-do-esocial\/\"]}]},{\"@type\":\"ImageObject\",\"inLanguage\":\"pt-PT\",\"@id\":\"https:\/\/seconci.com.br\/site\/2019\/07\/12\/comissao-mista-altera-regras-trabalhistas-e-aprova-fim-do-esocial\/#primaryimage\",\"url\":\"https:\/\/seconci.com.br\/site\/wp-content\/uploads\/2019\/07\/imagem_materia.jpg\",\"contentUrl\":\"https:\/\/seconci.com.br\/site\/wp-content\/uploads\/2019\/07\/imagem_materia.jpg\",\"width\":860,\"height\":570},{\"@type\":\"BreadcrumbList\",\"@id\":\"https:\/\/seconci.com.br\/site\/2019\/07\/12\/comissao-mista-altera-regras-trabalhistas-e-aprova-fim-do-esocial\/#breadcrumb\",\"itemListElement\":[{\"@type\":\"ListItem\",\"position\":1,\"name\":\"In\u00edcio\",\"item\":\"https:\/\/seconci.com.br\/site\/\"},{\"@type\":\"ListItem\",\"position\":2,\"name\":\"Comiss\u00e3o Mista altera regras trabalhistas e aprova fim do eSocial\"}]},{\"@type\":\"WebSite\",\"@id\":\"https:\/\/seconci.com.br\/site\/#website\",\"url\":\"https:\/\/seconci.com.br\/site\/\",\"name\":\"Seconci Brasil\",\"description\":\"\",\"publisher\":{\"@id\":\"https:\/\/seconci.com.br\/site\/#organization\"},\"potentialAction\":[{\"@type\":\"SearchAction\",\"target\":{\"@type\":\"EntryPoint\",\"urlTemplate\":\"https:\/\/seconci.com.br\/site\/?s={search_term_string}\"},\"query-input\":{\"@type\":\"PropertyValueSpecification\",\"valueRequired\":true,\"valueName\":\"search_term_string\"}}],\"inLanguage\":\"pt-PT\"},{\"@type\":\"Organization\",\"@id\":\"https:\/\/seconci.com.br\/site\/#organization\",\"name\":\"Seconci Brasil\",\"url\":\"https:\/\/seconci.com.br\/site\/\",\"logo\":{\"@type\":\"ImageObject\",\"inLanguage\":\"pt-PT\",\"@id\":\"https:\/\/seconci.com.br\/site\/#\/schema\/logo\/image\/\",\"url\":\"https:\/\/seconci.com.br\/site\/wp-content\/uploads\/2024\/08\/Logo-Seconci-Brasil-branca-2.png\",\"contentUrl\":\"https:\/\/seconci.com.br\/site\/wp-content\/uploads\/2024\/08\/Logo-Seconci-Brasil-branca-2.png\",\"width\":1315,\"height\":598,\"caption\":\"Seconci Brasil\"},\"image\":{\"@id\":\"https:\/\/seconci.com.br\/site\/#\/schema\/logo\/image\/\"}},{\"@type\":\"Person\",\"@id\":\"https:\/\/seconci.com.br\/site\/#\/schema\/person\/1d79afd97ddc8f2c68c1e88e298aa8e2\",\"name\":\"Sidney Rocha\",\"description\":\"Comunicador e estagi\u00e1rio do Seconci Brasil.\",\"url\":\"https:\/\/seconci.com.br\/site\/author\/sidney-rocha\/\"}]}<\/script>\n<!-- \/ Yoast SEO plugin. -->","yoast_head_json":{"title":"Comiss\u00e3o Mista altera regras trabalhistas e aprova fim do eSocial - Seconci Brasil","robots":{"index":"index","follow":"follow","max-snippet":"max-snippet:-1","max-image-preview":"max-image-preview:large","max-video-preview":"max-video-preview:-1"},"canonical":"https:\/\/seconci.com.br\/site\/2019\/07\/12\/comissao-mista-altera-regras-trabalhistas-e-aprova-fim-do-esocial\/","og_locale":"pt_PT","og_type":"article","og_title":"Comiss\u00e3o Mista altera regras trabalhistas e aprova fim do eSocial - Seconci Brasil","og_description":"| Ag\u00eancia Cbic | A Comiss\u00e3o Mista que analisa\u00a0a\u00a0Medida Provis\u00f3ria (MP)\u00a0881\/2019, da \u201cLiberdade Econ\u00f4mica\u201d,\u00a0 aprovou nesta quinta-feira (11\/07) o fim do Sistema de Escritura\u00e7\u00e3o Digital das Obriga\u00e7\u00f5es Fiscais, Previdenci\u00e1rias e Trabalhistas (eSocial) e alterou regras trabalhistas.\u00a0De acordo com o Poder Executivo, o texto da MP tem como objetivos recuperar a economia, garantir investimentos em educa\u00e7\u00e3o [&hellip;]","og_url":"https:\/\/seconci.com.br\/site\/2019\/07\/12\/comissao-mista-altera-regras-trabalhistas-e-aprova-fim-do-esocial\/","og_site_name":"Seconci Brasil","article_published_time":"2019-07-12T11:26:40+00:00","article_modified_time":"2019-07-12T11:31:11+00:00","og_image":[{"width":860,"height":570,"url":"https:\/\/seconci.com.br\/site\/wp-content\/uploads\/2019\/07\/imagem_materia.jpg","type":"image\/jpeg"}],"author":"Sidney Rocha","twitter_card":"summary_large_image","twitter_misc":{"Escrito por":"Sidney Rocha","Tempo estimado de leitura":"2 minutos"},"schema":{"@context":"https:\/\/schema.org","@graph":[{"@type":"Article","@id":"https:\/\/seconci.com.br\/site\/2019\/07\/12\/comissao-mista-altera-regras-trabalhistas-e-aprova-fim-do-esocial\/#article","isPartOf":{"@id":"https:\/\/seconci.com.br\/site\/2019\/07\/12\/comissao-mista-altera-regras-trabalhistas-e-aprova-fim-do-esocial\/"},"author":{"name":"Sidney Rocha","@id":"https:\/\/seconci.com.br\/site\/#\/schema\/person\/1d79afd97ddc8f2c68c1e88e298aa8e2"},"headline":"Comiss\u00e3o Mista altera regras trabalhistas e aprova fim do eSocial","datePublished":"2019-07-12T11:26:40+00:00","dateModified":"2019-07-12T11:31:11+00:00","mainEntityOfPage":{"@id":"https:\/\/seconci.com.br\/site\/2019\/07\/12\/comissao-mista-altera-regras-trabalhistas-e-aprova-fim-do-esocial\/"},"wordCount":407,"publisher":{"@id":"https:\/\/seconci.com.br\/site\/#organization"},"image":{"@id":"https:\/\/seconci.com.br\/site\/2019\/07\/12\/comissao-mista-altera-regras-trabalhistas-e-aprova-fim-do-esocial\/#primaryimage"},"thumbnailUrl":"https:\/\/seconci.com.br\/site\/wp-content\/uploads\/2019\/07\/imagem_materia.jpg","articleSection":["Seconci Brasil"],"inLanguage":"pt-PT"},{"@type":"WebPage","@id":"https:\/\/seconci.com.br\/site\/2019\/07\/12\/comissao-mista-altera-regras-trabalhistas-e-aprova-fim-do-esocial\/","url":"https:\/\/seconci.com.br\/site\/2019\/07\/12\/comissao-mista-altera-regras-trabalhistas-e-aprova-fim-do-esocial\/","name":"Comiss\u00e3o Mista altera regras trabalhistas e aprova fim do eSocial - Seconci Brasil","isPartOf":{"@id":"https:\/\/seconci.com.br\/site\/#website"},"primaryImageOfPage":{"@id":"https:\/\/seconci.com.br\/site\/2019\/07\/12\/comissao-mista-altera-regras-trabalhistas-e-aprova-fim-do-esocial\/#primaryimage"},"image":{"@id":"https:\/\/seconci.com.br\/site\/2019\/07\/12\/comissao-mista-altera-regras-trabalhistas-e-aprova-fim-do-esocial\/#primaryimage"},"thumbnailUrl":"https:\/\/seconci.com.br\/site\/wp-content\/uploads\/2019\/07\/imagem_materia.jpg","datePublished":"2019-07-12T11:26:40+00:00","dateModified":"2019-07-12T11:31:11+00:00","breadcrumb":{"@id":"https:\/\/seconci.com.br\/site\/2019\/07\/12\/comissao-mista-altera-regras-trabalhistas-e-aprova-fim-do-esocial\/#breadcrumb"},"inLanguage":"pt-PT","potentialAction":[{"@type":"ReadAction","target":["https:\/\/seconci.com.br\/site\/2019\/07\/12\/comissao-mista-altera-regras-trabalhistas-e-aprova-fim-do-esocial\/"]}]},{"@type":"ImageObject","inLanguage":"pt-PT","@id":"https:\/\/seconci.com.br\/site\/2019\/07\/12\/comissao-mista-altera-regras-trabalhistas-e-aprova-fim-do-esocial\/#primaryimage","url":"https:\/\/seconci.com.br\/site\/wp-content\/uploads\/2019\/07\/imagem_materia.jpg","contentUrl":"https:\/\/seconci.com.br\/site\/wp-content\/uploads\/2019\/07\/imagem_materia.jpg","width":860,"height":570},{"@type":"BreadcrumbList","@id":"https:\/\/seconci.com.br\/site\/2019\/07\/12\/comissao-mista-altera-regras-trabalhistas-e-aprova-fim-do-esocial\/#breadcrumb","itemListElement":[{"@type":"ListItem","position":1,"name":"In\u00edcio","item":"https:\/\/seconci.com.br\/site\/"},{"@type":"ListItem","position":2,"name":"Comiss\u00e3o Mista altera regras trabalhistas e aprova fim do eSocial"}]},{"@type":"WebSite","@id":"https:\/\/seconci.com.br\/site\/#website","url":"https:\/\/seconci.com.br\/site\/","name":"Seconci Brasil","description":"","publisher":{"@id":"https:\/\/seconci.com.br\/site\/#organization"},"potentialAction":[{"@type":"SearchAction","target":{"@type":"EntryPoint","urlTemplate":"https:\/\/seconci.com.br\/site\/?s={search_term_string}"},"query-input":{"@type":"PropertyValueSpecification","valueRequired":true,"valueName":"search_term_string"}}],"inLanguage":"pt-PT"},{"@type":"Organization","@id":"https:\/\/seconci.com.br\/site\/#organization","name":"Seconci Brasil","url":"https:\/\/seconci.com.br\/site\/","logo":{"@type":"ImageObject","inLanguage":"pt-PT","@id":"https:\/\/seconci.com.br\/site\/#\/schema\/logo\/image\/","url":"https:\/\/seconci.com.br\/site\/wp-content\/uploads\/2024\/08\/Logo-Seconci-Brasil-branca-2.png","contentUrl":"https:\/\/seconci.com.br\/site\/wp-content\/uploads\/2024\/08\/Logo-Seconci-Brasil-branca-2.png","width":1315,"height":598,"caption":"Seconci Brasil"},"image":{"@id":"https:\/\/seconci.com.br\/site\/#\/schema\/logo\/image\/"}},{"@type":"Person","@id":"https:\/\/seconci.com.br\/site\/#\/schema\/person\/1d79afd97ddc8f2c68c1e88e298aa8e2","name":"Sidney Rocha","description":"Comunicador e estagi\u00e1rio do Seconci Brasil.","url":"https:\/\/seconci.com.br\/site\/author\/sidney-rocha\/"}]}},"_links":{"self":[{"href":"https:\/\/seconci.com.br\/site\/wp-json\/wp\/v2\/posts\/8504","targetHints":{"allow":["GET"]}}],"collection":[{"href":"https:\/\/seconci.com.br\/site\/wp-json\/wp\/v2\/posts"}],"about":[{"href":"https:\/\/seconci.com.br\/site\/wp-json\/wp\/v2\/types\/post"}],"author":[{"embeddable":true,"href":"https:\/\/seconci.com.br\/site\/wp-json\/wp\/v2\/users\/3"}],"replies":[{"embeddable":true,"href":"https:\/\/seconci.com.br\/site\/wp-json\/wp\/v2\/comments?post=8504"}],"version-history":[{"count":0,"href":"https:\/\/seconci.com.br\/site\/wp-json\/wp\/v2\/posts\/8504\/revisions"}],"wp:featuredmedia":[{"embeddable":true,"href":"https:\/\/seconci.com.br\/site\/wp-json\/wp\/v2\/media\/8505"}],"wp:attachment":[{"href":"https:\/\/seconci.com.br\/site\/wp-json\/wp\/v2\/media?parent=8504"}],"wp:term":[{"taxonomy":"category","embeddable":true,"href":"https:\/\/seconci.com.br\/site\/wp-json\/wp\/v2\/categories?post=8504"},{"taxonomy":"post_tag","embeddable":true,"href":"https:\/\/seconci.com.br\/site\/wp-json\/wp\/v2\/tags?post=8504"}],"curies":[{"name":"wp","href":"https:\/\/api.w.org\/{rel}","templated":true}]}}