{"id":8510,"date":"2019-07-17T11:34:52","date_gmt":"2019-07-17T11:34:52","guid":{"rendered":"https:\/\/seconci.com.br\/site\/?p=8510"},"modified":"2019-07-17T11:34:52","modified_gmt":"2019-07-17T11:34:52","slug":"interessados-tiram-duvidas-sobre-premio-de-responsabilidade-social","status":"publish","type":"post","link":"https:\/\/seconci.com.br\/site\/2019\/07\/17\/interessados-tiram-duvidas-sobre-premio-de-responsabilidade-social\/","title":{"rendered":"Interessados tiram d\u00favidas sobre Pr\u00eamio de Responsabilidade Social"},"content":{"rendered":"<p style=\"text-align: justify;\">| Ag\u00eancia Cbic |<\/p>\n<p style=\"text-align: justify;\">Interessados em concorrer ao\u00a0<strong>Pr\u00eamio CBIC de Responsabilidade Social \u2013 Trof\u00e9u<\/strong>\u00a0<strong>Paulo Safady Sim\u00e3o<\/strong>\u00a0tiveram a oportunidade de tirar d\u00favidas sobre o regulamento da edi\u00e7\u00e3o 2019 na manh\u00e3 desta ter\u00e7a-feira (16\/07), durante confer\u00eancia remota promovida pela Comiss\u00e3o de Responsabilidade Social (CRS) da C\u00e2mara Brasileira da Ind\u00fastria da Constru\u00e7\u00e3o (CBIC).<\/p>\n<p style=\"text-align: justify;\">Uma das principais d\u00favidas levantadas foi quanto \u00e0\u00a0<strong>vig\u00eancia dos projetos<\/strong>. Foi esclarecido que poder\u00e3o ser inscritos apenas projetos\/pr\u00e1ticas que tenham pelo menos um ano de desenvolvimento, completados em 31\/12\/2018.<\/p>\n<p style=\"text-align: justify;\">Projetos iniciados em anos anteriores e que continuem ativos tamb\u00e9m poder\u00e3o concorrer ao pr\u00eamio.<\/p>\n<p style=\"text-align: justify;\">Quanto ao\u00a0<strong>tempo de execu\u00e7\u00e3o<\/strong>, ficou claro que as a\u00e7\u00f5es devem ser cont\u00ednuas e que \u00e9 preciso comprovar essa continuidade durante o ano.<\/p>\n<p style=\"text-align: justify;\">A presidente da CRS, Ana Claudia Gomes, chamou aten\u00e7\u00e3o para o enquadramento dos projetos de responsabilidade social em um dos seis temas do Pr\u00eamio, conforme abaixo:<\/p>\n<ul style=\"text-align: justify;\">\n<li>Direitos humanos<\/li>\n<li>Pr\u00e1ticas trabalhistas<\/li>\n<li>Meio Ambiente<\/li>\n<li>Pr\u00e1ticas Leias de Opera\u00e7\u00e3o<\/li>\n<li>Quest\u00f5es relativas a consumidores<\/li>\n<li>Envolvimento e desenvolvimento comunit\u00e1rio<\/li>\n<\/ul>\n<p style=\"text-align: justify;\">Reconhecido por sua excel\u00eancia na \u00e1rea da responsabilidade social da ind\u00fastria da constru\u00e7\u00e3o no pa\u00eds, o\u00a0<strong>Pr\u00eamio CBIC de Responsabilidade Social\u00a0<\/strong>busca selecionar projetos e\/ou boas pr\u00e1ticas de responsabilidade social desenvolvidos no \u00e2mbito da constru\u00e7\u00e3o civil e do mercado imobili\u00e1rio.<\/p>\n<p style=\"text-align: justify;\">Realizada pela CRS\/CBIC, com a correaliza\u00e7\u00e3o do Sesi Nacional, podem concorrer \u00e0 edi\u00e7\u00e3o deste ano do Pr\u00eamio, tanto entidades quanto empresas construtoras ou do mercado imobili\u00e1rio sediadas no Brasil, que estejam desenvolvendo a\u00e7\u00f5es, projetos ou programas de responsabilidade social.<\/p>\n<p style=\"text-align: justify;\">As inscri\u00e7\u00f5es dos projetos podem ser feitas no m\u00e1ximo at\u00e9 o dia 12 de setembro.<\/p>\n<h1 style=\"text-align: justify;\"><strong>Vencedores ser\u00e3o premiados em dezembro<\/strong><\/h1>\n<p style=\"text-align: justify;\">Os vencedores nas categorias Entidade, Empresa, Seconci, Reconhecimento Social e Especial (Medalha de Pr\u00e1ticas Proativas) receber\u00e3o Trof\u00e9u CBIC de Responsabilidade Social em solenidade a ser realizada no dia 10 de dezembro, em Bras\u00edlia-DF.<\/p>\n<p style=\"text-align: justify;\">No caso da Categoria Especial, neste ano ser\u00e1 agraciada a Pr\u00e1tica Trabalhista, um dos objetivos espec\u00edficos vinculados aos temas centrais da Lei de Responsabilidade Social \u2013 Norma ISO 26000.<\/p>\n<p style=\"text-align: justify;\">Se a sua entidade desenvolve a\u00e7\u00f5es de responsabilidade social para a ind\u00fastria da constru\u00e7\u00e3o, participe! Aproveite tamb\u00e9m para divulgar a iniciativa junto \u00e0s empresas da sua localidade que contam com iniciativas relevantes, inclusive pr\u00e1ticas trabalhistas para o setor.<\/p>\n<p style=\"text-align: justify;\"><a href=\"https:\/\/cbic.org.br\/premioresponsabilidadesocial\/\">Veja mais informa\u00e7\u00f5es sobre o Pr\u00eamio no site da premia\u00e7\u00e3o<\/a>.<span id=\"more-38440\"><\/span><\/p>\n<p><iframe title=\"Pr\u00eamio CBIC de Responsabilidade Social 2019 -  V\u00eddeo de apresenta\u00e7\u00e3o\" width=\"800\" height=\"450\" src=\"https:\/\/www.youtube.com\/embed\/ilWOxnhUbo8?feature=oembed\" frameborder=\"0\" allow=\"accelerometer; autoplay; clipboard-write; encrypted-media; gyroscope; picture-in-picture; web-share\" referrerpolicy=\"strict-origin-when-cross-origin\" allowfullscreen><\/iframe><\/p>\n<p style=\"text-align: justify;\">\n","protected":false},"excerpt":{"rendered":"<p>| Ag\u00eancia Cbic | Interessados em concorrer ao\u00a0Pr\u00eamio CBIC de Responsabilidade Social \u2013 Trof\u00e9u\u00a0Paulo Safady Sim\u00e3o\u00a0tiveram a oportunidade de tirar d\u00favidas sobre o regulamento da edi\u00e7\u00e3o 2019 na manh\u00e3 desta ter\u00e7a-feira (16\/07), durante confer\u00eancia remota promovida pela Comiss\u00e3o de Responsabilidade Social (CRS) da C\u00e2mara Brasileira da Ind\u00fastria da Constru\u00e7\u00e3o (CBIC). Uma das principais d\u00favidas levantadas [&hellip;]<\/p>\n","protected":false},"author":3,"featured_media":8511,"comment_status":"closed","ping_status":"closed","sticky":false,"template":"","format":"standard","meta":{"footnotes":""},"categories":[92],"tags":[],"class_list":["post-8510","post","type-post","status-publish","format-standard","has-post-thumbnail","hentry","category-seconci-brasil"],"yoast_head":"<!-- This site is optimized with the Yoast SEO plugin v26.9 - https:\/\/yoast.com\/product\/yoast-seo-wordpress\/ -->\n<title>Interessados tiram d\u00favidas sobre Pr\u00eamio de Responsabilidade Social - Seconci Brasil<\/title>\n<meta name=\"robots\" content=\"index, follow, max-snippet:-1, max-image-preview:large, max-video-preview:-1\" \/>\n<link rel=\"canonical\" href=\"https:\/\/seconci.com.br\/site\/2019\/07\/17\/interessados-tiram-duvidas-sobre-premio-de-responsabilidade-social\/\" \/>\n<meta property=\"og:locale\" content=\"pt_PT\" \/>\n<meta property=\"og:type\" content=\"article\" \/>\n<meta property=\"og:title\" content=\"Interessados tiram d\u00favidas sobre Pr\u00eamio de Responsabilidade Social - Seconci Brasil\" \/>\n<meta property=\"og:description\" content=\"| Ag\u00eancia Cbic | Interessados em concorrer ao\u00a0Pr\u00eamio CBIC de Responsabilidade Social \u2013 Trof\u00e9u\u00a0Paulo Safady Sim\u00e3o\u00a0tiveram a oportunidade de tirar d\u00favidas sobre o regulamento da edi\u00e7\u00e3o 2019 na manh\u00e3 desta ter\u00e7a-feira (16\/07), durante confer\u00eancia remota promovida pela Comiss\u00e3o de Responsabilidade Social (CRS) da C\u00e2mara Brasileira da Ind\u00fastria da Constru\u00e7\u00e3o (CBIC). Uma das principais d\u00favidas levantadas [&hellip;]\" \/>\n<meta property=\"og:url\" content=\"https:\/\/seconci.com.br\/site\/2019\/07\/17\/interessados-tiram-duvidas-sobre-premio-de-responsabilidade-social\/\" \/>\n<meta property=\"og:site_name\" content=\"Seconci Brasil\" \/>\n<meta property=\"article:published_time\" content=\"2019-07-17T11:34:52+00:00\" \/>\n<meta property=\"og:image\" content=\"https:\/\/seconci.com.br\/site\/wp-content\/uploads\/2019\/07\/WhatsApp-Image-2019-07-16-at-17.53.02.jpeg\" \/>\n\t<meta property=\"og:image:width\" content=\"1089\" \/>\n\t<meta property=\"og:image:height\" content=\"510\" \/>\n\t<meta property=\"og:image:type\" content=\"image\/jpeg\" \/>\n<meta name=\"author\" content=\"Sidney Rocha\" \/>\n<meta name=\"twitter:card\" content=\"summary_large_image\" \/>\n<meta name=\"twitter:label1\" content=\"Escrito por\" \/>\n\t<meta name=\"twitter:data1\" content=\"Sidney Rocha\" \/>\n\t<meta name=\"twitter:label2\" content=\"Tempo estimado de leitura\" \/>\n\t<meta name=\"twitter:data2\" content=\"2 minutos\" \/>\n<script type=\"application\/ld+json\" class=\"yoast-schema-graph\">{\"@context\":\"https:\/\/schema.org\",\"@graph\":[{\"@type\":\"Article\",\"@id\":\"https:\/\/seconci.com.br\/site\/2019\/07\/17\/interessados-tiram-duvidas-sobre-premio-de-responsabilidade-social\/#article\",\"isPartOf\":{\"@id\":\"https:\/\/seconci.com.br\/site\/2019\/07\/17\/interessados-tiram-duvidas-sobre-premio-de-responsabilidade-social\/\"},\"author\":{\"name\":\"Sidney Rocha\",\"@id\":\"https:\/\/seconci.com.br\/site\/#\/schema\/person\/1d79afd97ddc8f2c68c1e88e298aa8e2\"},\"headline\":\"Interessados tiram d\u00favidas sobre Pr\u00eamio de Responsabilidade Social\",\"datePublished\":\"2019-07-17T11:34:52+00:00\",\"mainEntityOfPage\":{\"@id\":\"https:\/\/seconci.com.br\/site\/2019\/07\/17\/interessados-tiram-duvidas-sobre-premio-de-responsabilidade-social\/\"},\"wordCount\":439,\"publisher\":{\"@id\":\"https:\/\/seconci.com.br\/site\/#organization\"},\"image\":{\"@id\":\"https:\/\/seconci.com.br\/site\/2019\/07\/17\/interessados-tiram-duvidas-sobre-premio-de-responsabilidade-social\/#primaryimage\"},\"thumbnailUrl\":\"https:\/\/seconci.com.br\/site\/wp-content\/uploads\/2019\/07\/WhatsApp-Image-2019-07-16-at-17.53.02.jpeg\",\"articleSection\":[\"Seconci Brasil\"],\"inLanguage\":\"pt-PT\"},{\"@type\":\"WebPage\",\"@id\":\"https:\/\/seconci.com.br\/site\/2019\/07\/17\/interessados-tiram-duvidas-sobre-premio-de-responsabilidade-social\/\",\"url\":\"https:\/\/seconci.com.br\/site\/2019\/07\/17\/interessados-tiram-duvidas-sobre-premio-de-responsabilidade-social\/\",\"name\":\"Interessados tiram d\u00favidas sobre Pr\u00eamio de Responsabilidade Social - Seconci Brasil\",\"isPartOf\":{\"@id\":\"https:\/\/seconci.com.br\/site\/#website\"},\"primaryImageOfPage\":{\"@id\":\"https:\/\/seconci.com.br\/site\/2019\/07\/17\/interessados-tiram-duvidas-sobre-premio-de-responsabilidade-social\/#primaryimage\"},\"image\":{\"@id\":\"https:\/\/seconci.com.br\/site\/2019\/07\/17\/interessados-tiram-duvidas-sobre-premio-de-responsabilidade-social\/#primaryimage\"},\"thumbnailUrl\":\"https:\/\/seconci.com.br\/site\/wp-content\/uploads\/2019\/07\/WhatsApp-Image-2019-07-16-at-17.53.02.jpeg\",\"datePublished\":\"2019-07-17T11:34:52+00:00\",\"breadcrumb\":{\"@id\":\"https:\/\/seconci.com.br\/site\/2019\/07\/17\/interessados-tiram-duvidas-sobre-premio-de-responsabilidade-social\/#breadcrumb\"},\"inLanguage\":\"pt-PT\",\"potentialAction\":[{\"@type\":\"ReadAction\",\"target\":[\"https:\/\/seconci.com.br\/site\/2019\/07\/17\/interessados-tiram-duvidas-sobre-premio-de-responsabilidade-social\/\"]}]},{\"@type\":\"ImageObject\",\"inLanguage\":\"pt-PT\",\"@id\":\"https:\/\/seconci.com.br\/site\/2019\/07\/17\/interessados-tiram-duvidas-sobre-premio-de-responsabilidade-social\/#primaryimage\",\"url\":\"https:\/\/seconci.com.br\/site\/wp-content\/uploads\/2019\/07\/WhatsApp-Image-2019-07-16-at-17.53.02.jpeg\",\"contentUrl\":\"https:\/\/seconci.com.br\/site\/wp-content\/uploads\/2019\/07\/WhatsApp-Image-2019-07-16-at-17.53.02.jpeg\",\"width\":1089,\"height\":510},{\"@type\":\"BreadcrumbList\",\"@id\":\"https:\/\/seconci.com.br\/site\/2019\/07\/17\/interessados-tiram-duvidas-sobre-premio-de-responsabilidade-social\/#breadcrumb\",\"itemListElement\":[{\"@type\":\"ListItem\",\"position\":1,\"name\":\"In\u00edcio\",\"item\":\"https:\/\/seconci.com.br\/site\/\"},{\"@type\":\"ListItem\",\"position\":2,\"name\":\"Interessados tiram d\u00favidas sobre Pr\u00eamio de Responsabilidade Social\"}]},{\"@type\":\"WebSite\",\"@id\":\"https:\/\/seconci.com.br\/site\/#website\",\"url\":\"https:\/\/seconci.com.br\/site\/\",\"name\":\"Seconci Brasil\",\"description\":\"\",\"publisher\":{\"@id\":\"https:\/\/seconci.com.br\/site\/#organization\"},\"potentialAction\":[{\"@type\":\"SearchAction\",\"target\":{\"@type\":\"EntryPoint\",\"urlTemplate\":\"https:\/\/seconci.com.br\/site\/?s={search_term_string}\"},\"query-input\":{\"@type\":\"PropertyValueSpecification\",\"valueRequired\":true,\"valueName\":\"search_term_string\"}}],\"inLanguage\":\"pt-PT\"},{\"@type\":\"Organization\",\"@id\":\"https:\/\/seconci.com.br\/site\/#organization\",\"name\":\"Seconci Brasil\",\"url\":\"https:\/\/seconci.com.br\/site\/\",\"logo\":{\"@type\":\"ImageObject\",\"inLanguage\":\"pt-PT\",\"@id\":\"https:\/\/seconci.com.br\/site\/#\/schema\/logo\/image\/\",\"url\":\"https:\/\/seconci.com.br\/site\/wp-content\/uploads\/2024\/08\/Logo-Seconci-Brasil-branca-2.png\",\"contentUrl\":\"https:\/\/seconci.com.br\/site\/wp-content\/uploads\/2024\/08\/Logo-Seconci-Brasil-branca-2.png\",\"width\":1315,\"height\":598,\"caption\":\"Seconci Brasil\"},\"image\":{\"@id\":\"https:\/\/seconci.com.br\/site\/#\/schema\/logo\/image\/\"}},{\"@type\":\"Person\",\"@id\":\"https:\/\/seconci.com.br\/site\/#\/schema\/person\/1d79afd97ddc8f2c68c1e88e298aa8e2\",\"name\":\"Sidney Rocha\",\"description\":\"Comunicador e estagi\u00e1rio do Seconci Brasil.\",\"url\":\"https:\/\/seconci.com.br\/site\/author\/sidney-rocha\/\"}]}<\/script>\n<!-- \/ Yoast SEO plugin. -->","yoast_head_json":{"title":"Interessados tiram d\u00favidas sobre Pr\u00eamio de Responsabilidade Social - Seconci Brasil","robots":{"index":"index","follow":"follow","max-snippet":"max-snippet:-1","max-image-preview":"max-image-preview:large","max-video-preview":"max-video-preview:-1"},"canonical":"https:\/\/seconci.com.br\/site\/2019\/07\/17\/interessados-tiram-duvidas-sobre-premio-de-responsabilidade-social\/","og_locale":"pt_PT","og_type":"article","og_title":"Interessados tiram d\u00favidas sobre Pr\u00eamio de Responsabilidade Social - Seconci Brasil","og_description":"| Ag\u00eancia Cbic | Interessados em concorrer ao\u00a0Pr\u00eamio CBIC de Responsabilidade Social \u2013 Trof\u00e9u\u00a0Paulo Safady Sim\u00e3o\u00a0tiveram a oportunidade de tirar d\u00favidas sobre o regulamento da edi\u00e7\u00e3o 2019 na manh\u00e3 desta ter\u00e7a-feira (16\/07), durante confer\u00eancia remota promovida pela Comiss\u00e3o de Responsabilidade Social (CRS) da C\u00e2mara Brasileira da Ind\u00fastria da Constru\u00e7\u00e3o (CBIC). Uma das principais d\u00favidas levantadas [&hellip;]","og_url":"https:\/\/seconci.com.br\/site\/2019\/07\/17\/interessados-tiram-duvidas-sobre-premio-de-responsabilidade-social\/","og_site_name":"Seconci Brasil","article_published_time":"2019-07-17T11:34:52+00:00","og_image":[{"width":1089,"height":510,"url":"https:\/\/seconci.com.br\/site\/wp-content\/uploads\/2019\/07\/WhatsApp-Image-2019-07-16-at-17.53.02.jpeg","type":"image\/jpeg"}],"author":"Sidney Rocha","twitter_card":"summary_large_image","twitter_misc":{"Escrito por":"Sidney Rocha","Tempo estimado de leitura":"2 minutos"},"schema":{"@context":"https:\/\/schema.org","@graph":[{"@type":"Article","@id":"https:\/\/seconci.com.br\/site\/2019\/07\/17\/interessados-tiram-duvidas-sobre-premio-de-responsabilidade-social\/#article","isPartOf":{"@id":"https:\/\/seconci.com.br\/site\/2019\/07\/17\/interessados-tiram-duvidas-sobre-premio-de-responsabilidade-social\/"},"author":{"name":"Sidney Rocha","@id":"https:\/\/seconci.com.br\/site\/#\/schema\/person\/1d79afd97ddc8f2c68c1e88e298aa8e2"},"headline":"Interessados tiram d\u00favidas sobre Pr\u00eamio de Responsabilidade Social","datePublished":"2019-07-17T11:34:52+00:00","mainEntityOfPage":{"@id":"https:\/\/seconci.com.br\/site\/2019\/07\/17\/interessados-tiram-duvidas-sobre-premio-de-responsabilidade-social\/"},"wordCount":439,"publisher":{"@id":"https:\/\/seconci.com.br\/site\/#organization"},"image":{"@id":"https:\/\/seconci.com.br\/site\/2019\/07\/17\/interessados-tiram-duvidas-sobre-premio-de-responsabilidade-social\/#primaryimage"},"thumbnailUrl":"https:\/\/seconci.com.br\/site\/wp-content\/uploads\/2019\/07\/WhatsApp-Image-2019-07-16-at-17.53.02.jpeg","articleSection":["Seconci Brasil"],"inLanguage":"pt-PT"},{"@type":"WebPage","@id":"https:\/\/seconci.com.br\/site\/2019\/07\/17\/interessados-tiram-duvidas-sobre-premio-de-responsabilidade-social\/","url":"https:\/\/seconci.com.br\/site\/2019\/07\/17\/interessados-tiram-duvidas-sobre-premio-de-responsabilidade-social\/","name":"Interessados tiram d\u00favidas sobre Pr\u00eamio de Responsabilidade Social - Seconci Brasil","isPartOf":{"@id":"https:\/\/seconci.com.br\/site\/#website"},"primaryImageOfPage":{"@id":"https:\/\/seconci.com.br\/site\/2019\/07\/17\/interessados-tiram-duvidas-sobre-premio-de-responsabilidade-social\/#primaryimage"},"image":{"@id":"https:\/\/seconci.com.br\/site\/2019\/07\/17\/interessados-tiram-duvidas-sobre-premio-de-responsabilidade-social\/#primaryimage"},"thumbnailUrl":"https:\/\/seconci.com.br\/site\/wp-content\/uploads\/2019\/07\/WhatsApp-Image-2019-07-16-at-17.53.02.jpeg","datePublished":"2019-07-17T11:34:52+00:00","breadcrumb":{"@id":"https:\/\/seconci.com.br\/site\/2019\/07\/17\/interessados-tiram-duvidas-sobre-premio-de-responsabilidade-social\/#breadcrumb"},"inLanguage":"pt-PT","potentialAction":[{"@type":"ReadAction","target":["https:\/\/seconci.com.br\/site\/2019\/07\/17\/interessados-tiram-duvidas-sobre-premio-de-responsabilidade-social\/"]}]},{"@type":"ImageObject","inLanguage":"pt-PT","@id":"https:\/\/seconci.com.br\/site\/2019\/07\/17\/interessados-tiram-duvidas-sobre-premio-de-responsabilidade-social\/#primaryimage","url":"https:\/\/seconci.com.br\/site\/wp-content\/uploads\/2019\/07\/WhatsApp-Image-2019-07-16-at-17.53.02.jpeg","contentUrl":"https:\/\/seconci.com.br\/site\/wp-content\/uploads\/2019\/07\/WhatsApp-Image-2019-07-16-at-17.53.02.jpeg","width":1089,"height":510},{"@type":"BreadcrumbList","@id":"https:\/\/seconci.com.br\/site\/2019\/07\/17\/interessados-tiram-duvidas-sobre-premio-de-responsabilidade-social\/#breadcrumb","itemListElement":[{"@type":"ListItem","position":1,"name":"In\u00edcio","item":"https:\/\/seconci.com.br\/site\/"},{"@type":"ListItem","position":2,"name":"Interessados tiram d\u00favidas sobre Pr\u00eamio de Responsabilidade Social"}]},{"@type":"WebSite","@id":"https:\/\/seconci.com.br\/site\/#website","url":"https:\/\/seconci.com.br\/site\/","name":"Seconci Brasil","description":"","publisher":{"@id":"https:\/\/seconci.com.br\/site\/#organization"},"potentialAction":[{"@type":"SearchAction","target":{"@type":"EntryPoint","urlTemplate":"https:\/\/seconci.com.br\/site\/?s={search_term_string}"},"query-input":{"@type":"PropertyValueSpecification","valueRequired":true,"valueName":"search_term_string"}}],"inLanguage":"pt-PT"},{"@type":"Organization","@id":"https:\/\/seconci.com.br\/site\/#organization","name":"Seconci Brasil","url":"https:\/\/seconci.com.br\/site\/","logo":{"@type":"ImageObject","inLanguage":"pt-PT","@id":"https:\/\/seconci.com.br\/site\/#\/schema\/logo\/image\/","url":"https:\/\/seconci.com.br\/site\/wp-content\/uploads\/2024\/08\/Logo-Seconci-Brasil-branca-2.png","contentUrl":"https:\/\/seconci.com.br\/site\/wp-content\/uploads\/2024\/08\/Logo-Seconci-Brasil-branca-2.png","width":1315,"height":598,"caption":"Seconci Brasil"},"image":{"@id":"https:\/\/seconci.com.br\/site\/#\/schema\/logo\/image\/"}},{"@type":"Person","@id":"https:\/\/seconci.com.br\/site\/#\/schema\/person\/1d79afd97ddc8f2c68c1e88e298aa8e2","name":"Sidney Rocha","description":"Comunicador e estagi\u00e1rio do Seconci Brasil.","url":"https:\/\/seconci.com.br\/site\/author\/sidney-rocha\/"}]}},"_links":{"self":[{"href":"https:\/\/seconci.com.br\/site\/wp-json\/wp\/v2\/posts\/8510","targetHints":{"allow":["GET"]}}],"collection":[{"href":"https:\/\/seconci.com.br\/site\/wp-json\/wp\/v2\/posts"}],"about":[{"href":"https:\/\/seconci.com.br\/site\/wp-json\/wp\/v2\/types\/post"}],"author":[{"embeddable":true,"href":"https:\/\/seconci.com.br\/site\/wp-json\/wp\/v2\/users\/3"}],"replies":[{"embeddable":true,"href":"https:\/\/seconci.com.br\/site\/wp-json\/wp\/v2\/comments?post=8510"}],"version-history":[{"count":0,"href":"https:\/\/seconci.com.br\/site\/wp-json\/wp\/v2\/posts\/8510\/revisions"}],"wp:featuredmedia":[{"embeddable":true,"href":"https:\/\/seconci.com.br\/site\/wp-json\/wp\/v2\/media\/8511"}],"wp:attachment":[{"href":"https:\/\/seconci.com.br\/site\/wp-json\/wp\/v2\/media?parent=8510"}],"wp:term":[{"taxonomy":"category","embeddable":true,"href":"https:\/\/seconci.com.br\/site\/wp-json\/wp\/v2\/categories?post=8510"},{"taxonomy":"post_tag","embeddable":true,"href":"https:\/\/seconci.com.br\/site\/wp-json\/wp\/v2\/tags?post=8510"}],"curies":[{"name":"wp","href":"https:\/\/api.w.org\/{rel}","templated":true}]}}