{"id":8513,"date":"2019-07-17T14:02:41","date_gmt":"2019-07-17T14:02:41","guid":{"rendered":"https:\/\/seconci.com.br\/site\/?p=8513"},"modified":"2019-07-17T14:02:41","modified_gmt":"2019-07-17T14:02:41","slug":"declaracao-da-oit-e-aprovada-com-foco-no-futuro-do-trabalho","status":"publish","type":"post","link":"https:\/\/seconci.com.br\/site\/2019\/07\/17\/declaracao-da-oit-e-aprovada-com-foco-no-futuro-do-trabalho\/","title":{"rendered":"Declara\u00e7\u00e3o da OIT \u00e9 aprovada, com foco no futuro do trabalho"},"content":{"rendered":"<p style=\"text-align: justify;\">| Ag\u00eancia Cbic |<\/p>\n<p style=\"text-align: justify;\">A Confer\u00eancia Internacional do Trabalho (CIT), organizada anualmente pela\u00a0<strong>Organiza\u00e7\u00e3o Internacional do Trabalho (OIT)<\/strong>, aprovou a\u00a0<strong>Declara\u00e7\u00e3o do Centen\u00e1rio da OIT<\/strong>, com foco no\u00a0<strong>futuro do trabalho<\/strong>.<\/p>\n<p style=\"text-align: justify;\">Durante a 108\u00aa CIT, realizada em Genebra, no \u00faltimo m\u00eas de junho, os Estados-Membros, representantes de empregadores e de trabalhadores, conclu\u00edram discuss\u00f5es sobre o futuro do trabalho, tomando em considera\u00e7\u00e3o as mudan\u00e7as e desafios no mundo do trabalho, e o encaminhamento de solu\u00e7\u00f5es.<\/p>\n<p style=\"text-align: justify;\">A Declara\u00e7\u00e3o do Centen\u00e1rio da OIT aborda diversos pontos vinculados ao mundo do trabalho e seu futuro, entre eles tecnologia, composi\u00e7\u00e3o demogr\u00e1fica, mudan\u00e7as clim\u00e1ticas e a necessidade de novas habilidades no e para o trabalho.<\/p>\n<h1 style=\"text-align: justify;\">Principais pontos da Declara\u00e7\u00e3o<\/h1>\n<p style=\"text-align: justify;\"><strong>Pre\u00e2mbulo \u2013\u00a0<\/strong>Reconhece-se expressamente a import\u00e2ncia das empresas sustent\u00e1veis na gera\u00e7\u00e3o de emprego e na promo\u00e7\u00e3o da inova\u00e7\u00e3o e do trabalho decente.<\/p>\n<p style=\"text-align: justify;\"><strong>Inciso I \u2013<\/strong>\u00a0Reconhece-se o centen\u00e1rio da OIT como um tempo de transforma\u00e7\u00f5es no mundo do trabalho, lideradas pela inova\u00e7\u00e3o tecnol\u00f3gica, mudan\u00e7as demogr\u00e1ficas, ambientais, e pela globaliza\u00e7\u00e3o, e pela continuidade da desigualdade. Diante disso, declara ser imperativo, entre outros, moldar um futuro do trabalho com emprego produtivo livremente escolhido e trabalho decente.<\/p>\n<p style=\"text-align: justify;\"><strong>Inciso II \u2013<\/strong>\u00a0Declara-se que a OIT deve dirigir seus esfor\u00e7os, entre outros, para:<\/p>\n<ul style=\"text-align: justify;\">\n<li>Que se aproveite ao m\u00e1ximo do progresso tecnol\u00f3gico e crescimento produtivo para trabalho decente e desenvolvimento sustent\u00e1vel;<\/li>\n<li>Que se promova a aquisi\u00e7\u00e3o de compet\u00eancias por todos os trabalhadores em todas as fases da vida profissional, em especial para garantir que a educa\u00e7\u00e3o e os treinamentos sejam responsivos \u00e0s necessidade do mercado de trabalho;<\/li>\n<li>Que seja dado suporte ao papel do setor privado como principal fonte de crescimento econ\u00f4mico e gera\u00e7\u00e3o de emprego, por meio da promo\u00e7\u00e3o de um ambiente favor\u00e1vel ao empreendedorismo e \u00e0s empresas sustent\u00e1veis, com particular aten\u00e7\u00e3o ao papel de micro, pequenas e m\u00e9dias empresas;<\/li>\n<li>Que se assegure que a diversifica\u00e7\u00e3o dos arranjos produtivos e de trabalho e modelos de neg\u00f3cios (entre eles as cadeias de valor de fornecimento de bens e servi\u00e7os dom\u00e9sticas e globais) sirva para alavancar oportunidades para o progresso social e econ\u00f4mico e \u00e0 promo\u00e7\u00e3o do trabalho decente e emprego produtivo.<\/li>\n<\/ul>\n<p style=\"text-align: justify;\">Al\u00e9m disso, no inciso tamb\u00e9m se reconhece a import\u00e2ncia do tripartismo e da negocia\u00e7\u00e3o coletiva como funda\u00e7\u00f5es das a\u00e7\u00f5es da OIT, e que condi\u00e7\u00f5es de trabalho seguras e saud\u00e1veis s\u00e3o fundamentais para o trabalho produtivo.<\/p>\n<p style=\"text-align: justify;\"><strong>Inciso III \u2013<\/strong>\u00a0Convoca-se os Estados membros da OIT, para, entre outros, promover crescimento econ\u00f4mico, emprego produtivo para todos e trabalho decente por meio de pol\u00edticas de promo\u00e7\u00e3o de trabalho decente e aumento da produtividade, bem como investimento em infraestrutura e setores estrat\u00e9gicos. Tamb\u00e9m apresenta relevo especial \u00e0 cria\u00e7\u00e3o e a formaliza\u00e7\u00e3o de empresas, inova\u00e7\u00e3o e \u00e0 transi\u00e7\u00e3o da economia informal para a formal, reconhecendo, efetivamente e mais uma vez, o importante papel do setor privado.<\/p>\n<p style=\"text-align: justify;\"><strong>Inciso IV \u2013<\/strong>\u00a0Declara-se que as Conven\u00e7\u00f5es Internacionais do Trabalho e outras normas internacionais da OIT devem responder \u00e0 mudan\u00e7a dos padr\u00f5es do mundo do trabalho, proteger trabalhadores e, ao mesmo tempo, levar em considera\u00e7\u00e3o das necessidades de empresas sustent\u00e1veis.<\/p>\n<h1 style=\"text-align: justify;\">O que \u00e9 uma Declara\u00e7\u00e3o da OIT?<\/h1>\n<p style=\"text-align: justify;\">\u00c9 uma resolu\u00e7\u00e3o da Confer\u00eancia Internacional do Trabalho, cujo objetivo \u00e9 apresentar uma declara\u00e7\u00e3o oficial que estabelece certos princ\u00edpios e valores jur\u00eddicos aos quais os Estados-membros se vinculam. N\u00e3o s\u00e3o objeto de ratifica\u00e7\u00e3o ou geram vincula\u00e7\u00e3o legal, mas t\u00eam valor simb\u00f3lico e pol\u00edtico.<\/p>\n<p style=\"text-align: justify;\"><em>(Com informa\u00e7\u00f5es do RT Informa, da CNI)<\/em><\/p>\n","protected":false},"excerpt":{"rendered":"<p>| Ag\u00eancia Cbic | A Confer\u00eancia Internacional do Trabalho (CIT), organizada anualmente pela\u00a0Organiza\u00e7\u00e3o Internacional do Trabalho (OIT), aprovou a\u00a0Declara\u00e7\u00e3o do Centen\u00e1rio da OIT, com foco no\u00a0futuro do trabalho. Durante a 108\u00aa CIT, realizada em Genebra, no \u00faltimo m\u00eas de junho, os Estados-Membros, representantes de empregadores e de trabalhadores, conclu\u00edram discuss\u00f5es sobre o futuro do trabalho, [&hellip;]<\/p>\n","protected":false},"author":3,"featured_media":8514,"comment_status":"closed","ping_status":"closed","sticky":false,"template":"","format":"standard","meta":{"footnotes":""},"categories":[92],"tags":[],"class_list":["post-8513","post","type-post","status-publish","format-standard","has-post-thumbnail","hentry","category-seconci-brasil"],"yoast_head":"<!-- This site is optimized with the Yoast SEO plugin v26.9 - https:\/\/yoast.com\/product\/yoast-seo-wordpress\/ -->\n<title>Declara\u00e7\u00e3o da OIT \u00e9 aprovada, com foco no futuro do trabalho - Seconci Brasil<\/title>\n<meta name=\"robots\" content=\"index, follow, max-snippet:-1, max-image-preview:large, max-video-preview:-1\" \/>\n<link rel=\"canonical\" href=\"https:\/\/seconci.com.br\/site\/2019\/07\/17\/declaracao-da-oit-e-aprovada-com-foco-no-futuro-do-trabalho\/\" \/>\n<meta property=\"og:locale\" content=\"pt_PT\" \/>\n<meta property=\"og:type\" content=\"article\" \/>\n<meta property=\"og:title\" content=\"Declara\u00e7\u00e3o da OIT \u00e9 aprovada, com foco no futuro do trabalho - Seconci Brasil\" \/>\n<meta property=\"og:description\" content=\"| Ag\u00eancia Cbic | A Confer\u00eancia Internacional do Trabalho (CIT), organizada anualmente pela\u00a0Organiza\u00e7\u00e3o Internacional do Trabalho (OIT), aprovou a\u00a0Declara\u00e7\u00e3o do Centen\u00e1rio da OIT, com foco no\u00a0futuro do trabalho. Durante a 108\u00aa CIT, realizada em Genebra, no \u00faltimo m\u00eas de junho, os Estados-Membros, representantes de empregadores e de trabalhadores, conclu\u00edram discuss\u00f5es sobre o futuro do trabalho, [&hellip;]\" \/>\n<meta property=\"og:url\" content=\"https:\/\/seconci.com.br\/site\/2019\/07\/17\/declaracao-da-oit-e-aprovada-com-foco-no-futuro-do-trabalho\/\" \/>\n<meta property=\"og:site_name\" content=\"Seconci Brasil\" \/>\n<meta property=\"article:published_time\" content=\"2019-07-17T14:02:41+00:00\" \/>\n<meta property=\"og:image\" content=\"https:\/\/seconci.com.br\/site\/wp-content\/uploads\/2019\/07\/OIT.jpg\" \/>\n\t<meta property=\"og:image:width\" content=\"400\" \/>\n\t<meta property=\"og:image:height\" content=\"367\" \/>\n\t<meta property=\"og:image:type\" content=\"image\/jpeg\" \/>\n<meta name=\"author\" content=\"Sidney Rocha\" \/>\n<meta name=\"twitter:card\" content=\"summary_large_image\" \/>\n<meta name=\"twitter:label1\" content=\"Escrito por\" \/>\n\t<meta name=\"twitter:data1\" content=\"Sidney Rocha\" \/>\n\t<meta name=\"twitter:label2\" content=\"Tempo estimado de leitura\" \/>\n\t<meta name=\"twitter:data2\" content=\"3 minutos\" \/>\n<script type=\"application\/ld+json\" class=\"yoast-schema-graph\">{\"@context\":\"https:\/\/schema.org\",\"@graph\":[{\"@type\":\"Article\",\"@id\":\"https:\/\/seconci.com.br\/site\/2019\/07\/17\/declaracao-da-oit-e-aprovada-com-foco-no-futuro-do-trabalho\/#article\",\"isPartOf\":{\"@id\":\"https:\/\/seconci.com.br\/site\/2019\/07\/17\/declaracao-da-oit-e-aprovada-com-foco-no-futuro-do-trabalho\/\"},\"author\":{\"name\":\"Sidney Rocha\",\"@id\":\"https:\/\/seconci.com.br\/site\/#\/schema\/person\/1d79afd97ddc8f2c68c1e88e298aa8e2\"},\"headline\":\"Declara\u00e7\u00e3o da OIT \u00e9 aprovada, com foco no futuro do trabalho\",\"datePublished\":\"2019-07-17T14:02:41+00:00\",\"mainEntityOfPage\":{\"@id\":\"https:\/\/seconci.com.br\/site\/2019\/07\/17\/declaracao-da-oit-e-aprovada-com-foco-no-futuro-do-trabalho\/\"},\"wordCount\":640,\"publisher\":{\"@id\":\"https:\/\/seconci.com.br\/site\/#organization\"},\"image\":{\"@id\":\"https:\/\/seconci.com.br\/site\/2019\/07\/17\/declaracao-da-oit-e-aprovada-com-foco-no-futuro-do-trabalho\/#primaryimage\"},\"thumbnailUrl\":\"https:\/\/seconci.com.br\/site\/wp-content\/uploads\/2019\/07\/OIT.jpg\",\"articleSection\":[\"Seconci Brasil\"],\"inLanguage\":\"pt-PT\"},{\"@type\":\"WebPage\",\"@id\":\"https:\/\/seconci.com.br\/site\/2019\/07\/17\/declaracao-da-oit-e-aprovada-com-foco-no-futuro-do-trabalho\/\",\"url\":\"https:\/\/seconci.com.br\/site\/2019\/07\/17\/declaracao-da-oit-e-aprovada-com-foco-no-futuro-do-trabalho\/\",\"name\":\"Declara\u00e7\u00e3o da OIT \u00e9 aprovada, com foco no futuro do trabalho - Seconci Brasil\",\"isPartOf\":{\"@id\":\"https:\/\/seconci.com.br\/site\/#website\"},\"primaryImageOfPage\":{\"@id\":\"https:\/\/seconci.com.br\/site\/2019\/07\/17\/declaracao-da-oit-e-aprovada-com-foco-no-futuro-do-trabalho\/#primaryimage\"},\"image\":{\"@id\":\"https:\/\/seconci.com.br\/site\/2019\/07\/17\/declaracao-da-oit-e-aprovada-com-foco-no-futuro-do-trabalho\/#primaryimage\"},\"thumbnailUrl\":\"https:\/\/seconci.com.br\/site\/wp-content\/uploads\/2019\/07\/OIT.jpg\",\"datePublished\":\"2019-07-17T14:02:41+00:00\",\"breadcrumb\":{\"@id\":\"https:\/\/seconci.com.br\/site\/2019\/07\/17\/declaracao-da-oit-e-aprovada-com-foco-no-futuro-do-trabalho\/#breadcrumb\"},\"inLanguage\":\"pt-PT\",\"potentialAction\":[{\"@type\":\"ReadAction\",\"target\":[\"https:\/\/seconci.com.br\/site\/2019\/07\/17\/declaracao-da-oit-e-aprovada-com-foco-no-futuro-do-trabalho\/\"]}]},{\"@type\":\"ImageObject\",\"inLanguage\":\"pt-PT\",\"@id\":\"https:\/\/seconci.com.br\/site\/2019\/07\/17\/declaracao-da-oit-e-aprovada-com-foco-no-futuro-do-trabalho\/#primaryimage\",\"url\":\"https:\/\/seconci.com.br\/site\/wp-content\/uploads\/2019\/07\/OIT.jpg\",\"contentUrl\":\"https:\/\/seconci.com.br\/site\/wp-content\/uploads\/2019\/07\/OIT.jpg\",\"width\":400,\"height\":367},{\"@type\":\"BreadcrumbList\",\"@id\":\"https:\/\/seconci.com.br\/site\/2019\/07\/17\/declaracao-da-oit-e-aprovada-com-foco-no-futuro-do-trabalho\/#breadcrumb\",\"itemListElement\":[{\"@type\":\"ListItem\",\"position\":1,\"name\":\"In\u00edcio\",\"item\":\"https:\/\/seconci.com.br\/site\/\"},{\"@type\":\"ListItem\",\"position\":2,\"name\":\"Declara\u00e7\u00e3o da OIT \u00e9 aprovada, com foco no futuro do trabalho\"}]},{\"@type\":\"WebSite\",\"@id\":\"https:\/\/seconci.com.br\/site\/#website\",\"url\":\"https:\/\/seconci.com.br\/site\/\",\"name\":\"Seconci Brasil\",\"description\":\"\",\"publisher\":{\"@id\":\"https:\/\/seconci.com.br\/site\/#organization\"},\"potentialAction\":[{\"@type\":\"SearchAction\",\"target\":{\"@type\":\"EntryPoint\",\"urlTemplate\":\"https:\/\/seconci.com.br\/site\/?s={search_term_string}\"},\"query-input\":{\"@type\":\"PropertyValueSpecification\",\"valueRequired\":true,\"valueName\":\"search_term_string\"}}],\"inLanguage\":\"pt-PT\"},{\"@type\":\"Organization\",\"@id\":\"https:\/\/seconci.com.br\/site\/#organization\",\"name\":\"Seconci Brasil\",\"url\":\"https:\/\/seconci.com.br\/site\/\",\"logo\":{\"@type\":\"ImageObject\",\"inLanguage\":\"pt-PT\",\"@id\":\"https:\/\/seconci.com.br\/site\/#\/schema\/logo\/image\/\",\"url\":\"https:\/\/seconci.com.br\/site\/wp-content\/uploads\/2024\/08\/Logo-Seconci-Brasil-branca-2.png\",\"contentUrl\":\"https:\/\/seconci.com.br\/site\/wp-content\/uploads\/2024\/08\/Logo-Seconci-Brasil-branca-2.png\",\"width\":1315,\"height\":598,\"caption\":\"Seconci Brasil\"},\"image\":{\"@id\":\"https:\/\/seconci.com.br\/site\/#\/schema\/logo\/image\/\"}},{\"@type\":\"Person\",\"@id\":\"https:\/\/seconci.com.br\/site\/#\/schema\/person\/1d79afd97ddc8f2c68c1e88e298aa8e2\",\"name\":\"Sidney Rocha\",\"description\":\"Comunicador e estagi\u00e1rio do Seconci Brasil.\",\"url\":\"https:\/\/seconci.com.br\/site\/author\/sidney-rocha\/\"}]}<\/script>\n<!-- \/ Yoast SEO plugin. -->","yoast_head_json":{"title":"Declara\u00e7\u00e3o da OIT \u00e9 aprovada, com foco no futuro do trabalho - Seconci Brasil","robots":{"index":"index","follow":"follow","max-snippet":"max-snippet:-1","max-image-preview":"max-image-preview:large","max-video-preview":"max-video-preview:-1"},"canonical":"https:\/\/seconci.com.br\/site\/2019\/07\/17\/declaracao-da-oit-e-aprovada-com-foco-no-futuro-do-trabalho\/","og_locale":"pt_PT","og_type":"article","og_title":"Declara\u00e7\u00e3o da OIT \u00e9 aprovada, com foco no futuro do trabalho - Seconci Brasil","og_description":"| Ag\u00eancia Cbic | A Confer\u00eancia Internacional do Trabalho (CIT), organizada anualmente pela\u00a0Organiza\u00e7\u00e3o Internacional do Trabalho (OIT), aprovou a\u00a0Declara\u00e7\u00e3o do Centen\u00e1rio da OIT, com foco no\u00a0futuro do trabalho. Durante a 108\u00aa CIT, realizada em Genebra, no \u00faltimo m\u00eas de junho, os Estados-Membros, representantes de empregadores e de trabalhadores, conclu\u00edram discuss\u00f5es sobre o futuro do trabalho, [&hellip;]","og_url":"https:\/\/seconci.com.br\/site\/2019\/07\/17\/declaracao-da-oit-e-aprovada-com-foco-no-futuro-do-trabalho\/","og_site_name":"Seconci Brasil","article_published_time":"2019-07-17T14:02:41+00:00","og_image":[{"width":400,"height":367,"url":"https:\/\/seconci.com.br\/site\/wp-content\/uploads\/2019\/07\/OIT.jpg","type":"image\/jpeg"}],"author":"Sidney Rocha","twitter_card":"summary_large_image","twitter_misc":{"Escrito por":"Sidney Rocha","Tempo estimado de leitura":"3 minutos"},"schema":{"@context":"https:\/\/schema.org","@graph":[{"@type":"Article","@id":"https:\/\/seconci.com.br\/site\/2019\/07\/17\/declaracao-da-oit-e-aprovada-com-foco-no-futuro-do-trabalho\/#article","isPartOf":{"@id":"https:\/\/seconci.com.br\/site\/2019\/07\/17\/declaracao-da-oit-e-aprovada-com-foco-no-futuro-do-trabalho\/"},"author":{"name":"Sidney Rocha","@id":"https:\/\/seconci.com.br\/site\/#\/schema\/person\/1d79afd97ddc8f2c68c1e88e298aa8e2"},"headline":"Declara\u00e7\u00e3o da OIT \u00e9 aprovada, com foco no futuro do trabalho","datePublished":"2019-07-17T14:02:41+00:00","mainEntityOfPage":{"@id":"https:\/\/seconci.com.br\/site\/2019\/07\/17\/declaracao-da-oit-e-aprovada-com-foco-no-futuro-do-trabalho\/"},"wordCount":640,"publisher":{"@id":"https:\/\/seconci.com.br\/site\/#organization"},"image":{"@id":"https:\/\/seconci.com.br\/site\/2019\/07\/17\/declaracao-da-oit-e-aprovada-com-foco-no-futuro-do-trabalho\/#primaryimage"},"thumbnailUrl":"https:\/\/seconci.com.br\/site\/wp-content\/uploads\/2019\/07\/OIT.jpg","articleSection":["Seconci Brasil"],"inLanguage":"pt-PT"},{"@type":"WebPage","@id":"https:\/\/seconci.com.br\/site\/2019\/07\/17\/declaracao-da-oit-e-aprovada-com-foco-no-futuro-do-trabalho\/","url":"https:\/\/seconci.com.br\/site\/2019\/07\/17\/declaracao-da-oit-e-aprovada-com-foco-no-futuro-do-trabalho\/","name":"Declara\u00e7\u00e3o da OIT \u00e9 aprovada, com foco no futuro do trabalho - Seconci Brasil","isPartOf":{"@id":"https:\/\/seconci.com.br\/site\/#website"},"primaryImageOfPage":{"@id":"https:\/\/seconci.com.br\/site\/2019\/07\/17\/declaracao-da-oit-e-aprovada-com-foco-no-futuro-do-trabalho\/#primaryimage"},"image":{"@id":"https:\/\/seconci.com.br\/site\/2019\/07\/17\/declaracao-da-oit-e-aprovada-com-foco-no-futuro-do-trabalho\/#primaryimage"},"thumbnailUrl":"https:\/\/seconci.com.br\/site\/wp-content\/uploads\/2019\/07\/OIT.jpg","datePublished":"2019-07-17T14:02:41+00:00","breadcrumb":{"@id":"https:\/\/seconci.com.br\/site\/2019\/07\/17\/declaracao-da-oit-e-aprovada-com-foco-no-futuro-do-trabalho\/#breadcrumb"},"inLanguage":"pt-PT","potentialAction":[{"@type":"ReadAction","target":["https:\/\/seconci.com.br\/site\/2019\/07\/17\/declaracao-da-oit-e-aprovada-com-foco-no-futuro-do-trabalho\/"]}]},{"@type":"ImageObject","inLanguage":"pt-PT","@id":"https:\/\/seconci.com.br\/site\/2019\/07\/17\/declaracao-da-oit-e-aprovada-com-foco-no-futuro-do-trabalho\/#primaryimage","url":"https:\/\/seconci.com.br\/site\/wp-content\/uploads\/2019\/07\/OIT.jpg","contentUrl":"https:\/\/seconci.com.br\/site\/wp-content\/uploads\/2019\/07\/OIT.jpg","width":400,"height":367},{"@type":"BreadcrumbList","@id":"https:\/\/seconci.com.br\/site\/2019\/07\/17\/declaracao-da-oit-e-aprovada-com-foco-no-futuro-do-trabalho\/#breadcrumb","itemListElement":[{"@type":"ListItem","position":1,"name":"In\u00edcio","item":"https:\/\/seconci.com.br\/site\/"},{"@type":"ListItem","position":2,"name":"Declara\u00e7\u00e3o da OIT \u00e9 aprovada, com foco no futuro do trabalho"}]},{"@type":"WebSite","@id":"https:\/\/seconci.com.br\/site\/#website","url":"https:\/\/seconci.com.br\/site\/","name":"Seconci Brasil","description":"","publisher":{"@id":"https:\/\/seconci.com.br\/site\/#organization"},"potentialAction":[{"@type":"SearchAction","target":{"@type":"EntryPoint","urlTemplate":"https:\/\/seconci.com.br\/site\/?s={search_term_string}"},"query-input":{"@type":"PropertyValueSpecification","valueRequired":true,"valueName":"search_term_string"}}],"inLanguage":"pt-PT"},{"@type":"Organization","@id":"https:\/\/seconci.com.br\/site\/#organization","name":"Seconci Brasil","url":"https:\/\/seconci.com.br\/site\/","logo":{"@type":"ImageObject","inLanguage":"pt-PT","@id":"https:\/\/seconci.com.br\/site\/#\/schema\/logo\/image\/","url":"https:\/\/seconci.com.br\/site\/wp-content\/uploads\/2024\/08\/Logo-Seconci-Brasil-branca-2.png","contentUrl":"https:\/\/seconci.com.br\/site\/wp-content\/uploads\/2024\/08\/Logo-Seconci-Brasil-branca-2.png","width":1315,"height":598,"caption":"Seconci Brasil"},"image":{"@id":"https:\/\/seconci.com.br\/site\/#\/schema\/logo\/image\/"}},{"@type":"Person","@id":"https:\/\/seconci.com.br\/site\/#\/schema\/person\/1d79afd97ddc8f2c68c1e88e298aa8e2","name":"Sidney Rocha","description":"Comunicador e estagi\u00e1rio do Seconci Brasil.","url":"https:\/\/seconci.com.br\/site\/author\/sidney-rocha\/"}]}},"_links":{"self":[{"href":"https:\/\/seconci.com.br\/site\/wp-json\/wp\/v2\/posts\/8513","targetHints":{"allow":["GET"]}}],"collection":[{"href":"https:\/\/seconci.com.br\/site\/wp-json\/wp\/v2\/posts"}],"about":[{"href":"https:\/\/seconci.com.br\/site\/wp-json\/wp\/v2\/types\/post"}],"author":[{"embeddable":true,"href":"https:\/\/seconci.com.br\/site\/wp-json\/wp\/v2\/users\/3"}],"replies":[{"embeddable":true,"href":"https:\/\/seconci.com.br\/site\/wp-json\/wp\/v2\/comments?post=8513"}],"version-history":[{"count":0,"href":"https:\/\/seconci.com.br\/site\/wp-json\/wp\/v2\/posts\/8513\/revisions"}],"wp:featuredmedia":[{"embeddable":true,"href":"https:\/\/seconci.com.br\/site\/wp-json\/wp\/v2\/media\/8514"}],"wp:attachment":[{"href":"https:\/\/seconci.com.br\/site\/wp-json\/wp\/v2\/media?parent=8513"}],"wp:term":[{"taxonomy":"category","embeddable":true,"href":"https:\/\/seconci.com.br\/site\/wp-json\/wp\/v2\/categories?post=8513"},{"taxonomy":"post_tag","embeddable":true,"href":"https:\/\/seconci.com.br\/site\/wp-json\/wp\/v2\/tags?post=8513"}],"curies":[{"name":"wp","href":"https:\/\/api.w.org\/{rel}","templated":true}]}}