{"id":8516,"date":"2019-07-17T14:10:14","date_gmt":"2019-07-17T14:10:14","guid":{"rendered":"https:\/\/seconci.com.br\/site\/?p=8516"},"modified":"2019-07-17T14:10:14","modified_gmt":"2019-07-17T14:10:14","slug":"seconci-sp-medicacao-correta-e-cuidados-previnem-as-crises-de-asma","status":"publish","type":"post","link":"https:\/\/seconci.com.br\/site\/2019\/07\/17\/seconci-sp-medicacao-correta-e-cuidados-previnem-as-crises-de-asma\/","title":{"rendered":"| Seconci-SP | Medica\u00e7\u00e3o correta e cuidados previnem as crises de asma"},"content":{"rendered":"<p style=\"text-align: justify;\">| Assessoria de Comunica\u00e7\u00e3o Social do Seconci-SP |<\/p>\n<p style=\"text-align: justify;\">H\u00e1 cerca de 235 milh\u00f5es de pessoas no mundo sofrendo com asma, segundo dados da Organiza\u00e7\u00e3o Mundial de Sa\u00fade. Da\u00ed a import\u00e2ncia de se conhecer esta patologia cr\u00f4nica, considerada como sendo a mais comum na inf\u00e2ncia.<\/p>\n<p style=\"text-align: justify;\">\nA dra. Marice Ashidani, pneumologista do Seconci-SP, esclarece que a asma tem natureza inflamat\u00f3ria, especialmente, nos per\u00edodos de crise. Segundo ela, os sintomas podem ser desencadeados por alguns agentes agressores, como mudan\u00e7as clim\u00e1ticas, quest\u00f5es heredit\u00e1r<span class=\"text_exposed_show\">ias, pelos de animais de estima\u00e7\u00e3o, produtos de limpeza com cheiro forte e poeira domiciliar de m\u00f3veis, carpetes e cortinas.<\/span><\/p>\n<p style=\"text-align: justify;\"><span class=\"text_exposed_show\"><br \/>\nAs crises, que apresentam intensidade e dura\u00e7\u00e3o vari\u00e1vel, costumam surgir caracterizadas por respira\u00e7\u00e3o ofegante, tosse, chiado no peito e falta de ar. \u201cPerceber quando as medica\u00e7\u00f5es n\u00e3o oferecem a melhora habitual e reconhecer um agravamento das crises s\u00e3o alertas para a pessoa ser levada imediatamente ao pronto-socorro\u201d.<\/span><\/p>\n<p style=\"text-align: justify;\"><span class=\"text_exposed_show\"><br \/>\nPortanto, prevenir-se faz toda a diferen\u00e7a. \u201cAlguns anti-inflamat\u00f3rios, doen\u00e7as digestivas, polui\u00e7\u00e3o e fuma\u00e7a de cigarro, tanto de quem fuma, como inalada por quem est\u00e1 pr\u00f3ximo, agravam o mal. Fatores psicol\u00f3gicos, como ansiedade, nervosismo e estresse tamb\u00e9m entram na lista\u201d, diz.<\/span><\/p>\n<p style=\"text-align: justify;\"><span class=\"text_exposed_show\"><br \/>\nApesar de a asma ser incur\u00e1vel, existem recursos para mant\u00ea-la est\u00e1vel, com crises mais moderadas e menos frequentes. Em alguns casos, os sintomas podem desaparecer com o tempo.<br \/>\nO tratamento \u00e9 composto por medicamentos para al\u00edvio dos sintomas e preven\u00e7\u00e3o das crises. As pessoas que necessitam de medica\u00e7\u00e3o preventiva devem us\u00e1-la continuamente, mesmo nos casos assintom\u00e1ticos.<\/span><\/p>\n<p style=\"text-align: justify;\"><span class=\"text_exposed_show\"><br \/>\nAl\u00e9m disso, s\u00e3o importantes os cuidados com a higiene ambiental, poeira, mofo, pelos de animais, fuma\u00e7a, infec\u00e7\u00f5es respirat\u00f3rias, ar frio e n\u00e3o se esquecer de tomar a vacina de gripe.<\/span><\/p>\n<p style=\"text-align: justify;\"><span class=\"text_exposed_show\"><br \/>\nA ader\u00eancia ao tratamento, mesmo se houver per\u00edodos de crise, possibilita vida normal ao paciente. \u201cO dispositivo inalat\u00f3rio, conhecido como bombinha, tornou-se muito usado para o tratamento, por ser seguro e eficaz. Vale ressaltar que a automedica\u00e7\u00e3o deve ser evitada, utilizando-se apenas medicamentos com prescri\u00e7\u00e3o m\u00e9dica\u201d<\/span><\/p>\n<p style=\"text-align: justify;\"><span class=\"text_exposed_show\"><br \/>\nO diagn\u00f3stico cl\u00ednico e o exame de raio-X costumam ser suficientes para identificar a asma, e o corpo cl\u00ednico do Seconci-SP orienta sobre a melhor forma de tratar a enfermidade.<\/span><\/p>\n","protected":false},"excerpt":{"rendered":"<p>| Assessoria de Comunica\u00e7\u00e3o Social do Seconci-SP | H\u00e1 cerca de 235 milh\u00f5es de pessoas no mundo sofrendo com asma, segundo dados da Organiza\u00e7\u00e3o Mundial de Sa\u00fade. Da\u00ed a import\u00e2ncia de se conhecer esta patologia cr\u00f4nica, considerada como sendo a mais comum na inf\u00e2ncia. A dra. Marice Ashidani, pneumologista do Seconci-SP, esclarece que a asma [&hellip;]<\/p>\n","protected":false},"author":3,"featured_media":8517,"comment_status":"closed","ping_status":"closed","sticky":false,"template":"","format":"standard","meta":{"footnotes":""},"categories":[87],"tags":[],"class_list":["post-8516","post","type-post","status-publish","format-standard","has-post-thumbnail","hentry","category-seconci-sao-paulo"],"yoast_head":"<!-- This site is optimized with the Yoast SEO plugin v26.9 - https:\/\/yoast.com\/product\/yoast-seo-wordpress\/ -->\n<title>| Seconci-SP | Medica\u00e7\u00e3o correta e cuidados previnem as crises de asma - Seconci Brasil<\/title>\n<meta name=\"robots\" content=\"index, follow, max-snippet:-1, max-image-preview:large, max-video-preview:-1\" \/>\n<link rel=\"canonical\" href=\"https:\/\/seconci.com.br\/site\/2019\/07\/17\/seconci-sp-medicacao-correta-e-cuidados-previnem-as-crises-de-asma\/\" \/>\n<meta property=\"og:locale\" content=\"pt_PT\" \/>\n<meta property=\"og:type\" content=\"article\" \/>\n<meta property=\"og:title\" content=\"| Seconci-SP | Medica\u00e7\u00e3o correta e cuidados previnem as crises de asma - Seconci Brasil\" \/>\n<meta property=\"og:description\" content=\"| Assessoria de Comunica\u00e7\u00e3o Social do Seconci-SP | H\u00e1 cerca de 235 milh\u00f5es de pessoas no mundo sofrendo com asma, segundo dados da Organiza\u00e7\u00e3o Mundial de Sa\u00fade. Da\u00ed a import\u00e2ncia de se conhecer esta patologia cr\u00f4nica, considerada como sendo a mais comum na inf\u00e2ncia. A dra. Marice Ashidani, pneumologista do Seconci-SP, esclarece que a asma [&hellip;]\" \/>\n<meta property=\"og:url\" content=\"https:\/\/seconci.com.br\/site\/2019\/07\/17\/seconci-sp-medicacao-correta-e-cuidados-previnem-as-crises-de-asma\/\" \/>\n<meta property=\"og:site_name\" content=\"Seconci Brasil\" \/>\n<meta property=\"article:published_time\" content=\"2019-07-17T14:10:14+00:00\" \/>\n<meta property=\"og:image\" content=\"https:\/\/seconci.com.br\/site\/wp-content\/uploads\/2019\/07\/67232095_1342423169247902_4667853169772986368_n.jpg\" \/>\n\t<meta property=\"og:image:width\" content=\"960\" \/>\n\t<meta property=\"og:image:height\" content=\"315\" \/>\n\t<meta property=\"og:image:type\" content=\"image\/jpeg\" \/>\n<meta name=\"author\" content=\"Sidney Rocha\" \/>\n<meta name=\"twitter:card\" content=\"summary_large_image\" \/>\n<meta name=\"twitter:label1\" content=\"Escrito por\" \/>\n\t<meta name=\"twitter:data1\" content=\"Sidney Rocha\" \/>\n\t<meta name=\"twitter:label2\" content=\"Tempo estimado de leitura\" \/>\n\t<meta name=\"twitter:data2\" content=\"2 minutos\" \/>\n<script type=\"application\/ld+json\" class=\"yoast-schema-graph\">{\"@context\":\"https:\/\/schema.org\",\"@graph\":[{\"@type\":\"Article\",\"@id\":\"https:\/\/seconci.com.br\/site\/2019\/07\/17\/seconci-sp-medicacao-correta-e-cuidados-previnem-as-crises-de-asma\/#article\",\"isPartOf\":{\"@id\":\"https:\/\/seconci.com.br\/site\/2019\/07\/17\/seconci-sp-medicacao-correta-e-cuidados-previnem-as-crises-de-asma\/\"},\"author\":{\"name\":\"Sidney Rocha\",\"@id\":\"https:\/\/seconci.com.br\/site\/#\/schema\/person\/1d79afd97ddc8f2c68c1e88e298aa8e2\"},\"headline\":\"| Seconci-SP | Medica\u00e7\u00e3o correta e cuidados previnem as crises de asma\",\"datePublished\":\"2019-07-17T14:10:14+00:00\",\"mainEntityOfPage\":{\"@id\":\"https:\/\/seconci.com.br\/site\/2019\/07\/17\/seconci-sp-medicacao-correta-e-cuidados-previnem-as-crises-de-asma\/\"},\"wordCount\":406,\"publisher\":{\"@id\":\"https:\/\/seconci.com.br\/site\/#organization\"},\"image\":{\"@id\":\"https:\/\/seconci.com.br\/site\/2019\/07\/17\/seconci-sp-medicacao-correta-e-cuidados-previnem-as-crises-de-asma\/#primaryimage\"},\"thumbnailUrl\":\"https:\/\/seconci.com.br\/site\/wp-content\/uploads\/2019\/07\/67232095_1342423169247902_4667853169772986368_n.jpg\",\"articleSection\":[\"Seconci S\u00e3o Paulo\"],\"inLanguage\":\"pt-PT\"},{\"@type\":\"WebPage\",\"@id\":\"https:\/\/seconci.com.br\/site\/2019\/07\/17\/seconci-sp-medicacao-correta-e-cuidados-previnem-as-crises-de-asma\/\",\"url\":\"https:\/\/seconci.com.br\/site\/2019\/07\/17\/seconci-sp-medicacao-correta-e-cuidados-previnem-as-crises-de-asma\/\",\"name\":\"| Seconci-SP | Medica\u00e7\u00e3o correta e cuidados previnem as crises de asma - Seconci Brasil\",\"isPartOf\":{\"@id\":\"https:\/\/seconci.com.br\/site\/#website\"},\"primaryImageOfPage\":{\"@id\":\"https:\/\/seconci.com.br\/site\/2019\/07\/17\/seconci-sp-medicacao-correta-e-cuidados-previnem-as-crises-de-asma\/#primaryimage\"},\"image\":{\"@id\":\"https:\/\/seconci.com.br\/site\/2019\/07\/17\/seconci-sp-medicacao-correta-e-cuidados-previnem-as-crises-de-asma\/#primaryimage\"},\"thumbnailUrl\":\"https:\/\/seconci.com.br\/site\/wp-content\/uploads\/2019\/07\/67232095_1342423169247902_4667853169772986368_n.jpg\",\"datePublished\":\"2019-07-17T14:10:14+00:00\",\"breadcrumb\":{\"@id\":\"https:\/\/seconci.com.br\/site\/2019\/07\/17\/seconci-sp-medicacao-correta-e-cuidados-previnem-as-crises-de-asma\/#breadcrumb\"},\"inLanguage\":\"pt-PT\",\"potentialAction\":[{\"@type\":\"ReadAction\",\"target\":[\"https:\/\/seconci.com.br\/site\/2019\/07\/17\/seconci-sp-medicacao-correta-e-cuidados-previnem-as-crises-de-asma\/\"]}]},{\"@type\":\"ImageObject\",\"inLanguage\":\"pt-PT\",\"@id\":\"https:\/\/seconci.com.br\/site\/2019\/07\/17\/seconci-sp-medicacao-correta-e-cuidados-previnem-as-crises-de-asma\/#primaryimage\",\"url\":\"https:\/\/seconci.com.br\/site\/wp-content\/uploads\/2019\/07\/67232095_1342423169247902_4667853169772986368_n.jpg\",\"contentUrl\":\"https:\/\/seconci.com.br\/site\/wp-content\/uploads\/2019\/07\/67232095_1342423169247902_4667853169772986368_n.jpg\",\"width\":960,\"height\":315},{\"@type\":\"BreadcrumbList\",\"@id\":\"https:\/\/seconci.com.br\/site\/2019\/07\/17\/seconci-sp-medicacao-correta-e-cuidados-previnem-as-crises-de-asma\/#breadcrumb\",\"itemListElement\":[{\"@type\":\"ListItem\",\"position\":1,\"name\":\"In\u00edcio\",\"item\":\"https:\/\/seconci.com.br\/site\/\"},{\"@type\":\"ListItem\",\"position\":2,\"name\":\"| Seconci-SP | Medica\u00e7\u00e3o correta e cuidados previnem as crises de asma\"}]},{\"@type\":\"WebSite\",\"@id\":\"https:\/\/seconci.com.br\/site\/#website\",\"url\":\"https:\/\/seconci.com.br\/site\/\",\"name\":\"Seconci Brasil\",\"description\":\"\",\"publisher\":{\"@id\":\"https:\/\/seconci.com.br\/site\/#organization\"},\"potentialAction\":[{\"@type\":\"SearchAction\",\"target\":{\"@type\":\"EntryPoint\",\"urlTemplate\":\"https:\/\/seconci.com.br\/site\/?s={search_term_string}\"},\"query-input\":{\"@type\":\"PropertyValueSpecification\",\"valueRequired\":true,\"valueName\":\"search_term_string\"}}],\"inLanguage\":\"pt-PT\"},{\"@type\":\"Organization\",\"@id\":\"https:\/\/seconci.com.br\/site\/#organization\",\"name\":\"Seconci Brasil\",\"url\":\"https:\/\/seconci.com.br\/site\/\",\"logo\":{\"@type\":\"ImageObject\",\"inLanguage\":\"pt-PT\",\"@id\":\"https:\/\/seconci.com.br\/site\/#\/schema\/logo\/image\/\",\"url\":\"https:\/\/seconci.com.br\/site\/wp-content\/uploads\/2024\/08\/Logo-Seconci-Brasil-branca-2.png\",\"contentUrl\":\"https:\/\/seconci.com.br\/site\/wp-content\/uploads\/2024\/08\/Logo-Seconci-Brasil-branca-2.png\",\"width\":1315,\"height\":598,\"caption\":\"Seconci Brasil\"},\"image\":{\"@id\":\"https:\/\/seconci.com.br\/site\/#\/schema\/logo\/image\/\"}},{\"@type\":\"Person\",\"@id\":\"https:\/\/seconci.com.br\/site\/#\/schema\/person\/1d79afd97ddc8f2c68c1e88e298aa8e2\",\"name\":\"Sidney Rocha\",\"description\":\"Comunicador e estagi\u00e1rio do Seconci Brasil.\",\"url\":\"https:\/\/seconci.com.br\/site\/author\/sidney-rocha\/\"}]}<\/script>\n<!-- \/ Yoast SEO plugin. -->","yoast_head_json":{"title":"| Seconci-SP | Medica\u00e7\u00e3o correta e cuidados previnem as crises de asma - Seconci Brasil","robots":{"index":"index","follow":"follow","max-snippet":"max-snippet:-1","max-image-preview":"max-image-preview:large","max-video-preview":"max-video-preview:-1"},"canonical":"https:\/\/seconci.com.br\/site\/2019\/07\/17\/seconci-sp-medicacao-correta-e-cuidados-previnem-as-crises-de-asma\/","og_locale":"pt_PT","og_type":"article","og_title":"| Seconci-SP | Medica\u00e7\u00e3o correta e cuidados previnem as crises de asma - Seconci Brasil","og_description":"| Assessoria de Comunica\u00e7\u00e3o Social do Seconci-SP | H\u00e1 cerca de 235 milh\u00f5es de pessoas no mundo sofrendo com asma, segundo dados da Organiza\u00e7\u00e3o Mundial de Sa\u00fade. Da\u00ed a import\u00e2ncia de se conhecer esta patologia cr\u00f4nica, considerada como sendo a mais comum na inf\u00e2ncia. A dra. Marice Ashidani, pneumologista do Seconci-SP, esclarece que a asma [&hellip;]","og_url":"https:\/\/seconci.com.br\/site\/2019\/07\/17\/seconci-sp-medicacao-correta-e-cuidados-previnem-as-crises-de-asma\/","og_site_name":"Seconci Brasil","article_published_time":"2019-07-17T14:10:14+00:00","og_image":[{"width":960,"height":315,"url":"https:\/\/seconci.com.br\/site\/wp-content\/uploads\/2019\/07\/67232095_1342423169247902_4667853169772986368_n.jpg","type":"image\/jpeg"}],"author":"Sidney Rocha","twitter_card":"summary_large_image","twitter_misc":{"Escrito por":"Sidney Rocha","Tempo estimado de leitura":"2 minutos"},"schema":{"@context":"https:\/\/schema.org","@graph":[{"@type":"Article","@id":"https:\/\/seconci.com.br\/site\/2019\/07\/17\/seconci-sp-medicacao-correta-e-cuidados-previnem-as-crises-de-asma\/#article","isPartOf":{"@id":"https:\/\/seconci.com.br\/site\/2019\/07\/17\/seconci-sp-medicacao-correta-e-cuidados-previnem-as-crises-de-asma\/"},"author":{"name":"Sidney Rocha","@id":"https:\/\/seconci.com.br\/site\/#\/schema\/person\/1d79afd97ddc8f2c68c1e88e298aa8e2"},"headline":"| Seconci-SP | Medica\u00e7\u00e3o correta e cuidados previnem as crises de asma","datePublished":"2019-07-17T14:10:14+00:00","mainEntityOfPage":{"@id":"https:\/\/seconci.com.br\/site\/2019\/07\/17\/seconci-sp-medicacao-correta-e-cuidados-previnem-as-crises-de-asma\/"},"wordCount":406,"publisher":{"@id":"https:\/\/seconci.com.br\/site\/#organization"},"image":{"@id":"https:\/\/seconci.com.br\/site\/2019\/07\/17\/seconci-sp-medicacao-correta-e-cuidados-previnem-as-crises-de-asma\/#primaryimage"},"thumbnailUrl":"https:\/\/seconci.com.br\/site\/wp-content\/uploads\/2019\/07\/67232095_1342423169247902_4667853169772986368_n.jpg","articleSection":["Seconci S\u00e3o Paulo"],"inLanguage":"pt-PT"},{"@type":"WebPage","@id":"https:\/\/seconci.com.br\/site\/2019\/07\/17\/seconci-sp-medicacao-correta-e-cuidados-previnem-as-crises-de-asma\/","url":"https:\/\/seconci.com.br\/site\/2019\/07\/17\/seconci-sp-medicacao-correta-e-cuidados-previnem-as-crises-de-asma\/","name":"| Seconci-SP | Medica\u00e7\u00e3o correta e cuidados previnem as crises de asma - Seconci Brasil","isPartOf":{"@id":"https:\/\/seconci.com.br\/site\/#website"},"primaryImageOfPage":{"@id":"https:\/\/seconci.com.br\/site\/2019\/07\/17\/seconci-sp-medicacao-correta-e-cuidados-previnem-as-crises-de-asma\/#primaryimage"},"image":{"@id":"https:\/\/seconci.com.br\/site\/2019\/07\/17\/seconci-sp-medicacao-correta-e-cuidados-previnem-as-crises-de-asma\/#primaryimage"},"thumbnailUrl":"https:\/\/seconci.com.br\/site\/wp-content\/uploads\/2019\/07\/67232095_1342423169247902_4667853169772986368_n.jpg","datePublished":"2019-07-17T14:10:14+00:00","breadcrumb":{"@id":"https:\/\/seconci.com.br\/site\/2019\/07\/17\/seconci-sp-medicacao-correta-e-cuidados-previnem-as-crises-de-asma\/#breadcrumb"},"inLanguage":"pt-PT","potentialAction":[{"@type":"ReadAction","target":["https:\/\/seconci.com.br\/site\/2019\/07\/17\/seconci-sp-medicacao-correta-e-cuidados-previnem-as-crises-de-asma\/"]}]},{"@type":"ImageObject","inLanguage":"pt-PT","@id":"https:\/\/seconci.com.br\/site\/2019\/07\/17\/seconci-sp-medicacao-correta-e-cuidados-previnem-as-crises-de-asma\/#primaryimage","url":"https:\/\/seconci.com.br\/site\/wp-content\/uploads\/2019\/07\/67232095_1342423169247902_4667853169772986368_n.jpg","contentUrl":"https:\/\/seconci.com.br\/site\/wp-content\/uploads\/2019\/07\/67232095_1342423169247902_4667853169772986368_n.jpg","width":960,"height":315},{"@type":"BreadcrumbList","@id":"https:\/\/seconci.com.br\/site\/2019\/07\/17\/seconci-sp-medicacao-correta-e-cuidados-previnem-as-crises-de-asma\/#breadcrumb","itemListElement":[{"@type":"ListItem","position":1,"name":"In\u00edcio","item":"https:\/\/seconci.com.br\/site\/"},{"@type":"ListItem","position":2,"name":"| Seconci-SP | Medica\u00e7\u00e3o correta e cuidados previnem as crises de asma"}]},{"@type":"WebSite","@id":"https:\/\/seconci.com.br\/site\/#website","url":"https:\/\/seconci.com.br\/site\/","name":"Seconci Brasil","description":"","publisher":{"@id":"https:\/\/seconci.com.br\/site\/#organization"},"potentialAction":[{"@type":"SearchAction","target":{"@type":"EntryPoint","urlTemplate":"https:\/\/seconci.com.br\/site\/?s={search_term_string}"},"query-input":{"@type":"PropertyValueSpecification","valueRequired":true,"valueName":"search_term_string"}}],"inLanguage":"pt-PT"},{"@type":"Organization","@id":"https:\/\/seconci.com.br\/site\/#organization","name":"Seconci Brasil","url":"https:\/\/seconci.com.br\/site\/","logo":{"@type":"ImageObject","inLanguage":"pt-PT","@id":"https:\/\/seconci.com.br\/site\/#\/schema\/logo\/image\/","url":"https:\/\/seconci.com.br\/site\/wp-content\/uploads\/2024\/08\/Logo-Seconci-Brasil-branca-2.png","contentUrl":"https:\/\/seconci.com.br\/site\/wp-content\/uploads\/2024\/08\/Logo-Seconci-Brasil-branca-2.png","width":1315,"height":598,"caption":"Seconci Brasil"},"image":{"@id":"https:\/\/seconci.com.br\/site\/#\/schema\/logo\/image\/"}},{"@type":"Person","@id":"https:\/\/seconci.com.br\/site\/#\/schema\/person\/1d79afd97ddc8f2c68c1e88e298aa8e2","name":"Sidney Rocha","description":"Comunicador e estagi\u00e1rio do Seconci Brasil.","url":"https:\/\/seconci.com.br\/site\/author\/sidney-rocha\/"}]}},"_links":{"self":[{"href":"https:\/\/seconci.com.br\/site\/wp-json\/wp\/v2\/posts\/8516","targetHints":{"allow":["GET"]}}],"collection":[{"href":"https:\/\/seconci.com.br\/site\/wp-json\/wp\/v2\/posts"}],"about":[{"href":"https:\/\/seconci.com.br\/site\/wp-json\/wp\/v2\/types\/post"}],"author":[{"embeddable":true,"href":"https:\/\/seconci.com.br\/site\/wp-json\/wp\/v2\/users\/3"}],"replies":[{"embeddable":true,"href":"https:\/\/seconci.com.br\/site\/wp-json\/wp\/v2\/comments?post=8516"}],"version-history":[{"count":0,"href":"https:\/\/seconci.com.br\/site\/wp-json\/wp\/v2\/posts\/8516\/revisions"}],"wp:featuredmedia":[{"embeddable":true,"href":"https:\/\/seconci.com.br\/site\/wp-json\/wp\/v2\/media\/8517"}],"wp:attachment":[{"href":"https:\/\/seconci.com.br\/site\/wp-json\/wp\/v2\/media?parent=8516"}],"wp:term":[{"taxonomy":"category","embeddable":true,"href":"https:\/\/seconci.com.br\/site\/wp-json\/wp\/v2\/categories?post=8516"},{"taxonomy":"post_tag","embeddable":true,"href":"https:\/\/seconci.com.br\/site\/wp-json\/wp\/v2\/tags?post=8516"}],"curies":[{"name":"wp","href":"https:\/\/api.w.org\/{rel}","templated":true}]}}