{"id":8544,"date":"2019-07-22T11:35:59","date_gmt":"2019-07-22T11:35:59","guid":{"rendered":"https:\/\/seconci.com.br\/site\/?p=8544"},"modified":"2019-07-22T11:48:24","modified_gmt":"2019-07-22T11:48:24","slug":"construcao-civil-debate-convencoes-coletivas-e-normas-regulamentadoras","status":"publish","type":"post","link":"https:\/\/seconci.com.br\/site\/2019\/07\/22\/construcao-civil-debate-convencoes-coletivas-e-normas-regulamentadoras\/","title":{"rendered":"Constru\u00e7\u00e3o Civil debate Conven\u00e7\u00f5es Coletivas e Normas Regulamentadoras"},"content":{"rendered":"<p style=\"text-align: justify;\">| Ag\u00eancia Cbic |<\/p>\n<p style=\"text-align: justify;\">Reunidos na quarta-feira (17\/07), em Bras\u00edlia e via link, os membros da Comiss\u00e3o de Pol\u00edtica de Rela\u00e7\u00f5es Trabalhistas (CPRT) da C\u00e2mara Brasileira da Ind\u00fastria da Constru\u00e7\u00e3o (CBIC) debateram quest\u00f5es do setor da constru\u00e7\u00e3o relacionadas \u00e0s\u00a0<strong>Conven\u00e7\u00f5es Coletivas<\/strong>\u00a0e \u00e0s mudan\u00e7as nas\u00a0<strong>Normas Regulamentadoras (NRs)<\/strong>\u00a0propostas pelo governo federal.<\/p>\n<p style=\"text-align: justify;\">Sobre conven\u00e7\u00f5es coletivas no setor da constru\u00e7\u00e3o, foi apresentado um balan\u00e7o do primeiro semestre de 2019. Foram discutidas as tend\u00eancias com rela\u00e7\u00e3o a reajustes e benef\u00edcios e as dificuldades enfrentadas pelos negociadores das entidades estaduais.<\/p>\n<p style=\"text-align: justify;\">Tamb\u00e9m foi muito comentada pelos presentes a import\u00e2ncia da participa\u00e7\u00e3o das empresas nas assembleias para ratificar as cl\u00e1usulas nas conven\u00e7\u00f5es.<\/p>\n<p>&nbsp;<\/p>\n<p style=\"text-align: justify;\"><strong>Setor da constru\u00e7\u00e3o defende fim da burocracia, n\u00e3o o da seguran\u00e7a<\/strong><\/p>\n<p style=\"text-align: justify;\">\n<p style=\"text-align: justify;\">Em rela\u00e7\u00e3o \u00e0s Normas Regulamentadoras (NRs), o vice-presidente da \u00c1rea Trabalhista da entidade e presidente da CPRT\/CBIC, Fernando Guedes Ferreira Filho, refor\u00e7ou que o setor da constru\u00e7\u00e3o est\u00e1 acompanhando de perto o processo de revis\u00e3o das Normas Regulamentadoras e atento \u00e0s mudan\u00e7as.<\/p>\n<p style=\"text-align: justify;\">Durante a reuni\u00e3o, os membros da comiss\u00e3o discutiram o cronograma divulgado pelo governo e os desafios que isso imp\u00f5e \u00e0s entidades e empres\u00e1rios, como um todo, por que a perspectiva \u00e9 de que haja uma simplifica\u00e7\u00e3o das normas, sem a redu\u00e7\u00e3o de itens que garantam a seguran\u00e7a do trabalhador.<\/p>\n<p style=\"text-align: justify;\"><em><strong>\u201cO que n\u00f3s pretendemos \u00e9 desburocratizar e simplificar, assim como o governo quer. Qualquer proposta do setor \u00e9 para que a gest\u00e3o da preven\u00e7\u00e3o seja feita de forma menos complicada, mais f\u00e1cil e, por isso mesmo, mais efetiva para a prote\u00e7\u00e3o do trabalhador\u201d, ressalta Fernando Guedes.<\/strong><\/em><\/p>\n<p style=\"text-align: justify;\"><strong>Sugest\u00f5es podem ser encaminhadas \u00e0 CBIC<\/strong><\/p>\n<p style=\"text-align: justify;\">Como a CPRT\/CBIC est\u00e1 abrindo contato direto com os entes participantes desse processo de revis\u00e3o das normas regulamentadoras \u2013 governo, confedera\u00e7\u00f5es \u2013 e como esse contato \u00e9 permanente, os interessados podem enviar a qualquer momento sugest\u00f5es \u00e0 entidade, pelo e-mail\u00a0<strong><a href=\"mailto:cprt@cbic.org.br\">cprt@cbic.org.br<\/a><\/strong>.<\/p>\n","protected":false},"excerpt":{"rendered":"<p>| Ag\u00eancia Cbic | Reunidos na quarta-feira (17\/07), em Bras\u00edlia e via link, os membros da Comiss\u00e3o de Pol\u00edtica de Rela\u00e7\u00f5es Trabalhistas (CPRT) da C\u00e2mara Brasileira da Ind\u00fastria da Constru\u00e7\u00e3o (CBIC) debateram quest\u00f5es do setor da constru\u00e7\u00e3o relacionadas \u00e0s\u00a0Conven\u00e7\u00f5es Coletivas\u00a0e \u00e0s mudan\u00e7as nas\u00a0Normas Regulamentadoras (NRs)\u00a0propostas pelo governo federal. Sobre conven\u00e7\u00f5es coletivas no setor da constru\u00e7\u00e3o, [&hellip;]<\/p>\n","protected":false},"author":3,"featured_media":8545,"comment_status":"closed","ping_status":"closed","sticky":false,"template":"","format":"standard","meta":{"footnotes":""},"categories":[92],"tags":[],"class_list":["post-8544","post","type-post","status-publish","format-standard","has-post-thumbnail","hentry","category-seconci-brasil"],"yoast_head":"<!-- This site is optimized with the Yoast SEO plugin v26.9 - https:\/\/yoast.com\/product\/yoast-seo-wordpress\/ -->\n<title>Constru\u00e7\u00e3o Civil debate Conven\u00e7\u00f5es Coletivas e Normas Regulamentadoras - Seconci Brasil<\/title>\n<meta name=\"robots\" content=\"index, follow, max-snippet:-1, max-image-preview:large, max-video-preview:-1\" \/>\n<link rel=\"canonical\" href=\"https:\/\/seconci.com.br\/site\/2019\/07\/22\/construcao-civil-debate-convencoes-coletivas-e-normas-regulamentadoras\/\" \/>\n<meta property=\"og:locale\" content=\"pt_PT\" \/>\n<meta property=\"og:type\" content=\"article\" \/>\n<meta property=\"og:title\" content=\"Constru\u00e7\u00e3o Civil debate Conven\u00e7\u00f5es Coletivas e Normas Regulamentadoras - Seconci Brasil\" \/>\n<meta property=\"og:description\" content=\"| Ag\u00eancia Cbic | Reunidos na quarta-feira (17\/07), em Bras\u00edlia e via link, os membros da Comiss\u00e3o de Pol\u00edtica de Rela\u00e7\u00f5es Trabalhistas (CPRT) da C\u00e2mara Brasileira da Ind\u00fastria da Constru\u00e7\u00e3o (CBIC) debateram quest\u00f5es do setor da constru\u00e7\u00e3o relacionadas \u00e0s\u00a0Conven\u00e7\u00f5es Coletivas\u00a0e \u00e0s mudan\u00e7as nas\u00a0Normas Regulamentadoras (NRs)\u00a0propostas pelo governo federal. Sobre conven\u00e7\u00f5es coletivas no setor da constru\u00e7\u00e3o, [&hellip;]\" \/>\n<meta property=\"og:url\" content=\"https:\/\/seconci.com.br\/site\/2019\/07\/22\/construcao-civil-debate-convencoes-coletivas-e-normas-regulamentadoras\/\" \/>\n<meta property=\"og:site_name\" content=\"Seconci Brasil\" \/>\n<meta property=\"article:published_time\" content=\"2019-07-22T11:35:59+00:00\" \/>\n<meta property=\"article:modified_time\" content=\"2019-07-22T11:48:24+00:00\" \/>\n<meta property=\"og:image\" content=\"https:\/\/seconci.com.br\/site\/wp-content\/uploads\/2019\/07\/WhatsApp-Image-2019-07-17-at-18.35.38.jpeg\" \/>\n\t<meta property=\"og:image:width\" content=\"1280\" \/>\n\t<meta property=\"og:image:height\" content=\"853\" \/>\n\t<meta property=\"og:image:type\" content=\"image\/jpeg\" \/>\n<meta name=\"author\" content=\"Sidney Rocha\" \/>\n<meta name=\"twitter:card\" content=\"summary_large_image\" \/>\n<meta name=\"twitter:label1\" content=\"Escrito por\" \/>\n\t<meta name=\"twitter:data1\" content=\"Sidney Rocha\" \/>\n\t<meta name=\"twitter:label2\" content=\"Tempo estimado de leitura\" \/>\n\t<meta name=\"twitter:data2\" content=\"2 minutos\" \/>\n<script type=\"application\/ld+json\" class=\"yoast-schema-graph\">{\"@context\":\"https:\/\/schema.org\",\"@graph\":[{\"@type\":\"Article\",\"@id\":\"https:\/\/seconci.com.br\/site\/2019\/07\/22\/construcao-civil-debate-convencoes-coletivas-e-normas-regulamentadoras\/#article\",\"isPartOf\":{\"@id\":\"https:\/\/seconci.com.br\/site\/2019\/07\/22\/construcao-civil-debate-convencoes-coletivas-e-normas-regulamentadoras\/\"},\"author\":{\"name\":\"Sidney Rocha\",\"@id\":\"https:\/\/seconci.com.br\/site\/#\/schema\/person\/1d79afd97ddc8f2c68c1e88e298aa8e2\"},\"headline\":\"Constru\u00e7\u00e3o Civil debate Conven\u00e7\u00f5es Coletivas e Normas Regulamentadoras\",\"datePublished\":\"2019-07-22T11:35:59+00:00\",\"dateModified\":\"2019-07-22T11:48:24+00:00\",\"mainEntityOfPage\":{\"@id\":\"https:\/\/seconci.com.br\/site\/2019\/07\/22\/construcao-civil-debate-convencoes-coletivas-e-normas-regulamentadoras\/\"},\"wordCount\":353,\"publisher\":{\"@id\":\"https:\/\/seconci.com.br\/site\/#organization\"},\"image\":{\"@id\":\"https:\/\/seconci.com.br\/site\/2019\/07\/22\/construcao-civil-debate-convencoes-coletivas-e-normas-regulamentadoras\/#primaryimage\"},\"thumbnailUrl\":\"https:\/\/seconci.com.br\/site\/wp-content\/uploads\/2019\/07\/WhatsApp-Image-2019-07-17-at-18.35.38.jpeg\",\"articleSection\":[\"Seconci Brasil\"],\"inLanguage\":\"pt-PT\"},{\"@type\":\"WebPage\",\"@id\":\"https:\/\/seconci.com.br\/site\/2019\/07\/22\/construcao-civil-debate-convencoes-coletivas-e-normas-regulamentadoras\/\",\"url\":\"https:\/\/seconci.com.br\/site\/2019\/07\/22\/construcao-civil-debate-convencoes-coletivas-e-normas-regulamentadoras\/\",\"name\":\"Constru\u00e7\u00e3o Civil debate Conven\u00e7\u00f5es Coletivas e Normas Regulamentadoras - Seconci Brasil\",\"isPartOf\":{\"@id\":\"https:\/\/seconci.com.br\/site\/#website\"},\"primaryImageOfPage\":{\"@id\":\"https:\/\/seconci.com.br\/site\/2019\/07\/22\/construcao-civil-debate-convencoes-coletivas-e-normas-regulamentadoras\/#primaryimage\"},\"image\":{\"@id\":\"https:\/\/seconci.com.br\/site\/2019\/07\/22\/construcao-civil-debate-convencoes-coletivas-e-normas-regulamentadoras\/#primaryimage\"},\"thumbnailUrl\":\"https:\/\/seconci.com.br\/site\/wp-content\/uploads\/2019\/07\/WhatsApp-Image-2019-07-17-at-18.35.38.jpeg\",\"datePublished\":\"2019-07-22T11:35:59+00:00\",\"dateModified\":\"2019-07-22T11:48:24+00:00\",\"breadcrumb\":{\"@id\":\"https:\/\/seconci.com.br\/site\/2019\/07\/22\/construcao-civil-debate-convencoes-coletivas-e-normas-regulamentadoras\/#breadcrumb\"},\"inLanguage\":\"pt-PT\",\"potentialAction\":[{\"@type\":\"ReadAction\",\"target\":[\"https:\/\/seconci.com.br\/site\/2019\/07\/22\/construcao-civil-debate-convencoes-coletivas-e-normas-regulamentadoras\/\"]}]},{\"@type\":\"ImageObject\",\"inLanguage\":\"pt-PT\",\"@id\":\"https:\/\/seconci.com.br\/site\/2019\/07\/22\/construcao-civil-debate-convencoes-coletivas-e-normas-regulamentadoras\/#primaryimage\",\"url\":\"https:\/\/seconci.com.br\/site\/wp-content\/uploads\/2019\/07\/WhatsApp-Image-2019-07-17-at-18.35.38.jpeg\",\"contentUrl\":\"https:\/\/seconci.com.br\/site\/wp-content\/uploads\/2019\/07\/WhatsApp-Image-2019-07-17-at-18.35.38.jpeg\",\"width\":1280,\"height\":853},{\"@type\":\"BreadcrumbList\",\"@id\":\"https:\/\/seconci.com.br\/site\/2019\/07\/22\/construcao-civil-debate-convencoes-coletivas-e-normas-regulamentadoras\/#breadcrumb\",\"itemListElement\":[{\"@type\":\"ListItem\",\"position\":1,\"name\":\"In\u00edcio\",\"item\":\"https:\/\/seconci.com.br\/site\/\"},{\"@type\":\"ListItem\",\"position\":2,\"name\":\"Constru\u00e7\u00e3o Civil debate Conven\u00e7\u00f5es Coletivas e Normas Regulamentadoras\"}]},{\"@type\":\"WebSite\",\"@id\":\"https:\/\/seconci.com.br\/site\/#website\",\"url\":\"https:\/\/seconci.com.br\/site\/\",\"name\":\"Seconci Brasil\",\"description\":\"\",\"publisher\":{\"@id\":\"https:\/\/seconci.com.br\/site\/#organization\"},\"potentialAction\":[{\"@type\":\"SearchAction\",\"target\":{\"@type\":\"EntryPoint\",\"urlTemplate\":\"https:\/\/seconci.com.br\/site\/?s={search_term_string}\"},\"query-input\":{\"@type\":\"PropertyValueSpecification\",\"valueRequired\":true,\"valueName\":\"search_term_string\"}}],\"inLanguage\":\"pt-PT\"},{\"@type\":\"Organization\",\"@id\":\"https:\/\/seconci.com.br\/site\/#organization\",\"name\":\"Seconci Brasil\",\"url\":\"https:\/\/seconci.com.br\/site\/\",\"logo\":{\"@type\":\"ImageObject\",\"inLanguage\":\"pt-PT\",\"@id\":\"https:\/\/seconci.com.br\/site\/#\/schema\/logo\/image\/\",\"url\":\"https:\/\/seconci.com.br\/site\/wp-content\/uploads\/2024\/08\/Logo-Seconci-Brasil-branca-2.png\",\"contentUrl\":\"https:\/\/seconci.com.br\/site\/wp-content\/uploads\/2024\/08\/Logo-Seconci-Brasil-branca-2.png\",\"width\":1315,\"height\":598,\"caption\":\"Seconci Brasil\"},\"image\":{\"@id\":\"https:\/\/seconci.com.br\/site\/#\/schema\/logo\/image\/\"}},{\"@type\":\"Person\",\"@id\":\"https:\/\/seconci.com.br\/site\/#\/schema\/person\/1d79afd97ddc8f2c68c1e88e298aa8e2\",\"name\":\"Sidney Rocha\",\"description\":\"Comunicador e estagi\u00e1rio do Seconci Brasil.\",\"url\":\"https:\/\/seconci.com.br\/site\/author\/sidney-rocha\/\"}]}<\/script>\n<!-- \/ Yoast SEO plugin. -->","yoast_head_json":{"title":"Constru\u00e7\u00e3o Civil debate Conven\u00e7\u00f5es Coletivas e Normas Regulamentadoras - Seconci Brasil","robots":{"index":"index","follow":"follow","max-snippet":"max-snippet:-1","max-image-preview":"max-image-preview:large","max-video-preview":"max-video-preview:-1"},"canonical":"https:\/\/seconci.com.br\/site\/2019\/07\/22\/construcao-civil-debate-convencoes-coletivas-e-normas-regulamentadoras\/","og_locale":"pt_PT","og_type":"article","og_title":"Constru\u00e7\u00e3o Civil debate Conven\u00e7\u00f5es Coletivas e Normas Regulamentadoras - Seconci Brasil","og_description":"| Ag\u00eancia Cbic | Reunidos na quarta-feira (17\/07), em Bras\u00edlia e via link, os membros da Comiss\u00e3o de Pol\u00edtica de Rela\u00e7\u00f5es Trabalhistas (CPRT) da C\u00e2mara Brasileira da Ind\u00fastria da Constru\u00e7\u00e3o (CBIC) debateram quest\u00f5es do setor da constru\u00e7\u00e3o relacionadas \u00e0s\u00a0Conven\u00e7\u00f5es Coletivas\u00a0e \u00e0s mudan\u00e7as nas\u00a0Normas Regulamentadoras (NRs)\u00a0propostas pelo governo federal. Sobre conven\u00e7\u00f5es coletivas no setor da constru\u00e7\u00e3o, [&hellip;]","og_url":"https:\/\/seconci.com.br\/site\/2019\/07\/22\/construcao-civil-debate-convencoes-coletivas-e-normas-regulamentadoras\/","og_site_name":"Seconci Brasil","article_published_time":"2019-07-22T11:35:59+00:00","article_modified_time":"2019-07-22T11:48:24+00:00","og_image":[{"width":1280,"height":853,"url":"https:\/\/seconci.com.br\/site\/wp-content\/uploads\/2019\/07\/WhatsApp-Image-2019-07-17-at-18.35.38.jpeg","type":"image\/jpeg"}],"author":"Sidney Rocha","twitter_card":"summary_large_image","twitter_misc":{"Escrito por":"Sidney Rocha","Tempo estimado de leitura":"2 minutos"},"schema":{"@context":"https:\/\/schema.org","@graph":[{"@type":"Article","@id":"https:\/\/seconci.com.br\/site\/2019\/07\/22\/construcao-civil-debate-convencoes-coletivas-e-normas-regulamentadoras\/#article","isPartOf":{"@id":"https:\/\/seconci.com.br\/site\/2019\/07\/22\/construcao-civil-debate-convencoes-coletivas-e-normas-regulamentadoras\/"},"author":{"name":"Sidney Rocha","@id":"https:\/\/seconci.com.br\/site\/#\/schema\/person\/1d79afd97ddc8f2c68c1e88e298aa8e2"},"headline":"Constru\u00e7\u00e3o Civil debate Conven\u00e7\u00f5es Coletivas e Normas Regulamentadoras","datePublished":"2019-07-22T11:35:59+00:00","dateModified":"2019-07-22T11:48:24+00:00","mainEntityOfPage":{"@id":"https:\/\/seconci.com.br\/site\/2019\/07\/22\/construcao-civil-debate-convencoes-coletivas-e-normas-regulamentadoras\/"},"wordCount":353,"publisher":{"@id":"https:\/\/seconci.com.br\/site\/#organization"},"image":{"@id":"https:\/\/seconci.com.br\/site\/2019\/07\/22\/construcao-civil-debate-convencoes-coletivas-e-normas-regulamentadoras\/#primaryimage"},"thumbnailUrl":"https:\/\/seconci.com.br\/site\/wp-content\/uploads\/2019\/07\/WhatsApp-Image-2019-07-17-at-18.35.38.jpeg","articleSection":["Seconci Brasil"],"inLanguage":"pt-PT"},{"@type":"WebPage","@id":"https:\/\/seconci.com.br\/site\/2019\/07\/22\/construcao-civil-debate-convencoes-coletivas-e-normas-regulamentadoras\/","url":"https:\/\/seconci.com.br\/site\/2019\/07\/22\/construcao-civil-debate-convencoes-coletivas-e-normas-regulamentadoras\/","name":"Constru\u00e7\u00e3o Civil debate Conven\u00e7\u00f5es Coletivas e Normas Regulamentadoras - Seconci Brasil","isPartOf":{"@id":"https:\/\/seconci.com.br\/site\/#website"},"primaryImageOfPage":{"@id":"https:\/\/seconci.com.br\/site\/2019\/07\/22\/construcao-civil-debate-convencoes-coletivas-e-normas-regulamentadoras\/#primaryimage"},"image":{"@id":"https:\/\/seconci.com.br\/site\/2019\/07\/22\/construcao-civil-debate-convencoes-coletivas-e-normas-regulamentadoras\/#primaryimage"},"thumbnailUrl":"https:\/\/seconci.com.br\/site\/wp-content\/uploads\/2019\/07\/WhatsApp-Image-2019-07-17-at-18.35.38.jpeg","datePublished":"2019-07-22T11:35:59+00:00","dateModified":"2019-07-22T11:48:24+00:00","breadcrumb":{"@id":"https:\/\/seconci.com.br\/site\/2019\/07\/22\/construcao-civil-debate-convencoes-coletivas-e-normas-regulamentadoras\/#breadcrumb"},"inLanguage":"pt-PT","potentialAction":[{"@type":"ReadAction","target":["https:\/\/seconci.com.br\/site\/2019\/07\/22\/construcao-civil-debate-convencoes-coletivas-e-normas-regulamentadoras\/"]}]},{"@type":"ImageObject","inLanguage":"pt-PT","@id":"https:\/\/seconci.com.br\/site\/2019\/07\/22\/construcao-civil-debate-convencoes-coletivas-e-normas-regulamentadoras\/#primaryimage","url":"https:\/\/seconci.com.br\/site\/wp-content\/uploads\/2019\/07\/WhatsApp-Image-2019-07-17-at-18.35.38.jpeg","contentUrl":"https:\/\/seconci.com.br\/site\/wp-content\/uploads\/2019\/07\/WhatsApp-Image-2019-07-17-at-18.35.38.jpeg","width":1280,"height":853},{"@type":"BreadcrumbList","@id":"https:\/\/seconci.com.br\/site\/2019\/07\/22\/construcao-civil-debate-convencoes-coletivas-e-normas-regulamentadoras\/#breadcrumb","itemListElement":[{"@type":"ListItem","position":1,"name":"In\u00edcio","item":"https:\/\/seconci.com.br\/site\/"},{"@type":"ListItem","position":2,"name":"Constru\u00e7\u00e3o Civil debate Conven\u00e7\u00f5es Coletivas e Normas Regulamentadoras"}]},{"@type":"WebSite","@id":"https:\/\/seconci.com.br\/site\/#website","url":"https:\/\/seconci.com.br\/site\/","name":"Seconci Brasil","description":"","publisher":{"@id":"https:\/\/seconci.com.br\/site\/#organization"},"potentialAction":[{"@type":"SearchAction","target":{"@type":"EntryPoint","urlTemplate":"https:\/\/seconci.com.br\/site\/?s={search_term_string}"},"query-input":{"@type":"PropertyValueSpecification","valueRequired":true,"valueName":"search_term_string"}}],"inLanguage":"pt-PT"},{"@type":"Organization","@id":"https:\/\/seconci.com.br\/site\/#organization","name":"Seconci Brasil","url":"https:\/\/seconci.com.br\/site\/","logo":{"@type":"ImageObject","inLanguage":"pt-PT","@id":"https:\/\/seconci.com.br\/site\/#\/schema\/logo\/image\/","url":"https:\/\/seconci.com.br\/site\/wp-content\/uploads\/2024\/08\/Logo-Seconci-Brasil-branca-2.png","contentUrl":"https:\/\/seconci.com.br\/site\/wp-content\/uploads\/2024\/08\/Logo-Seconci-Brasil-branca-2.png","width":1315,"height":598,"caption":"Seconci Brasil"},"image":{"@id":"https:\/\/seconci.com.br\/site\/#\/schema\/logo\/image\/"}},{"@type":"Person","@id":"https:\/\/seconci.com.br\/site\/#\/schema\/person\/1d79afd97ddc8f2c68c1e88e298aa8e2","name":"Sidney Rocha","description":"Comunicador e estagi\u00e1rio do Seconci Brasil.","url":"https:\/\/seconci.com.br\/site\/author\/sidney-rocha\/"}]}},"_links":{"self":[{"href":"https:\/\/seconci.com.br\/site\/wp-json\/wp\/v2\/posts\/8544","targetHints":{"allow":["GET"]}}],"collection":[{"href":"https:\/\/seconci.com.br\/site\/wp-json\/wp\/v2\/posts"}],"about":[{"href":"https:\/\/seconci.com.br\/site\/wp-json\/wp\/v2\/types\/post"}],"author":[{"embeddable":true,"href":"https:\/\/seconci.com.br\/site\/wp-json\/wp\/v2\/users\/3"}],"replies":[{"embeddable":true,"href":"https:\/\/seconci.com.br\/site\/wp-json\/wp\/v2\/comments?post=8544"}],"version-history":[{"count":0,"href":"https:\/\/seconci.com.br\/site\/wp-json\/wp\/v2\/posts\/8544\/revisions"}],"wp:featuredmedia":[{"embeddable":true,"href":"https:\/\/seconci.com.br\/site\/wp-json\/wp\/v2\/media\/8545"}],"wp:attachment":[{"href":"https:\/\/seconci.com.br\/site\/wp-json\/wp\/v2\/media?parent=8544"}],"wp:term":[{"taxonomy":"category","embeddable":true,"href":"https:\/\/seconci.com.br\/site\/wp-json\/wp\/v2\/categories?post=8544"},{"taxonomy":"post_tag","embeddable":true,"href":"https:\/\/seconci.com.br\/site\/wp-json\/wp\/v2\/tags?post=8544"}],"curies":[{"name":"wp","href":"https:\/\/api.w.org\/{rel}","templated":true}]}}