{"id":8553,"date":"2019-07-23T12:27:38","date_gmt":"2019-07-23T12:27:38","guid":{"rendered":"https:\/\/seconci.com.br\/site\/?p=8553"},"modified":"2019-07-23T12:27:38","modified_gmt":"2019-07-23T12:27:38","slug":"seconci-sorocaba-sp-adere-ao-julho-amarelo-campanha-de-prevencao-de-hepatites-virais","status":"publish","type":"post","link":"https:\/\/seconci.com.br\/site\/2019\/07\/23\/seconci-sorocaba-sp-adere-ao-julho-amarelo-campanha-de-prevencao-de-hepatites-virais\/","title":{"rendered":"Seconci Sorocaba (SP) adere ao Julho Amarelo, campanha de preven\u00e7\u00e3o de hepatites virais"},"content":{"rendered":"<p style=\"text-align: justify;\">Dados do Minist\u00e9rio da Sa\u00fade indicam que no Brasil mais de um milh\u00e3o de pessoas tiveram contato com o v\u00edrus da hepatite, o que representa 0,71% da popula\u00e7\u00e3o. Em 2017, foram registrados cerca de 41 mil novos casos da doen\u00e7a e, em 2018, este n\u00famero mais do que dobrou entre homens de 20 a 39 anos.<\/p>\n<p style=\"text-align: justify;\">Visando alertar a popula\u00e7\u00e3o sobre a import\u00e2ncia da preven\u00e7\u00e3o e do diagn\u00f3stico precoce das hepatites virais, a Regional do Seconci-SP em Sorocaba aderiu ao Julho Amarelo, campanha de conscientiza\u00e7\u00e3o sobre a doen\u00e7a.<\/p>\n<p style=\"text-align: justify;\">De acordo com a doutora Carolina Piffer Gon\u00e7alves Leite Mello, m\u00e9dica da Regional, existem cinco tipos de hepatites virais: A, B, C, D e E. \u201cA hepatite \u00e9 uma inflama\u00e7\u00e3o do f\u00edgado que pode ser causada por v\u00edrus, bact\u00e9rias, \u00e1lcool, drogas e alguns medicamentos. Os sintomas mais comuns s\u00e3o cansa\u00e7o, febre, mal-estar, tontura, enjoo, v\u00f4mito, dor abdominal, pele e olhos amarelos, urina escura e fezes claras. Ao detectar estes sintomas, \u00e9 importante consultar o m\u00e9dico e, se constatada a doen\u00e7a, iniciar o tratamento o mais r\u00e1pido poss\u00edvel, principalmente porque a hepatite \u00e9 uma doen\u00e7a silenciosa\u201d explica.<\/p>\n<p style=\"text-align: justify;\">As principais formas de cont\u00e1gio da doen\u00e7a s\u00e3o rela\u00e7\u00f5es sexuais sem o uso do preservativo, contato com o sangue contaminado, algumas secre\u00e7\u00f5es e at\u00e9 mesmo o consumo de \u00e1gua ou alimentos infectados. \u201cAs hepatites virais matam duas vezes mais do que a AIDS e a preven\u00e7\u00e3o \u00e9 a melhor maneira de evit\u00e1-la\u201d, observa a m\u00e9dica.<\/p>\n<p style=\"text-align: justify;\">Segundo a gerente da Regional do Seconci-SP em Sorocaba, Ester Gon\u00e7alves, a entidade disponibiliza palestras de preven\u00e7\u00e3o que s\u00e3o ministradas em empresas da constru\u00e7\u00e3o civil e demais segmentos de mercado. \u201cA campanha Julho Amarelo faz refer\u00eancia ao dia 28 de julho, data escolhida pela Organiza\u00e7\u00e3o Mundial de Sa\u00fade (OMS) para celebrar o Dia Mundial de Luta contra as Hepatites Virais. No Brasil, a Lei 13.802, de janeiro de 2019, instituiu este m\u00eas como refer\u00eancia para a efetiva\u00e7\u00e3o de a\u00e7\u00f5es contra a doen\u00e7a, em todo o territ\u00f3rio nacional. As empresas interessadas em realizar palestras podem entrar em contato com o Seconci pelo telefone (15) 3042.1840 ou pelo emailsorocaba@seconci-sp.org.br\u201d, complementa a gerente.<\/p>\n<p style=\"text-align: justify;\"><strong>Sobre o Seconci-SP<\/strong><\/p>\n<p style=\"text-align: justify;\">O Seconci-SP (Servi\u00e7o Social da Constru\u00e7\u00e3o Civil do Estado de S\u00e3o Paulo) tem como miss\u00e3o promover a\u00e7\u00f5es de sa\u00fade e assist\u00eancia social, garantindo qualidade de vida aos trabalhadores e seus dependentes. A Unidade de Sorocaba atende colaboradores de mais de 150 empresas contribuintes e disp\u00f5e de um corpo cl\u00ednico especializado em: cardiologia, cl\u00ednica m\u00e9dica, dermatologia, ginecologia, nutri\u00e7\u00e3o, oftalmologia, ortopedia, odontologia, otorrinolaringologia e pediatria.<\/p>\n<p style=\"text-align: justify;\">Al\u00e9m disso, os trabalhadores e seus familiares podem realizar exames cl\u00ednicos, audiometria, eletrocardiograma, eletroencefalograma, radiologia e ultrassonografia, tudo no mesmo espa\u00e7o. A Unidade conta ainda com assessoria em medicina ocupacional e engenharia de seguran\u00e7a, inclusive para empresas de outros setores da economia, com atendimento cl\u00ednico para emiss\u00e3o de atestados de sa\u00fade ocupacional e realiza\u00e7\u00e3o dos Programas de Sa\u00fade e Seguran\u00e7a do Trabalho, de acordo com a legisla\u00e7\u00e3o trabalhista.<\/p>\n<p style=\"text-align: justify;\">Servi\u00e7o: Seconci-SP<\/p>\n<p style=\"text-align: justify;\">Endere\u00e7o: Avenida General Os\u00f3rio, 391 \u2013 Trujillo \u2013 Sorocaba \/ SP<\/p>\n<p style=\"text-align: justify;\">Informa\u00e7\u00f5es:(15) 3042.1840 \/ sorocaba<span class=\"atwho-query\">@seconci-sp.org.br<\/span><\/p>\n<p><em>Fonte: O Itapetinga\/SP<\/em><\/p>\n","protected":false},"excerpt":{"rendered":"<p>Dados do Minist\u00e9rio da Sa\u00fade indicam que no Brasil mais de um milh\u00e3o de pessoas tiveram contato com o v\u00edrus da hepatite, o que representa 0,71% da popula\u00e7\u00e3o. Em 2017, foram registrados cerca de 41 mil novos casos da doen\u00e7a e, em 2018, este n\u00famero mais do que dobrou entre homens de 20 a 39 [&hellip;]<\/p>\n","protected":false},"author":3,"featured_media":8554,"comment_status":"closed","ping_status":"closed","sticky":false,"template":"","format":"standard","meta":{"footnotes":""},"categories":[87],"tags":[],"class_list":["post-8553","post","type-post","status-publish","format-standard","has-post-thumbnail","hentry","category-seconci-sao-paulo"],"yoast_head":"<!-- This site is optimized with the Yoast SEO plugin v26.9 - https:\/\/yoast.com\/product\/yoast-seo-wordpress\/ -->\n<title>Seconci Sorocaba (SP) adere ao Julho Amarelo, campanha de preven\u00e7\u00e3o de hepatites virais - Seconci Brasil<\/title>\n<meta name=\"robots\" content=\"index, follow, max-snippet:-1, max-image-preview:large, max-video-preview:-1\" \/>\n<link rel=\"canonical\" href=\"https:\/\/seconci.com.br\/site\/2019\/07\/23\/seconci-sorocaba-sp-adere-ao-julho-amarelo-campanha-de-prevencao-de-hepatites-virais\/\" \/>\n<meta property=\"og:locale\" content=\"pt_PT\" \/>\n<meta property=\"og:type\" content=\"article\" \/>\n<meta property=\"og:title\" content=\"Seconci Sorocaba (SP) adere ao Julho Amarelo, campanha de preven\u00e7\u00e3o de hepatites virais - Seconci Brasil\" \/>\n<meta property=\"og:description\" content=\"Dados do Minist\u00e9rio da Sa\u00fade indicam que no Brasil mais de um milh\u00e3o de pessoas tiveram contato com o v\u00edrus da hepatite, o que representa 0,71% da popula\u00e7\u00e3o. Em 2017, foram registrados cerca de 41 mil novos casos da doen\u00e7a e, em 2018, este n\u00famero mais do que dobrou entre homens de 20 a 39 [&hellip;]\" \/>\n<meta property=\"og:url\" content=\"https:\/\/seconci.com.br\/site\/2019\/07\/23\/seconci-sorocaba-sp-adere-ao-julho-amarelo-campanha-de-prevencao-de-hepatites-virais\/\" \/>\n<meta property=\"og:site_name\" content=\"Seconci Brasil\" \/>\n<meta property=\"article:published_time\" content=\"2019-07-23T12:27:38+00:00\" \/>\n<meta property=\"og:image\" content=\"https:\/\/seconci.com.br\/site\/wp-content\/uploads\/2019\/07\/c399f114-b474-447f-bd4a-096737d91c6e.jpeg\" \/>\n\t<meta property=\"og:image:width\" content=\"675\" \/>\n\t<meta property=\"og:image:height\" content=\"381\" \/>\n\t<meta property=\"og:image:type\" content=\"image\/jpeg\" \/>\n<meta name=\"author\" content=\"Sidney Rocha\" \/>\n<meta name=\"twitter:card\" content=\"summary_large_image\" \/>\n<meta name=\"twitter:label1\" content=\"Escrito por\" \/>\n\t<meta name=\"twitter:data1\" content=\"Sidney Rocha\" \/>\n\t<meta name=\"twitter:label2\" content=\"Tempo estimado de leitura\" \/>\n\t<meta name=\"twitter:data2\" content=\"3 minutos\" \/>\n<script type=\"application\/ld+json\" class=\"yoast-schema-graph\">{\"@context\":\"https:\/\/schema.org\",\"@graph\":[{\"@type\":\"Article\",\"@id\":\"https:\/\/seconci.com.br\/site\/2019\/07\/23\/seconci-sorocaba-sp-adere-ao-julho-amarelo-campanha-de-prevencao-de-hepatites-virais\/#article\",\"isPartOf\":{\"@id\":\"https:\/\/seconci.com.br\/site\/2019\/07\/23\/seconci-sorocaba-sp-adere-ao-julho-amarelo-campanha-de-prevencao-de-hepatites-virais\/\"},\"author\":{\"name\":\"Sidney Rocha\",\"@id\":\"https:\/\/seconci.com.br\/site\/#\/schema\/person\/1d79afd97ddc8f2c68c1e88e298aa8e2\"},\"headline\":\"Seconci Sorocaba (SP) adere ao Julho Amarelo, campanha de preven\u00e7\u00e3o de hepatites virais\",\"datePublished\":\"2019-07-23T12:27:38+00:00\",\"mainEntityOfPage\":{\"@id\":\"https:\/\/seconci.com.br\/site\/2019\/07\/23\/seconci-sorocaba-sp-adere-ao-julho-amarelo-campanha-de-prevencao-de-hepatites-virais\/\"},\"wordCount\":577,\"publisher\":{\"@id\":\"https:\/\/seconci.com.br\/site\/#organization\"},\"image\":{\"@id\":\"https:\/\/seconci.com.br\/site\/2019\/07\/23\/seconci-sorocaba-sp-adere-ao-julho-amarelo-campanha-de-prevencao-de-hepatites-virais\/#primaryimage\"},\"thumbnailUrl\":\"https:\/\/seconci.com.br\/site\/wp-content\/uploads\/2019\/07\/c399f114-b474-447f-bd4a-096737d91c6e.jpeg\",\"articleSection\":[\"Seconci S\u00e3o Paulo\"],\"inLanguage\":\"pt-PT\"},{\"@type\":\"WebPage\",\"@id\":\"https:\/\/seconci.com.br\/site\/2019\/07\/23\/seconci-sorocaba-sp-adere-ao-julho-amarelo-campanha-de-prevencao-de-hepatites-virais\/\",\"url\":\"https:\/\/seconci.com.br\/site\/2019\/07\/23\/seconci-sorocaba-sp-adere-ao-julho-amarelo-campanha-de-prevencao-de-hepatites-virais\/\",\"name\":\"Seconci Sorocaba (SP) adere ao Julho Amarelo, campanha de preven\u00e7\u00e3o de hepatites virais - Seconci Brasil\",\"isPartOf\":{\"@id\":\"https:\/\/seconci.com.br\/site\/#website\"},\"primaryImageOfPage\":{\"@id\":\"https:\/\/seconci.com.br\/site\/2019\/07\/23\/seconci-sorocaba-sp-adere-ao-julho-amarelo-campanha-de-prevencao-de-hepatites-virais\/#primaryimage\"},\"image\":{\"@id\":\"https:\/\/seconci.com.br\/site\/2019\/07\/23\/seconci-sorocaba-sp-adere-ao-julho-amarelo-campanha-de-prevencao-de-hepatites-virais\/#primaryimage\"},\"thumbnailUrl\":\"https:\/\/seconci.com.br\/site\/wp-content\/uploads\/2019\/07\/c399f114-b474-447f-bd4a-096737d91c6e.jpeg\",\"datePublished\":\"2019-07-23T12:27:38+00:00\",\"breadcrumb\":{\"@id\":\"https:\/\/seconci.com.br\/site\/2019\/07\/23\/seconci-sorocaba-sp-adere-ao-julho-amarelo-campanha-de-prevencao-de-hepatites-virais\/#breadcrumb\"},\"inLanguage\":\"pt-PT\",\"potentialAction\":[{\"@type\":\"ReadAction\",\"target\":[\"https:\/\/seconci.com.br\/site\/2019\/07\/23\/seconci-sorocaba-sp-adere-ao-julho-amarelo-campanha-de-prevencao-de-hepatites-virais\/\"]}]},{\"@type\":\"ImageObject\",\"inLanguage\":\"pt-PT\",\"@id\":\"https:\/\/seconci.com.br\/site\/2019\/07\/23\/seconci-sorocaba-sp-adere-ao-julho-amarelo-campanha-de-prevencao-de-hepatites-virais\/#primaryimage\",\"url\":\"https:\/\/seconci.com.br\/site\/wp-content\/uploads\/2019\/07\/c399f114-b474-447f-bd4a-096737d91c6e.jpeg\",\"contentUrl\":\"https:\/\/seconci.com.br\/site\/wp-content\/uploads\/2019\/07\/c399f114-b474-447f-bd4a-096737d91c6e.jpeg\",\"width\":675,\"height\":381},{\"@type\":\"BreadcrumbList\",\"@id\":\"https:\/\/seconci.com.br\/site\/2019\/07\/23\/seconci-sorocaba-sp-adere-ao-julho-amarelo-campanha-de-prevencao-de-hepatites-virais\/#breadcrumb\",\"itemListElement\":[{\"@type\":\"ListItem\",\"position\":1,\"name\":\"In\u00edcio\",\"item\":\"https:\/\/seconci.com.br\/site\/\"},{\"@type\":\"ListItem\",\"position\":2,\"name\":\"Seconci Sorocaba (SP) adere ao Julho Amarelo, campanha de preven\u00e7\u00e3o de hepatites virais\"}]},{\"@type\":\"WebSite\",\"@id\":\"https:\/\/seconci.com.br\/site\/#website\",\"url\":\"https:\/\/seconci.com.br\/site\/\",\"name\":\"Seconci Brasil\",\"description\":\"\",\"publisher\":{\"@id\":\"https:\/\/seconci.com.br\/site\/#organization\"},\"potentialAction\":[{\"@type\":\"SearchAction\",\"target\":{\"@type\":\"EntryPoint\",\"urlTemplate\":\"https:\/\/seconci.com.br\/site\/?s={search_term_string}\"},\"query-input\":{\"@type\":\"PropertyValueSpecification\",\"valueRequired\":true,\"valueName\":\"search_term_string\"}}],\"inLanguage\":\"pt-PT\"},{\"@type\":\"Organization\",\"@id\":\"https:\/\/seconci.com.br\/site\/#organization\",\"name\":\"Seconci Brasil\",\"url\":\"https:\/\/seconci.com.br\/site\/\",\"logo\":{\"@type\":\"ImageObject\",\"inLanguage\":\"pt-PT\",\"@id\":\"https:\/\/seconci.com.br\/site\/#\/schema\/logo\/image\/\",\"url\":\"https:\/\/seconci.com.br\/site\/wp-content\/uploads\/2024\/08\/Logo-Seconci-Brasil-branca-2.png\",\"contentUrl\":\"https:\/\/seconci.com.br\/site\/wp-content\/uploads\/2024\/08\/Logo-Seconci-Brasil-branca-2.png\",\"width\":1315,\"height\":598,\"caption\":\"Seconci Brasil\"},\"image\":{\"@id\":\"https:\/\/seconci.com.br\/site\/#\/schema\/logo\/image\/\"}},{\"@type\":\"Person\",\"@id\":\"https:\/\/seconci.com.br\/site\/#\/schema\/person\/1d79afd97ddc8f2c68c1e88e298aa8e2\",\"name\":\"Sidney Rocha\",\"description\":\"Comunicador e estagi\u00e1rio do Seconci Brasil.\",\"url\":\"https:\/\/seconci.com.br\/site\/author\/sidney-rocha\/\"}]}<\/script>\n<!-- \/ Yoast SEO plugin. -->","yoast_head_json":{"title":"Seconci Sorocaba (SP) adere ao Julho Amarelo, campanha de preven\u00e7\u00e3o de hepatites virais - Seconci Brasil","robots":{"index":"index","follow":"follow","max-snippet":"max-snippet:-1","max-image-preview":"max-image-preview:large","max-video-preview":"max-video-preview:-1"},"canonical":"https:\/\/seconci.com.br\/site\/2019\/07\/23\/seconci-sorocaba-sp-adere-ao-julho-amarelo-campanha-de-prevencao-de-hepatites-virais\/","og_locale":"pt_PT","og_type":"article","og_title":"Seconci Sorocaba (SP) adere ao Julho Amarelo, campanha de preven\u00e7\u00e3o de hepatites virais - Seconci Brasil","og_description":"Dados do Minist\u00e9rio da Sa\u00fade indicam que no Brasil mais de um milh\u00e3o de pessoas tiveram contato com o v\u00edrus da hepatite, o que representa 0,71% da popula\u00e7\u00e3o. Em 2017, foram registrados cerca de 41 mil novos casos da doen\u00e7a e, em 2018, este n\u00famero mais do que dobrou entre homens de 20 a 39 [&hellip;]","og_url":"https:\/\/seconci.com.br\/site\/2019\/07\/23\/seconci-sorocaba-sp-adere-ao-julho-amarelo-campanha-de-prevencao-de-hepatites-virais\/","og_site_name":"Seconci Brasil","article_published_time":"2019-07-23T12:27:38+00:00","og_image":[{"width":675,"height":381,"url":"https:\/\/seconci.com.br\/site\/wp-content\/uploads\/2019\/07\/c399f114-b474-447f-bd4a-096737d91c6e.jpeg","type":"image\/jpeg"}],"author":"Sidney Rocha","twitter_card":"summary_large_image","twitter_misc":{"Escrito por":"Sidney Rocha","Tempo estimado de leitura":"3 minutos"},"schema":{"@context":"https:\/\/schema.org","@graph":[{"@type":"Article","@id":"https:\/\/seconci.com.br\/site\/2019\/07\/23\/seconci-sorocaba-sp-adere-ao-julho-amarelo-campanha-de-prevencao-de-hepatites-virais\/#article","isPartOf":{"@id":"https:\/\/seconci.com.br\/site\/2019\/07\/23\/seconci-sorocaba-sp-adere-ao-julho-amarelo-campanha-de-prevencao-de-hepatites-virais\/"},"author":{"name":"Sidney Rocha","@id":"https:\/\/seconci.com.br\/site\/#\/schema\/person\/1d79afd97ddc8f2c68c1e88e298aa8e2"},"headline":"Seconci Sorocaba (SP) adere ao Julho Amarelo, campanha de preven\u00e7\u00e3o de hepatites virais","datePublished":"2019-07-23T12:27:38+00:00","mainEntityOfPage":{"@id":"https:\/\/seconci.com.br\/site\/2019\/07\/23\/seconci-sorocaba-sp-adere-ao-julho-amarelo-campanha-de-prevencao-de-hepatites-virais\/"},"wordCount":577,"publisher":{"@id":"https:\/\/seconci.com.br\/site\/#organization"},"image":{"@id":"https:\/\/seconci.com.br\/site\/2019\/07\/23\/seconci-sorocaba-sp-adere-ao-julho-amarelo-campanha-de-prevencao-de-hepatites-virais\/#primaryimage"},"thumbnailUrl":"https:\/\/seconci.com.br\/site\/wp-content\/uploads\/2019\/07\/c399f114-b474-447f-bd4a-096737d91c6e.jpeg","articleSection":["Seconci S\u00e3o Paulo"],"inLanguage":"pt-PT"},{"@type":"WebPage","@id":"https:\/\/seconci.com.br\/site\/2019\/07\/23\/seconci-sorocaba-sp-adere-ao-julho-amarelo-campanha-de-prevencao-de-hepatites-virais\/","url":"https:\/\/seconci.com.br\/site\/2019\/07\/23\/seconci-sorocaba-sp-adere-ao-julho-amarelo-campanha-de-prevencao-de-hepatites-virais\/","name":"Seconci Sorocaba (SP) adere ao Julho Amarelo, campanha de preven\u00e7\u00e3o de hepatites virais - Seconci Brasil","isPartOf":{"@id":"https:\/\/seconci.com.br\/site\/#website"},"primaryImageOfPage":{"@id":"https:\/\/seconci.com.br\/site\/2019\/07\/23\/seconci-sorocaba-sp-adere-ao-julho-amarelo-campanha-de-prevencao-de-hepatites-virais\/#primaryimage"},"image":{"@id":"https:\/\/seconci.com.br\/site\/2019\/07\/23\/seconci-sorocaba-sp-adere-ao-julho-amarelo-campanha-de-prevencao-de-hepatites-virais\/#primaryimage"},"thumbnailUrl":"https:\/\/seconci.com.br\/site\/wp-content\/uploads\/2019\/07\/c399f114-b474-447f-bd4a-096737d91c6e.jpeg","datePublished":"2019-07-23T12:27:38+00:00","breadcrumb":{"@id":"https:\/\/seconci.com.br\/site\/2019\/07\/23\/seconci-sorocaba-sp-adere-ao-julho-amarelo-campanha-de-prevencao-de-hepatites-virais\/#breadcrumb"},"inLanguage":"pt-PT","potentialAction":[{"@type":"ReadAction","target":["https:\/\/seconci.com.br\/site\/2019\/07\/23\/seconci-sorocaba-sp-adere-ao-julho-amarelo-campanha-de-prevencao-de-hepatites-virais\/"]}]},{"@type":"ImageObject","inLanguage":"pt-PT","@id":"https:\/\/seconci.com.br\/site\/2019\/07\/23\/seconci-sorocaba-sp-adere-ao-julho-amarelo-campanha-de-prevencao-de-hepatites-virais\/#primaryimage","url":"https:\/\/seconci.com.br\/site\/wp-content\/uploads\/2019\/07\/c399f114-b474-447f-bd4a-096737d91c6e.jpeg","contentUrl":"https:\/\/seconci.com.br\/site\/wp-content\/uploads\/2019\/07\/c399f114-b474-447f-bd4a-096737d91c6e.jpeg","width":675,"height":381},{"@type":"BreadcrumbList","@id":"https:\/\/seconci.com.br\/site\/2019\/07\/23\/seconci-sorocaba-sp-adere-ao-julho-amarelo-campanha-de-prevencao-de-hepatites-virais\/#breadcrumb","itemListElement":[{"@type":"ListItem","position":1,"name":"In\u00edcio","item":"https:\/\/seconci.com.br\/site\/"},{"@type":"ListItem","position":2,"name":"Seconci Sorocaba (SP) adere ao Julho Amarelo, campanha de preven\u00e7\u00e3o de hepatites virais"}]},{"@type":"WebSite","@id":"https:\/\/seconci.com.br\/site\/#website","url":"https:\/\/seconci.com.br\/site\/","name":"Seconci Brasil","description":"","publisher":{"@id":"https:\/\/seconci.com.br\/site\/#organization"},"potentialAction":[{"@type":"SearchAction","target":{"@type":"EntryPoint","urlTemplate":"https:\/\/seconci.com.br\/site\/?s={search_term_string}"},"query-input":{"@type":"PropertyValueSpecification","valueRequired":true,"valueName":"search_term_string"}}],"inLanguage":"pt-PT"},{"@type":"Organization","@id":"https:\/\/seconci.com.br\/site\/#organization","name":"Seconci Brasil","url":"https:\/\/seconci.com.br\/site\/","logo":{"@type":"ImageObject","inLanguage":"pt-PT","@id":"https:\/\/seconci.com.br\/site\/#\/schema\/logo\/image\/","url":"https:\/\/seconci.com.br\/site\/wp-content\/uploads\/2024\/08\/Logo-Seconci-Brasil-branca-2.png","contentUrl":"https:\/\/seconci.com.br\/site\/wp-content\/uploads\/2024\/08\/Logo-Seconci-Brasil-branca-2.png","width":1315,"height":598,"caption":"Seconci Brasil"},"image":{"@id":"https:\/\/seconci.com.br\/site\/#\/schema\/logo\/image\/"}},{"@type":"Person","@id":"https:\/\/seconci.com.br\/site\/#\/schema\/person\/1d79afd97ddc8f2c68c1e88e298aa8e2","name":"Sidney Rocha","description":"Comunicador e estagi\u00e1rio do Seconci Brasil.","url":"https:\/\/seconci.com.br\/site\/author\/sidney-rocha\/"}]}},"_links":{"self":[{"href":"https:\/\/seconci.com.br\/site\/wp-json\/wp\/v2\/posts\/8553","targetHints":{"allow":["GET"]}}],"collection":[{"href":"https:\/\/seconci.com.br\/site\/wp-json\/wp\/v2\/posts"}],"about":[{"href":"https:\/\/seconci.com.br\/site\/wp-json\/wp\/v2\/types\/post"}],"author":[{"embeddable":true,"href":"https:\/\/seconci.com.br\/site\/wp-json\/wp\/v2\/users\/3"}],"replies":[{"embeddable":true,"href":"https:\/\/seconci.com.br\/site\/wp-json\/wp\/v2\/comments?post=8553"}],"version-history":[{"count":0,"href":"https:\/\/seconci.com.br\/site\/wp-json\/wp\/v2\/posts\/8553\/revisions"}],"wp:featuredmedia":[{"embeddable":true,"href":"https:\/\/seconci.com.br\/site\/wp-json\/wp\/v2\/media\/8554"}],"wp:attachment":[{"href":"https:\/\/seconci.com.br\/site\/wp-json\/wp\/v2\/media?parent=8553"}],"wp:term":[{"taxonomy":"category","embeddable":true,"href":"https:\/\/seconci.com.br\/site\/wp-json\/wp\/v2\/categories?post=8553"},{"taxonomy":"post_tag","embeddable":true,"href":"https:\/\/seconci.com.br\/site\/wp-json\/wp\/v2\/tags?post=8553"}],"curies":[{"name":"wp","href":"https:\/\/api.w.org\/{rel}","templated":true}]}}