{"id":8567,"date":"2019-07-29T11:23:38","date_gmt":"2019-07-29T11:23:38","guid":{"rendered":"https:\/\/seconci.com.br\/site\/?p=8567"},"modified":"2019-07-29T11:24:18","modified_gmt":"2019-07-29T11:24:18","slug":"cbic-lanca-serie-sobre-sst-na-industria-da-construcao","status":"publish","type":"post","link":"https:\/\/seconci.com.br\/site\/2019\/07\/29\/cbic-lanca-serie-sobre-sst-na-industria-da-construcao\/","title":{"rendered":"CBIC lan\u00e7a s\u00e9rie sobre SST na Ind\u00fastria da Constru\u00e7\u00e3o"},"content":{"rendered":"<p style=\"text-align: justify;\">| Ag\u00eancia Cbic |<\/p>\n<p style=\"text-align: justify;\">Para celebrar o\u00a0<strong>Dia Nacional de Preven\u00e7\u00e3o de Acidentes de Trabalho<\/strong>, comemorado no s\u00e1bado (27\/07), a C\u00e2mara Brasileira da Ind\u00fastria da Constru\u00e7\u00e3o (CBIC), por meio da sua Comiss\u00e3o de Pol\u00edtica de Rela\u00e7\u00f5es Trabalhistas (CPRT), lan\u00e7a nesta sexta-feira (26\/07) a s\u00e9rie \u2019<strong>SST na Ind\u00fastria da Constru\u00e7\u00e3o\u2019<\/strong>, j\u00e1 destacando as a\u00e7\u00f5es desenvolvidas nacionalmente pela CBIC e pelas empresas do setor na \u00e1rea de seguran\u00e7a e sa\u00fade no trabalho.<\/p>\n<p style=\"text-align: justify;\">O especial abordar\u00e1 temas relacionados a Seguran\u00e7a e Sa\u00fade no Trabalho (SST) no setor da constru\u00e7\u00e3o, que poder\u00e3o ser acompanhados at\u00e9 o final do m\u00eas de agosto em edi\u00e7\u00f5es do\u00a0<strong>CBIC Hoje+<\/strong>\u00a0e no site da entidade \u2013\u00a0<a href=\"http:\/\/para%20celebrar%20o%20dia%20nacional%20de%20preven%C3%A7%C3%A3o%20de%20acidentes%20de%20trabalho%2C%20comemorado%20no%20s%C3%A1bado%20%2827\/07),%20a%20C%C3%A2mara%20Brasileira%20da%20Ind%C3%BAstria%20da%20Constru%C3%A7%C3%A3o%20(CBIC),%20por%20meio%20da%20sua%20Comiss%C3%A3o%20de%20Pol%C3%ADtica%20de%20Rela%C3%A7%C3%B5es%20Trabalhistas%20(CPRT),%20lan%C3%A7a%20nesta%20sexta-feira%20(26\/07)%20a%20s%C3%A9rie%20%E2%80%99SST%20na%20Ind%C3%BAstria%20da%20Constru%C3%A7%C3%A3o%E2%80%99,%20j%C3%A1%20destacando%20as%20a%C3%A7%C3%B5es%20desenvolvidas%20nacionalmente%20pela%20CBIC%20e%20pelas%20empresas%20do%20setor%20na%20%C3%A1rea%20de%20seguran%C3%A7a%20e%20sa%C3%BAde%20no%20trabalho.%20O%20especial%20abordar%C3%A1%20temas%20relacionados%20a%20Seguran%C3%A7a%20e%20Sa%C3%BAde%20no%20Trabalho%20(SST)%20no%20setor%20da%20constru%C3%A7%C3%A3o,%20que%20poder%C3%A3o%20ser%20acompanhados%20at%C3%A9%20o%20final%20do%20m%C3%AAs%20de%20agosto%20em%20edi%C3%A7%C3%B5es%20do%20CBIC%20Hoje+%20e%20no%20site%20da%20entidade%20%E2%80%93%20Ag%C3%AAncia%20de%20Not%C3%ADcias%20e%20%C3%A1rea%20da%20CPRT\/CBIC,%20no%20%C3%ADcone%20Acervos%20-%20S%C3%A9rie%20-%20SST%20na%20Ind%C3%BAstria%20da%20Constru%C3%A7%C3%A3o.%20(links%20site%20-%20https:\/\/cbic.org.br\/%20e%20https:\/\/cbic.org.br\/relacoestrabalhistas\/serie-sst-na-industria-da-construcao\/\">Ag\u00eancia de Not\u00edcias<\/a>\u00a0e \u00e1rea da CPRT\/CBIC, no \u00edcone Acervo \u2013\u00a0<a href=\"https:\/\/cbic.org.br\/relacoestrabalhistas\/serie-sst-na-industria-da-construcao\/\">S\u00e9rie \u2013 SST na Ind\u00fastria da Constru\u00e7\u00e3o<\/a>.<\/p>\n<p style=\"text-align: justify;\">Na s\u00e9rie, empres\u00e1rios, especialistas e t\u00e9cnicos em SST, membros da Academia, do Poder P\u00fablico e profissionais do setor da constru\u00e7\u00e3o demonstrar\u00e3o \u2013 por meio de mat\u00e9rias, artigos e entrevistas \u2013 a import\u00e2ncia das a\u00e7\u00f5es de seguran\u00e7a e sa\u00fade na forma\u00e7\u00e3o tanto de empregadores quanto de trabalhadores.<\/p>\n<p style=\"text-align: justify;\">Tamb\u00e9m ser\u00e1 poss\u00edvel conferir a crescente conscientiza\u00e7\u00e3o das empresas e trabalhadores que atuam na formalidade sobre o valor da preserva\u00e7\u00e3o de um ambiente de trabalho seguro e saud\u00e1vel, que resulte na preven\u00e7\u00e3o e redu\u00e7\u00e3o do n\u00famero de acidentes no setor.<\/p>\n<p style=\"text-align: justify;\">Acompanhe a s\u00e9rie e conhe\u00e7a as iniciativas que a constru\u00e7\u00e3o civil e o mercado imobili\u00e1rio v\u00eam desenvolvendo ao logo dos anos para o bem-estar dos seus trabalhadores.<\/p>\n<p style=\"text-align: justify;\">Se voc\u00ea conhece boas iniciativas, a exemplo das que ser\u00e3o divulgadas na s\u00e9rie, compartilhe com a\u00a0<a href=\"https:\/\/cbic.org.br\/cbic-lanca-serie-sobre-sst-na-industria-da-construcao\/cprt@cbic.org.br\">CPRT\/CBIC<\/a>\u00a0para que elas tamb\u00e9m possam ser disseminadas nacionalmente.<\/p>\n<h1 style=\"text-align: justify;\"><strong>DIA NACIONAL DE PREVEN\u00c7\u00c3O DE ACIDENTES DE TRABALHO<\/strong><\/h1>\n<h2 style=\"text-align: justify;\"><strong>Ind\u00fastria da constru\u00e7\u00e3o comemora mais um ano de queda no n\u00famero de acidentes<\/strong><\/h2>\n<p style=\"text-align: justify;\">Desde 2012, a ind\u00fastria da constru\u00e7\u00e3o vem obtendo melhora no n\u00famero de acidentes no setor, com quedas percentuais significativas, resultado de a\u00e7\u00f5es desenvolvidas pela C\u00e2mara Brasileira da Ind\u00fastria da Constru\u00e7\u00e3o (CBIC), em parceria com o Sesi Nacional, e pelas entidades empresariais, especialmente por meio da divulga\u00e7\u00e3o da cultura prevencionista e da capacita\u00e7\u00e3o dos profissionais de seguran\u00e7a e sa\u00fade das empresas construtoras.<\/p>\n<p style=\"text-align: justify;\">Em n\u00fameros absolutos, de 2017 para 2016, houve uma queda de 13,74% no n\u00famero de ocorr\u00eancias. Em 2017, foram registrados 30.026 acidentes, contra 34.809 em 2016.<\/p>\n<p style=\"text-align: justify;\">A redu\u00e7\u00e3o de acidentes sobre o total de v\u00ednculos empregat\u00edcios formais na ind\u00fastria da constru\u00e7\u00e3o em 2017 foi de 6,68%, se comparada a 2016. Desta forma, o percentual de acidentes de pessoas empregadas no setor caiu de 1,64% em 2016 para 1,53% em 2017 (n\u00fameros relativos) sobre o total de v\u00ednculos empregat\u00edcios no setor.<\/p>\n<p style=\"text-align: justify;\">Na avalia\u00e7\u00e3o do vice-presidente da \u00c1rea de Rela\u00e7\u00f5es Trabalhistas da CBIC, Fernando Guedes Ferreira Filho, esses n\u00fameros s\u00e3o interessantes porque, no universo de cinco anos, essas quedas tamb\u00e9m t\u00eam ocorrido em n\u00fameros percentuais. \u201cDe fato houve uma queda significativa no n\u00famero de trabalhadores do setor, em raz\u00e3o da crise econ\u00f4mica nacional. Em 2013, de acordo com a Rela\u00e7\u00e3o Anual de Informa\u00e7\u00f5es Sociais\u00a0(RAIS) do Minist\u00e9rio da Economia, o n\u00famero de trabalhadores era de 3.094.153 e, em 2017 haviam registrados 1.961.791 trabalhadores. Mesmo com a queda do n\u00famero absoluto de trabalhadores, os percentuais, os n\u00fameros relativos, tamb\u00e9m est\u00e3o caindo. \u00c9 um decr\u00e9scimo real, portanto\u201d.<\/p>\n<p style=\"text-align: justify;\">O movimento de queda no n\u00famero de acidentes, segundo Guedes, \u00e9 importante e significativo em raz\u00e3o do setor ser intensivo de m\u00e3o de obra e muito heterog\u00eaneo, com v\u00e1rios portes e tipos de empresas construtoras e tamb\u00e9m n\u00e3o construtoras \u2013 formadas por pessoas que n\u00e3o s\u00e3o organizadas, mas praticam a atividade da constru\u00e7\u00e3o \u2013, o que reflete no tamanho do setor.<\/p>\n<p style=\"text-align: justify;\"><img fetchpriority=\"high\" decoding=\"async\" class=\"size-large wp-image-8568 aligncenter\" src=\"http:\/\/seconci.com.br\/site\/wp-content\/uploads\/2019\/07\/Acidentes_Setor_Constru\u00e7\u00e3o-1024x628.jpg\" alt=\"\" width=\"640\" height=\"393\" srcset=\"https:\/\/seconci.com.br\/site\/wp-content\/uploads\/2019\/07\/Acidentes_Setor_Constru\u00e7\u00e3o-1024x628.jpg 1024w, https:\/\/seconci.com.br\/site\/wp-content\/uploads\/2019\/07\/Acidentes_Setor_Constru\u00e7\u00e3o-300x184.jpg 300w, https:\/\/seconci.com.br\/site\/wp-content\/uploads\/2019\/07\/Acidentes_Setor_Constru\u00e7\u00e3o-768x471.jpg 768w, https:\/\/seconci.com.br\/site\/wp-content\/uploads\/2019\/07\/Acidentes_Setor_Constru\u00e7\u00e3o-600x368.jpg 600w, https:\/\/seconci.com.br\/site\/wp-content\/uploads\/2019\/07\/Acidentes_Setor_Constru\u00e7\u00e3o.jpg 1280w\" sizes=\"(max-width: 640px) 100vw, 640px\" \/><\/p>\n<h1 style=\"text-align: justify;\"><strong>APESAR DA QUEDA, INFORMALIDADE AINDA PESA NEGATIVAMENTE NOS \u00cdNDICES DE ACIDENTES DO SETOR<\/strong><\/h1>\n<p style=\"text-align: justify;\">Para a C\u00e2mara Brasileira da Ind\u00fastria da Constru\u00e7\u00e3o (CB\u00a9, os n\u00fameros poderiam ser melhores se as atividades da constru\u00e7\u00e3o fossem realizadas apenas pelas empresas formais.<\/p>\n<p style=\"text-align: justify;\">A ind\u00fastria da constru\u00e7\u00e3o \u00e9 respons\u00e1vel pela constru\u00e7\u00e3o de pequenas, m\u00e9dias e grandes obras de infraestrutura nacional, de programas habitacionais como o Minha Casa, Minha Vida (MCMV) e pela expans\u00e3o do mercado imobili\u00e1rio nacional.<\/p>\n<p style=\"text-align: justify;\">No entanto, a realiza\u00e7\u00e3o de atividades de constru\u00e7\u00e3o por pessoas que n\u00e3o s\u00e3o empresas construtoras, tra\u00e7o marcante da informalidade, \u00e9 uma realidade preocupante por influenciar negativamente o resultado dos \u00edndices.<\/p>\n<p style=\"text-align: justify;\">S\u00e3o empresas e pessoas que atuam no setor e contratam trabalhadores sem treinamento e capacita\u00e7\u00e3o necess\u00e1rios, executando tarefas sem no\u00e7\u00f5es b\u00e1sicas de seguran\u00e7a e sa\u00fade, e, por consequ\u00eancia, acabam gerando graves acidentes e impedindo o setor de alcan\u00e7ar a meta de \u201cacidentes zero\u201d.<\/p>\n<p style=\"text-align: justify;\">\u201cO trabalhador \u00e9 o nosso grande patrim\u00f4nio e temos de cuidar bem dele. Esse \u00e9 um assunto estrat\u00e9gico para o nosso setor j\u00e1 h\u00e1 muito tempo\u201d, aponta Jos\u00e9 Carlos Martins, presidente da CBIC.<\/p>\n<p style=\"text-align: justify;\">\u201cTemos trabalhado no enraizamento de uma cultura de preven\u00e7\u00e3o, mostrando ao setor que \u00e9 poss\u00edvel antever riscos e melhorar procedimentos com vistas a conquistar canteiros mais seguros e trabalhadores mais saud\u00e1veis e esses resultados impulsionam esse esfor\u00e7o\u201d, afirma Martins.<\/p>\n<p style=\"text-align: justify;\">Para mudar esse cen\u00e1rio, a CBIC defende o engajamento de todos os entes envolvidos, incluindo a administra\u00e7\u00e3o p\u00fablica, no combate \u00e0 informalidade.<\/p>\n<p style=\"text-align: justify;\"><strong>\u201cAdemais, as entidades do setor precisam ter acesso \u00e0s informa\u00e7\u00f5es detalhadas do governo sobre acidentes de trabalho, seus motivos e consequ\u00eancias, para trabalhar em a\u00e7\u00f5es cada vez mais efetivas, atacando diretamente as causas dos problemas\u201d, pontua Fernando Guedes.<\/strong><\/p>\n<p style=\"text-align: justify;\"><img decoding=\"async\" class=\"size-full wp-image-8569 aligncenter\" src=\"http:\/\/seconci.com.br\/site\/wp-content\/uploads\/2019\/07\/CPRT2.jpeg\" alt=\"\" width=\"1024\" height=\"1024\" srcset=\"https:\/\/seconci.com.br\/site\/wp-content\/uploads\/2019\/07\/CPRT2.jpeg 1024w, https:\/\/seconci.com.br\/site\/wp-content\/uploads\/2019\/07\/CPRT2-150x150.jpeg 150w, https:\/\/seconci.com.br\/site\/wp-content\/uploads\/2019\/07\/CPRT2-300x300.jpeg 300w, https:\/\/seconci.com.br\/site\/wp-content\/uploads\/2019\/07\/CPRT2-768x768.jpeg 768w, https:\/\/seconci.com.br\/site\/wp-content\/uploads\/2019\/07\/CPRT2-600x600.jpeg 600w, https:\/\/seconci.com.br\/site\/wp-content\/uploads\/2019\/07\/CPRT2-100x100.jpeg 100w\" sizes=\"(max-width: 1024px) 100vw, 1024px\" \/><\/p>\n<h1 style=\"text-align: justify;\"><strong>A ORIGEM DO DIA NACIONAL DE PREVEN\u00c7\u00c3O DE ACIDENTES DE TRABALHO<\/strong><\/h1>\n<p style=\"text-align: justify;\">S\u00edmbolo da luta dos trabalhadores brasileiros por melhorias nas condi\u00e7\u00f5es de seguran\u00e7a e sa\u00fade no trabalho, o\u00a0<strong>Dia Nacional de Preven\u00e7\u00e3o de Acidentes de Trabalho<\/strong>\u00a0surgiu em 1972 e foi institu\u00eddo pelo ent\u00e3o Minist\u00e9rio do Trabalho, por meio da:<\/p>\n<ul style=\"text-align: justify;\">\n<li>Portaria n\u00ba 3236\/72, que criou o Plano Nacional de Valoriza\u00e7\u00e3o do Trabalhador, e<\/li>\n<li>Portaria n\u00ba 3237\/72, que tornou obrigat\u00f3ria a exist\u00eancia de servi\u00e7os de medicina do trabalho e seguran\u00e7a do trabalho nas empresas.<\/li>\n<\/ul>\n<p style=\"text-align: justify;\">Ali surgiam as primeiras regras do ordenamento jur\u00eddico sobre preven\u00e7\u00e3o de acidentes no trabalho, de \u00e2mbito nacional e abrangente.<\/p>\n<p style=\"text-align: justify;\">Desde ent\u00e3o, um conjunto de medidas legislativas foram aplicadas em todo o pa\u00eds para garantir prote\u00e7\u00e3o e direito aos trabalhadores.<\/p>\n","protected":false},"excerpt":{"rendered":"<p>| Ag\u00eancia Cbic | Para celebrar o\u00a0Dia Nacional de Preven\u00e7\u00e3o de Acidentes de Trabalho, comemorado no s\u00e1bado (27\/07), a C\u00e2mara Brasileira da Ind\u00fastria da Constru\u00e7\u00e3o (CBIC), por meio da sua Comiss\u00e3o de Pol\u00edtica de Rela\u00e7\u00f5es Trabalhistas (CPRT), lan\u00e7a nesta sexta-feira (26\/07) a s\u00e9rie \u2019SST na Ind\u00fastria da Constru\u00e7\u00e3o\u2019, j\u00e1 destacando as a\u00e7\u00f5es desenvolvidas nacionalmente pela [&hellip;]<\/p>\n","protected":false},"author":3,"featured_media":8570,"comment_status":"closed","ping_status":"closed","sticky":false,"template":"","format":"standard","meta":{"footnotes":""},"categories":[92],"tags":[],"class_list":["post-8567","post","type-post","status-publish","format-standard","has-post-thumbnail","hentry","category-seconci-brasil"],"yoast_head":"<!-- This site is optimized with the Yoast SEO plugin v26.9 - https:\/\/yoast.com\/product\/yoast-seo-wordpress\/ -->\n<title>CBIC lan\u00e7a s\u00e9rie sobre SST na Ind\u00fastria da Constru\u00e7\u00e3o - Seconci Brasil<\/title>\n<meta name=\"robots\" content=\"index, follow, max-snippet:-1, max-image-preview:large, max-video-preview:-1\" \/>\n<link rel=\"canonical\" href=\"https:\/\/seconci.com.br\/site\/2019\/07\/29\/cbic-lanca-serie-sobre-sst-na-industria-da-construcao\/\" \/>\n<meta property=\"og:locale\" content=\"pt_PT\" \/>\n<meta property=\"og:type\" content=\"article\" \/>\n<meta property=\"og:title\" content=\"CBIC lan\u00e7a s\u00e9rie sobre SST na Ind\u00fastria da Constru\u00e7\u00e3o - Seconci Brasil\" \/>\n<meta property=\"og:description\" content=\"| Ag\u00eancia Cbic | Para celebrar o\u00a0Dia Nacional de Preven\u00e7\u00e3o de Acidentes de Trabalho, comemorado no s\u00e1bado (27\/07), a C\u00e2mara Brasileira da Ind\u00fastria da Constru\u00e7\u00e3o (CBIC), por meio da sua Comiss\u00e3o de Pol\u00edtica de Rela\u00e7\u00f5es Trabalhistas (CPRT), lan\u00e7a nesta sexta-feira (26\/07) a s\u00e9rie \u2019SST na Ind\u00fastria da Constru\u00e7\u00e3o\u2019, j\u00e1 destacando as a\u00e7\u00f5es desenvolvidas nacionalmente pela [&hellip;]\" \/>\n<meta property=\"og:url\" content=\"https:\/\/seconci.com.br\/site\/2019\/07\/29\/cbic-lanca-serie-sobre-sst-na-industria-da-construcao\/\" \/>\n<meta property=\"og:site_name\" content=\"Seconci Brasil\" \/>\n<meta property=\"article:published_time\" content=\"2019-07-29T11:23:38+00:00\" \/>\n<meta property=\"article:modified_time\" content=\"2019-07-29T11:24:18+00:00\" \/>\n<meta property=\"og:image\" content=\"https:\/\/seconci.com.br\/site\/wp-content\/uploads\/2019\/07\/Seguran\u00e7a-e-Sa\u00fade-no-trabalho-1.2_Prancheta-1.jpg\" \/>\n\t<meta property=\"og:image:width\" content=\"3234\" \/>\n\t<meta property=\"og:image:height\" content=\"3200\" \/>\n\t<meta property=\"og:image:type\" content=\"image\/jpeg\" \/>\n<meta name=\"author\" content=\"Sidney Rocha\" \/>\n<meta name=\"twitter:card\" content=\"summary_large_image\" \/>\n<meta name=\"twitter:label1\" content=\"Escrito por\" \/>\n\t<meta name=\"twitter:data1\" content=\"Sidney Rocha\" \/>\n\t<meta name=\"twitter:label2\" content=\"Tempo estimado de leitura\" \/>\n\t<meta name=\"twitter:data2\" content=\"6 minutos\" \/>\n<script type=\"application\/ld+json\" class=\"yoast-schema-graph\">{\"@context\":\"https:\/\/schema.org\",\"@graph\":[{\"@type\":\"Article\",\"@id\":\"https:\/\/seconci.com.br\/site\/2019\/07\/29\/cbic-lanca-serie-sobre-sst-na-industria-da-construcao\/#article\",\"isPartOf\":{\"@id\":\"https:\/\/seconci.com.br\/site\/2019\/07\/29\/cbic-lanca-serie-sobre-sst-na-industria-da-construcao\/\"},\"author\":{\"name\":\"Sidney Rocha\",\"@id\":\"https:\/\/seconci.com.br\/site\/#\/schema\/person\/1d79afd97ddc8f2c68c1e88e298aa8e2\"},\"headline\":\"CBIC lan\u00e7a s\u00e9rie sobre SST na Ind\u00fastria da Constru\u00e7\u00e3o\",\"datePublished\":\"2019-07-29T11:23:38+00:00\",\"dateModified\":\"2019-07-29T11:24:18+00:00\",\"mainEntityOfPage\":{\"@id\":\"https:\/\/seconci.com.br\/site\/2019\/07\/29\/cbic-lanca-serie-sobre-sst-na-industria-da-construcao\/\"},\"wordCount\":1130,\"publisher\":{\"@id\":\"https:\/\/seconci.com.br\/site\/#organization\"},\"image\":{\"@id\":\"https:\/\/seconci.com.br\/site\/2019\/07\/29\/cbic-lanca-serie-sobre-sst-na-industria-da-construcao\/#primaryimage\"},\"thumbnailUrl\":\"https:\/\/seconci.com.br\/site\/wp-content\/uploads\/2019\/07\/Seguran\u00e7a-e-Sa\u00fade-no-trabalho-1.2_Prancheta-1.jpg\",\"articleSection\":[\"Seconci Brasil\"],\"inLanguage\":\"pt-PT\"},{\"@type\":\"WebPage\",\"@id\":\"https:\/\/seconci.com.br\/site\/2019\/07\/29\/cbic-lanca-serie-sobre-sst-na-industria-da-construcao\/\",\"url\":\"https:\/\/seconci.com.br\/site\/2019\/07\/29\/cbic-lanca-serie-sobre-sst-na-industria-da-construcao\/\",\"name\":\"CBIC lan\u00e7a s\u00e9rie sobre SST na Ind\u00fastria da Constru\u00e7\u00e3o - Seconci Brasil\",\"isPartOf\":{\"@id\":\"https:\/\/seconci.com.br\/site\/#website\"},\"primaryImageOfPage\":{\"@id\":\"https:\/\/seconci.com.br\/site\/2019\/07\/29\/cbic-lanca-serie-sobre-sst-na-industria-da-construcao\/#primaryimage\"},\"image\":{\"@id\":\"https:\/\/seconci.com.br\/site\/2019\/07\/29\/cbic-lanca-serie-sobre-sst-na-industria-da-construcao\/#primaryimage\"},\"thumbnailUrl\":\"https:\/\/seconci.com.br\/site\/wp-content\/uploads\/2019\/07\/Seguran\u00e7a-e-Sa\u00fade-no-trabalho-1.2_Prancheta-1.jpg\",\"datePublished\":\"2019-07-29T11:23:38+00:00\",\"dateModified\":\"2019-07-29T11:24:18+00:00\",\"breadcrumb\":{\"@id\":\"https:\/\/seconci.com.br\/site\/2019\/07\/29\/cbic-lanca-serie-sobre-sst-na-industria-da-construcao\/#breadcrumb\"},\"inLanguage\":\"pt-PT\",\"potentialAction\":[{\"@type\":\"ReadAction\",\"target\":[\"https:\/\/seconci.com.br\/site\/2019\/07\/29\/cbic-lanca-serie-sobre-sst-na-industria-da-construcao\/\"]}]},{\"@type\":\"ImageObject\",\"inLanguage\":\"pt-PT\",\"@id\":\"https:\/\/seconci.com.br\/site\/2019\/07\/29\/cbic-lanca-serie-sobre-sst-na-industria-da-construcao\/#primaryimage\",\"url\":\"https:\/\/seconci.com.br\/site\/wp-content\/uploads\/2019\/07\/Seguran\u00e7a-e-Sa\u00fade-no-trabalho-1.2_Prancheta-1.jpg\",\"contentUrl\":\"https:\/\/seconci.com.br\/site\/wp-content\/uploads\/2019\/07\/Seguran\u00e7a-e-Sa\u00fade-no-trabalho-1.2_Prancheta-1.jpg\",\"width\":3234,\"height\":3200},{\"@type\":\"BreadcrumbList\",\"@id\":\"https:\/\/seconci.com.br\/site\/2019\/07\/29\/cbic-lanca-serie-sobre-sst-na-industria-da-construcao\/#breadcrumb\",\"itemListElement\":[{\"@type\":\"ListItem\",\"position\":1,\"name\":\"In\u00edcio\",\"item\":\"https:\/\/seconci.com.br\/site\/\"},{\"@type\":\"ListItem\",\"position\":2,\"name\":\"CBIC lan\u00e7a s\u00e9rie sobre SST na Ind\u00fastria da Constru\u00e7\u00e3o\"}]},{\"@type\":\"WebSite\",\"@id\":\"https:\/\/seconci.com.br\/site\/#website\",\"url\":\"https:\/\/seconci.com.br\/site\/\",\"name\":\"Seconci Brasil\",\"description\":\"\",\"publisher\":{\"@id\":\"https:\/\/seconci.com.br\/site\/#organization\"},\"potentialAction\":[{\"@type\":\"SearchAction\",\"target\":{\"@type\":\"EntryPoint\",\"urlTemplate\":\"https:\/\/seconci.com.br\/site\/?s={search_term_string}\"},\"query-input\":{\"@type\":\"PropertyValueSpecification\",\"valueRequired\":true,\"valueName\":\"search_term_string\"}}],\"inLanguage\":\"pt-PT\"},{\"@type\":\"Organization\",\"@id\":\"https:\/\/seconci.com.br\/site\/#organization\",\"name\":\"Seconci Brasil\",\"url\":\"https:\/\/seconci.com.br\/site\/\",\"logo\":{\"@type\":\"ImageObject\",\"inLanguage\":\"pt-PT\",\"@id\":\"https:\/\/seconci.com.br\/site\/#\/schema\/logo\/image\/\",\"url\":\"https:\/\/seconci.com.br\/site\/wp-content\/uploads\/2024\/08\/Logo-Seconci-Brasil-branca-2.png\",\"contentUrl\":\"https:\/\/seconci.com.br\/site\/wp-content\/uploads\/2024\/08\/Logo-Seconci-Brasil-branca-2.png\",\"width\":1315,\"height\":598,\"caption\":\"Seconci Brasil\"},\"image\":{\"@id\":\"https:\/\/seconci.com.br\/site\/#\/schema\/logo\/image\/\"}},{\"@type\":\"Person\",\"@id\":\"https:\/\/seconci.com.br\/site\/#\/schema\/person\/1d79afd97ddc8f2c68c1e88e298aa8e2\",\"name\":\"Sidney Rocha\",\"description\":\"Comunicador e estagi\u00e1rio do Seconci Brasil.\",\"url\":\"https:\/\/seconci.com.br\/site\/author\/sidney-rocha\/\"}]}<\/script>\n<!-- \/ Yoast SEO plugin. -->","yoast_head_json":{"title":"CBIC lan\u00e7a s\u00e9rie sobre SST na Ind\u00fastria da Constru\u00e7\u00e3o - Seconci Brasil","robots":{"index":"index","follow":"follow","max-snippet":"max-snippet:-1","max-image-preview":"max-image-preview:large","max-video-preview":"max-video-preview:-1"},"canonical":"https:\/\/seconci.com.br\/site\/2019\/07\/29\/cbic-lanca-serie-sobre-sst-na-industria-da-construcao\/","og_locale":"pt_PT","og_type":"article","og_title":"CBIC lan\u00e7a s\u00e9rie sobre SST na Ind\u00fastria da Constru\u00e7\u00e3o - Seconci Brasil","og_description":"| Ag\u00eancia Cbic | Para celebrar o\u00a0Dia Nacional de Preven\u00e7\u00e3o de Acidentes de Trabalho, comemorado no s\u00e1bado (27\/07), a C\u00e2mara Brasileira da Ind\u00fastria da Constru\u00e7\u00e3o (CBIC), por meio da sua Comiss\u00e3o de Pol\u00edtica de Rela\u00e7\u00f5es Trabalhistas (CPRT), lan\u00e7a nesta sexta-feira (26\/07) a s\u00e9rie \u2019SST na Ind\u00fastria da Constru\u00e7\u00e3o\u2019, j\u00e1 destacando as a\u00e7\u00f5es desenvolvidas nacionalmente pela [&hellip;]","og_url":"https:\/\/seconci.com.br\/site\/2019\/07\/29\/cbic-lanca-serie-sobre-sst-na-industria-da-construcao\/","og_site_name":"Seconci Brasil","article_published_time":"2019-07-29T11:23:38+00:00","article_modified_time":"2019-07-29T11:24:18+00:00","og_image":[{"width":3234,"height":3200,"url":"https:\/\/seconci.com.br\/site\/wp-content\/uploads\/2019\/07\/Seguran\u00e7a-e-Sa\u00fade-no-trabalho-1.2_Prancheta-1.jpg","type":"image\/jpeg"}],"author":"Sidney Rocha","twitter_card":"summary_large_image","twitter_misc":{"Escrito por":"Sidney Rocha","Tempo estimado de leitura":"6 minutos"},"schema":{"@context":"https:\/\/schema.org","@graph":[{"@type":"Article","@id":"https:\/\/seconci.com.br\/site\/2019\/07\/29\/cbic-lanca-serie-sobre-sst-na-industria-da-construcao\/#article","isPartOf":{"@id":"https:\/\/seconci.com.br\/site\/2019\/07\/29\/cbic-lanca-serie-sobre-sst-na-industria-da-construcao\/"},"author":{"name":"Sidney Rocha","@id":"https:\/\/seconci.com.br\/site\/#\/schema\/person\/1d79afd97ddc8f2c68c1e88e298aa8e2"},"headline":"CBIC lan\u00e7a s\u00e9rie sobre SST na Ind\u00fastria da Constru\u00e7\u00e3o","datePublished":"2019-07-29T11:23:38+00:00","dateModified":"2019-07-29T11:24:18+00:00","mainEntityOfPage":{"@id":"https:\/\/seconci.com.br\/site\/2019\/07\/29\/cbic-lanca-serie-sobre-sst-na-industria-da-construcao\/"},"wordCount":1130,"publisher":{"@id":"https:\/\/seconci.com.br\/site\/#organization"},"image":{"@id":"https:\/\/seconci.com.br\/site\/2019\/07\/29\/cbic-lanca-serie-sobre-sst-na-industria-da-construcao\/#primaryimage"},"thumbnailUrl":"https:\/\/seconci.com.br\/site\/wp-content\/uploads\/2019\/07\/Seguran\u00e7a-e-Sa\u00fade-no-trabalho-1.2_Prancheta-1.jpg","articleSection":["Seconci Brasil"],"inLanguage":"pt-PT"},{"@type":"WebPage","@id":"https:\/\/seconci.com.br\/site\/2019\/07\/29\/cbic-lanca-serie-sobre-sst-na-industria-da-construcao\/","url":"https:\/\/seconci.com.br\/site\/2019\/07\/29\/cbic-lanca-serie-sobre-sst-na-industria-da-construcao\/","name":"CBIC lan\u00e7a s\u00e9rie sobre SST na Ind\u00fastria da Constru\u00e7\u00e3o - Seconci Brasil","isPartOf":{"@id":"https:\/\/seconci.com.br\/site\/#website"},"primaryImageOfPage":{"@id":"https:\/\/seconci.com.br\/site\/2019\/07\/29\/cbic-lanca-serie-sobre-sst-na-industria-da-construcao\/#primaryimage"},"image":{"@id":"https:\/\/seconci.com.br\/site\/2019\/07\/29\/cbic-lanca-serie-sobre-sst-na-industria-da-construcao\/#primaryimage"},"thumbnailUrl":"https:\/\/seconci.com.br\/site\/wp-content\/uploads\/2019\/07\/Seguran\u00e7a-e-Sa\u00fade-no-trabalho-1.2_Prancheta-1.jpg","datePublished":"2019-07-29T11:23:38+00:00","dateModified":"2019-07-29T11:24:18+00:00","breadcrumb":{"@id":"https:\/\/seconci.com.br\/site\/2019\/07\/29\/cbic-lanca-serie-sobre-sst-na-industria-da-construcao\/#breadcrumb"},"inLanguage":"pt-PT","potentialAction":[{"@type":"ReadAction","target":["https:\/\/seconci.com.br\/site\/2019\/07\/29\/cbic-lanca-serie-sobre-sst-na-industria-da-construcao\/"]}]},{"@type":"ImageObject","inLanguage":"pt-PT","@id":"https:\/\/seconci.com.br\/site\/2019\/07\/29\/cbic-lanca-serie-sobre-sst-na-industria-da-construcao\/#primaryimage","url":"https:\/\/seconci.com.br\/site\/wp-content\/uploads\/2019\/07\/Seguran\u00e7a-e-Sa\u00fade-no-trabalho-1.2_Prancheta-1.jpg","contentUrl":"https:\/\/seconci.com.br\/site\/wp-content\/uploads\/2019\/07\/Seguran\u00e7a-e-Sa\u00fade-no-trabalho-1.2_Prancheta-1.jpg","width":3234,"height":3200},{"@type":"BreadcrumbList","@id":"https:\/\/seconci.com.br\/site\/2019\/07\/29\/cbic-lanca-serie-sobre-sst-na-industria-da-construcao\/#breadcrumb","itemListElement":[{"@type":"ListItem","position":1,"name":"In\u00edcio","item":"https:\/\/seconci.com.br\/site\/"},{"@type":"ListItem","position":2,"name":"CBIC lan\u00e7a s\u00e9rie sobre SST na Ind\u00fastria da Constru\u00e7\u00e3o"}]},{"@type":"WebSite","@id":"https:\/\/seconci.com.br\/site\/#website","url":"https:\/\/seconci.com.br\/site\/","name":"Seconci Brasil","description":"","publisher":{"@id":"https:\/\/seconci.com.br\/site\/#organization"},"potentialAction":[{"@type":"SearchAction","target":{"@type":"EntryPoint","urlTemplate":"https:\/\/seconci.com.br\/site\/?s={search_term_string}"},"query-input":{"@type":"PropertyValueSpecification","valueRequired":true,"valueName":"search_term_string"}}],"inLanguage":"pt-PT"},{"@type":"Organization","@id":"https:\/\/seconci.com.br\/site\/#organization","name":"Seconci Brasil","url":"https:\/\/seconci.com.br\/site\/","logo":{"@type":"ImageObject","inLanguage":"pt-PT","@id":"https:\/\/seconci.com.br\/site\/#\/schema\/logo\/image\/","url":"https:\/\/seconci.com.br\/site\/wp-content\/uploads\/2024\/08\/Logo-Seconci-Brasil-branca-2.png","contentUrl":"https:\/\/seconci.com.br\/site\/wp-content\/uploads\/2024\/08\/Logo-Seconci-Brasil-branca-2.png","width":1315,"height":598,"caption":"Seconci Brasil"},"image":{"@id":"https:\/\/seconci.com.br\/site\/#\/schema\/logo\/image\/"}},{"@type":"Person","@id":"https:\/\/seconci.com.br\/site\/#\/schema\/person\/1d79afd97ddc8f2c68c1e88e298aa8e2","name":"Sidney Rocha","description":"Comunicador e estagi\u00e1rio do Seconci Brasil.","url":"https:\/\/seconci.com.br\/site\/author\/sidney-rocha\/"}]}},"_links":{"self":[{"href":"https:\/\/seconci.com.br\/site\/wp-json\/wp\/v2\/posts\/8567","targetHints":{"allow":["GET"]}}],"collection":[{"href":"https:\/\/seconci.com.br\/site\/wp-json\/wp\/v2\/posts"}],"about":[{"href":"https:\/\/seconci.com.br\/site\/wp-json\/wp\/v2\/types\/post"}],"author":[{"embeddable":true,"href":"https:\/\/seconci.com.br\/site\/wp-json\/wp\/v2\/users\/3"}],"replies":[{"embeddable":true,"href":"https:\/\/seconci.com.br\/site\/wp-json\/wp\/v2\/comments?post=8567"}],"version-history":[{"count":0,"href":"https:\/\/seconci.com.br\/site\/wp-json\/wp\/v2\/posts\/8567\/revisions"}],"wp:featuredmedia":[{"embeddable":true,"href":"https:\/\/seconci.com.br\/site\/wp-json\/wp\/v2\/media\/8570"}],"wp:attachment":[{"href":"https:\/\/seconci.com.br\/site\/wp-json\/wp\/v2\/media?parent=8567"}],"wp:term":[{"taxonomy":"category","embeddable":true,"href":"https:\/\/seconci.com.br\/site\/wp-json\/wp\/v2\/categories?post=8567"},{"taxonomy":"post_tag","embeddable":true,"href":"https:\/\/seconci.com.br\/site\/wp-json\/wp\/v2\/tags?post=8567"}],"curies":[{"name":"wp","href":"https:\/\/api.w.org\/{rel}","templated":true}]}}