{"id":8574,"date":"2019-07-31T11:36:33","date_gmt":"2019-07-31T11:36:33","guid":{"rendered":"https:\/\/seconci.com.br\/site\/?p=8574"},"modified":"2019-07-31T11:36:33","modified_gmt":"2019-07-31T11:36:33","slug":"governo-moderniza-normas-regulamentadoras-de-seguranca-e-saude-no-trabalho","status":"publish","type":"post","link":"https:\/\/seconci.com.br\/site\/2019\/07\/31\/governo-moderniza-normas-regulamentadoras-de-seguranca-e-saude-no-trabalho\/","title":{"rendered":"Governo moderniza Normas Regulamentadoras de Seguran\u00e7a e Sa\u00fade no Trabalho"},"content":{"rendered":"<p style=\"text-align: justify;\">| Ag\u00eancia Cbic |<\/p>\n<p style=\"text-align: justify;\">O governo federal lan\u00e7ou nesta ter\u00e7a-feira (30), no Pal\u00e1cio do Planalto, um amplo processo de atualiza\u00e7\u00e3o de regras que regulam o universo trabalhista brasileiro. Foram anunciadas a moderniza\u00e7\u00e3o de tr\u00eas das 36 Normas Regulamentadoras (NRs) de Seguran\u00e7a e Sa\u00fade no Trabalho. Para o presidente da C\u00e2mara Brasileira da Ind\u00fastria da Constru\u00e7\u00e3o (CBIC), Jos\u00e9 Carlos Martins, as\u00a0<strong>medidas devem garantir a seguran\u00e7a do trabalhador e regras mais claras e racionais, capazes de estimular a economia e gerar mais empregos<\/strong>.<\/p>\n<p style=\"text-align: justify;\">\u201cAcreditamos que as atualiza\u00e7\u00f5es apresentadas hoje envolvendo as NRs 1, 2 e 12 preservam a seguran\u00e7a e a sa\u00fade do trabalhador e aumentam a competitividade das empresas brasileiras e d\u00e3o uma mostra do que est\u00e1 por vir.\u00a0<strong>A pr\u00f3xima que vai entrar em consulta p\u00fablica \u00e9 a NR 18, que trata da constru\u00e7\u00e3o civil,<\/strong>\u00a0e dever\u00e1 representar um grande avan\u00e7o para o setor\u201d, afirmou Martins, ao fim da solenidade.<\/p>\n<p style=\"text-align: justify;\">A NR 1, que trata das disposi\u00e7\u00f5es gerais sobre sa\u00fade e seguran\u00e7a no trabalho; e a NR 12, que disp\u00f5e sobre a seguran\u00e7a na opera\u00e7\u00e3o de m\u00e1quinas e equipamentos, tiveram a reda\u00e7\u00e3o modernizada, com regras menos r\u00edgidas. A NR 2, que previa inspe\u00e7\u00f5es pr\u00e9vias, foi revogada.<\/p>\n<p style=\"text-align: justify;\">As revis\u00f5es e a revoga\u00e7\u00e3o ocorreram ap\u00f3s os debates promovidos desde fevereiro pela Comiss\u00e3o Tripartite Parit\u00e1ria Permanente (CTPP), presidida pelo Minist\u00e9rio da Economia. Segundo a Pasta, nos tr\u00eas casos houve consenso integral entre o governo, trabalhadores e empregadores, alinhando os textos \u00e0s melhores pr\u00e1ticas internacionais de di\u00e1logo social e de normas de sa\u00fade e seguran\u00e7a no trabalho.<\/p>\n<p style=\"text-align: justify;\">\u201cNossa preocupa\u00e7\u00e3o desde sempre foi preservar a seguran\u00e7a e a sa\u00fade do trabalhador, mas ao mesmo tempo retirar os entulhos burocr\u00e1ticos que atrapalham quem empreende nesse pa\u00eds. Essa situa\u00e7\u00e3o n\u00e3o podia continuar. N\u00e3o \u00e9 \u00e0 toa que se fala de custo Brasil\u201d, explicou o secret\u00e1rio Especial de Previd\u00eancia e Trabalho do Minist\u00e9rio da Economia, Rog\u00e9rio Marinho.<\/p>\n<p style=\"text-align: justify;\">As novas normas de seguran\u00e7a e sa\u00fade do trabalho, sancionadas pelo presidente Jair Bolsonaro,\u00a0<strong>gerar\u00e3o economia de pelo menos R$ 68 bilh\u00f5es nos pr\u00f3ximos dez anos<\/strong>, segundo estimativa da Secretaria de Pol\u00edtica Econ\u00f4mica (SPE) do Minist\u00e9rio da Economia. Al\u00e9m de Bolsonaro, a solenidade contou com o ministro-chefe da Casa Civil, Onyx Lorenzoni, e o ministro da Economia, Paulo Guedes, al\u00e9m de secret\u00e1rios de governo, parlamentares, representantes de entidades do setor produtivo e empres\u00e1rios.<\/p>\n<h2 style=\"text-align: justify;\">Racionaliza\u00e7\u00e3o<\/h2>\n<p style=\"text-align: justify;\">A Norma Regulamentadora n\u00ba 12, de seguran\u00e7a do trabalho em m\u00e1quinas e equipamentos, foi criada na d\u00e9cada de 1970, com sua \u00faltima revis\u00e3o em 2010. Para a comiss\u00e3o tripartite, o texto de nove anos atr\u00e1s \u00e9 complexo, de dif\u00edcil execu\u00e7\u00e3o e n\u00e3o est\u00e1 alinhado aos padr\u00f5es internacionais de prote\u00e7\u00e3o de m\u00e1quinas. Al\u00e9m disso, onera as empresas com imposi\u00e7\u00f5es que n\u00e3o contribuem para proteger o trabalhador e gera inseguran\u00e7a jur\u00eddica devido \u00e0s d\u00favidas sobre sua correta aplica\u00e7\u00e3o.<\/p>\n<p style=\"text-align: justify;\">Existem at\u00e9 mesmo casos de perda de garantia pelo fabricante em decorr\u00eancia de adultera\u00e7\u00f5es no maquin\u00e1rio original. Por esses motivos, decidiu-se revisar a norma. Estudo realizado pela Secretaria de Pol\u00edtica Econ\u00f4mica (SPE) do Minist\u00e9rio da Economia aponta que a revis\u00e3o da NR 12 poder\u00e1 reduzir at\u00e9 R$ 43,4 bilh\u00f5es em custos para o agregado da ind\u00fastria, refletindo em aumento entre 0,5% e 1% da produ\u00e7\u00e3o industrial.<\/p>\n<p style=\"text-align: justify;\">A Associa\u00e7\u00e3o Brasileira das Ind\u00fastrias de Cal\u00e7ados (Abical\u00e7ados) realizou estudo comparativo entre os textos de 2010 e o proposto este ano. A entidade estimou uma economia de mais de R$ 450 milh\u00f5es para o setor cal\u00e7adista com a atualiza\u00e7\u00e3o da norma. J\u00e1 o setor de prote\u00edna animal prev\u00ea, apenas nos estabelecimentos com Servi\u00e7os de Inspe\u00e7\u00e3o Federal (SIF), haver\u00e1 redu\u00e7\u00e3o nas despesas superior a R$ 5 bilh\u00f5es.<\/p>\n<h2 style=\"text-align: justify;\">Burocracia e treinamento<\/h2>\n<p style=\"text-align: justify;\">A nova NR 1 deixa o texto mais harm\u00f4nico e moderno, com medidas que reduzir\u00e3o a burocracia e o custo Brasil. Sem retirar a prote\u00e7\u00e3o aos trabalhadores, vai beneficiar especialmente microempresas e empresas de pequeno porte. Construiu-se, por exemplo, um cap\u00edtulo voltado para capacita\u00e7\u00e3o, mat\u00e9ria que estava prevista em 232 itens, subitens, al\u00edneas ou incisos de NRs.<\/p>\n<p style=\"text-align: justify;\">Com a nova reda\u00e7\u00e3o da NR 1 ser\u00e1 permitido, por exemplo, o aproveitamento total e parcial de treinamentos quando um trabalhador muda de emprego dentro da mesma atividade. A medida deve gerar uma economia de R$ 2 bilh\u00f5es no per\u00edodo de dois anos.<\/p>\n<p style=\"text-align: justify;\">A NR2, sobre inspe\u00e7\u00e3o pr\u00e9via, tinha reda\u00e7\u00e3o de 1983, da antiga Secretaria de Seguran\u00e7a e Medicina do Trabalho. Exigia uma inspe\u00e7\u00e3o do Trabalho pr\u00e9via at\u00e9 para abrir uma simples loja em um shopping. A revoga\u00e7\u00e3o diminui burocracia e reduz a interven\u00e7\u00e3o estatal na iniciativa privada.<\/p>\n<h2 style=\"text-align: justify;\">Redu\u00e7\u00e3o de acidentes<\/h2>\n<p style=\"text-align: justify;\">Acordos de coopera\u00e7\u00e3o t\u00e9cnica entre a Secretaria Especial de Trabalho e Previd\u00eancia (SEPRT) do Minist\u00e9rio da Economia e as federa\u00e7\u00f5es das ind\u00fastrias do Estado do Rio de Janeiro (Firjan), do Estado de S\u00e3o Paulo (Fiesp) e do Estado de Santa Catarina (Fiesc) estabelecem o desenvolvimento de a\u00e7\u00f5es conjuntas em seguran\u00e7a e sa\u00fade no trabalho. Trata-se de projeto piloto que poder\u00e1 ganhar novos parceiros nos pr\u00f3ximos meses, sempre com foco na redu\u00e7\u00e3o de acidentes no trabalho e de doen\u00e7as ocupacionais.<\/p>\n<p style=\"text-align: justify;\">Ainda neste ano, ser\u00e1 iniciada a revis\u00e3o da Pol\u00edtica Nacional de Seguran\u00e7a e Sa\u00fade no Trabalho, estabelecida pelo Decreto n\u00ba 7.602, de 7 de novembro de 2011, buscando construir uma estrat\u00e9gia nacional para redu\u00e7\u00e3o de acidentes.<\/p>\n<p style=\"text-align: justify;\">Por fim, a Secretaria de Trabalho prop\u00f5e a edi\u00e7\u00e3o de decreto para dispor sobre o Conselho Nacional do Trabalho e a Comiss\u00e3o Tripartite Parit\u00e1ria Permanente, de forma a viabilizar o di\u00e1logo social com empregadores e trabalhadores no que se refere \u00e0s rela\u00e7\u00f5es de trabalho e \u00e0s normas de seguran\u00e7a e sa\u00fade no trabalho.<\/p>\n<p style=\"text-align: justify;\"><em>Com informa\u00e7\u00f5es do\u00a0<a href=\"http:\/\/trabalho.gov.br\/component\/content\/article?id=7187\">Minist\u00e9rio da Economia<\/a>\u00a0e da Ag\u00eancia Brasil<\/em><\/p>\n","protected":false},"excerpt":{"rendered":"<p>| Ag\u00eancia Cbic | O governo federal lan\u00e7ou nesta ter\u00e7a-feira (30), no Pal\u00e1cio do Planalto, um amplo processo de atualiza\u00e7\u00e3o de regras que regulam o universo trabalhista brasileiro. Foram anunciadas a moderniza\u00e7\u00e3o de tr\u00eas das 36 Normas Regulamentadoras (NRs) de Seguran\u00e7a e Sa\u00fade no Trabalho. Para o presidente da C\u00e2mara Brasileira da Ind\u00fastria da Constru\u00e7\u00e3o [&hellip;]<\/p>\n","protected":false},"author":3,"featured_media":8575,"comment_status":"closed","ping_status":"closed","sticky":false,"template":"","format":"standard","meta":{"footnotes":""},"categories":[92],"tags":[],"class_list":["post-8574","post","type-post","status-publish","format-standard","has-post-thumbnail","hentry","category-seconci-brasil"],"yoast_head":"<!-- This site is optimized with the Yoast SEO plugin v26.9 - https:\/\/yoast.com\/product\/yoast-seo-wordpress\/ -->\n<title>Governo moderniza Normas Regulamentadoras de Seguran\u00e7a e Sa\u00fade no Trabalho - Seconci Brasil<\/title>\n<meta name=\"robots\" content=\"index, follow, max-snippet:-1, max-image-preview:large, max-video-preview:-1\" \/>\n<link rel=\"canonical\" href=\"https:\/\/seconci.com.br\/site\/2019\/07\/31\/governo-moderniza-normas-regulamentadoras-de-seguranca-e-saude-no-trabalho\/\" \/>\n<meta property=\"og:locale\" content=\"pt_PT\" \/>\n<meta property=\"og:type\" content=\"article\" \/>\n<meta property=\"og:title\" content=\"Governo moderniza Normas Regulamentadoras de Seguran\u00e7a e Sa\u00fade no Trabalho - Seconci Brasil\" \/>\n<meta property=\"og:description\" content=\"| Ag\u00eancia Cbic | O governo federal lan\u00e7ou nesta ter\u00e7a-feira (30), no Pal\u00e1cio do Planalto, um amplo processo de atualiza\u00e7\u00e3o de regras que regulam o universo trabalhista brasileiro. Foram anunciadas a moderniza\u00e7\u00e3o de tr\u00eas das 36 Normas Regulamentadoras (NRs) de Seguran\u00e7a e Sa\u00fade no Trabalho. Para o presidente da C\u00e2mara Brasileira da Ind\u00fastria da Constru\u00e7\u00e3o [&hellip;]\" \/>\n<meta property=\"og:url\" content=\"https:\/\/seconci.com.br\/site\/2019\/07\/31\/governo-moderniza-normas-regulamentadoras-de-seguranca-e-saude-no-trabalho\/\" \/>\n<meta property=\"og:site_name\" content=\"Seconci Brasil\" \/>\n<meta property=\"article:published_time\" content=\"2019-07-31T11:36:33+00:00\" \/>\n<meta property=\"og:image\" content=\"https:\/\/seconci.com.br\/site\/wp-content\/uploads\/2019\/07\/planalto-sst.jpg\" \/>\n\t<meta property=\"og:image:width\" content=\"1024\" \/>\n\t<meta property=\"og:image:height\" content=\"730\" \/>\n\t<meta property=\"og:image:type\" content=\"image\/jpeg\" \/>\n<meta name=\"author\" content=\"Sidney Rocha\" \/>\n<meta name=\"twitter:card\" content=\"summary_large_image\" \/>\n<meta name=\"twitter:label1\" content=\"Escrito por\" \/>\n\t<meta name=\"twitter:data1\" content=\"Sidney Rocha\" \/>\n\t<meta name=\"twitter:label2\" content=\"Tempo estimado de leitura\" \/>\n\t<meta name=\"twitter:data2\" content=\"5 minutos\" \/>\n<script type=\"application\/ld+json\" class=\"yoast-schema-graph\">{\"@context\":\"https:\/\/schema.org\",\"@graph\":[{\"@type\":\"Article\",\"@id\":\"https:\/\/seconci.com.br\/site\/2019\/07\/31\/governo-moderniza-normas-regulamentadoras-de-seguranca-e-saude-no-trabalho\/#article\",\"isPartOf\":{\"@id\":\"https:\/\/seconci.com.br\/site\/2019\/07\/31\/governo-moderniza-normas-regulamentadoras-de-seguranca-e-saude-no-trabalho\/\"},\"author\":{\"name\":\"Sidney Rocha\",\"@id\":\"https:\/\/seconci.com.br\/site\/#\/schema\/person\/1d79afd97ddc8f2c68c1e88e298aa8e2\"},\"headline\":\"Governo moderniza Normas Regulamentadoras de Seguran\u00e7a e Sa\u00fade no Trabalho\",\"datePublished\":\"2019-07-31T11:36:33+00:00\",\"mainEntityOfPage\":{\"@id\":\"https:\/\/seconci.com.br\/site\/2019\/07\/31\/governo-moderniza-normas-regulamentadoras-de-seguranca-e-saude-no-trabalho\/\"},\"wordCount\":1057,\"publisher\":{\"@id\":\"https:\/\/seconci.com.br\/site\/#organization\"},\"image\":{\"@id\":\"https:\/\/seconci.com.br\/site\/2019\/07\/31\/governo-moderniza-normas-regulamentadoras-de-seguranca-e-saude-no-trabalho\/#primaryimage\"},\"thumbnailUrl\":\"https:\/\/seconci.com.br\/site\/wp-content\/uploads\/2019\/07\/planalto-sst.jpg\",\"articleSection\":[\"Seconci Brasil\"],\"inLanguage\":\"pt-PT\"},{\"@type\":\"WebPage\",\"@id\":\"https:\/\/seconci.com.br\/site\/2019\/07\/31\/governo-moderniza-normas-regulamentadoras-de-seguranca-e-saude-no-trabalho\/\",\"url\":\"https:\/\/seconci.com.br\/site\/2019\/07\/31\/governo-moderniza-normas-regulamentadoras-de-seguranca-e-saude-no-trabalho\/\",\"name\":\"Governo moderniza Normas Regulamentadoras de Seguran\u00e7a e Sa\u00fade no Trabalho - Seconci Brasil\",\"isPartOf\":{\"@id\":\"https:\/\/seconci.com.br\/site\/#website\"},\"primaryImageOfPage\":{\"@id\":\"https:\/\/seconci.com.br\/site\/2019\/07\/31\/governo-moderniza-normas-regulamentadoras-de-seguranca-e-saude-no-trabalho\/#primaryimage\"},\"image\":{\"@id\":\"https:\/\/seconci.com.br\/site\/2019\/07\/31\/governo-moderniza-normas-regulamentadoras-de-seguranca-e-saude-no-trabalho\/#primaryimage\"},\"thumbnailUrl\":\"https:\/\/seconci.com.br\/site\/wp-content\/uploads\/2019\/07\/planalto-sst.jpg\",\"datePublished\":\"2019-07-31T11:36:33+00:00\",\"breadcrumb\":{\"@id\":\"https:\/\/seconci.com.br\/site\/2019\/07\/31\/governo-moderniza-normas-regulamentadoras-de-seguranca-e-saude-no-trabalho\/#breadcrumb\"},\"inLanguage\":\"pt-PT\",\"potentialAction\":[{\"@type\":\"ReadAction\",\"target\":[\"https:\/\/seconci.com.br\/site\/2019\/07\/31\/governo-moderniza-normas-regulamentadoras-de-seguranca-e-saude-no-trabalho\/\"]}]},{\"@type\":\"ImageObject\",\"inLanguage\":\"pt-PT\",\"@id\":\"https:\/\/seconci.com.br\/site\/2019\/07\/31\/governo-moderniza-normas-regulamentadoras-de-seguranca-e-saude-no-trabalho\/#primaryimage\",\"url\":\"https:\/\/seconci.com.br\/site\/wp-content\/uploads\/2019\/07\/planalto-sst.jpg\",\"contentUrl\":\"https:\/\/seconci.com.br\/site\/wp-content\/uploads\/2019\/07\/planalto-sst.jpg\",\"width\":1024,\"height\":730},{\"@type\":\"BreadcrumbList\",\"@id\":\"https:\/\/seconci.com.br\/site\/2019\/07\/31\/governo-moderniza-normas-regulamentadoras-de-seguranca-e-saude-no-trabalho\/#breadcrumb\",\"itemListElement\":[{\"@type\":\"ListItem\",\"position\":1,\"name\":\"In\u00edcio\",\"item\":\"https:\/\/seconci.com.br\/site\/\"},{\"@type\":\"ListItem\",\"position\":2,\"name\":\"Governo moderniza Normas Regulamentadoras de Seguran\u00e7a e Sa\u00fade no Trabalho\"}]},{\"@type\":\"WebSite\",\"@id\":\"https:\/\/seconci.com.br\/site\/#website\",\"url\":\"https:\/\/seconci.com.br\/site\/\",\"name\":\"Seconci Brasil\",\"description\":\"\",\"publisher\":{\"@id\":\"https:\/\/seconci.com.br\/site\/#organization\"},\"potentialAction\":[{\"@type\":\"SearchAction\",\"target\":{\"@type\":\"EntryPoint\",\"urlTemplate\":\"https:\/\/seconci.com.br\/site\/?s={search_term_string}\"},\"query-input\":{\"@type\":\"PropertyValueSpecification\",\"valueRequired\":true,\"valueName\":\"search_term_string\"}}],\"inLanguage\":\"pt-PT\"},{\"@type\":\"Organization\",\"@id\":\"https:\/\/seconci.com.br\/site\/#organization\",\"name\":\"Seconci Brasil\",\"url\":\"https:\/\/seconci.com.br\/site\/\",\"logo\":{\"@type\":\"ImageObject\",\"inLanguage\":\"pt-PT\",\"@id\":\"https:\/\/seconci.com.br\/site\/#\/schema\/logo\/image\/\",\"url\":\"https:\/\/seconci.com.br\/site\/wp-content\/uploads\/2024\/08\/Logo-Seconci-Brasil-branca-2.png\",\"contentUrl\":\"https:\/\/seconci.com.br\/site\/wp-content\/uploads\/2024\/08\/Logo-Seconci-Brasil-branca-2.png\",\"width\":1315,\"height\":598,\"caption\":\"Seconci Brasil\"},\"image\":{\"@id\":\"https:\/\/seconci.com.br\/site\/#\/schema\/logo\/image\/\"}},{\"@type\":\"Person\",\"@id\":\"https:\/\/seconci.com.br\/site\/#\/schema\/person\/1d79afd97ddc8f2c68c1e88e298aa8e2\",\"name\":\"Sidney Rocha\",\"description\":\"Comunicador e estagi\u00e1rio do Seconci Brasil.\",\"url\":\"https:\/\/seconci.com.br\/site\/author\/sidney-rocha\/\"}]}<\/script>\n<!-- \/ Yoast SEO plugin. -->","yoast_head_json":{"title":"Governo moderniza Normas Regulamentadoras de Seguran\u00e7a e Sa\u00fade no Trabalho - Seconci Brasil","robots":{"index":"index","follow":"follow","max-snippet":"max-snippet:-1","max-image-preview":"max-image-preview:large","max-video-preview":"max-video-preview:-1"},"canonical":"https:\/\/seconci.com.br\/site\/2019\/07\/31\/governo-moderniza-normas-regulamentadoras-de-seguranca-e-saude-no-trabalho\/","og_locale":"pt_PT","og_type":"article","og_title":"Governo moderniza Normas Regulamentadoras de Seguran\u00e7a e Sa\u00fade no Trabalho - Seconci Brasil","og_description":"| Ag\u00eancia Cbic | O governo federal lan\u00e7ou nesta ter\u00e7a-feira (30), no Pal\u00e1cio do Planalto, um amplo processo de atualiza\u00e7\u00e3o de regras que regulam o universo trabalhista brasileiro. Foram anunciadas a moderniza\u00e7\u00e3o de tr\u00eas das 36 Normas Regulamentadoras (NRs) de Seguran\u00e7a e Sa\u00fade no Trabalho. Para o presidente da C\u00e2mara Brasileira da Ind\u00fastria da Constru\u00e7\u00e3o [&hellip;]","og_url":"https:\/\/seconci.com.br\/site\/2019\/07\/31\/governo-moderniza-normas-regulamentadoras-de-seguranca-e-saude-no-trabalho\/","og_site_name":"Seconci Brasil","article_published_time":"2019-07-31T11:36:33+00:00","og_image":[{"width":1024,"height":730,"url":"https:\/\/seconci.com.br\/site\/wp-content\/uploads\/2019\/07\/planalto-sst.jpg","type":"image\/jpeg"}],"author":"Sidney Rocha","twitter_card":"summary_large_image","twitter_misc":{"Escrito por":"Sidney Rocha","Tempo estimado de leitura":"5 minutos"},"schema":{"@context":"https:\/\/schema.org","@graph":[{"@type":"Article","@id":"https:\/\/seconci.com.br\/site\/2019\/07\/31\/governo-moderniza-normas-regulamentadoras-de-seguranca-e-saude-no-trabalho\/#article","isPartOf":{"@id":"https:\/\/seconci.com.br\/site\/2019\/07\/31\/governo-moderniza-normas-regulamentadoras-de-seguranca-e-saude-no-trabalho\/"},"author":{"name":"Sidney Rocha","@id":"https:\/\/seconci.com.br\/site\/#\/schema\/person\/1d79afd97ddc8f2c68c1e88e298aa8e2"},"headline":"Governo moderniza Normas Regulamentadoras de Seguran\u00e7a e Sa\u00fade no Trabalho","datePublished":"2019-07-31T11:36:33+00:00","mainEntityOfPage":{"@id":"https:\/\/seconci.com.br\/site\/2019\/07\/31\/governo-moderniza-normas-regulamentadoras-de-seguranca-e-saude-no-trabalho\/"},"wordCount":1057,"publisher":{"@id":"https:\/\/seconci.com.br\/site\/#organization"},"image":{"@id":"https:\/\/seconci.com.br\/site\/2019\/07\/31\/governo-moderniza-normas-regulamentadoras-de-seguranca-e-saude-no-trabalho\/#primaryimage"},"thumbnailUrl":"https:\/\/seconci.com.br\/site\/wp-content\/uploads\/2019\/07\/planalto-sst.jpg","articleSection":["Seconci Brasil"],"inLanguage":"pt-PT"},{"@type":"WebPage","@id":"https:\/\/seconci.com.br\/site\/2019\/07\/31\/governo-moderniza-normas-regulamentadoras-de-seguranca-e-saude-no-trabalho\/","url":"https:\/\/seconci.com.br\/site\/2019\/07\/31\/governo-moderniza-normas-regulamentadoras-de-seguranca-e-saude-no-trabalho\/","name":"Governo moderniza Normas Regulamentadoras de Seguran\u00e7a e Sa\u00fade no Trabalho - Seconci Brasil","isPartOf":{"@id":"https:\/\/seconci.com.br\/site\/#website"},"primaryImageOfPage":{"@id":"https:\/\/seconci.com.br\/site\/2019\/07\/31\/governo-moderniza-normas-regulamentadoras-de-seguranca-e-saude-no-trabalho\/#primaryimage"},"image":{"@id":"https:\/\/seconci.com.br\/site\/2019\/07\/31\/governo-moderniza-normas-regulamentadoras-de-seguranca-e-saude-no-trabalho\/#primaryimage"},"thumbnailUrl":"https:\/\/seconci.com.br\/site\/wp-content\/uploads\/2019\/07\/planalto-sst.jpg","datePublished":"2019-07-31T11:36:33+00:00","breadcrumb":{"@id":"https:\/\/seconci.com.br\/site\/2019\/07\/31\/governo-moderniza-normas-regulamentadoras-de-seguranca-e-saude-no-trabalho\/#breadcrumb"},"inLanguage":"pt-PT","potentialAction":[{"@type":"ReadAction","target":["https:\/\/seconci.com.br\/site\/2019\/07\/31\/governo-moderniza-normas-regulamentadoras-de-seguranca-e-saude-no-trabalho\/"]}]},{"@type":"ImageObject","inLanguage":"pt-PT","@id":"https:\/\/seconci.com.br\/site\/2019\/07\/31\/governo-moderniza-normas-regulamentadoras-de-seguranca-e-saude-no-trabalho\/#primaryimage","url":"https:\/\/seconci.com.br\/site\/wp-content\/uploads\/2019\/07\/planalto-sst.jpg","contentUrl":"https:\/\/seconci.com.br\/site\/wp-content\/uploads\/2019\/07\/planalto-sst.jpg","width":1024,"height":730},{"@type":"BreadcrumbList","@id":"https:\/\/seconci.com.br\/site\/2019\/07\/31\/governo-moderniza-normas-regulamentadoras-de-seguranca-e-saude-no-trabalho\/#breadcrumb","itemListElement":[{"@type":"ListItem","position":1,"name":"In\u00edcio","item":"https:\/\/seconci.com.br\/site\/"},{"@type":"ListItem","position":2,"name":"Governo moderniza Normas Regulamentadoras de Seguran\u00e7a e Sa\u00fade no Trabalho"}]},{"@type":"WebSite","@id":"https:\/\/seconci.com.br\/site\/#website","url":"https:\/\/seconci.com.br\/site\/","name":"Seconci Brasil","description":"","publisher":{"@id":"https:\/\/seconci.com.br\/site\/#organization"},"potentialAction":[{"@type":"SearchAction","target":{"@type":"EntryPoint","urlTemplate":"https:\/\/seconci.com.br\/site\/?s={search_term_string}"},"query-input":{"@type":"PropertyValueSpecification","valueRequired":true,"valueName":"search_term_string"}}],"inLanguage":"pt-PT"},{"@type":"Organization","@id":"https:\/\/seconci.com.br\/site\/#organization","name":"Seconci Brasil","url":"https:\/\/seconci.com.br\/site\/","logo":{"@type":"ImageObject","inLanguage":"pt-PT","@id":"https:\/\/seconci.com.br\/site\/#\/schema\/logo\/image\/","url":"https:\/\/seconci.com.br\/site\/wp-content\/uploads\/2024\/08\/Logo-Seconci-Brasil-branca-2.png","contentUrl":"https:\/\/seconci.com.br\/site\/wp-content\/uploads\/2024\/08\/Logo-Seconci-Brasil-branca-2.png","width":1315,"height":598,"caption":"Seconci Brasil"},"image":{"@id":"https:\/\/seconci.com.br\/site\/#\/schema\/logo\/image\/"}},{"@type":"Person","@id":"https:\/\/seconci.com.br\/site\/#\/schema\/person\/1d79afd97ddc8f2c68c1e88e298aa8e2","name":"Sidney Rocha","description":"Comunicador e estagi\u00e1rio do Seconci Brasil.","url":"https:\/\/seconci.com.br\/site\/author\/sidney-rocha\/"}]}},"_links":{"self":[{"href":"https:\/\/seconci.com.br\/site\/wp-json\/wp\/v2\/posts\/8574","targetHints":{"allow":["GET"]}}],"collection":[{"href":"https:\/\/seconci.com.br\/site\/wp-json\/wp\/v2\/posts"}],"about":[{"href":"https:\/\/seconci.com.br\/site\/wp-json\/wp\/v2\/types\/post"}],"author":[{"embeddable":true,"href":"https:\/\/seconci.com.br\/site\/wp-json\/wp\/v2\/users\/3"}],"replies":[{"embeddable":true,"href":"https:\/\/seconci.com.br\/site\/wp-json\/wp\/v2\/comments?post=8574"}],"version-history":[{"count":0,"href":"https:\/\/seconci.com.br\/site\/wp-json\/wp\/v2\/posts\/8574\/revisions"}],"wp:featuredmedia":[{"embeddable":true,"href":"https:\/\/seconci.com.br\/site\/wp-json\/wp\/v2\/media\/8575"}],"wp:attachment":[{"href":"https:\/\/seconci.com.br\/site\/wp-json\/wp\/v2\/media?parent=8574"}],"wp:term":[{"taxonomy":"category","embeddable":true,"href":"https:\/\/seconci.com.br\/site\/wp-json\/wp\/v2\/categories?post=8574"},{"taxonomy":"post_tag","embeddable":true,"href":"https:\/\/seconci.com.br\/site\/wp-json\/wp\/v2\/tags?post=8574"}],"curies":[{"name":"wp","href":"https:\/\/api.w.org\/{rel}","templated":true}]}}