{"id":8577,"date":"2019-07-31T11:39:26","date_gmt":"2019-07-31T11:39:26","guid":{"rendered":"https:\/\/seconci.com.br\/site\/?p=8577"},"modified":"2019-07-31T11:39:26","modified_gmt":"2019-07-31T11:39:26","slug":"industria-da-construcao-e-sua-atuacao-na-defesa-do-dialogo-sobre-sst","status":"publish","type":"post","link":"https:\/\/seconci.com.br\/site\/2019\/07\/31\/industria-da-construcao-e-sua-atuacao-na-defesa-do-dialogo-sobre-sst\/","title":{"rendered":"Ind\u00fastria da constru\u00e7\u00e3o e sua atua\u00e7\u00e3o na defesa do di\u00e1logo sobre SST"},"content":{"rendered":"<p style=\"text-align: justify;\">| Ag\u00eancia Cbic |<\/p>\n<p style=\"text-align: justify;\">H\u00e1 mais de 25 anos a ind\u00fastria da constru\u00e7\u00e3o, por meio da C\u00e2mara Brasileira da Ind\u00fastria da Constru\u00e7\u00e3o (CBIC), tem atuado na defesa do di\u00e1logo tripartite no setor sobre quest\u00f5es relacionadas a seguran\u00e7a e sa\u00fade do trabalhador da constru\u00e7\u00e3o civil. A iniciativa j\u00e1 resultou, inclusive, na redu\u00e7\u00e3o do n\u00famero de acidentes de trabalho nos canteiros de obras. Esse n\u00famero s\u00f3 n\u00e3o \u00e9 maior em raz\u00e3o do alto \u00edndice de informalidade no setor, que \u00e9 de 62% do total dos ocupados na constru\u00e7\u00e3o civil, conforme dados da Pesquisa Nacional por Amostra de Domic\u00edlio Cont\u00ednua (Pnad Cont\u00ednua) do primeiro trimestre de 2019, divulgada pelo IBGE.<\/p>\n<p style=\"text-align: justify;\">Sempre atenta \u00e0s quest\u00f5es de Seguran\u00e7a e Sa\u00fade no Trabalho (SST), a s\u00e9rie \u2018SST na Ind\u00fastria da Constru\u00e7\u00e3o\u2019 d\u00e1 continuidade \u00e0 divulga\u00e7\u00e3o das a\u00e7\u00f5es do setor, ressaltando na edi\u00e7\u00e3o de hoje (30\/07) a atua\u00e7\u00e3o permanente na discuss\u00e3o das quest\u00f5es relacionadas \u00e0 SST nos f\u00f3runs nacionais.<\/p>\n<h2 style=\"text-align: justify;\">Di\u00e1logo Tripartite na busca do entendimento<\/h2>\n<figure id=\"attachment_38917\" class=\"wp-caption aligncenter\" style=\"text-align: justify;\" aria-describedby=\"caption-attachment-38917\"><img fetchpriority=\"high\" decoding=\"async\" class=\"wp-image-38917 size-full\" src=\"https:\/\/cbic.org.br\/wp-content\/uploads\/2019\/07\/WhatsApp-Image-2019-07-30-at-19.16.59.jpeg\" sizes=\"(max-width: 1280px) 100vw, 1280px\" srcset=\"https:\/\/cbic.org.br\/wp-content\/uploads\/2019\/07\/WhatsApp-Image-2019-07-30-at-19.16.59.jpeg 1280w, https:\/\/cbic.org.br\/wp-content\/uploads\/2019\/07\/WhatsApp-Image-2019-07-30-at-19.16.59-300x206.jpeg 300w, https:\/\/cbic.org.br\/wp-content\/uploads\/2019\/07\/WhatsApp-Image-2019-07-30-at-19.16.59-768x527.jpeg 768w, https:\/\/cbic.org.br\/wp-content\/uploads\/2019\/07\/WhatsApp-Image-2019-07-30-at-19.16.59-1024x703.jpeg 1024w, https:\/\/cbic.org.br\/wp-content\/uploads\/2019\/07\/WhatsApp-Image-2019-07-30-at-19.16.59-379x259.jpeg 379w, https:\/\/cbic.org.br\/wp-content\/uploads\/2019\/07\/WhatsApp-Image-2019-07-30-at-19.16.59-437x300.jpeg 437w, https:\/\/cbic.org.br\/wp-content\/uploads\/2019\/07\/WhatsApp-Image-2019-07-30-at-19.16.59-874x600.jpeg 874w\" alt=\"\" width=\"1280\" height=\"879\" \/><figcaption id=\"caption-attachment-38917\" class=\"wp-caption-text\">Representantes dos Trabalhadores e Empregadores do setor da constru\u00e7\u00e3o e o ent\u00e3o ministro do Trabalho, Carlos Lupi<\/figcaption><\/figure>\n<p style=\"text-align: justify;\">Uma das pessoas que mais contribu\u00edram para a hist\u00f3ria do di\u00e1logo tripartite no setor da constru\u00e7\u00e3o foi o engenheiro Ant\u00f4nio Carlos Mendes Gomes (in memoriam), que presidiu por 17 anos (1997 a 2014) a Comiss\u00e3o de Pol\u00edtica de Rela\u00e7\u00f5es Trabalhistas (CPRT) da CBIC. \u201cSeu maior legado foi o di\u00e1logo. Nos ensinou muito sobre a busca do entendimento\u201d, recorda o presidente da CBIC, Jos\u00e9 Carlos Martins. \u201cFoi ele quem trouxe as centrais sindicais para uma mesa de negocia\u00e7\u00e3o com o setor. Tenho muito a agradecer a ele por tudo o que a entidade conquistou nessa linha do di\u00e1logo\u201d, completa Martins.<\/p>\n<p style=\"text-align: justify;\">O di\u00e1logo tripartite no setor da constru\u00e7\u00e3o teve in\u00edcio em 1995 com a institui\u00e7\u00e3o do\u00a0<a href=\"http:\/\/www.cpn-nr18.com.br\/acoes\">Comit\u00ea Permanente Nacional (CPN) sobre Condi\u00e7\u00f5es e Meio Ambiente de Trabalho na Ind\u00fastria da Constru\u00e7\u00e3o<\/a>, provocado pelos representantes Yves Mifano (Secovi-SP) e Ant\u00f4nio Carlos Mendes Gomes (CBIC).<\/p>\n<figure id=\"attachment_38914\" class=\"wp-caption alignleft\" style=\"text-align: justify;\" aria-describedby=\"caption-attachment-38914\"><img decoding=\"async\" class=\"wp-image-38914 size-medium\" src=\"https:\/\/cbic.org.br\/wp-content\/uploads\/2019\/07\/DSC_4772-199x300.jpg\" sizes=\"(max-width: 199px) 100vw, 199px\" srcset=\"https:\/\/cbic.org.br\/wp-content\/uploads\/2019\/07\/DSC_4772-199x300.jpg 199w, https:\/\/cbic.org.br\/wp-content\/uploads\/2019\/07\/DSC_4772-768x1156.jpg 768w, https:\/\/cbic.org.br\/wp-content\/uploads\/2019\/07\/DSC_4772-680x1024.jpg 680w, https:\/\/cbic.org.br\/wp-content\/uploads\/2019\/07\/DSC_4772-130x195.jpg 130w, https:\/\/cbic.org.br\/wp-content\/uploads\/2019\/07\/DSC_4772-300x450.jpg 300w, https:\/\/cbic.org.br\/wp-content\/uploads\/2019\/07\/DSC_4772-414x621.jpg 414w, https:\/\/cbic.org.br\/wp-content\/uploads\/2019\/07\/DSC_4772-399x600.jpg 399w\" alt=\"\" width=\"199\" height=\"300\" \/><figcaption id=\"caption-attachment-38914\" class=\"wp-caption-text\">Yves Mifano (Secovi-SP)<\/figcaption><\/figure>\n<p style=\"text-align: justify;\">\u201cFoi fundamental a cria\u00e7\u00e3o do CPN, em 1995, porque, at\u00e9 ent\u00e3o, as normas eram feitas apenas pelo governo e tinham um vi\u00e9s contra os empres\u00e1rios\u201d, destaca Yves Mifano, conselheiro Nato do Secovi-SP. De l\u00e1 para c\u00e1, caiu bastante o \u00edndice de acidentes nas obras. O problema \u00e9 que tem muitas empresas informais, que \u00e9 onde acontece o grosso dos acidentes, que n\u00e3o sofrem fiscaliza\u00e7\u00e3o alguma. Ou seja, aumentaram as exig\u00eancias para as empresas formais e as informais n\u00e3o sofrem fiscaliza\u00e7\u00e3o alguma\u201d, aponta Yves Mifano.<\/p>\n<p style=\"text-align: justify;\">Criado pelo ent\u00e3o Minist\u00e9rio do Trabalho e Emprego, no \u00e2mbito da Norma Regulamentadora n\u00ba 18 \u2013 Condi\u00e7\u00f5es e Meio Ambiente de Trabalho na Ind\u00fastria da Constru\u00e7\u00e3o, a atua\u00e7\u00e3o do CPN se deu de forma tripartite, com a participa\u00e7\u00e3o das bancadas do governo, dos empregadores e dos trabalhadores.<\/p>\n<p style=\"text-align: justify;\">Seu principal objetivo sempre foi a melhoria das condi\u00e7\u00f5es de sa\u00fade e seguran\u00e7a nos canteiros de obras, por meio da implementa\u00e7\u00e3o de medidas de controle e sistemas preventivos de seguran\u00e7a nos processos, nas condi\u00e7\u00f5es e no meio ambiente de trabalho na Ind\u00fastria da Constru\u00e7\u00e3o.<\/p>\n<p style=\"text-align: justify;\">Com o novo Governo, o CPN Constru\u00e7\u00e3o acabou formalmente no in\u00edcio deste ano. \u201cO CPN Constru\u00e7\u00e3o, mais antigo no Brasil, serviu de modelo para as demais categorias. Funcionou bem at\u00e9 2018, quando foi extinto\u201d, menciona Haruo Ishikawa, lembrando que o \u00fanico comit\u00ea tripartite que permanece \u00e9 a Comiss\u00e3o Tripartite Parit\u00e1ria Permanente (CTPP), que engloba toda a ind\u00fastria.<\/p>\n<p style=\"text-align: justify;\">Outra mudan\u00e7a \u00e9 a atualiza\u00e7\u00e3o das NRs, dentre elas a NR-18, proposta pelo governo Bolsonaro. O lan\u00e7amento da Moderniza\u00e7\u00e3o das Normas Regulamentadoras de Seguran\u00e7a e Sa\u00fade no Trabalho e a consolida\u00e7\u00e3o e simplifica\u00e7\u00e3o de decretos trabalhistas aconteceu nesta ter\u00e7a-feira (30\/07), no Pal\u00e1cio do Planalto, em Bras\u00edlia, e contou com a presen\u00e7a do presidente da CBIC, Jos\u00e9 Carlos Martins. Segundo o governo, essas medidas v\u00e3o garantir a seguran\u00e7a do trabalhador e regras mais claras e racionais, capazes de estimular a economia e gerar mais empregos.<\/p>\n<p style=\"text-align: justify;\">\u201cAcho que a simplifica\u00e7\u00e3o das NRs vai ajudar a evoluir a quest\u00e3o da Seguran\u00e7a e Sa\u00fade no Trabalho. A constru\u00e7\u00e3o \u00e9 protagonista do emprego, mas do emprego seguro\u201d, ressalta Haruo Ishikawa, destacando que o setor trabalha a quest\u00e3o de SST e conta com o apoio dos Seconcis na \u00e1rea de implementa\u00e7\u00e3o da sa\u00fade. \u201cInvestir em seguran\u00e7a d\u00e1 lucro e n\u00e3o preju\u00edzo para as empresas\u201d, defende.<\/p>\n<p style=\"text-align: justify;\"><img decoding=\"async\" class=\"aligncenter wp-image-38908 size-full\" src=\"https:\/\/cbic.org.br\/wp-content\/uploads\/2019\/07\/WhatsApp-Image-2019-07-30-at-18.53.36-1.jpeg\" sizes=\"(max-width: 1280px) 100vw, 1280px\" srcset=\"https:\/\/cbic.org.br\/wp-content\/uploads\/2019\/07\/WhatsApp-Image-2019-07-30-at-18.53.36-1.jpeg 1280w, https:\/\/cbic.org.br\/wp-content\/uploads\/2019\/07\/WhatsApp-Image-2019-07-30-at-18.53.36-1-300x238.jpeg 300w, https:\/\/cbic.org.br\/wp-content\/uploads\/2019\/07\/WhatsApp-Image-2019-07-30-at-18.53.36-1-768x608.jpeg 768w, https:\/\/cbic.org.br\/wp-content\/uploads\/2019\/07\/WhatsApp-Image-2019-07-30-at-18.53.36-1-1024x811.jpeg 1024w, https:\/\/cbic.org.br\/wp-content\/uploads\/2019\/07\/WhatsApp-Image-2019-07-30-at-18.53.36-1-379x300.jpeg 379w, https:\/\/cbic.org.br\/wp-content\/uploads\/2019\/07\/WhatsApp-Image-2019-07-30-at-18.53.36-1-757x600.jpeg 757w\" alt=\"\" width=\"1280\" height=\"1014\" \/><\/p>\n<h2 style=\"text-align: justify;\"><strong>CBIC participa de Mesa Nacional da Ind\u00fastria da Constru\u00e7\u00e3o<\/strong><\/h2>\n<p style=\"text-align: justify;\">Em 2012, em raz\u00e3o dos s\u00e9rios problemas ocorridos com trabalhadores do setor da constru\u00e7\u00e3o pesada nos canteiros de obras das Usinas de Jirau e Santo Ant\u00f4nio, em Rond\u00f4nia, o governo federal instalou um novo instrumento: a Mesa Nacional, em busca de um novo di\u00e1logo tripartite.<\/p>\n<p style=\"text-align: justify;\">Apesar das discuss\u00f5es terem sido pautadas especialmente para as empresas da constru\u00e7\u00e3o pesada, a CBIC tamb\u00e9m esteve presente e se posicionou no sentido de que as regras que estavam sendo discutidas naquele f\u00f3rum n\u00e3o poderiam ser aplicadas \u00e0s empresas de constru\u00e7\u00e3o \u201cleve\u201d, por terem realidades distintas.<\/p>\n<p style=\"text-align: justify;\">Na ocasi\u00e3o, foi firmado o Compromisso Nacional para Aperfei\u00e7oar as Condi\u00e7\u00f5es de Trabalho na Ind\u00fastria da Constru\u00e7\u00e3o, com a constitui\u00e7\u00e3o de tr\u00eas Grupos T\u00e9cnicos para:<\/p>\n<ul style=\"text-align: justify;\">\n<li>Elabora\u00e7\u00e3o do Regimento de funcionamento da Representa\u00e7\u00e3o Sindical no local de Trabalho e da formula\u00e7\u00e3o de indicadores de desempenho<\/li>\n<li>Debater quest\u00f5es espec\u00edficas das grandes obras (Sinicon\/Centrais\/Governo)<\/li>\n<li>Debater quest\u00f5es para as obras de menor porte (CBIC\/Centrais\/Governo)<\/li>\n<\/ul>\n<p style=\"text-align: justify;\">Um dos acordos firmados foi o que incluiu a cl\u00e1usula da Terceiriza\u00e7\u00e3o na Conven\u00e7\u00e3o Coletiva.<\/p>\n<h2 style=\"text-align: justify;\">Lembrando que\u2026<\/h2>\n<p style=\"text-align: justify;\">Conforme as divis\u00f5es 41, 42 e 43 da Classifica\u00e7\u00e3o Nacional de Atividade Econ\u00f4mica \u2013 CNAE 2, a atividade construtiva \u00e9 composta pelos seguintes segmentos:<\/p>\n<ul style=\"text-align: justify;\">\n<li>Constru\u00e7\u00e3o de edif\u00edcios \u2013 obras de edifica\u00e7\u00f5es ou residenciais e pelas de incorpora\u00e7\u00e3o de empreendimentos imobili\u00e1rios<\/li>\n<li>Constru\u00e7\u00e3o pesada ou obras de infraestrutura<\/li>\n<li>Servi\u00e7os especializado<\/li>\n<\/ul>\n<p style=\"text-align: justify;\"><img loading=\"lazy\" decoding=\"async\" class=\"aligncenter wp-image-38919 size-full\" src=\"https:\/\/cbic.org.br\/wp-content\/uploads\/2019\/07\/WhatsApp-Image-2019-07-30-at-19.18.06.jpeg\" sizes=\"(max-width: 1280px) 100vw, 1280px\" srcset=\"https:\/\/cbic.org.br\/wp-content\/uploads\/2019\/07\/WhatsApp-Image-2019-07-30-at-19.18.06.jpeg 1280w, https:\/\/cbic.org.br\/wp-content\/uploads\/2019\/07\/WhatsApp-Image-2019-07-30-at-19.18.06-300x107.jpeg 300w, https:\/\/cbic.org.br\/wp-content\/uploads\/2019\/07\/WhatsApp-Image-2019-07-30-at-19.18.06-768x275.jpeg 768w, https:\/\/cbic.org.br\/wp-content\/uploads\/2019\/07\/WhatsApp-Image-2019-07-30-at-19.18.06-1024x366.jpeg 1024w, https:\/\/cbic.org.br\/wp-content\/uploads\/2019\/07\/WhatsApp-Image-2019-07-30-at-19.18.06-475x170.jpeg 475w, https:\/\/cbic.org.br\/wp-content\/uploads\/2019\/07\/WhatsApp-Image-2019-07-30-at-19.18.06-950x340.jpeg 950w\" alt=\"\" width=\"1280\" height=\"458\" \/><\/p>\n<p style=\"text-align: justify;\">\n","protected":false},"excerpt":{"rendered":"<p>| Ag\u00eancia Cbic | H\u00e1 mais de 25 anos a ind\u00fastria da constru\u00e7\u00e3o, por meio da C\u00e2mara Brasileira da Ind\u00fastria da Constru\u00e7\u00e3o (CBIC), tem atuado na defesa do di\u00e1logo tripartite no setor sobre quest\u00f5es relacionadas a seguran\u00e7a e sa\u00fade do trabalhador da constru\u00e7\u00e3o civil. A iniciativa j\u00e1 resultou, inclusive, na redu\u00e7\u00e3o do n\u00famero de acidentes [&hellip;]<\/p>\n","protected":false},"author":3,"featured_media":8570,"comment_status":"closed","ping_status":"closed","sticky":false,"template":"","format":"standard","meta":{"footnotes":""},"categories":[92],"tags":[],"class_list":["post-8577","post","type-post","status-publish","format-standard","has-post-thumbnail","hentry","category-seconci-brasil"],"yoast_head":"<!-- This site is optimized with the Yoast SEO plugin v26.9 - https:\/\/yoast.com\/product\/yoast-seo-wordpress\/ -->\n<title>Ind\u00fastria da constru\u00e7\u00e3o e sua atua\u00e7\u00e3o na defesa do di\u00e1logo sobre SST - Seconci Brasil<\/title>\n<meta name=\"robots\" content=\"index, follow, max-snippet:-1, max-image-preview:large, max-video-preview:-1\" \/>\n<link rel=\"canonical\" href=\"https:\/\/seconci.com.br\/site\/2019\/07\/31\/industria-da-construcao-e-sua-atuacao-na-defesa-do-dialogo-sobre-sst\/\" \/>\n<meta property=\"og:locale\" content=\"pt_PT\" \/>\n<meta property=\"og:type\" content=\"article\" \/>\n<meta property=\"og:title\" content=\"Ind\u00fastria da constru\u00e7\u00e3o e sua atua\u00e7\u00e3o na defesa do di\u00e1logo sobre SST - Seconci Brasil\" \/>\n<meta property=\"og:description\" content=\"| Ag\u00eancia Cbic | H\u00e1 mais de 25 anos a ind\u00fastria da constru\u00e7\u00e3o, por meio da C\u00e2mara Brasileira da Ind\u00fastria da Constru\u00e7\u00e3o (CBIC), tem atuado na defesa do di\u00e1logo tripartite no setor sobre quest\u00f5es relacionadas a seguran\u00e7a e sa\u00fade do trabalhador da constru\u00e7\u00e3o civil. A iniciativa j\u00e1 resultou, inclusive, na redu\u00e7\u00e3o do n\u00famero de acidentes [&hellip;]\" \/>\n<meta property=\"og:url\" content=\"https:\/\/seconci.com.br\/site\/2019\/07\/31\/industria-da-construcao-e-sua-atuacao-na-defesa-do-dialogo-sobre-sst\/\" \/>\n<meta property=\"og:site_name\" content=\"Seconci Brasil\" \/>\n<meta property=\"article:published_time\" content=\"2019-07-31T11:39:26+00:00\" \/>\n<meta property=\"og:image\" content=\"https:\/\/seconci.com.br\/site\/wp-content\/uploads\/2019\/07\/Seguran\u00e7a-e-Sa\u00fade-no-trabalho-1.2_Prancheta-1.jpg\" \/>\n\t<meta property=\"og:image:width\" content=\"3234\" \/>\n\t<meta property=\"og:image:height\" content=\"3200\" \/>\n\t<meta property=\"og:image:type\" content=\"image\/jpeg\" \/>\n<meta name=\"author\" content=\"Sidney Rocha\" \/>\n<meta name=\"twitter:card\" content=\"summary_large_image\" \/>\n<meta name=\"twitter:label1\" content=\"Escrito por\" \/>\n\t<meta name=\"twitter:data1\" content=\"Sidney Rocha\" \/>\n\t<meta name=\"twitter:label2\" content=\"Tempo estimado de leitura\" \/>\n\t<meta name=\"twitter:data2\" content=\"5 minutos\" \/>\n<script type=\"application\/ld+json\" class=\"yoast-schema-graph\">{\"@context\":\"https:\/\/schema.org\",\"@graph\":[{\"@type\":\"Article\",\"@id\":\"https:\/\/seconci.com.br\/site\/2019\/07\/31\/industria-da-construcao-e-sua-atuacao-na-defesa-do-dialogo-sobre-sst\/#article\",\"isPartOf\":{\"@id\":\"https:\/\/seconci.com.br\/site\/2019\/07\/31\/industria-da-construcao-e-sua-atuacao-na-defesa-do-dialogo-sobre-sst\/\"},\"author\":{\"name\":\"Sidney Rocha\",\"@id\":\"https:\/\/seconci.com.br\/site\/#\/schema\/person\/1d79afd97ddc8f2c68c1e88e298aa8e2\"},\"headline\":\"Ind\u00fastria da constru\u00e7\u00e3o e sua atua\u00e7\u00e3o na defesa do di\u00e1logo sobre SST\",\"datePublished\":\"2019-07-31T11:39:26+00:00\",\"mainEntityOfPage\":{\"@id\":\"https:\/\/seconci.com.br\/site\/2019\/07\/31\/industria-da-construcao-e-sua-atuacao-na-defesa-do-dialogo-sobre-sst\/\"},\"wordCount\":1064,\"publisher\":{\"@id\":\"https:\/\/seconci.com.br\/site\/#organization\"},\"image\":{\"@id\":\"https:\/\/seconci.com.br\/site\/2019\/07\/31\/industria-da-construcao-e-sua-atuacao-na-defesa-do-dialogo-sobre-sst\/#primaryimage\"},\"thumbnailUrl\":\"https:\/\/seconci.com.br\/site\/wp-content\/uploads\/2019\/07\/Seguran\u00e7a-e-Sa\u00fade-no-trabalho-1.2_Prancheta-1.jpg\",\"articleSection\":[\"Seconci Brasil\"],\"inLanguage\":\"pt-PT\"},{\"@type\":\"WebPage\",\"@id\":\"https:\/\/seconci.com.br\/site\/2019\/07\/31\/industria-da-construcao-e-sua-atuacao-na-defesa-do-dialogo-sobre-sst\/\",\"url\":\"https:\/\/seconci.com.br\/site\/2019\/07\/31\/industria-da-construcao-e-sua-atuacao-na-defesa-do-dialogo-sobre-sst\/\",\"name\":\"Ind\u00fastria da constru\u00e7\u00e3o e sua atua\u00e7\u00e3o na defesa do di\u00e1logo sobre SST - Seconci Brasil\",\"isPartOf\":{\"@id\":\"https:\/\/seconci.com.br\/site\/#website\"},\"primaryImageOfPage\":{\"@id\":\"https:\/\/seconci.com.br\/site\/2019\/07\/31\/industria-da-construcao-e-sua-atuacao-na-defesa-do-dialogo-sobre-sst\/#primaryimage\"},\"image\":{\"@id\":\"https:\/\/seconci.com.br\/site\/2019\/07\/31\/industria-da-construcao-e-sua-atuacao-na-defesa-do-dialogo-sobre-sst\/#primaryimage\"},\"thumbnailUrl\":\"https:\/\/seconci.com.br\/site\/wp-content\/uploads\/2019\/07\/Seguran\u00e7a-e-Sa\u00fade-no-trabalho-1.2_Prancheta-1.jpg\",\"datePublished\":\"2019-07-31T11:39:26+00:00\",\"breadcrumb\":{\"@id\":\"https:\/\/seconci.com.br\/site\/2019\/07\/31\/industria-da-construcao-e-sua-atuacao-na-defesa-do-dialogo-sobre-sst\/#breadcrumb\"},\"inLanguage\":\"pt-PT\",\"potentialAction\":[{\"@type\":\"ReadAction\",\"target\":[\"https:\/\/seconci.com.br\/site\/2019\/07\/31\/industria-da-construcao-e-sua-atuacao-na-defesa-do-dialogo-sobre-sst\/\"]}]},{\"@type\":\"ImageObject\",\"inLanguage\":\"pt-PT\",\"@id\":\"https:\/\/seconci.com.br\/site\/2019\/07\/31\/industria-da-construcao-e-sua-atuacao-na-defesa-do-dialogo-sobre-sst\/#primaryimage\",\"url\":\"https:\/\/seconci.com.br\/site\/wp-content\/uploads\/2019\/07\/Seguran\u00e7a-e-Sa\u00fade-no-trabalho-1.2_Prancheta-1.jpg\",\"contentUrl\":\"https:\/\/seconci.com.br\/site\/wp-content\/uploads\/2019\/07\/Seguran\u00e7a-e-Sa\u00fade-no-trabalho-1.2_Prancheta-1.jpg\",\"width\":3234,\"height\":3200},{\"@type\":\"BreadcrumbList\",\"@id\":\"https:\/\/seconci.com.br\/site\/2019\/07\/31\/industria-da-construcao-e-sua-atuacao-na-defesa-do-dialogo-sobre-sst\/#breadcrumb\",\"itemListElement\":[{\"@type\":\"ListItem\",\"position\":1,\"name\":\"In\u00edcio\",\"item\":\"https:\/\/seconci.com.br\/site\/\"},{\"@type\":\"ListItem\",\"position\":2,\"name\":\"Ind\u00fastria da constru\u00e7\u00e3o e sua atua\u00e7\u00e3o na defesa do di\u00e1logo sobre SST\"}]},{\"@type\":\"WebSite\",\"@id\":\"https:\/\/seconci.com.br\/site\/#website\",\"url\":\"https:\/\/seconci.com.br\/site\/\",\"name\":\"Seconci Brasil\",\"description\":\"\",\"publisher\":{\"@id\":\"https:\/\/seconci.com.br\/site\/#organization\"},\"potentialAction\":[{\"@type\":\"SearchAction\",\"target\":{\"@type\":\"EntryPoint\",\"urlTemplate\":\"https:\/\/seconci.com.br\/site\/?s={search_term_string}\"},\"query-input\":{\"@type\":\"PropertyValueSpecification\",\"valueRequired\":true,\"valueName\":\"search_term_string\"}}],\"inLanguage\":\"pt-PT\"},{\"@type\":\"Organization\",\"@id\":\"https:\/\/seconci.com.br\/site\/#organization\",\"name\":\"Seconci Brasil\",\"url\":\"https:\/\/seconci.com.br\/site\/\",\"logo\":{\"@type\":\"ImageObject\",\"inLanguage\":\"pt-PT\",\"@id\":\"https:\/\/seconci.com.br\/site\/#\/schema\/logo\/image\/\",\"url\":\"https:\/\/seconci.com.br\/site\/wp-content\/uploads\/2024\/08\/Logo-Seconci-Brasil-branca-2.png\",\"contentUrl\":\"https:\/\/seconci.com.br\/site\/wp-content\/uploads\/2024\/08\/Logo-Seconci-Brasil-branca-2.png\",\"width\":1315,\"height\":598,\"caption\":\"Seconci Brasil\"},\"image\":{\"@id\":\"https:\/\/seconci.com.br\/site\/#\/schema\/logo\/image\/\"}},{\"@type\":\"Person\",\"@id\":\"https:\/\/seconci.com.br\/site\/#\/schema\/person\/1d79afd97ddc8f2c68c1e88e298aa8e2\",\"name\":\"Sidney Rocha\",\"description\":\"Comunicador e estagi\u00e1rio do Seconci Brasil.\",\"url\":\"https:\/\/seconci.com.br\/site\/author\/sidney-rocha\/\"}]}<\/script>\n<!-- \/ Yoast SEO plugin. -->","yoast_head_json":{"title":"Ind\u00fastria da constru\u00e7\u00e3o e sua atua\u00e7\u00e3o na defesa do di\u00e1logo sobre SST - Seconci Brasil","robots":{"index":"index","follow":"follow","max-snippet":"max-snippet:-1","max-image-preview":"max-image-preview:large","max-video-preview":"max-video-preview:-1"},"canonical":"https:\/\/seconci.com.br\/site\/2019\/07\/31\/industria-da-construcao-e-sua-atuacao-na-defesa-do-dialogo-sobre-sst\/","og_locale":"pt_PT","og_type":"article","og_title":"Ind\u00fastria da constru\u00e7\u00e3o e sua atua\u00e7\u00e3o na defesa do di\u00e1logo sobre SST - Seconci Brasil","og_description":"| Ag\u00eancia Cbic | H\u00e1 mais de 25 anos a ind\u00fastria da constru\u00e7\u00e3o, por meio da C\u00e2mara Brasileira da Ind\u00fastria da Constru\u00e7\u00e3o (CBIC), tem atuado na defesa do di\u00e1logo tripartite no setor sobre quest\u00f5es relacionadas a seguran\u00e7a e sa\u00fade do trabalhador da constru\u00e7\u00e3o civil. A iniciativa j\u00e1 resultou, inclusive, na redu\u00e7\u00e3o do n\u00famero de acidentes [&hellip;]","og_url":"https:\/\/seconci.com.br\/site\/2019\/07\/31\/industria-da-construcao-e-sua-atuacao-na-defesa-do-dialogo-sobre-sst\/","og_site_name":"Seconci Brasil","article_published_time":"2019-07-31T11:39:26+00:00","og_image":[{"width":3234,"height":3200,"url":"https:\/\/seconci.com.br\/site\/wp-content\/uploads\/2019\/07\/Seguran\u00e7a-e-Sa\u00fade-no-trabalho-1.2_Prancheta-1.jpg","type":"image\/jpeg"}],"author":"Sidney Rocha","twitter_card":"summary_large_image","twitter_misc":{"Escrito por":"Sidney Rocha","Tempo estimado de leitura":"5 minutos"},"schema":{"@context":"https:\/\/schema.org","@graph":[{"@type":"Article","@id":"https:\/\/seconci.com.br\/site\/2019\/07\/31\/industria-da-construcao-e-sua-atuacao-na-defesa-do-dialogo-sobre-sst\/#article","isPartOf":{"@id":"https:\/\/seconci.com.br\/site\/2019\/07\/31\/industria-da-construcao-e-sua-atuacao-na-defesa-do-dialogo-sobre-sst\/"},"author":{"name":"Sidney Rocha","@id":"https:\/\/seconci.com.br\/site\/#\/schema\/person\/1d79afd97ddc8f2c68c1e88e298aa8e2"},"headline":"Ind\u00fastria da constru\u00e7\u00e3o e sua atua\u00e7\u00e3o na defesa do di\u00e1logo sobre SST","datePublished":"2019-07-31T11:39:26+00:00","mainEntityOfPage":{"@id":"https:\/\/seconci.com.br\/site\/2019\/07\/31\/industria-da-construcao-e-sua-atuacao-na-defesa-do-dialogo-sobre-sst\/"},"wordCount":1064,"publisher":{"@id":"https:\/\/seconci.com.br\/site\/#organization"},"image":{"@id":"https:\/\/seconci.com.br\/site\/2019\/07\/31\/industria-da-construcao-e-sua-atuacao-na-defesa-do-dialogo-sobre-sst\/#primaryimage"},"thumbnailUrl":"https:\/\/seconci.com.br\/site\/wp-content\/uploads\/2019\/07\/Seguran\u00e7a-e-Sa\u00fade-no-trabalho-1.2_Prancheta-1.jpg","articleSection":["Seconci Brasil"],"inLanguage":"pt-PT"},{"@type":"WebPage","@id":"https:\/\/seconci.com.br\/site\/2019\/07\/31\/industria-da-construcao-e-sua-atuacao-na-defesa-do-dialogo-sobre-sst\/","url":"https:\/\/seconci.com.br\/site\/2019\/07\/31\/industria-da-construcao-e-sua-atuacao-na-defesa-do-dialogo-sobre-sst\/","name":"Ind\u00fastria da constru\u00e7\u00e3o e sua atua\u00e7\u00e3o na defesa do di\u00e1logo sobre SST - Seconci Brasil","isPartOf":{"@id":"https:\/\/seconci.com.br\/site\/#website"},"primaryImageOfPage":{"@id":"https:\/\/seconci.com.br\/site\/2019\/07\/31\/industria-da-construcao-e-sua-atuacao-na-defesa-do-dialogo-sobre-sst\/#primaryimage"},"image":{"@id":"https:\/\/seconci.com.br\/site\/2019\/07\/31\/industria-da-construcao-e-sua-atuacao-na-defesa-do-dialogo-sobre-sst\/#primaryimage"},"thumbnailUrl":"https:\/\/seconci.com.br\/site\/wp-content\/uploads\/2019\/07\/Seguran\u00e7a-e-Sa\u00fade-no-trabalho-1.2_Prancheta-1.jpg","datePublished":"2019-07-31T11:39:26+00:00","breadcrumb":{"@id":"https:\/\/seconci.com.br\/site\/2019\/07\/31\/industria-da-construcao-e-sua-atuacao-na-defesa-do-dialogo-sobre-sst\/#breadcrumb"},"inLanguage":"pt-PT","potentialAction":[{"@type":"ReadAction","target":["https:\/\/seconci.com.br\/site\/2019\/07\/31\/industria-da-construcao-e-sua-atuacao-na-defesa-do-dialogo-sobre-sst\/"]}]},{"@type":"ImageObject","inLanguage":"pt-PT","@id":"https:\/\/seconci.com.br\/site\/2019\/07\/31\/industria-da-construcao-e-sua-atuacao-na-defesa-do-dialogo-sobre-sst\/#primaryimage","url":"https:\/\/seconci.com.br\/site\/wp-content\/uploads\/2019\/07\/Seguran\u00e7a-e-Sa\u00fade-no-trabalho-1.2_Prancheta-1.jpg","contentUrl":"https:\/\/seconci.com.br\/site\/wp-content\/uploads\/2019\/07\/Seguran\u00e7a-e-Sa\u00fade-no-trabalho-1.2_Prancheta-1.jpg","width":3234,"height":3200},{"@type":"BreadcrumbList","@id":"https:\/\/seconci.com.br\/site\/2019\/07\/31\/industria-da-construcao-e-sua-atuacao-na-defesa-do-dialogo-sobre-sst\/#breadcrumb","itemListElement":[{"@type":"ListItem","position":1,"name":"In\u00edcio","item":"https:\/\/seconci.com.br\/site\/"},{"@type":"ListItem","position":2,"name":"Ind\u00fastria da constru\u00e7\u00e3o e sua atua\u00e7\u00e3o na defesa do di\u00e1logo sobre SST"}]},{"@type":"WebSite","@id":"https:\/\/seconci.com.br\/site\/#website","url":"https:\/\/seconci.com.br\/site\/","name":"Seconci Brasil","description":"","publisher":{"@id":"https:\/\/seconci.com.br\/site\/#organization"},"potentialAction":[{"@type":"SearchAction","target":{"@type":"EntryPoint","urlTemplate":"https:\/\/seconci.com.br\/site\/?s={search_term_string}"},"query-input":{"@type":"PropertyValueSpecification","valueRequired":true,"valueName":"search_term_string"}}],"inLanguage":"pt-PT"},{"@type":"Organization","@id":"https:\/\/seconci.com.br\/site\/#organization","name":"Seconci Brasil","url":"https:\/\/seconci.com.br\/site\/","logo":{"@type":"ImageObject","inLanguage":"pt-PT","@id":"https:\/\/seconci.com.br\/site\/#\/schema\/logo\/image\/","url":"https:\/\/seconci.com.br\/site\/wp-content\/uploads\/2024\/08\/Logo-Seconci-Brasil-branca-2.png","contentUrl":"https:\/\/seconci.com.br\/site\/wp-content\/uploads\/2024\/08\/Logo-Seconci-Brasil-branca-2.png","width":1315,"height":598,"caption":"Seconci Brasil"},"image":{"@id":"https:\/\/seconci.com.br\/site\/#\/schema\/logo\/image\/"}},{"@type":"Person","@id":"https:\/\/seconci.com.br\/site\/#\/schema\/person\/1d79afd97ddc8f2c68c1e88e298aa8e2","name":"Sidney Rocha","description":"Comunicador e estagi\u00e1rio do Seconci Brasil.","url":"https:\/\/seconci.com.br\/site\/author\/sidney-rocha\/"}]}},"_links":{"self":[{"href":"https:\/\/seconci.com.br\/site\/wp-json\/wp\/v2\/posts\/8577","targetHints":{"allow":["GET"]}}],"collection":[{"href":"https:\/\/seconci.com.br\/site\/wp-json\/wp\/v2\/posts"}],"about":[{"href":"https:\/\/seconci.com.br\/site\/wp-json\/wp\/v2\/types\/post"}],"author":[{"embeddable":true,"href":"https:\/\/seconci.com.br\/site\/wp-json\/wp\/v2\/users\/3"}],"replies":[{"embeddable":true,"href":"https:\/\/seconci.com.br\/site\/wp-json\/wp\/v2\/comments?post=8577"}],"version-history":[{"count":0,"href":"https:\/\/seconci.com.br\/site\/wp-json\/wp\/v2\/posts\/8577\/revisions"}],"wp:featuredmedia":[{"embeddable":true,"href":"https:\/\/seconci.com.br\/site\/wp-json\/wp\/v2\/media\/8570"}],"wp:attachment":[{"href":"https:\/\/seconci.com.br\/site\/wp-json\/wp\/v2\/media?parent=8577"}],"wp:term":[{"taxonomy":"category","embeddable":true,"href":"https:\/\/seconci.com.br\/site\/wp-json\/wp\/v2\/categories?post=8577"},{"taxonomy":"post_tag","embeddable":true,"href":"https:\/\/seconci.com.br\/site\/wp-json\/wp\/v2\/tags?post=8577"}],"curies":[{"name":"wp","href":"https:\/\/api.w.org\/{rel}","templated":true}]}}