{"id":8579,"date":"2019-07-31T11:41:44","date_gmt":"2019-07-31T11:41:44","guid":{"rendered":"https:\/\/seconci.com.br\/site\/?p=8579"},"modified":"2019-07-31T11:41:44","modified_gmt":"2019-07-31T11:41:44","slug":"boas-praticas-trabalhistas-no-premio-cbic-de-responsabilidade-social","status":"publish","type":"post","link":"https:\/\/seconci.com.br\/site\/2019\/07\/31\/boas-praticas-trabalhistas-no-premio-cbic-de-responsabilidade-social\/","title":{"rendered":"Boas pr\u00e1ticas trabalhistas no Pr\u00eamio CBIC de Responsabilidade Social"},"content":{"rendered":"<p style=\"text-align: justify;\">As entidades associadas \u00e0 CBIC e as empresas do setor da constru\u00e7\u00e3o que tiverem desenvolvido projetos e programas sociais no ano base de 2018 e anos anteriores podem concorrer ao Pr\u00eamio CBIC de Responsabilidade Social. Promovido pela C\u00e2mara Brasileira da Ind\u00fastria da Constru\u00e7\u00e3o (CBIC), por meio do F\u00f3rum de A\u00e7\u00e3o Social e Cidadania (FASC), com a correaliza\u00e7\u00e3o do Sesi Nacional, o pr\u00eamio visa fortalecer e estimular o desenvolvimento de a\u00e7\u00f5es sociais na Ind\u00fastria da Constru\u00e7\u00e3o e no Mercado Imobili\u00e1rio, criando um mecanismo de reconhecimento dos esfor\u00e7os conjuntos do setor na busca por uma sociedade com melhor qualidade de vida.<\/p>\n<p style=\"text-align: justify;\">As inscri\u00e7\u00f5es para a edi\u00e7\u00e3o 2019 do\u00a0<strong>Pr\u00eamio CBIC de Responsabilidade Social \u2013 Trof\u00e9u Paulo Safady Sim\u00e3o\u00a0<\/strong>podem ser realizadas at\u00e9 o dia 12 de setembro. A edi\u00e7\u00e3o deste ano \u00a0premiar\u00e1 tamb\u00e9m as boas pr\u00e1ticas trabalhistas no setor da constru\u00e7\u00e3o. A novidade est\u00e1 inclu\u00edda na rec\u00e9m criada categoria\u00a0<strong>Medalha de Pr\u00e1ticas Proativas<\/strong>. De acordo com a vice-presidente da \u00e1rea de Responsabilidade Social da CBIC, Ana Cl\u00e1udia Gomes, a melhor pr\u00e1tica trabalhista que for inscrita ser\u00e1 premiada. \u201cO objetivo \u00e9 incentivar as empresas no relacionamento com o trabalhador e dar luz a iniciativas pioneiras que enxergam o impacto positivo que essas pr\u00e1ticas podem ter. Se a empresa tem projetos na \u00e1rea de qualifica\u00e7\u00e3o, sa\u00fade e seguran\u00e7a no trabalho, essa \u00e9 a oportunidade de participar e se destacar no mercado\u201d, explicou Ana Cl\u00e1udia.<\/p>\n<p style=\"text-align: justify;\">A comiss\u00e3o julgadora reunir\u00e1 representantes da CBIC, do Seconci-Brasil, do Sistema S, de \u00f3rg\u00e3os p\u00fablicos e de institui\u00e7\u00f5es com atua\u00e7\u00e3o reconhecida na \u00e1rea. Os crit\u00e9rios de sele\u00e7\u00e3o levar\u00e3o em conta justificativa, detalhamento e avalia\u00e7\u00e3o dos projetos, al\u00e9m do envolvimento da organiza\u00e7\u00e3o e das partes interessadas.<\/p>\n<p style=\"text-align: justify;\">Para mais informa\u00e7\u00f5es acesse o\u00a0<a href=\"https:\/\/cbic.org.br\/premioresponsabilidadesocial\/regulamento.html\">regulamento<\/a>.<\/p>\n","protected":false},"excerpt":{"rendered":"<p>As entidades associadas \u00e0 CBIC e as empresas do setor da constru\u00e7\u00e3o que tiverem desenvolvido projetos e programas sociais no ano base de 2018 e anos anteriores podem concorrer ao Pr\u00eamio CBIC de Responsabilidade Social. Promovido pela C\u00e2mara Brasileira da Ind\u00fastria da Constru\u00e7\u00e3o (CBIC), por meio do F\u00f3rum de A\u00e7\u00e3o Social e Cidadania (FASC), com [&hellip;]<\/p>\n","protected":false},"author":3,"featured_media":8511,"comment_status":"closed","ping_status":"closed","sticky":false,"template":"","format":"standard","meta":{"footnotes":""},"categories":[92],"tags":[],"class_list":["post-8579","post","type-post","status-publish","format-standard","has-post-thumbnail","hentry","category-seconci-brasil"],"yoast_head":"<!-- This site is optimized with the Yoast SEO plugin v26.9 - https:\/\/yoast.com\/product\/yoast-seo-wordpress\/ -->\n<title>Boas pr\u00e1ticas trabalhistas no Pr\u00eamio CBIC de Responsabilidade Social - Seconci Brasil<\/title>\n<meta name=\"robots\" content=\"index, follow, max-snippet:-1, max-image-preview:large, max-video-preview:-1\" \/>\n<link rel=\"canonical\" href=\"https:\/\/seconci.com.br\/site\/2019\/07\/31\/boas-praticas-trabalhistas-no-premio-cbic-de-responsabilidade-social\/\" \/>\n<meta property=\"og:locale\" content=\"pt_PT\" \/>\n<meta property=\"og:type\" content=\"article\" \/>\n<meta property=\"og:title\" content=\"Boas pr\u00e1ticas trabalhistas no Pr\u00eamio CBIC de Responsabilidade Social - Seconci Brasil\" \/>\n<meta property=\"og:description\" content=\"As entidades associadas \u00e0 CBIC e as empresas do setor da constru\u00e7\u00e3o que tiverem desenvolvido projetos e programas sociais no ano base de 2018 e anos anteriores podem concorrer ao Pr\u00eamio CBIC de Responsabilidade Social. Promovido pela C\u00e2mara Brasileira da Ind\u00fastria da Constru\u00e7\u00e3o (CBIC), por meio do F\u00f3rum de A\u00e7\u00e3o Social e Cidadania (FASC), com [&hellip;]\" \/>\n<meta property=\"og:url\" content=\"https:\/\/seconci.com.br\/site\/2019\/07\/31\/boas-praticas-trabalhistas-no-premio-cbic-de-responsabilidade-social\/\" \/>\n<meta property=\"og:site_name\" content=\"Seconci Brasil\" \/>\n<meta property=\"article:published_time\" content=\"2019-07-31T11:41:44+00:00\" \/>\n<meta property=\"og:image\" content=\"https:\/\/seconci.com.br\/site\/wp-content\/uploads\/2019\/07\/WhatsApp-Image-2019-07-16-at-17.53.02.jpeg\" \/>\n\t<meta property=\"og:image:width\" content=\"1089\" \/>\n\t<meta property=\"og:image:height\" content=\"510\" \/>\n\t<meta property=\"og:image:type\" content=\"image\/jpeg\" \/>\n<meta name=\"author\" content=\"Sidney Rocha\" \/>\n<meta name=\"twitter:card\" content=\"summary_large_image\" \/>\n<meta name=\"twitter:label1\" content=\"Escrito por\" \/>\n\t<meta name=\"twitter:data1\" content=\"Sidney Rocha\" \/>\n\t<meta name=\"twitter:label2\" content=\"Tempo estimado de leitura\" \/>\n\t<meta name=\"twitter:data2\" content=\"2 minutos\" \/>\n<script type=\"application\/ld+json\" class=\"yoast-schema-graph\">{\"@context\":\"https:\/\/schema.org\",\"@graph\":[{\"@type\":\"Article\",\"@id\":\"https:\/\/seconci.com.br\/site\/2019\/07\/31\/boas-praticas-trabalhistas-no-premio-cbic-de-responsabilidade-social\/#article\",\"isPartOf\":{\"@id\":\"https:\/\/seconci.com.br\/site\/2019\/07\/31\/boas-praticas-trabalhistas-no-premio-cbic-de-responsabilidade-social\/\"},\"author\":{\"name\":\"Sidney Rocha\",\"@id\":\"https:\/\/seconci.com.br\/site\/#\/schema\/person\/1d79afd97ddc8f2c68c1e88e298aa8e2\"},\"headline\":\"Boas pr\u00e1ticas trabalhistas no Pr\u00eamio CBIC de Responsabilidade Social\",\"datePublished\":\"2019-07-31T11:41:44+00:00\",\"mainEntityOfPage\":{\"@id\":\"https:\/\/seconci.com.br\/site\/2019\/07\/31\/boas-praticas-trabalhistas-no-premio-cbic-de-responsabilidade-social\/\"},\"wordCount\":330,\"publisher\":{\"@id\":\"https:\/\/seconci.com.br\/site\/#organization\"},\"image\":{\"@id\":\"https:\/\/seconci.com.br\/site\/2019\/07\/31\/boas-praticas-trabalhistas-no-premio-cbic-de-responsabilidade-social\/#primaryimage\"},\"thumbnailUrl\":\"https:\/\/seconci.com.br\/site\/wp-content\/uploads\/2019\/07\/WhatsApp-Image-2019-07-16-at-17.53.02.jpeg\",\"articleSection\":[\"Seconci Brasil\"],\"inLanguage\":\"pt-PT\"},{\"@type\":\"WebPage\",\"@id\":\"https:\/\/seconci.com.br\/site\/2019\/07\/31\/boas-praticas-trabalhistas-no-premio-cbic-de-responsabilidade-social\/\",\"url\":\"https:\/\/seconci.com.br\/site\/2019\/07\/31\/boas-praticas-trabalhistas-no-premio-cbic-de-responsabilidade-social\/\",\"name\":\"Boas pr\u00e1ticas trabalhistas no Pr\u00eamio CBIC de Responsabilidade Social - Seconci Brasil\",\"isPartOf\":{\"@id\":\"https:\/\/seconci.com.br\/site\/#website\"},\"primaryImageOfPage\":{\"@id\":\"https:\/\/seconci.com.br\/site\/2019\/07\/31\/boas-praticas-trabalhistas-no-premio-cbic-de-responsabilidade-social\/#primaryimage\"},\"image\":{\"@id\":\"https:\/\/seconci.com.br\/site\/2019\/07\/31\/boas-praticas-trabalhistas-no-premio-cbic-de-responsabilidade-social\/#primaryimage\"},\"thumbnailUrl\":\"https:\/\/seconci.com.br\/site\/wp-content\/uploads\/2019\/07\/WhatsApp-Image-2019-07-16-at-17.53.02.jpeg\",\"datePublished\":\"2019-07-31T11:41:44+00:00\",\"breadcrumb\":{\"@id\":\"https:\/\/seconci.com.br\/site\/2019\/07\/31\/boas-praticas-trabalhistas-no-premio-cbic-de-responsabilidade-social\/#breadcrumb\"},\"inLanguage\":\"pt-PT\",\"potentialAction\":[{\"@type\":\"ReadAction\",\"target\":[\"https:\/\/seconci.com.br\/site\/2019\/07\/31\/boas-praticas-trabalhistas-no-premio-cbic-de-responsabilidade-social\/\"]}]},{\"@type\":\"ImageObject\",\"inLanguage\":\"pt-PT\",\"@id\":\"https:\/\/seconci.com.br\/site\/2019\/07\/31\/boas-praticas-trabalhistas-no-premio-cbic-de-responsabilidade-social\/#primaryimage\",\"url\":\"https:\/\/seconci.com.br\/site\/wp-content\/uploads\/2019\/07\/WhatsApp-Image-2019-07-16-at-17.53.02.jpeg\",\"contentUrl\":\"https:\/\/seconci.com.br\/site\/wp-content\/uploads\/2019\/07\/WhatsApp-Image-2019-07-16-at-17.53.02.jpeg\",\"width\":1089,\"height\":510},{\"@type\":\"BreadcrumbList\",\"@id\":\"https:\/\/seconci.com.br\/site\/2019\/07\/31\/boas-praticas-trabalhistas-no-premio-cbic-de-responsabilidade-social\/#breadcrumb\",\"itemListElement\":[{\"@type\":\"ListItem\",\"position\":1,\"name\":\"In\u00edcio\",\"item\":\"https:\/\/seconci.com.br\/site\/\"},{\"@type\":\"ListItem\",\"position\":2,\"name\":\"Boas pr\u00e1ticas trabalhistas no Pr\u00eamio CBIC de Responsabilidade Social\"}]},{\"@type\":\"WebSite\",\"@id\":\"https:\/\/seconci.com.br\/site\/#website\",\"url\":\"https:\/\/seconci.com.br\/site\/\",\"name\":\"Seconci Brasil\",\"description\":\"\",\"publisher\":{\"@id\":\"https:\/\/seconci.com.br\/site\/#organization\"},\"potentialAction\":[{\"@type\":\"SearchAction\",\"target\":{\"@type\":\"EntryPoint\",\"urlTemplate\":\"https:\/\/seconci.com.br\/site\/?s={search_term_string}\"},\"query-input\":{\"@type\":\"PropertyValueSpecification\",\"valueRequired\":true,\"valueName\":\"search_term_string\"}}],\"inLanguage\":\"pt-PT\"},{\"@type\":\"Organization\",\"@id\":\"https:\/\/seconci.com.br\/site\/#organization\",\"name\":\"Seconci Brasil\",\"url\":\"https:\/\/seconci.com.br\/site\/\",\"logo\":{\"@type\":\"ImageObject\",\"inLanguage\":\"pt-PT\",\"@id\":\"https:\/\/seconci.com.br\/site\/#\/schema\/logo\/image\/\",\"url\":\"https:\/\/seconci.com.br\/site\/wp-content\/uploads\/2024\/08\/Logo-Seconci-Brasil-branca-2.png\",\"contentUrl\":\"https:\/\/seconci.com.br\/site\/wp-content\/uploads\/2024\/08\/Logo-Seconci-Brasil-branca-2.png\",\"width\":1315,\"height\":598,\"caption\":\"Seconci Brasil\"},\"image\":{\"@id\":\"https:\/\/seconci.com.br\/site\/#\/schema\/logo\/image\/\"}},{\"@type\":\"Person\",\"@id\":\"https:\/\/seconci.com.br\/site\/#\/schema\/person\/1d79afd97ddc8f2c68c1e88e298aa8e2\",\"name\":\"Sidney Rocha\",\"description\":\"Comunicador e estagi\u00e1rio do Seconci Brasil.\",\"url\":\"https:\/\/seconci.com.br\/site\/author\/sidney-rocha\/\"}]}<\/script>\n<!-- \/ Yoast SEO plugin. -->","yoast_head_json":{"title":"Boas pr\u00e1ticas trabalhistas no Pr\u00eamio CBIC de Responsabilidade Social - Seconci Brasil","robots":{"index":"index","follow":"follow","max-snippet":"max-snippet:-1","max-image-preview":"max-image-preview:large","max-video-preview":"max-video-preview:-1"},"canonical":"https:\/\/seconci.com.br\/site\/2019\/07\/31\/boas-praticas-trabalhistas-no-premio-cbic-de-responsabilidade-social\/","og_locale":"pt_PT","og_type":"article","og_title":"Boas pr\u00e1ticas trabalhistas no Pr\u00eamio CBIC de Responsabilidade Social - Seconci Brasil","og_description":"As entidades associadas \u00e0 CBIC e as empresas do setor da constru\u00e7\u00e3o que tiverem desenvolvido projetos e programas sociais no ano base de 2018 e anos anteriores podem concorrer ao Pr\u00eamio CBIC de Responsabilidade Social. Promovido pela C\u00e2mara Brasileira da Ind\u00fastria da Constru\u00e7\u00e3o (CBIC), por meio do F\u00f3rum de A\u00e7\u00e3o Social e Cidadania (FASC), com [&hellip;]","og_url":"https:\/\/seconci.com.br\/site\/2019\/07\/31\/boas-praticas-trabalhistas-no-premio-cbic-de-responsabilidade-social\/","og_site_name":"Seconci Brasil","article_published_time":"2019-07-31T11:41:44+00:00","og_image":[{"width":1089,"height":510,"url":"https:\/\/seconci.com.br\/site\/wp-content\/uploads\/2019\/07\/WhatsApp-Image-2019-07-16-at-17.53.02.jpeg","type":"image\/jpeg"}],"author":"Sidney Rocha","twitter_card":"summary_large_image","twitter_misc":{"Escrito por":"Sidney Rocha","Tempo estimado de leitura":"2 minutos"},"schema":{"@context":"https:\/\/schema.org","@graph":[{"@type":"Article","@id":"https:\/\/seconci.com.br\/site\/2019\/07\/31\/boas-praticas-trabalhistas-no-premio-cbic-de-responsabilidade-social\/#article","isPartOf":{"@id":"https:\/\/seconci.com.br\/site\/2019\/07\/31\/boas-praticas-trabalhistas-no-premio-cbic-de-responsabilidade-social\/"},"author":{"name":"Sidney Rocha","@id":"https:\/\/seconci.com.br\/site\/#\/schema\/person\/1d79afd97ddc8f2c68c1e88e298aa8e2"},"headline":"Boas pr\u00e1ticas trabalhistas no Pr\u00eamio CBIC de Responsabilidade Social","datePublished":"2019-07-31T11:41:44+00:00","mainEntityOfPage":{"@id":"https:\/\/seconci.com.br\/site\/2019\/07\/31\/boas-praticas-trabalhistas-no-premio-cbic-de-responsabilidade-social\/"},"wordCount":330,"publisher":{"@id":"https:\/\/seconci.com.br\/site\/#organization"},"image":{"@id":"https:\/\/seconci.com.br\/site\/2019\/07\/31\/boas-praticas-trabalhistas-no-premio-cbic-de-responsabilidade-social\/#primaryimage"},"thumbnailUrl":"https:\/\/seconci.com.br\/site\/wp-content\/uploads\/2019\/07\/WhatsApp-Image-2019-07-16-at-17.53.02.jpeg","articleSection":["Seconci Brasil"],"inLanguage":"pt-PT"},{"@type":"WebPage","@id":"https:\/\/seconci.com.br\/site\/2019\/07\/31\/boas-praticas-trabalhistas-no-premio-cbic-de-responsabilidade-social\/","url":"https:\/\/seconci.com.br\/site\/2019\/07\/31\/boas-praticas-trabalhistas-no-premio-cbic-de-responsabilidade-social\/","name":"Boas pr\u00e1ticas trabalhistas no Pr\u00eamio CBIC de Responsabilidade Social - Seconci Brasil","isPartOf":{"@id":"https:\/\/seconci.com.br\/site\/#website"},"primaryImageOfPage":{"@id":"https:\/\/seconci.com.br\/site\/2019\/07\/31\/boas-praticas-trabalhistas-no-premio-cbic-de-responsabilidade-social\/#primaryimage"},"image":{"@id":"https:\/\/seconci.com.br\/site\/2019\/07\/31\/boas-praticas-trabalhistas-no-premio-cbic-de-responsabilidade-social\/#primaryimage"},"thumbnailUrl":"https:\/\/seconci.com.br\/site\/wp-content\/uploads\/2019\/07\/WhatsApp-Image-2019-07-16-at-17.53.02.jpeg","datePublished":"2019-07-31T11:41:44+00:00","breadcrumb":{"@id":"https:\/\/seconci.com.br\/site\/2019\/07\/31\/boas-praticas-trabalhistas-no-premio-cbic-de-responsabilidade-social\/#breadcrumb"},"inLanguage":"pt-PT","potentialAction":[{"@type":"ReadAction","target":["https:\/\/seconci.com.br\/site\/2019\/07\/31\/boas-praticas-trabalhistas-no-premio-cbic-de-responsabilidade-social\/"]}]},{"@type":"ImageObject","inLanguage":"pt-PT","@id":"https:\/\/seconci.com.br\/site\/2019\/07\/31\/boas-praticas-trabalhistas-no-premio-cbic-de-responsabilidade-social\/#primaryimage","url":"https:\/\/seconci.com.br\/site\/wp-content\/uploads\/2019\/07\/WhatsApp-Image-2019-07-16-at-17.53.02.jpeg","contentUrl":"https:\/\/seconci.com.br\/site\/wp-content\/uploads\/2019\/07\/WhatsApp-Image-2019-07-16-at-17.53.02.jpeg","width":1089,"height":510},{"@type":"BreadcrumbList","@id":"https:\/\/seconci.com.br\/site\/2019\/07\/31\/boas-praticas-trabalhistas-no-premio-cbic-de-responsabilidade-social\/#breadcrumb","itemListElement":[{"@type":"ListItem","position":1,"name":"In\u00edcio","item":"https:\/\/seconci.com.br\/site\/"},{"@type":"ListItem","position":2,"name":"Boas pr\u00e1ticas trabalhistas no Pr\u00eamio CBIC de Responsabilidade Social"}]},{"@type":"WebSite","@id":"https:\/\/seconci.com.br\/site\/#website","url":"https:\/\/seconci.com.br\/site\/","name":"Seconci Brasil","description":"","publisher":{"@id":"https:\/\/seconci.com.br\/site\/#organization"},"potentialAction":[{"@type":"SearchAction","target":{"@type":"EntryPoint","urlTemplate":"https:\/\/seconci.com.br\/site\/?s={search_term_string}"},"query-input":{"@type":"PropertyValueSpecification","valueRequired":true,"valueName":"search_term_string"}}],"inLanguage":"pt-PT"},{"@type":"Organization","@id":"https:\/\/seconci.com.br\/site\/#organization","name":"Seconci Brasil","url":"https:\/\/seconci.com.br\/site\/","logo":{"@type":"ImageObject","inLanguage":"pt-PT","@id":"https:\/\/seconci.com.br\/site\/#\/schema\/logo\/image\/","url":"https:\/\/seconci.com.br\/site\/wp-content\/uploads\/2024\/08\/Logo-Seconci-Brasil-branca-2.png","contentUrl":"https:\/\/seconci.com.br\/site\/wp-content\/uploads\/2024\/08\/Logo-Seconci-Brasil-branca-2.png","width":1315,"height":598,"caption":"Seconci Brasil"},"image":{"@id":"https:\/\/seconci.com.br\/site\/#\/schema\/logo\/image\/"}},{"@type":"Person","@id":"https:\/\/seconci.com.br\/site\/#\/schema\/person\/1d79afd97ddc8f2c68c1e88e298aa8e2","name":"Sidney Rocha","description":"Comunicador e estagi\u00e1rio do Seconci Brasil.","url":"https:\/\/seconci.com.br\/site\/author\/sidney-rocha\/"}]}},"_links":{"self":[{"href":"https:\/\/seconci.com.br\/site\/wp-json\/wp\/v2\/posts\/8579","targetHints":{"allow":["GET"]}}],"collection":[{"href":"https:\/\/seconci.com.br\/site\/wp-json\/wp\/v2\/posts"}],"about":[{"href":"https:\/\/seconci.com.br\/site\/wp-json\/wp\/v2\/types\/post"}],"author":[{"embeddable":true,"href":"https:\/\/seconci.com.br\/site\/wp-json\/wp\/v2\/users\/3"}],"replies":[{"embeddable":true,"href":"https:\/\/seconci.com.br\/site\/wp-json\/wp\/v2\/comments?post=8579"}],"version-history":[{"count":0,"href":"https:\/\/seconci.com.br\/site\/wp-json\/wp\/v2\/posts\/8579\/revisions"}],"wp:featuredmedia":[{"embeddable":true,"href":"https:\/\/seconci.com.br\/site\/wp-json\/wp\/v2\/media\/8511"}],"wp:attachment":[{"href":"https:\/\/seconci.com.br\/site\/wp-json\/wp\/v2\/media?parent=8579"}],"wp:term":[{"taxonomy":"category","embeddable":true,"href":"https:\/\/seconci.com.br\/site\/wp-json\/wp\/v2\/categories?post=8579"},{"taxonomy":"post_tag","embeddable":true,"href":"https:\/\/seconci.com.br\/site\/wp-json\/wp\/v2\/tags?post=8579"}],"curies":[{"name":"wp","href":"https:\/\/api.w.org\/{rel}","templated":true}]}}