{"id":8582,"date":"2019-07-31T12:15:59","date_gmt":"2019-07-31T12:15:59","guid":{"rendered":"https:\/\/seconci.com.br\/site\/?p=8582"},"modified":"2019-07-31T12:16:21","modified_gmt":"2019-07-31T12:16:21","slug":"seconci-mg-inscricoes-para-o-dia-nacional-da-construcao-social-vao-ate-5-de-agosto","status":"publish","type":"post","link":"https:\/\/seconci.com.br\/site\/2019\/07\/31\/seconci-mg-inscricoes-para-o-dia-nacional-da-construcao-social-vao-ate-5-de-agosto\/","title":{"rendered":"| Seconci-MG | Inscri\u00e7\u00f5es para o \u201cDia Nacional da Constru\u00e7\u00e3o Social\u201d v\u00e3o at\u00e9 5 de agosto"},"content":{"rendered":"<div class=\"itemIntroText\">\n<p style=\"text-align: justify;\">Empresas associadas ao Sindicato da Ind\u00fastria da Constru\u00e7\u00e3o Civil no Estado de Minas Gerais (Sinduscon-MG) e ao Servi\u00e7o Social da Ind\u00fastria da Constru\u00e7\u00e3o Civil no Estado de Minas Gerais (Seconci-MG) podem inscrever os trabalhadores de suas obras, assim como seus familiares, para a edi\u00e7\u00e3o de 2019 do Dia Nacional da Constru\u00e7\u00e3o Social (DNCS). O evento ser\u00e1 realizado no dia 17 de agosto (s\u00e1bado).<\/p>\n<\/div>\n<div class=\"itemFullText\">\n<p style=\"text-align: justify;\">Promovida pela C\u00e2mara Brasileira da Ind\u00fastria da Constru\u00e7\u00e3o (CBIC), por meio da Comiss\u00e3o de Responsabilidade Social (CRS), e pelo Sesi Nacional, com apoio especial do Seconci Brasil, a a\u00e7\u00e3o voltada \u00e0 execu\u00e7\u00e3o da responsabilidade empresarial mais uma vez reunir\u00e1 empresas, entidades, l\u00edderes setoriais, trabalhadores e seus familiares em um grande evento que promove a qualidade de vida por meio de a\u00e7\u00f5es em sa\u00fade, educa\u00e7\u00e3o, lazer e cidadania. Com o tema \u201cO mundo est\u00e1 mudando, e voc\u00ea?\u201d, o evento ser\u00e1 realizado em diferentes cidades do Brasil. A a\u00e7\u00e3o deste ano trabalhar\u00e1 as mudan\u00e7as no mercado de trabalho, impactos e import\u00e2ncia da tecnologia e da atualiza\u00e7\u00e3o dos trabalhadores para permanecerem no mercado.<\/p>\n<p style=\"text-align: justify;\">Em Minas Gerais, o DNCS \u00e9 organizado pelo Sinduscon-MG e o Seconci-MG e conta com o apoio do Sesi-Minas. A iniciativa que, mais uma vez, acontecer\u00e1 no Clube Sesi Betim vai oferecer aos trabalhadores da constru\u00e7\u00e3o civil e seus familiares uma estrutura com piscinas, quadras de futebol, al\u00e9m de atividades variadas que v\u00e3o desde recrea\u00e7\u00e3o a espa\u00e7os para cuidados com a sa\u00fade e beleza. Empresas associadas \u00e0s duas entidades (Sinduscon-MG e Seconci-MG) que quiserem inscrever seus colaboradores e familiares deles, devem fazer a inscri\u00e7\u00e3o pelo link http:\/\/bit.ly\/dncs2019inscricoes, at\u00e9 o dia 5 de agosto.<\/p>\n<p style=\"text-align: justify;\">Cada associada tem direito a 50 vagas (incluindo colaboradores e seus familiares). Construtoras interessadas em mais vagas, devem informar no formul\u00e1rio de inscri\u00e7\u00e3o quantas vagas adicionais desejam obter. Ao final do processo de inscri\u00e7\u00e3o, ser\u00e3o informadas sobre a disponibilidade.<\/p>\n<p style=\"text-align: justify;\"><strong>A\u00e7\u00e3o social<\/strong><\/p>\n<p style=\"text-align: justify;\">O Dia Nacional da Constru\u00e7\u00e3o Social tamb\u00e9m vai contar com uma biblioteca para doa\u00e7\u00e3o de livros aos participantes do evento. Para enriquecer esta a\u00e7\u00e3o de incentivo \u00e0 leitura, o Seconci-MG e o Sinduscon-MG est\u00e3o promovendo uma campanha para arrecada\u00e7\u00e3o de livros de literatura e gibis em bom estado de conserva\u00e7\u00e3o. Assim os trabalhadores e seus familiares ter\u00e3o acesso a uma quantidade maior e mais variada de t\u00edtulos, de diferentes temas e autores, para escolher entre aqueles que levar\u00e3o para casa.<\/p>\n<p style=\"text-align: justify;\">A campanha tamb\u00e9m est\u00e1 arrecadando arma\u00e7\u00f5es de \u00f3culos usadas para serem doadas \u00e0s pessoas de baixa renda. Contribui\u00e7\u00f5es podem ser encaminhadas ao Departamento de Servi\u00e7o Social do Seconci-MG (Rua Diamantina, 285 \u2013 1\u00ba andar. Lagoinha) ou ao Sinduscon-MG (Rua Mar\u00edlia de Dirceu, 226 \u2013 3\u00ba andar. Lourdes) nos hor\u00e1rios de 08h \u00e0s 12h e de 14h \u00e0s 18h.<\/p>\n<p style=\"text-align: justify;\"><strong>Sobre o Dia Nacional da Constru\u00e7\u00e3o Social em Minas<\/strong><br \/>\n<strong>Dia<\/strong>: 17 de agosto \u2013 s\u00e1bado<br \/>\n<strong>Hor\u00e1rio<\/strong>: 09h \u00e0s 14h<br \/>\n<strong>Local<\/strong>: Clube do Trabalhador \u2013 SESI\/ Betim (R. Bela Vista, 220 \u2013 Ch\u00e1caras, Betim-MG)<\/p>\n<p style=\"text-align: justify;\">Inscreva-se no link abaixo at\u00e9 o dia 05 de agosto<br \/>\nhttp:\/\/bit.ly\/dncs2019inscricoes<\/p>\n<\/div>\n","protected":false},"excerpt":{"rendered":"<p>Empresas associadas ao Sindicato da Ind\u00fastria da Constru\u00e7\u00e3o Civil no Estado de Minas Gerais (Sinduscon-MG) e ao Servi\u00e7o Social da Ind\u00fastria da Constru\u00e7\u00e3o Civil no Estado de Minas Gerais (Seconci-MG) podem inscrever os trabalhadores de suas obras, assim como seus familiares, para a edi\u00e7\u00e3o de 2019 do Dia Nacional da Constru\u00e7\u00e3o Social (DNCS). O evento [&hellip;]<\/p>\n","protected":false},"author":3,"featured_media":0,"comment_status":"closed","ping_status":"closed","sticky":false,"template":"","format":"standard","meta":{"footnotes":""},"categories":[74],"tags":[],"class_list":["post-8582","post","type-post","status-publish","format-standard","hentry","category-seconci-minas-gerais"],"yoast_head":"<!-- This site is optimized with the Yoast SEO plugin v26.9 - https:\/\/yoast.com\/product\/yoast-seo-wordpress\/ -->\n<title>| Seconci-MG | Inscri\u00e7\u00f5es para o \u201cDia Nacional da Constru\u00e7\u00e3o Social\u201d v\u00e3o at\u00e9 5 de agosto - Seconci Brasil<\/title>\n<meta name=\"robots\" content=\"index, follow, max-snippet:-1, max-image-preview:large, max-video-preview:-1\" \/>\n<link rel=\"canonical\" href=\"https:\/\/seconci.com.br\/site\/2019\/07\/31\/seconci-mg-inscricoes-para-o-dia-nacional-da-construcao-social-vao-ate-5-de-agosto\/\" \/>\n<meta property=\"og:locale\" content=\"pt_PT\" \/>\n<meta property=\"og:type\" content=\"article\" \/>\n<meta property=\"og:title\" content=\"| Seconci-MG | Inscri\u00e7\u00f5es para o \u201cDia Nacional da Constru\u00e7\u00e3o Social\u201d v\u00e3o at\u00e9 5 de agosto - Seconci Brasil\" \/>\n<meta property=\"og:description\" content=\"Empresas associadas ao Sindicato da Ind\u00fastria da Constru\u00e7\u00e3o Civil no Estado de Minas Gerais (Sinduscon-MG) e ao Servi\u00e7o Social da Ind\u00fastria da Constru\u00e7\u00e3o Civil no Estado de Minas Gerais (Seconci-MG) podem inscrever os trabalhadores de suas obras, assim como seus familiares, para a edi\u00e7\u00e3o de 2019 do Dia Nacional da Constru\u00e7\u00e3o Social (DNCS). O evento [&hellip;]\" \/>\n<meta property=\"og:url\" content=\"https:\/\/seconci.com.br\/site\/2019\/07\/31\/seconci-mg-inscricoes-para-o-dia-nacional-da-construcao-social-vao-ate-5-de-agosto\/\" \/>\n<meta property=\"og:site_name\" content=\"Seconci Brasil\" \/>\n<meta property=\"article:published_time\" content=\"2019-07-31T12:15:59+00:00\" \/>\n<meta property=\"article:modified_time\" content=\"2019-07-31T12:16:21+00:00\" \/>\n<meta name=\"author\" content=\"Sidney Rocha\" \/>\n<meta name=\"twitter:card\" content=\"summary_large_image\" \/>\n<meta name=\"twitter:label1\" content=\"Escrito por\" \/>\n\t<meta name=\"twitter:data1\" content=\"Sidney Rocha\" \/>\n\t<meta name=\"twitter:label2\" content=\"Tempo estimado de leitura\" \/>\n\t<meta name=\"twitter:data2\" content=\"3 minutos\" \/>\n<script type=\"application\/ld+json\" class=\"yoast-schema-graph\">{\"@context\":\"https:\/\/schema.org\",\"@graph\":[{\"@type\":\"Article\",\"@id\":\"https:\/\/seconci.com.br\/site\/2019\/07\/31\/seconci-mg-inscricoes-para-o-dia-nacional-da-construcao-social-vao-ate-5-de-agosto\/#article\",\"isPartOf\":{\"@id\":\"https:\/\/seconci.com.br\/site\/2019\/07\/31\/seconci-mg-inscricoes-para-o-dia-nacional-da-construcao-social-vao-ate-5-de-agosto\/\"},\"author\":{\"name\":\"Sidney Rocha\",\"@id\":\"https:\/\/seconci.com.br\/site\/#\/schema\/person\/1d79afd97ddc8f2c68c1e88e298aa8e2\"},\"headline\":\"| Seconci-MG | Inscri\u00e7\u00f5es para o \u201cDia Nacional da Constru\u00e7\u00e3o Social\u201d v\u00e3o at\u00e9 5 de agosto\",\"datePublished\":\"2019-07-31T12:15:59+00:00\",\"dateModified\":\"2019-07-31T12:16:21+00:00\",\"mainEntityOfPage\":{\"@id\":\"https:\/\/seconci.com.br\/site\/2019\/07\/31\/seconci-mg-inscricoes-para-o-dia-nacional-da-construcao-social-vao-ate-5-de-agosto\/\"},\"wordCount\":548,\"publisher\":{\"@id\":\"https:\/\/seconci.com.br\/site\/#organization\"},\"articleSection\":[\"Seconci Minas Gerais\"],\"inLanguage\":\"pt-PT\"},{\"@type\":\"WebPage\",\"@id\":\"https:\/\/seconci.com.br\/site\/2019\/07\/31\/seconci-mg-inscricoes-para-o-dia-nacional-da-construcao-social-vao-ate-5-de-agosto\/\",\"url\":\"https:\/\/seconci.com.br\/site\/2019\/07\/31\/seconci-mg-inscricoes-para-o-dia-nacional-da-construcao-social-vao-ate-5-de-agosto\/\",\"name\":\"| Seconci-MG | Inscri\u00e7\u00f5es para o \u201cDia Nacional da Constru\u00e7\u00e3o Social\u201d v\u00e3o at\u00e9 5 de agosto - Seconci Brasil\",\"isPartOf\":{\"@id\":\"https:\/\/seconci.com.br\/site\/#website\"},\"datePublished\":\"2019-07-31T12:15:59+00:00\",\"dateModified\":\"2019-07-31T12:16:21+00:00\",\"breadcrumb\":{\"@id\":\"https:\/\/seconci.com.br\/site\/2019\/07\/31\/seconci-mg-inscricoes-para-o-dia-nacional-da-construcao-social-vao-ate-5-de-agosto\/#breadcrumb\"},\"inLanguage\":\"pt-PT\",\"potentialAction\":[{\"@type\":\"ReadAction\",\"target\":[\"https:\/\/seconci.com.br\/site\/2019\/07\/31\/seconci-mg-inscricoes-para-o-dia-nacional-da-construcao-social-vao-ate-5-de-agosto\/\"]}]},{\"@type\":\"BreadcrumbList\",\"@id\":\"https:\/\/seconci.com.br\/site\/2019\/07\/31\/seconci-mg-inscricoes-para-o-dia-nacional-da-construcao-social-vao-ate-5-de-agosto\/#breadcrumb\",\"itemListElement\":[{\"@type\":\"ListItem\",\"position\":1,\"name\":\"In\u00edcio\",\"item\":\"https:\/\/seconci.com.br\/site\/\"},{\"@type\":\"ListItem\",\"position\":2,\"name\":\"| Seconci-MG | Inscri\u00e7\u00f5es para o \u201cDia Nacional da Constru\u00e7\u00e3o Social\u201d v\u00e3o at\u00e9 5 de agosto\"}]},{\"@type\":\"WebSite\",\"@id\":\"https:\/\/seconci.com.br\/site\/#website\",\"url\":\"https:\/\/seconci.com.br\/site\/\",\"name\":\"Seconci Brasil\",\"description\":\"\",\"publisher\":{\"@id\":\"https:\/\/seconci.com.br\/site\/#organization\"},\"potentialAction\":[{\"@type\":\"SearchAction\",\"target\":{\"@type\":\"EntryPoint\",\"urlTemplate\":\"https:\/\/seconci.com.br\/site\/?s={search_term_string}\"},\"query-input\":{\"@type\":\"PropertyValueSpecification\",\"valueRequired\":true,\"valueName\":\"search_term_string\"}}],\"inLanguage\":\"pt-PT\"},{\"@type\":\"Organization\",\"@id\":\"https:\/\/seconci.com.br\/site\/#organization\",\"name\":\"Seconci Brasil\",\"url\":\"https:\/\/seconci.com.br\/site\/\",\"logo\":{\"@type\":\"ImageObject\",\"inLanguage\":\"pt-PT\",\"@id\":\"https:\/\/seconci.com.br\/site\/#\/schema\/logo\/image\/\",\"url\":\"https:\/\/seconci.com.br\/site\/wp-content\/uploads\/2024\/08\/Logo-Seconci-Brasil-branca-2.png\",\"contentUrl\":\"https:\/\/seconci.com.br\/site\/wp-content\/uploads\/2024\/08\/Logo-Seconci-Brasil-branca-2.png\",\"width\":1315,\"height\":598,\"caption\":\"Seconci Brasil\"},\"image\":{\"@id\":\"https:\/\/seconci.com.br\/site\/#\/schema\/logo\/image\/\"}},{\"@type\":\"Person\",\"@id\":\"https:\/\/seconci.com.br\/site\/#\/schema\/person\/1d79afd97ddc8f2c68c1e88e298aa8e2\",\"name\":\"Sidney Rocha\",\"description\":\"Comunicador e estagi\u00e1rio do Seconci Brasil.\",\"url\":\"https:\/\/seconci.com.br\/site\/author\/sidney-rocha\/\"}]}<\/script>\n<!-- \/ Yoast SEO plugin. -->","yoast_head_json":{"title":"| Seconci-MG | Inscri\u00e7\u00f5es para o \u201cDia Nacional da Constru\u00e7\u00e3o Social\u201d v\u00e3o at\u00e9 5 de agosto - Seconci Brasil","robots":{"index":"index","follow":"follow","max-snippet":"max-snippet:-1","max-image-preview":"max-image-preview:large","max-video-preview":"max-video-preview:-1"},"canonical":"https:\/\/seconci.com.br\/site\/2019\/07\/31\/seconci-mg-inscricoes-para-o-dia-nacional-da-construcao-social-vao-ate-5-de-agosto\/","og_locale":"pt_PT","og_type":"article","og_title":"| Seconci-MG | Inscri\u00e7\u00f5es para o \u201cDia Nacional da Constru\u00e7\u00e3o Social\u201d v\u00e3o at\u00e9 5 de agosto - Seconci Brasil","og_description":"Empresas associadas ao Sindicato da Ind\u00fastria da Constru\u00e7\u00e3o Civil no Estado de Minas Gerais (Sinduscon-MG) e ao Servi\u00e7o Social da Ind\u00fastria da Constru\u00e7\u00e3o Civil no Estado de Minas Gerais (Seconci-MG) podem inscrever os trabalhadores de suas obras, assim como seus familiares, para a edi\u00e7\u00e3o de 2019 do Dia Nacional da Constru\u00e7\u00e3o Social (DNCS). O evento [&hellip;]","og_url":"https:\/\/seconci.com.br\/site\/2019\/07\/31\/seconci-mg-inscricoes-para-o-dia-nacional-da-construcao-social-vao-ate-5-de-agosto\/","og_site_name":"Seconci Brasil","article_published_time":"2019-07-31T12:15:59+00:00","article_modified_time":"2019-07-31T12:16:21+00:00","author":"Sidney Rocha","twitter_card":"summary_large_image","twitter_misc":{"Escrito por":"Sidney Rocha","Tempo estimado de leitura":"3 minutos"},"schema":{"@context":"https:\/\/schema.org","@graph":[{"@type":"Article","@id":"https:\/\/seconci.com.br\/site\/2019\/07\/31\/seconci-mg-inscricoes-para-o-dia-nacional-da-construcao-social-vao-ate-5-de-agosto\/#article","isPartOf":{"@id":"https:\/\/seconci.com.br\/site\/2019\/07\/31\/seconci-mg-inscricoes-para-o-dia-nacional-da-construcao-social-vao-ate-5-de-agosto\/"},"author":{"name":"Sidney Rocha","@id":"https:\/\/seconci.com.br\/site\/#\/schema\/person\/1d79afd97ddc8f2c68c1e88e298aa8e2"},"headline":"| Seconci-MG | Inscri\u00e7\u00f5es para o \u201cDia Nacional da Constru\u00e7\u00e3o Social\u201d v\u00e3o at\u00e9 5 de agosto","datePublished":"2019-07-31T12:15:59+00:00","dateModified":"2019-07-31T12:16:21+00:00","mainEntityOfPage":{"@id":"https:\/\/seconci.com.br\/site\/2019\/07\/31\/seconci-mg-inscricoes-para-o-dia-nacional-da-construcao-social-vao-ate-5-de-agosto\/"},"wordCount":548,"publisher":{"@id":"https:\/\/seconci.com.br\/site\/#organization"},"articleSection":["Seconci Minas Gerais"],"inLanguage":"pt-PT"},{"@type":"WebPage","@id":"https:\/\/seconci.com.br\/site\/2019\/07\/31\/seconci-mg-inscricoes-para-o-dia-nacional-da-construcao-social-vao-ate-5-de-agosto\/","url":"https:\/\/seconci.com.br\/site\/2019\/07\/31\/seconci-mg-inscricoes-para-o-dia-nacional-da-construcao-social-vao-ate-5-de-agosto\/","name":"| Seconci-MG | Inscri\u00e7\u00f5es para o \u201cDia Nacional da Constru\u00e7\u00e3o Social\u201d v\u00e3o at\u00e9 5 de agosto - Seconci Brasil","isPartOf":{"@id":"https:\/\/seconci.com.br\/site\/#website"},"datePublished":"2019-07-31T12:15:59+00:00","dateModified":"2019-07-31T12:16:21+00:00","breadcrumb":{"@id":"https:\/\/seconci.com.br\/site\/2019\/07\/31\/seconci-mg-inscricoes-para-o-dia-nacional-da-construcao-social-vao-ate-5-de-agosto\/#breadcrumb"},"inLanguage":"pt-PT","potentialAction":[{"@type":"ReadAction","target":["https:\/\/seconci.com.br\/site\/2019\/07\/31\/seconci-mg-inscricoes-para-o-dia-nacional-da-construcao-social-vao-ate-5-de-agosto\/"]}]},{"@type":"BreadcrumbList","@id":"https:\/\/seconci.com.br\/site\/2019\/07\/31\/seconci-mg-inscricoes-para-o-dia-nacional-da-construcao-social-vao-ate-5-de-agosto\/#breadcrumb","itemListElement":[{"@type":"ListItem","position":1,"name":"In\u00edcio","item":"https:\/\/seconci.com.br\/site\/"},{"@type":"ListItem","position":2,"name":"| Seconci-MG | Inscri\u00e7\u00f5es para o \u201cDia Nacional da Constru\u00e7\u00e3o Social\u201d v\u00e3o at\u00e9 5 de agosto"}]},{"@type":"WebSite","@id":"https:\/\/seconci.com.br\/site\/#website","url":"https:\/\/seconci.com.br\/site\/","name":"Seconci Brasil","description":"","publisher":{"@id":"https:\/\/seconci.com.br\/site\/#organization"},"potentialAction":[{"@type":"SearchAction","target":{"@type":"EntryPoint","urlTemplate":"https:\/\/seconci.com.br\/site\/?s={search_term_string}"},"query-input":{"@type":"PropertyValueSpecification","valueRequired":true,"valueName":"search_term_string"}}],"inLanguage":"pt-PT"},{"@type":"Organization","@id":"https:\/\/seconci.com.br\/site\/#organization","name":"Seconci Brasil","url":"https:\/\/seconci.com.br\/site\/","logo":{"@type":"ImageObject","inLanguage":"pt-PT","@id":"https:\/\/seconci.com.br\/site\/#\/schema\/logo\/image\/","url":"https:\/\/seconci.com.br\/site\/wp-content\/uploads\/2024\/08\/Logo-Seconci-Brasil-branca-2.png","contentUrl":"https:\/\/seconci.com.br\/site\/wp-content\/uploads\/2024\/08\/Logo-Seconci-Brasil-branca-2.png","width":1315,"height":598,"caption":"Seconci Brasil"},"image":{"@id":"https:\/\/seconci.com.br\/site\/#\/schema\/logo\/image\/"}},{"@type":"Person","@id":"https:\/\/seconci.com.br\/site\/#\/schema\/person\/1d79afd97ddc8f2c68c1e88e298aa8e2","name":"Sidney Rocha","description":"Comunicador e estagi\u00e1rio do Seconci Brasil.","url":"https:\/\/seconci.com.br\/site\/author\/sidney-rocha\/"}]}},"_links":{"self":[{"href":"https:\/\/seconci.com.br\/site\/wp-json\/wp\/v2\/posts\/8582","targetHints":{"allow":["GET"]}}],"collection":[{"href":"https:\/\/seconci.com.br\/site\/wp-json\/wp\/v2\/posts"}],"about":[{"href":"https:\/\/seconci.com.br\/site\/wp-json\/wp\/v2\/types\/post"}],"author":[{"embeddable":true,"href":"https:\/\/seconci.com.br\/site\/wp-json\/wp\/v2\/users\/3"}],"replies":[{"embeddable":true,"href":"https:\/\/seconci.com.br\/site\/wp-json\/wp\/v2\/comments?post=8582"}],"version-history":[{"count":0,"href":"https:\/\/seconci.com.br\/site\/wp-json\/wp\/v2\/posts\/8582\/revisions"}],"wp:attachment":[{"href":"https:\/\/seconci.com.br\/site\/wp-json\/wp\/v2\/media?parent=8582"}],"wp:term":[{"taxonomy":"category","embeddable":true,"href":"https:\/\/seconci.com.br\/site\/wp-json\/wp\/v2\/categories?post=8582"},{"taxonomy":"post_tag","embeddable":true,"href":"https:\/\/seconci.com.br\/site\/wp-json\/wp\/v2\/tags?post=8582"}],"curies":[{"name":"wp","href":"https:\/\/api.w.org\/{rel}","templated":true}]}}