{"id":8584,"date":"2019-08-01T14:33:32","date_gmt":"2019-08-01T14:33:32","guid":{"rendered":"https:\/\/seconci.com.br\/site\/?p=8584"},"modified":"2019-08-01T14:33:32","modified_gmt":"2019-08-01T14:33:32","slug":"ministerio-da-economia-institui-comissao-tripartite-paritaria-permanente","status":"publish","type":"post","link":"https:\/\/seconci.com.br\/site\/2019\/08\/01\/ministerio-da-economia-institui-comissao-tripartite-paritaria-permanente\/","title":{"rendered":"Minist\u00e9rio da Economia institui Comiss\u00e3o Tripartite Parit\u00e1ria Permanente"},"content":{"rendered":"<p style=\"text-align: justify;\">| Ag\u00eancia Cbic |<\/p>\n<p style=\"text-align: justify;\">Com o\u00a0<strong>Lan\u00e7amento da Moderniza\u00e7\u00e3o das Normas Regulamentadoras de Seguran\u00e7a e Sa\u00fade no Trabalho<\/strong>, ontem (30\/07), no Pal\u00e1cio do Planalto, em Bras\u00edlia, o Minist\u00e9rio da Economia \u2013 Secretaria Especial de Previd\u00eancia e Trabalho publicou nesta quarta-feira (31\/07) no Di\u00e1rio Oficial da Uni\u00e3o (DOU) o\u00a0<a href=\"http:\/\/www.planalto.gov.br\/ccivil_03\/_ato2019-2022\/2019\/decreto\/D9944.htm\"><strong><u>Decreto N\u00ba 9.944<\/u><\/strong><\/a>, que disp\u00f5e sobre o Conselho Nacional do Trabalho e institui a Comiss\u00e3o Tripartite Parit\u00e1ria Permanente (CTPP) \u2013 respons\u00e1vel pela discuss\u00e3o e aprova\u00e7\u00e3o das propostas de altera\u00e7\u00e3o feitas nas consultas p\u00fablicas das NRs -, e revoga o decreto que criava o F\u00f3rum Nacional do Trabalho (FNT), que tinha a compet\u00eancia de promover entendimento entre trabalhadores e empregadores sobre quest\u00f5es trabalhistas.<\/p>\n<p style=\"text-align: justify;\">A medida estabelece que a CTPP ser\u00e1 composta por 18 participantes, sendo seis representantes do governo, seis dos empregadores e seis dos trabalhadores.<\/p>\n<p style=\"text-align: justify;\">Tamb\u00e9m foi publicada a\u00a0<a href=\"https:\/\/cbic.org.br\/wp-content\/uploads\/2019\/07\/IN-012019-Altera-a-Instru%C3%A7%C3%A3o-Normativa-SIT-n%C2%BA-129-de-11-de-janeiro-de-2017.pdf\"><strong>Instru\u00e7\u00e3o Normativa n\u00ba 1\/2019<\/strong><\/a>, que altera a Instru\u00e7\u00e3o Normativa da Secretaria de Inspe\u00e7\u00e3o do Trabalho (SIT) n\u00ba 129, de 11 de janeiro de 2017\u201d (A referida IN 129, estabelece procedimento especial para a a\u00e7\u00e3o fiscal da Norma Regulamentadora n\u00ba 12 \u2013 Seguran\u00e7a e Sa\u00fade no Trabalho em M\u00e1quinas e Equipamentos e d\u00e1 outras provid\u00eancias).<\/p>\n<p style=\"text-align: justify;\">Veja a\u00a0<a href=\"https:\/\/cbic.org.br\/wp-content\/uploads\/2019\/07\/Apresenta%C3%A7%C3%A3o-MinEcon-Moderniza%C3%A7%C3%A3o-das-NRs-e-Consolida%C3%A7%C3%A3o-Normativa.pdf\">apresenta\u00e7\u00e3o do Minist\u00e9rio da Economia sobre a Moderniza\u00e7\u00e3o das NRs e a Consolida\u00e7\u00e3o Normativa<\/a>.<\/p>\n<p style=\"text-align: justify;\"><em>(Foto: Marcos Corr\u00eaa\/PR)<\/em><\/p>\n","protected":false},"excerpt":{"rendered":"<p>| Ag\u00eancia Cbic | Com o\u00a0Lan\u00e7amento da Moderniza\u00e7\u00e3o das Normas Regulamentadoras de Seguran\u00e7a e Sa\u00fade no Trabalho, ontem (30\/07), no Pal\u00e1cio do Planalto, em Bras\u00edlia, o Minist\u00e9rio da Economia \u2013 Secretaria Especial de Previd\u00eancia e Trabalho publicou nesta quarta-feira (31\/07) no Di\u00e1rio Oficial da Uni\u00e3o (DOU) o\u00a0Decreto N\u00ba 9.944, que disp\u00f5e sobre o Conselho Nacional [&hellip;]<\/p>\n","protected":false},"author":3,"featured_media":8585,"comment_status":"closed","ping_status":"closed","sticky":false,"template":"","format":"standard","meta":{"footnotes":""},"categories":[92],"tags":[],"class_list":["post-8584","post","type-post","status-publish","format-standard","has-post-thumbnail","hentry","category-seconci-brasil"],"yoast_head":"<!-- This site is optimized with the Yoast SEO plugin v26.9 - https:\/\/yoast.com\/product\/yoast-seo-wordpress\/ -->\n<title>Minist\u00e9rio da Economia institui Comiss\u00e3o Tripartite Parit\u00e1ria Permanente - Seconci Brasil<\/title>\n<meta name=\"robots\" content=\"index, follow, max-snippet:-1, max-image-preview:large, max-video-preview:-1\" \/>\n<link rel=\"canonical\" href=\"https:\/\/seconci.com.br\/site\/2019\/08\/01\/ministerio-da-economia-institui-comissao-tripartite-paritaria-permanente\/\" \/>\n<meta property=\"og:locale\" content=\"pt_PT\" \/>\n<meta property=\"og:type\" content=\"article\" \/>\n<meta property=\"og:title\" content=\"Minist\u00e9rio da Economia institui Comiss\u00e3o Tripartite Parit\u00e1ria Permanente - Seconci Brasil\" \/>\n<meta property=\"og:description\" content=\"| Ag\u00eancia Cbic | Com o\u00a0Lan\u00e7amento da Moderniza\u00e7\u00e3o das Normas Regulamentadoras de Seguran\u00e7a e Sa\u00fade no Trabalho, ontem (30\/07), no Pal\u00e1cio do Planalto, em Bras\u00edlia, o Minist\u00e9rio da Economia \u2013 Secretaria Especial de Previd\u00eancia e Trabalho publicou nesta quarta-feira (31\/07) no Di\u00e1rio Oficial da Uni\u00e3o (DOU) o\u00a0Decreto N\u00ba 9.944, que disp\u00f5e sobre o Conselho Nacional [&hellip;]\" \/>\n<meta property=\"og:url\" content=\"https:\/\/seconci.com.br\/site\/2019\/08\/01\/ministerio-da-economia-institui-comissao-tripartite-paritaria-permanente\/\" \/>\n<meta property=\"og:site_name\" content=\"Seconci Brasil\" \/>\n<meta property=\"article:published_time\" content=\"2019-08-01T14:33:32+00:00\" \/>\n<meta property=\"og:image\" content=\"https:\/\/seconci.com.br\/site\/wp-content\/uploads\/2019\/08\/WhatsApp-Image-2019-07-31-at-17.54.27.jpeg\" \/>\n\t<meta property=\"og:image:width\" content=\"628\" \/>\n\t<meta property=\"og:image:height\" content=\"353\" \/>\n\t<meta property=\"og:image:type\" content=\"image\/jpeg\" \/>\n<meta name=\"author\" content=\"Sidney Rocha\" \/>\n<meta name=\"twitter:card\" content=\"summary_large_image\" \/>\n<meta name=\"twitter:label1\" content=\"Escrito por\" \/>\n\t<meta name=\"twitter:data1\" content=\"Sidney Rocha\" \/>\n\t<meta name=\"twitter:label2\" content=\"Tempo estimado de leitura\" \/>\n\t<meta name=\"twitter:data2\" content=\"1 minuto\" \/>\n<script type=\"application\/ld+json\" class=\"yoast-schema-graph\">{\"@context\":\"https:\/\/schema.org\",\"@graph\":[{\"@type\":\"Article\",\"@id\":\"https:\/\/seconci.com.br\/site\/2019\/08\/01\/ministerio-da-economia-institui-comissao-tripartite-paritaria-permanente\/#article\",\"isPartOf\":{\"@id\":\"https:\/\/seconci.com.br\/site\/2019\/08\/01\/ministerio-da-economia-institui-comissao-tripartite-paritaria-permanente\/\"},\"author\":{\"name\":\"Sidney Rocha\",\"@id\":\"https:\/\/seconci.com.br\/site\/#\/schema\/person\/1d79afd97ddc8f2c68c1e88e298aa8e2\"},\"headline\":\"Minist\u00e9rio da Economia institui Comiss\u00e3o Tripartite Parit\u00e1ria Permanente\",\"datePublished\":\"2019-08-01T14:33:32+00:00\",\"mainEntityOfPage\":{\"@id\":\"https:\/\/seconci.com.br\/site\/2019\/08\/01\/ministerio-da-economia-institui-comissao-tripartite-paritaria-permanente\/\"},\"wordCount\":243,\"publisher\":{\"@id\":\"https:\/\/seconci.com.br\/site\/#organization\"},\"image\":{\"@id\":\"https:\/\/seconci.com.br\/site\/2019\/08\/01\/ministerio-da-economia-institui-comissao-tripartite-paritaria-permanente\/#primaryimage\"},\"thumbnailUrl\":\"https:\/\/seconci.com.br\/site\/wp-content\/uploads\/2019\/08\/WhatsApp-Image-2019-07-31-at-17.54.27.jpeg\",\"articleSection\":[\"Seconci Brasil\"],\"inLanguage\":\"pt-PT\"},{\"@type\":\"WebPage\",\"@id\":\"https:\/\/seconci.com.br\/site\/2019\/08\/01\/ministerio-da-economia-institui-comissao-tripartite-paritaria-permanente\/\",\"url\":\"https:\/\/seconci.com.br\/site\/2019\/08\/01\/ministerio-da-economia-institui-comissao-tripartite-paritaria-permanente\/\",\"name\":\"Minist\u00e9rio da Economia institui Comiss\u00e3o Tripartite Parit\u00e1ria Permanente - Seconci Brasil\",\"isPartOf\":{\"@id\":\"https:\/\/seconci.com.br\/site\/#website\"},\"primaryImageOfPage\":{\"@id\":\"https:\/\/seconci.com.br\/site\/2019\/08\/01\/ministerio-da-economia-institui-comissao-tripartite-paritaria-permanente\/#primaryimage\"},\"image\":{\"@id\":\"https:\/\/seconci.com.br\/site\/2019\/08\/01\/ministerio-da-economia-institui-comissao-tripartite-paritaria-permanente\/#primaryimage\"},\"thumbnailUrl\":\"https:\/\/seconci.com.br\/site\/wp-content\/uploads\/2019\/08\/WhatsApp-Image-2019-07-31-at-17.54.27.jpeg\",\"datePublished\":\"2019-08-01T14:33:32+00:00\",\"breadcrumb\":{\"@id\":\"https:\/\/seconci.com.br\/site\/2019\/08\/01\/ministerio-da-economia-institui-comissao-tripartite-paritaria-permanente\/#breadcrumb\"},\"inLanguage\":\"pt-PT\",\"potentialAction\":[{\"@type\":\"ReadAction\",\"target\":[\"https:\/\/seconci.com.br\/site\/2019\/08\/01\/ministerio-da-economia-institui-comissao-tripartite-paritaria-permanente\/\"]}]},{\"@type\":\"ImageObject\",\"inLanguage\":\"pt-PT\",\"@id\":\"https:\/\/seconci.com.br\/site\/2019\/08\/01\/ministerio-da-economia-institui-comissao-tripartite-paritaria-permanente\/#primaryimage\",\"url\":\"https:\/\/seconci.com.br\/site\/wp-content\/uploads\/2019\/08\/WhatsApp-Image-2019-07-31-at-17.54.27.jpeg\",\"contentUrl\":\"https:\/\/seconci.com.br\/site\/wp-content\/uploads\/2019\/08\/WhatsApp-Image-2019-07-31-at-17.54.27.jpeg\",\"width\":628,\"height\":353},{\"@type\":\"BreadcrumbList\",\"@id\":\"https:\/\/seconci.com.br\/site\/2019\/08\/01\/ministerio-da-economia-institui-comissao-tripartite-paritaria-permanente\/#breadcrumb\",\"itemListElement\":[{\"@type\":\"ListItem\",\"position\":1,\"name\":\"In\u00edcio\",\"item\":\"https:\/\/seconci.com.br\/site\/\"},{\"@type\":\"ListItem\",\"position\":2,\"name\":\"Minist\u00e9rio da Economia institui Comiss\u00e3o Tripartite Parit\u00e1ria Permanente\"}]},{\"@type\":\"WebSite\",\"@id\":\"https:\/\/seconci.com.br\/site\/#website\",\"url\":\"https:\/\/seconci.com.br\/site\/\",\"name\":\"Seconci Brasil\",\"description\":\"\",\"publisher\":{\"@id\":\"https:\/\/seconci.com.br\/site\/#organization\"},\"potentialAction\":[{\"@type\":\"SearchAction\",\"target\":{\"@type\":\"EntryPoint\",\"urlTemplate\":\"https:\/\/seconci.com.br\/site\/?s={search_term_string}\"},\"query-input\":{\"@type\":\"PropertyValueSpecification\",\"valueRequired\":true,\"valueName\":\"search_term_string\"}}],\"inLanguage\":\"pt-PT\"},{\"@type\":\"Organization\",\"@id\":\"https:\/\/seconci.com.br\/site\/#organization\",\"name\":\"Seconci Brasil\",\"url\":\"https:\/\/seconci.com.br\/site\/\",\"logo\":{\"@type\":\"ImageObject\",\"inLanguage\":\"pt-PT\",\"@id\":\"https:\/\/seconci.com.br\/site\/#\/schema\/logo\/image\/\",\"url\":\"https:\/\/seconci.com.br\/site\/wp-content\/uploads\/2024\/08\/Logo-Seconci-Brasil-branca-2.png\",\"contentUrl\":\"https:\/\/seconci.com.br\/site\/wp-content\/uploads\/2024\/08\/Logo-Seconci-Brasil-branca-2.png\",\"width\":1315,\"height\":598,\"caption\":\"Seconci Brasil\"},\"image\":{\"@id\":\"https:\/\/seconci.com.br\/site\/#\/schema\/logo\/image\/\"}},{\"@type\":\"Person\",\"@id\":\"https:\/\/seconci.com.br\/site\/#\/schema\/person\/1d79afd97ddc8f2c68c1e88e298aa8e2\",\"name\":\"Sidney Rocha\",\"description\":\"Comunicador e estagi\u00e1rio do Seconci Brasil.\",\"url\":\"https:\/\/seconci.com.br\/site\/author\/sidney-rocha\/\"}]}<\/script>\n<!-- \/ Yoast SEO plugin. -->","yoast_head_json":{"title":"Minist\u00e9rio da Economia institui Comiss\u00e3o Tripartite Parit\u00e1ria Permanente - Seconci Brasil","robots":{"index":"index","follow":"follow","max-snippet":"max-snippet:-1","max-image-preview":"max-image-preview:large","max-video-preview":"max-video-preview:-1"},"canonical":"https:\/\/seconci.com.br\/site\/2019\/08\/01\/ministerio-da-economia-institui-comissao-tripartite-paritaria-permanente\/","og_locale":"pt_PT","og_type":"article","og_title":"Minist\u00e9rio da Economia institui Comiss\u00e3o Tripartite Parit\u00e1ria Permanente - Seconci Brasil","og_description":"| Ag\u00eancia Cbic | Com o\u00a0Lan\u00e7amento da Moderniza\u00e7\u00e3o das Normas Regulamentadoras de Seguran\u00e7a e Sa\u00fade no Trabalho, ontem (30\/07), no Pal\u00e1cio do Planalto, em Bras\u00edlia, o Minist\u00e9rio da Economia \u2013 Secretaria Especial de Previd\u00eancia e Trabalho publicou nesta quarta-feira (31\/07) no Di\u00e1rio Oficial da Uni\u00e3o (DOU) o\u00a0Decreto N\u00ba 9.944, que disp\u00f5e sobre o Conselho Nacional [&hellip;]","og_url":"https:\/\/seconci.com.br\/site\/2019\/08\/01\/ministerio-da-economia-institui-comissao-tripartite-paritaria-permanente\/","og_site_name":"Seconci Brasil","article_published_time":"2019-08-01T14:33:32+00:00","og_image":[{"width":628,"height":353,"url":"https:\/\/seconci.com.br\/site\/wp-content\/uploads\/2019\/08\/WhatsApp-Image-2019-07-31-at-17.54.27.jpeg","type":"image\/jpeg"}],"author":"Sidney Rocha","twitter_card":"summary_large_image","twitter_misc":{"Escrito por":"Sidney Rocha","Tempo estimado de leitura":"1 minuto"},"schema":{"@context":"https:\/\/schema.org","@graph":[{"@type":"Article","@id":"https:\/\/seconci.com.br\/site\/2019\/08\/01\/ministerio-da-economia-institui-comissao-tripartite-paritaria-permanente\/#article","isPartOf":{"@id":"https:\/\/seconci.com.br\/site\/2019\/08\/01\/ministerio-da-economia-institui-comissao-tripartite-paritaria-permanente\/"},"author":{"name":"Sidney Rocha","@id":"https:\/\/seconci.com.br\/site\/#\/schema\/person\/1d79afd97ddc8f2c68c1e88e298aa8e2"},"headline":"Minist\u00e9rio da Economia institui Comiss\u00e3o Tripartite Parit\u00e1ria Permanente","datePublished":"2019-08-01T14:33:32+00:00","mainEntityOfPage":{"@id":"https:\/\/seconci.com.br\/site\/2019\/08\/01\/ministerio-da-economia-institui-comissao-tripartite-paritaria-permanente\/"},"wordCount":243,"publisher":{"@id":"https:\/\/seconci.com.br\/site\/#organization"},"image":{"@id":"https:\/\/seconci.com.br\/site\/2019\/08\/01\/ministerio-da-economia-institui-comissao-tripartite-paritaria-permanente\/#primaryimage"},"thumbnailUrl":"https:\/\/seconci.com.br\/site\/wp-content\/uploads\/2019\/08\/WhatsApp-Image-2019-07-31-at-17.54.27.jpeg","articleSection":["Seconci Brasil"],"inLanguage":"pt-PT"},{"@type":"WebPage","@id":"https:\/\/seconci.com.br\/site\/2019\/08\/01\/ministerio-da-economia-institui-comissao-tripartite-paritaria-permanente\/","url":"https:\/\/seconci.com.br\/site\/2019\/08\/01\/ministerio-da-economia-institui-comissao-tripartite-paritaria-permanente\/","name":"Minist\u00e9rio da Economia institui Comiss\u00e3o Tripartite Parit\u00e1ria Permanente - Seconci Brasil","isPartOf":{"@id":"https:\/\/seconci.com.br\/site\/#website"},"primaryImageOfPage":{"@id":"https:\/\/seconci.com.br\/site\/2019\/08\/01\/ministerio-da-economia-institui-comissao-tripartite-paritaria-permanente\/#primaryimage"},"image":{"@id":"https:\/\/seconci.com.br\/site\/2019\/08\/01\/ministerio-da-economia-institui-comissao-tripartite-paritaria-permanente\/#primaryimage"},"thumbnailUrl":"https:\/\/seconci.com.br\/site\/wp-content\/uploads\/2019\/08\/WhatsApp-Image-2019-07-31-at-17.54.27.jpeg","datePublished":"2019-08-01T14:33:32+00:00","breadcrumb":{"@id":"https:\/\/seconci.com.br\/site\/2019\/08\/01\/ministerio-da-economia-institui-comissao-tripartite-paritaria-permanente\/#breadcrumb"},"inLanguage":"pt-PT","potentialAction":[{"@type":"ReadAction","target":["https:\/\/seconci.com.br\/site\/2019\/08\/01\/ministerio-da-economia-institui-comissao-tripartite-paritaria-permanente\/"]}]},{"@type":"ImageObject","inLanguage":"pt-PT","@id":"https:\/\/seconci.com.br\/site\/2019\/08\/01\/ministerio-da-economia-institui-comissao-tripartite-paritaria-permanente\/#primaryimage","url":"https:\/\/seconci.com.br\/site\/wp-content\/uploads\/2019\/08\/WhatsApp-Image-2019-07-31-at-17.54.27.jpeg","contentUrl":"https:\/\/seconci.com.br\/site\/wp-content\/uploads\/2019\/08\/WhatsApp-Image-2019-07-31-at-17.54.27.jpeg","width":628,"height":353},{"@type":"BreadcrumbList","@id":"https:\/\/seconci.com.br\/site\/2019\/08\/01\/ministerio-da-economia-institui-comissao-tripartite-paritaria-permanente\/#breadcrumb","itemListElement":[{"@type":"ListItem","position":1,"name":"In\u00edcio","item":"https:\/\/seconci.com.br\/site\/"},{"@type":"ListItem","position":2,"name":"Minist\u00e9rio da Economia institui Comiss\u00e3o Tripartite Parit\u00e1ria Permanente"}]},{"@type":"WebSite","@id":"https:\/\/seconci.com.br\/site\/#website","url":"https:\/\/seconci.com.br\/site\/","name":"Seconci Brasil","description":"","publisher":{"@id":"https:\/\/seconci.com.br\/site\/#organization"},"potentialAction":[{"@type":"SearchAction","target":{"@type":"EntryPoint","urlTemplate":"https:\/\/seconci.com.br\/site\/?s={search_term_string}"},"query-input":{"@type":"PropertyValueSpecification","valueRequired":true,"valueName":"search_term_string"}}],"inLanguage":"pt-PT"},{"@type":"Organization","@id":"https:\/\/seconci.com.br\/site\/#organization","name":"Seconci Brasil","url":"https:\/\/seconci.com.br\/site\/","logo":{"@type":"ImageObject","inLanguage":"pt-PT","@id":"https:\/\/seconci.com.br\/site\/#\/schema\/logo\/image\/","url":"https:\/\/seconci.com.br\/site\/wp-content\/uploads\/2024\/08\/Logo-Seconci-Brasil-branca-2.png","contentUrl":"https:\/\/seconci.com.br\/site\/wp-content\/uploads\/2024\/08\/Logo-Seconci-Brasil-branca-2.png","width":1315,"height":598,"caption":"Seconci Brasil"},"image":{"@id":"https:\/\/seconci.com.br\/site\/#\/schema\/logo\/image\/"}},{"@type":"Person","@id":"https:\/\/seconci.com.br\/site\/#\/schema\/person\/1d79afd97ddc8f2c68c1e88e298aa8e2","name":"Sidney Rocha","description":"Comunicador e estagi\u00e1rio do Seconci Brasil.","url":"https:\/\/seconci.com.br\/site\/author\/sidney-rocha\/"}]}},"_links":{"self":[{"href":"https:\/\/seconci.com.br\/site\/wp-json\/wp\/v2\/posts\/8584","targetHints":{"allow":["GET"]}}],"collection":[{"href":"https:\/\/seconci.com.br\/site\/wp-json\/wp\/v2\/posts"}],"about":[{"href":"https:\/\/seconci.com.br\/site\/wp-json\/wp\/v2\/types\/post"}],"author":[{"embeddable":true,"href":"https:\/\/seconci.com.br\/site\/wp-json\/wp\/v2\/users\/3"}],"replies":[{"embeddable":true,"href":"https:\/\/seconci.com.br\/site\/wp-json\/wp\/v2\/comments?post=8584"}],"version-history":[{"count":0,"href":"https:\/\/seconci.com.br\/site\/wp-json\/wp\/v2\/posts\/8584\/revisions"}],"wp:featuredmedia":[{"embeddable":true,"href":"https:\/\/seconci.com.br\/site\/wp-json\/wp\/v2\/media\/8585"}],"wp:attachment":[{"href":"https:\/\/seconci.com.br\/site\/wp-json\/wp\/v2\/media?parent=8584"}],"wp:term":[{"taxonomy":"category","embeddable":true,"href":"https:\/\/seconci.com.br\/site\/wp-json\/wp\/v2\/categories?post=8584"},{"taxonomy":"post_tag","embeddable":true,"href":"https:\/\/seconci.com.br\/site\/wp-json\/wp\/v2\/tags?post=8584"}],"curies":[{"name":"wp","href":"https:\/\/api.w.org\/{rel}","templated":true}]}}